{"id":9153,"date":"2025-05-28T17:33:54","date_gmt":"2025-05-28T20:33:54","guid":{"rendered":"https:\/\/juliasmagazine.com.br\/?p=9153"},"modified":"2025-05-28T17:33:54","modified_gmt":"2025-05-28T20:33:54","slug":"zoologico-de-brasilia-e-fechado-apos-suspeita-de-gripe-aviaria","status":"publish","type":"post","link":"https:\/\/juliasmagazine.com.br\/?p=9153","title":{"rendered":"Zool\u00f3gico de Bras\u00edlia \u00e9 fechado ap\u00f3s suspeita de gripe avi\u00e1ria"},"content":{"rendered":"<\/p>\n<p><a class=\"\" href=\"https:\/\/agenciabrasil.ebc.com.br\/geral\/noticia\/2025-05\/zoologico-de-brasilia-e-fechado-apos-suspeita-de-gripe-aviaria\"><br \/>\n                    <img decoding=\"async\" src=\"https:\/\/cdn.jsdelivr.net\/gh\/sergiosdlima\/assets-ebc@1.0.0\/abr\/assets\/images\/logo-agenciabrasil.svg\" alt=\"Logo Ag\u00eancia Brasil\"><br \/>\n\t\t\t\t<\/a><\/p>\n<p>O governo do Distrito Federal fechou temporariamente o Jardim Zool\u00f3gico de Bras\u00edlia, a partir desta quarta-feira (28), ap\u00f3s a identifica\u00e7\u00e3o de duas aves mortas nas depend\u00eancias do local. Os casos envolvem um pombo e um marreco irer\u00ea, que s\u00e3o animais de vida livre e n\u00e3o fazem parte do plantel do zool\u00f3gico. \u00a0Amostras dos animais foram recolhidas pela Secretaria de Agricultura, Abastecimento e Desenvolvimento Rural (Seagri-DF) e ser\u00e3o enviadas ao Laborat\u00f3rio Federal de Defesa Agropecu\u00e1ria do Minist\u00e9rio da Agricultura e Pecu\u00e1ria (Mapa) para an\u00e1lise de poss\u00edveis casos de gripe avi\u00e1ria.<img decoding=\"async\" src=\"https:\/\/agenciabrasil.ebc.com.br\/ebc.png?id=1644591&#038;o=rss\"><img decoding=\"async\" src=\"https:\/\/agenciabrasil.ebc.com.br\/ebc.gif?id=1644591&#038;o=rss\"><\/p>\n<blockquote>\n<p>&#8220;Refor\u00e7amos que n\u00e3o h\u00e1 nenhum outro caso suspeito registrado at\u00e9 o momento, seja entre animais de vida livre ou outras aves no Distrito Federal. A Seagri-DF \u00e9 o \u00f3rg\u00e3o respons\u00e1vel pela sanidade animal no DF e conduzir\u00e1 toda a investiga\u00e7\u00e3o, seguindo os protocolos nacionais desenvolvidos pelo Mapa [Minist\u00e9rio da Agricultura e Pecu\u00e1ria]&#8221;, informou a pasta, segundo a qual n\u00e3o h\u00e1 prazo para a reabertura do Zoo aos visitantes.<\/p>\n<\/blockquote>\n<h3>Not\u00edcias relacionadas:<\/h3>\n<ul>\n<li><a href=\"https:\/\/agenciabrasil.ebc.com.br\/economia\/noticia\/2025-05\/albania-namibia-e-india-suspendem-importacao-de-frango-do-brasil\">Alb\u00e2nia, Nam\u00edbia e \u00cdndia suspendem importa\u00e7\u00e3o de frango do Brasil.<\/a><\/li>\n<li><a href=\"https:\/\/agenciabrasil.ebc.com.br\/economia\/noticia\/2025-05\/quatro-paises-reduzem-restricao-da-importacao-de-frangos-do-brasil\">Quatro pa\u00edses reduzem restri\u00e7\u00e3o da importa\u00e7\u00e3o de frangos do Brasil.<\/a><\/li>\n<\/ul>\n<p>Segundo o \u00f3rg\u00e3o, o\u00a0fechamento preventivo segue os protocolos de biosseguran\u00e7a e tem como objetivo proteger a sa\u00fade dos animais, dos colaboradores e dos visitantes. A reabertura do parque ser\u00e1 avaliada assim que os resultados laboratoriais forem conclu\u00eddos e n\u00e3o houver risco \u00e0 sa\u00fade p\u00fablica.<\/p>\n<div class=\"dnd-widget-wrapper context-medio_4colunas type-image atom-align-right\">\n<div class=\"dnd-atom-rendered\"><!-- scald=425793:medio_4colunas {\"additionalClasses\":\"\"} --><br \/>\n            <img decoding=\"async\" src=\"https:\/\/agenciabrasil.ebc.com.br\/sites\/default\/files\/thumbnails\/image\/loading_v2.gif\" data-echo=\"https:\/\/imagens.ebc.com.br\/RYWj10Rs9rs1IozBaTCiLKjR6Eo=\/365x0\/smart\/https:\/\/agenciabrasil.ebc.com.br\/sites\/default\/files\/thumbnails\/image\/2025\/05\/28\/_mg_4299.jpg?itok=rPxdPBws\" alt=\"Bras\u00edlia (DF), 28\/05\/2025 - O Zool\u00f3gico de Bras\u00edlia precisou fechar as portas por suspeitas de casos de gripe avi\u00e1ria. Segundo informa\u00e7\u00f5es preliminares, um pombo e um pato foram encontrados mortos e levantaram suspeitas sobre a infec\u00e7\u00e3o.\nFoto: Jo\u00e9dson Alves\/Ag\u00eancia Brasil\" title=\"Jo\u00e9dson Alves\/Ag\u00eancia\u00a0Brasil\"><br \/>\n        <noscript><img decoding=\"async\" src=\"https:\/\/imagens.ebc.com.br\/RYWj10Rs9rs1IozBaTCiLKjR6Eo=\/365x0\/smart\/https:\/\/agenciabrasil.ebc.com.br\/sites\/default\/files\/thumbnails\/image\/2025\/05\/28\/_mg_4299.jpg?itok=rPxdPBws\" alt=\"Bras\u00edlia (DF), 28\/05\/2025 - O Zool\u00f3gico de Bras\u00edlia precisou fechar as portas por suspeitas de casos de gripe avi\u00e1ria. Segundo informa\u00e7\u00f5es preliminares, um pombo e um pato foram encontrados mortos e levantaram suspeitas sobre a infec\u00e7\u00e3o.\nFoto: Jo\u00e9dson Alves\/Ag\u00eancia Brasil\" title=\"Jo\u00e9dson Alves\/Ag\u00eancia\u00a0Brasil\"><\/noscript><br \/>\n    <!-- END scald=425793 --><\/div>\n<div class=\"dnd-caption-wrapper\">\n<h6 class=\"meta\">Segundo informa\u00e7\u00f5es preliminares, um pombo e um pato foram encontrados mortos e levantaram suspeitas sobre a infec\u00e7\u00e3o. Foto: Jo\u00e9dson Alves\/Ag\u00eancia Brasil &#8211; <strong>Jo\u00e9dson Alves\/Ag\u00eancia\u00a0Brasil<\/strong><!--END copyright=425793--><\/h6>\n<\/div>\n<\/div>\n<p><strong>A Seagri-DF tamb\u00e9m refor\u00e7ou que n\u00e3o h\u00e1 nenhum outro caso suspeito registrado at\u00e9 o momento no Distrito Federal, tanto em animais silvestres quanto em planteis dom\u00e9sticos e comerciais.<\/strong><\/p>\n<blockquote>\n<p>&#8220;Al\u00e9m disso, n\u00e3o h\u00e1 risco \u00e0 sa\u00fade humana no consumo de carne de frango e ovos devidamente inspecionados&#8221;, lembrou a pasta.<\/p>\n<\/blockquote>\n<p><strong>H\u00e1 cerca de duas semanas, focos de gripe avi\u00e1ria confirmados no Rio Grande do Sul deflagrou uma s\u00e9rie de medidas sanit\u00e1rias para conter o avan\u00e7o da contamina\u00e7\u00e3o para outras regi\u00f5es do pa\u00eds<\/strong>.<\/p>\n<p><a href=\"http:\/\/facebook.com\/agenciabrasil.ebc\/\" target=\"_blank\">>> Siga o perfil da <strong>Ag\u00eancia Brasil<\/strong> no Facebook\u00a0<\/a><\/p>\n<p>Nesta ter\u00e7a-feira (27), em audi\u00eancia p\u00fablica Comiss\u00e3o de Agricultura e Reforma Agr\u00e1ria do Senado, o ministro da Agricultura e Pecu\u00e1ria Carlos F\u00e1varo afirmou que o foco em quest\u00e3o est\u00e1 controlado e que o pa\u00eds aguarda o prazo de 28 dias sem novos registros para se autodeclarar livre da doen\u00e7a.<\/p>\n<p>Ap\u00f3s o aparecimento do foco, 24 pa\u00edses decidiram <a href=\"https:\/\/agenciabrasil.ebc.com.br\/economia\/noticia\/2025-05\/albania-namibia-e-india-suspendem-importacao-de-frango-do-brasil\" target=\"_blank\">suspender<\/a>\u00a0a importa\u00e7\u00e3o de carne e ovos do Brasil por quest\u00f5es sanit\u00e1rias. Desses, 13 decidiram <a href=\"https:\/\/agenciabrasil.ebc.com.br\/economia\/noticia\/2025-05\/quatro-paises-reduzem-restricao-da-importacao-de-frangos-do-brasil\" target=\"_blank\">suspender a compra<\/a> apenas das aves e ovos produzidos no Rio Grande do Sul.<\/p>\n<h2>Doen\u00e7a<\/h2>\n<p>A<em> <\/em>influenza avi\u00e1ria, comumente conhecida como gripe avi\u00e1ria, afeta principalmente aves, mas tamb\u00e9m foi detectada em mam\u00edferos, incluindo bovinos.<\/p>\n<p>A transmiss\u00e3o ocorre pelo contato com aves doentes e tamb\u00e9m por meio da \u00e1gua e de materiais contaminados.<\/p>\n<p>A doen\u00e7a raramente afeta humanos, e a orienta\u00e7\u00e3o \u00e9 que as pessoas se mantenham informadas e adotem as medidas preventivas recomendadas.<\/p>\n<p>Segundo o Minist\u00e9rio da Agricultura,<a href=\"http:\/\/agenciabrasil.ebc.com.br\/geral\/noticia\/2025-05\/gripe-aviaria-tire-suas-duvidas-sobre-a-doen%C3%A7a-que-afeta-aves\" target=\"_blank\"> carnes e ovos podem ser consumidos com seguran\u00e7a<\/a>, desde que preparados adequadamente.<\/p>\n","protected":false},"excerpt":{"rendered":"<p>O governo do Distrito Federal fechou temporariamente o Jardim Zool\u00f3gico de Bras\u00edlia, a partir desta quarta-feira (28), ap\u00f3s a identifica\u00e7\u00e3o de duas aves mortas nas depend\u00eancias do local. Os casos envolvem um pombo e um marreco irer\u00ea, que s\u00e3o animais de vida livre e n\u00e3o fazem parte do plantel do zool\u00f3gico. \u00a0Amostras dos animais foram [&hellip;]<\/p>\n","protected":false},"author":27,"featured_media":9154,"comment_status":"open","ping_status":"open","sticky":false,"template":"","format":"standard","meta":{"site-sidebar-layout":"default","site-content-layout":"","ast-site-content-layout":"","site-content-style":"default","site-sidebar-style":"default","ast-global-header-display":"","ast-banner-title-visibility":"","ast-main-header-display":"","ast-hfb-above-header-display":"","ast-hfb-below-header-display":"","ast-hfb-mobile-header-display":"","site-post-title":"","ast-breadcrumbs-content":"","ast-featured-img":"","footer-sml-layout":"","theme-transparent-header-meta":"","adv-header-id-meta":"","stick-header-meta":"","header-above-stick-meta":"","header-main-stick-meta":"","header-below-stick-meta":"","astra-migrate-meta-layouts":"default","ast-page-background-enabled":"default","ast-page-background-meta":{"desktop":{"background-color":"var(--ast-global-color-4)","background-image":"","background-repeat":"repeat","background-position":"center center","background-size":"auto","background-attachment":"scroll","background-type":"","background-media":"","overlay-type":"","overlay-color":"","overlay-opacity":"","overlay-gradient":""},"tablet":{"background-color":"","background-image":"","background-repeat":"repeat","background-position":"center center","background-size":"auto","background-attachment":"scroll","background-type":"","background-media":"","overlay-type":"","overlay-color":"","overlay-opacity":"","overlay-gradient":""},"mobile":{"background-color":"","background-image":"","background-repeat":"repeat","background-position":"center center","background-size":"auto","background-attachment":"scroll","background-type":"","background-media":"","overlay-type":"","overlay-color":"","overlay-opacity":"","overlay-gradient":""}},"ast-content-background-meta":{"desktop":{"background-color":"var(--ast-global-color-5)","background-image":"","background-repeat":"repeat","background-position":"center center","background-size":"auto","background-attachment":"scroll","background-type":"","background-media":"","overlay-type":"","overlay-color":"","overlay-opacity":"","overlay-gradient":""},"tablet":{"background-color":"var(--ast-global-color-5)","background-image":"","background-repeat":"repeat","background-position":"center center","background-size":"auto","background-attachment":"scroll","background-type":"","background-media":"","overlay-type":"","overlay-color":"","overlay-opacity":"","overlay-gradient":""},"mobile":{"background-color":"var(--ast-global-color-5)","background-image":"","background-repeat":"repeat","background-position":"center center","background-size":"auto","background-attachment":"scroll","background-type":"","background-media":"","overlay-type":"","overlay-color":"","overlay-opacity":"","overlay-gradient":""}},"footnotes":""},"categories":[1],"tags":[],"class_list":["post-9153","post","type-post","status-publish","format-standard","has-post-thumbnail","hentry","category-sem-categoria"],"yoast_head":"<!-- This site is optimized with the Yoast SEO plugin v24.1 - https:\/\/yoast.com\/wordpress\/plugins\/seo\/ -->\n<title>Zool\u00f3gico de Bras\u00edlia \u00e9 fechado ap\u00f3s suspeita de gripe avi\u00e1ria - Julias Magazine<\/title>\n<meta name=\"robots\" content=\"index, follow, max-snippet:-1, max-image-preview:large, max-video-preview:-1\" \/>\n<link rel=\"canonical\" href=\"https:\/\/juliasmagazine.com.br\/?p=9153\" \/>\n<meta property=\"og:locale\" content=\"pt_BR\" \/>\n<meta property=\"og:type\" content=\"article\" \/>\n<meta property=\"og:title\" content=\"Zool\u00f3gico de Bras\u00edlia \u00e9 fechado ap\u00f3s suspeita de gripe avi\u00e1ria - Julias Magazine\" \/>\n<meta property=\"og:description\" content=\"O governo do Distrito Federal fechou temporariamente o Jardim Zool\u00f3gico de Bras\u00edlia, a partir desta quarta-feira (28), ap\u00f3s a identifica\u00e7\u00e3o de duas aves mortas nas depend\u00eancias do local. Os casos envolvem um pombo e um marreco irer\u00ea, que s\u00e3o animais de vida livre e n\u00e3o fazem parte do plantel do zool\u00f3gico. \u00a0Amostras dos animais foram [&hellip;]\" \/>\n<meta property=\"og:url\" content=\"https:\/\/juliasmagazine.com.br\/?p=9153\" \/>\n<meta property=\"og:site_name\" content=\"Julias Magazine\" \/>\n<meta property=\"article:published_time\" content=\"2025-05-28T20:33:54+00:00\" \/>\n<meta property=\"og:image\" content=\"https:\/\/cdn.jsdelivr.net\/gh\/sergiosdlima\/assets-ebc@1.0.0\/abr\/assets\/images\/logo-agenciabrasil.svg\" \/>\n<meta name=\"author\" content=\"Pedro Rafael Vilela - Reporter da Agencia Brasil\" \/>\n<meta name=\"twitter:card\" content=\"summary_large_image\" \/>\n<meta name=\"twitter:label1\" content=\"Escrito por\" \/>\n\t<meta name=\"twitter:data1\" content=\"Pedro Rafael Vilela - Reporter da Agencia Brasil\" \/>\n\t<meta name=\"twitter:label2\" content=\"Est. tempo de leitura\" \/>\n\t<meta name=\"twitter:data2\" content=\"3 minutos\" \/>\n<script type=\"application\/ld+json\" class=\"yoast-schema-graph\">{\"@context\":\"https:\/\/schema.org\",\"@graph\":[{\"@type\":\"Article\",\"@id\":\"https:\/\/juliasmagazine.com.br\/?p=9153#article\",\"isPartOf\":{\"@id\":\"https:\/\/juliasmagazine.com.br\/?p=9153\"},\"author\":{\"name\":\"Pedro Rafael Vilela - Reporter da Agencia Brasil\",\"@id\":\"https:\/\/juliasmagazine.com.br\/#\/schema\/person\/649ab786a070e71d121ab50f8078b930\"},\"headline\":\"Zool\u00f3gico de Bras\u00edlia \u00e9 fechado ap\u00f3s suspeita de gripe avi\u00e1ria\",\"datePublished\":\"2025-05-28T20:33:54+00:00\",\"dateModified\":\"2025-05-28T20:33:54+00:00\",\"mainEntityOfPage\":{\"@id\":\"https:\/\/juliasmagazine.com.br\/?p=9153\"},\"wordCount\":591,\"commentCount\":0,\"publisher\":{\"@id\":\"https:\/\/juliasmagazine.com.br\/#organization\"},\"image\":{\"@id\":\"https:\/\/juliasmagazine.com.br\/?p=9153#primaryimage\"},\"thumbnailUrl\":\"https:\/\/juliasmagazine.com.br\/wp-content\/uploads\/2025\/05\/9153-zoologico-de-brasilia-e-fechado-apos-suspeita-de-gripe-aviaria.jpg\",\"articleSection\":[\"\u00daltimas Not\u00edcias\"],\"inLanguage\":\"pt-BR\",\"potentialAction\":[{\"@type\":\"CommentAction\",\"name\":\"Comment\",\"target\":[\"https:\/\/juliasmagazine.com.br\/?p=9153#respond\"]}]},{\"@type\":\"WebPage\",\"@id\":\"https:\/\/juliasmagazine.com.br\/?p=9153\",\"url\":\"https:\/\/juliasmagazine.com.br\/?p=9153\",\"name\":\"Zool\u00f3gico de Bras\u00edlia \u00e9 fechado ap\u00f3s suspeita de gripe avi\u00e1ria - Julias Magazine\",\"isPartOf\":{\"@id\":\"https:\/\/juliasmagazine.com.br\/#website\"},\"primaryImageOfPage\":{\"@id\":\"https:\/\/juliasmagazine.com.br\/?p=9153#primaryimage\"},\"image\":{\"@id\":\"https:\/\/juliasmagazine.com.br\/?p=9153#primaryimage\"},\"thumbnailUrl\":\"https:\/\/juliasmagazine.com.br\/wp-content\/uploads\/2025\/05\/9153-zoologico-de-brasilia-e-fechado-apos-suspeita-de-gripe-aviaria.jpg\",\"datePublished\":\"2025-05-28T20:33:54+00:00\",\"dateModified\":\"2025-05-28T20:33:54+00:00\",\"breadcrumb\":{\"@id\":\"https:\/\/juliasmagazine.com.br\/?p=9153#breadcrumb\"},\"inLanguage\":\"pt-BR\",\"potentialAction\":[{\"@type\":\"ReadAction\",\"target\":[\"https:\/\/juliasmagazine.com.br\/?p=9153\"]}]},{\"@type\":\"ImageObject\",\"inLanguage\":\"pt-BR\",\"@id\":\"https:\/\/juliasmagazine.com.br\/?p=9153#primaryimage\",\"url\":\"https:\/\/juliasmagazine.com.br\/wp-content\/uploads\/2025\/05\/9153-zoologico-de-brasilia-e-fechado-apos-suspeita-de-gripe-aviaria.jpg\",\"contentUrl\":\"https:\/\/juliasmagazine.com.br\/wp-content\/uploads\/2025\/05\/9153-zoologico-de-brasilia-e-fechado-apos-suspeita-de-gripe-aviaria.jpg\",\"width\":1600,\"height\":800,\"caption\":\"Zool\u00f3gico de Bras\u00edlia \u00e9 fechado ap\u00f3s suspeita de gripe avi\u00e1ria\"},{\"@type\":\"BreadcrumbList\",\"@id\":\"https:\/\/juliasmagazine.com.br\/?p=9153#breadcrumb\",\"itemListElement\":[{\"@type\":\"ListItem\",\"position\":1,\"name\":\"In\u00edcio\",\"item\":\"https:\/\/juliasmagazine.com.br\/\"},{\"@type\":\"ListItem\",\"position\":2,\"name\":\"Zool\u00f3gico de Bras\u00edlia \u00e9 fechado ap\u00f3s suspeita de gripe avi\u00e1ria\"}]},{\"@type\":\"WebSite\",\"@id\":\"https:\/\/juliasmagazine.com.br\/#website\",\"url\":\"https:\/\/juliasmagazine.com.br\/\",\"name\":\"Julias Magazine\",\"description\":\"A Sua revista eletr\u00f4nica de moda,politica ,viagens ,cultura ,gastronomia e finan\u00e7as. .\",\"publisher\":{\"@id\":\"https:\/\/juliasmagazine.com.br\/#organization\"},\"potentialAction\":[{\"@type\":\"SearchAction\",\"target\":{\"@type\":\"EntryPoint\",\"urlTemplate\":\"https:\/\/juliasmagazine.com.br\/?s={search_term_string}\"},\"query-input\":{\"@type\":\"PropertyValueSpecification\",\"valueRequired\":true,\"valueName\":\"search_term_string\"}}],\"inLanguage\":\"pt-BR\"},{\"@type\":\"Organization\",\"@id\":\"https:\/\/juliasmagazine.com.br\/#organization\",\"name\":\"Julias Magazine\",\"url\":\"https:\/\/juliasmagazine.com.br\/\",\"logo\":{\"@type\":\"ImageObject\",\"inLanguage\":\"pt-BR\",\"@id\":\"https:\/\/juliasmagazine.com.br\/#\/schema\/logo\/image\/\",\"url\":\"https:\/\/oquefazerembalneariocamboriu.com\/wp-content\/uploads\/2023\/02\/o-que-fazer-em-balneario-camboriu.jpg\",\"contentUrl\":\"https:\/\/oquefazerembalneariocamboriu.com\/wp-content\/uploads\/2023\/02\/o-que-fazer-em-balneario-camboriu.jpg\",\"width\":1200,\"height\":675,\"caption\":\"Julias Magazine\"},\"image\":{\"@id\":\"https:\/\/juliasmagazine.com.br\/#\/schema\/logo\/image\/\"}},{\"@type\":\"Person\",\"@id\":\"https:\/\/juliasmagazine.com.br\/#\/schema\/person\/649ab786a070e71d121ab50f8078b930\",\"name\":\"Pedro Rafael Vilela - Reporter da Agencia Brasil\",\"image\":{\"@type\":\"ImageObject\",\"inLanguage\":\"pt-BR\",\"@id\":\"https:\/\/juliasmagazine.com.br\/#\/schema\/person\/image\/\",\"url\":\"https:\/\/secure.gravatar.com\/avatar\/53c332986894f06be14f1dc71c21648a23bcebbac7b609985ec39e986684584c?s=96&d=mm&r=g\",\"contentUrl\":\"https:\/\/secure.gravatar.com\/avatar\/53c332986894f06be14f1dc71c21648a23bcebbac7b609985ec39e986684584c?s=96&d=mm&r=g\",\"caption\":\"Pedro Rafael Vilela - Reporter da Agencia Brasil\"},\"url\":\"https:\/\/juliasmagazine.com.br\/?author=27\"}]}<\/script>\n<!-- \/ Yoast SEO plugin. -->","yoast_head_json":{"title":"Zool\u00f3gico de Bras\u00edlia \u00e9 fechado ap\u00f3s suspeita de gripe avi\u00e1ria - Julias Magazine","robots":{"index":"index","follow":"follow","max-snippet":"max-snippet:-1","max-image-preview":"max-image-preview:large","max-video-preview":"max-video-preview:-1"},"canonical":"https:\/\/juliasmagazine.com.br\/?p=9153","og_locale":"pt_BR","og_type":"article","og_title":"Zool\u00f3gico de Bras\u00edlia \u00e9 fechado ap\u00f3s suspeita de gripe avi\u00e1ria - Julias Magazine","og_description":"O governo do Distrito Federal fechou temporariamente o Jardim Zool\u00f3gico de Bras\u00edlia, a partir desta quarta-feira (28), ap\u00f3s a identifica\u00e7\u00e3o de duas aves mortas nas depend\u00eancias do local. Os casos envolvem um pombo e um marreco irer\u00ea, que s\u00e3o animais de vida livre e n\u00e3o fazem parte do plantel do zool\u00f3gico. \u00a0Amostras dos animais foram [&hellip;]","og_url":"https:\/\/juliasmagazine.com.br\/?p=9153","og_site_name":"Julias Magazine","article_published_time":"2025-05-28T20:33:54+00:00","og_image":[{"url":"https:\/\/cdn.jsdelivr.net\/gh\/sergiosdlima\/assets-ebc@1.0.0\/abr\/assets\/images\/logo-agenciabrasil.svg","type":"","width":"","height":""}],"author":"Pedro Rafael Vilela - Reporter da Agencia Brasil","twitter_card":"summary_large_image","twitter_misc":{"Escrito por":"Pedro Rafael Vilela - Reporter da Agencia Brasil","Est. tempo de leitura":"3 minutos"},"schema":{"@context":"https:\/\/schema.org","@graph":[{"@type":"Article","@id":"https:\/\/juliasmagazine.com.br\/?p=9153#article","isPartOf":{"@id":"https:\/\/juliasmagazine.com.br\/?p=9153"},"author":{"name":"Pedro Rafael Vilela - Reporter da Agencia Brasil","@id":"https:\/\/juliasmagazine.com.br\/#\/schema\/person\/649ab786a070e71d121ab50f8078b930"},"headline":"Zool\u00f3gico de Bras\u00edlia \u00e9 fechado ap\u00f3s suspeita de gripe avi\u00e1ria","datePublished":"2025-05-28T20:33:54+00:00","dateModified":"2025-05-28T20:33:54+00:00","mainEntityOfPage":{"@id":"https:\/\/juliasmagazine.com.br\/?p=9153"},"wordCount":591,"commentCount":0,"publisher":{"@id":"https:\/\/juliasmagazine.com.br\/#organization"},"image":{"@id":"https:\/\/juliasmagazine.com.br\/?p=9153#primaryimage"},"thumbnailUrl":"https:\/\/juliasmagazine.com.br\/wp-content\/uploads\/2025\/05\/9153-zoologico-de-brasilia-e-fechado-apos-suspeita-de-gripe-aviaria.jpg","articleSection":["\u00daltimas Not\u00edcias"],"inLanguage":"pt-BR","potentialAction":[{"@type":"CommentAction","name":"Comment","target":["https:\/\/juliasmagazine.com.br\/?p=9153#respond"]}]},{"@type":"WebPage","@id":"https:\/\/juliasmagazine.com.br\/?p=9153","url":"https:\/\/juliasmagazine.com.br\/?p=9153","name":"Zool\u00f3gico de Bras\u00edlia \u00e9 fechado ap\u00f3s suspeita de gripe avi\u00e1ria - Julias Magazine","isPartOf":{"@id":"https:\/\/juliasmagazine.com.br\/#website"},"primaryImageOfPage":{"@id":"https:\/\/juliasmagazine.com.br\/?p=9153#primaryimage"},"image":{"@id":"https:\/\/juliasmagazine.com.br\/?p=9153#primaryimage"},"thumbnailUrl":"https:\/\/juliasmagazine.com.br\/wp-content\/uploads\/2025\/05\/9153-zoologico-de-brasilia-e-fechado-apos-suspeita-de-gripe-aviaria.jpg","datePublished":"2025-05-28T20:33:54+00:00","dateModified":"2025-05-28T20:33:54+00:00","breadcrumb":{"@id":"https:\/\/juliasmagazine.com.br\/?p=9153#breadcrumb"},"inLanguage":"pt-BR","potentialAction":[{"@type":"ReadAction","target":["https:\/\/juliasmagazine.com.br\/?p=9153"]}]},{"@type":"ImageObject","inLanguage":"pt-BR","@id":"https:\/\/juliasmagazine.com.br\/?p=9153#primaryimage","url":"https:\/\/juliasmagazine.com.br\/wp-content\/uploads\/2025\/05\/9153-zoologico-de-brasilia-e-fechado-apos-suspeita-de-gripe-aviaria.jpg","contentUrl":"https:\/\/juliasmagazine.com.br\/wp-content\/uploads\/2025\/05\/9153-zoologico-de-brasilia-e-fechado-apos-suspeita-de-gripe-aviaria.jpg","width":1600,"height":800,"caption":"Zool\u00f3gico de Bras\u00edlia \u00e9 fechado ap\u00f3s suspeita de gripe avi\u00e1ria"},{"@type":"BreadcrumbList","@id":"https:\/\/juliasmagazine.com.br\/?p=9153#breadcrumb","itemListElement":[{"@type":"ListItem","position":1,"name":"In\u00edcio","item":"https:\/\/juliasmagazine.com.br\/"},{"@type":"ListItem","position":2,"name":"Zool\u00f3gico de Bras\u00edlia \u00e9 fechado ap\u00f3s suspeita de gripe avi\u00e1ria"}]},{"@type":"WebSite","@id":"https:\/\/juliasmagazine.com.br\/#website","url":"https:\/\/juliasmagazine.com.br\/","name":"Julias Magazine","description":"A Sua revista eletr\u00f4nica de moda,politica ,viagens ,cultura ,gastronomia e finan\u00e7as. .","publisher":{"@id":"https:\/\/juliasmagazine.com.br\/#organization"},"potentialAction":[{"@type":"SearchAction","target":{"@type":"EntryPoint","urlTemplate":"https:\/\/juliasmagazine.com.br\/?s={search_term_string}"},"query-input":{"@type":"PropertyValueSpecification","valueRequired":true,"valueName":"search_term_string"}}],"inLanguage":"pt-BR"},{"@type":"Organization","@id":"https:\/\/juliasmagazine.com.br\/#organization","name":"Julias Magazine","url":"https:\/\/juliasmagazine.com.br\/","logo":{"@type":"ImageObject","inLanguage":"pt-BR","@id":"https:\/\/juliasmagazine.com.br\/#\/schema\/logo\/image\/","url":"https:\/\/oquefazerembalneariocamboriu.com\/wp-content\/uploads\/2023\/02\/o-que-fazer-em-balneario-camboriu.jpg","contentUrl":"https:\/\/oquefazerembalneariocamboriu.com\/wp-content\/uploads\/2023\/02\/o-que-fazer-em-balneario-camboriu.jpg","width":1200,"height":675,"caption":"Julias Magazine"},"image":{"@id":"https:\/\/juliasmagazine.com.br\/#\/schema\/logo\/image\/"}},{"@type":"Person","@id":"https:\/\/juliasmagazine.com.br\/#\/schema\/person\/649ab786a070e71d121ab50f8078b930","name":"Pedro Rafael Vilela - Reporter da Agencia Brasil","image":{"@type":"ImageObject","inLanguage":"pt-BR","@id":"https:\/\/juliasmagazine.com.br\/#\/schema\/person\/image\/","url":"https:\/\/secure.gravatar.com\/avatar\/53c332986894f06be14f1dc71c21648a23bcebbac7b609985ec39e986684584c?s=96&d=mm&r=g","contentUrl":"https:\/\/secure.gravatar.com\/avatar\/53c332986894f06be14f1dc71c21648a23bcebbac7b609985ec39e986684584c?s=96&d=mm&r=g","caption":"Pedro Rafael Vilela - Reporter da Agencia Brasil"},"url":"https:\/\/juliasmagazine.com.br\/?author=27"}]}},"_links":{"self":[{"href":"https:\/\/juliasmagazine.com.br\/index.php?rest_route=\/wp\/v2\/posts\/9153","targetHints":{"allow":["GET"]}}],"collection":[{"href":"https:\/\/juliasmagazine.com.br\/index.php?rest_route=\/wp\/v2\/posts"}],"about":[{"href":"https:\/\/juliasmagazine.com.br\/index.php?rest_route=\/wp\/v2\/types\/post"}],"author":[{"embeddable":true,"href":"https:\/\/juliasmagazine.com.br\/index.php?rest_route=\/wp\/v2\/users\/27"}],"replies":[{"embeddable":true,"href":"https:\/\/juliasmagazine.com.br\/index.php?rest_route=%2Fwp%2Fv2%2Fcomments&post=9153"}],"version-history":[{"count":0,"href":"https:\/\/juliasmagazine.com.br\/index.php?rest_route=\/wp\/v2\/posts\/9153\/revisions"}],"wp:featuredmedia":[{"embeddable":true,"href":"https:\/\/juliasmagazine.com.br\/index.php?rest_route=\/wp\/v2\/media\/9154"}],"wp:attachment":[{"href":"https:\/\/juliasmagazine.com.br\/index.php?rest_route=%2Fwp%2Fv2%2Fmedia&parent=9153"}],"wp:term":[{"taxonomy":"category","embeddable":true,"href":"https:\/\/juliasmagazine.com.br\/index.php?rest_route=%2Fwp%2Fv2%2Fcategories&post=9153"},{"taxonomy":"post_tag","embeddable":true,"href":"https:\/\/juliasmagazine.com.br\/index.php?rest_route=%2Fwp%2Fv2%2Ftags&post=9153"}],"curies":[{"name":"wp","href":"https:\/\/api.w.org\/{rel}","templated":true}]}}