{"id":37761,"date":"2026-09-05T19:37:26","date_gmt":"2026-09-05T22:37:26","guid":{"rendered":"https:\/\/juliasmagazine.com.br\/?p=37761"},"modified":"2026-09-05T19:37:26","modified_gmt":"2026-09-05T22:37:26","slug":"stf-mendes-propoe-vetar-delegados-da-pf-como-assessores-de-ministros","status":"publish","type":"post","link":"https:\/\/juliasmagazine.com.br\/?p=37761","title":{"rendered":"STF: Mendes prop\u00f5e vetar delegados da PF como assessores de ministros"},"content":{"rendered":"<\/p>\n<p><a class=\"\" href=\"https:\/\/agenciabrasil.ebc.com.br\/justica\/noticia\/2026-09\/stf-mendes-propoe-vetar-delegados-da-pf-como-assessores-de-ministros\"><br \/>\n                    <img decoding=\"async\" src=\"https:\/\/cdn.jsdelivr.net\/gh\/sergiosdlima\/assets-ebc@1.0.0\/abr\/assets\/images\/logo-agenciabrasil.svg\" alt=\"Logo Ag\u00eancia Brasil\"><br \/>\n\t\t\t\t<\/a><\/p>\n<p><strong>O ministro Gilmar Mendes, decano do Supremo Tribunal Federal (STF), apresentou neste s\u00e1bado (5) uma proposta para proibir que militares, delegados ou policiais sejam cedidos para atuar como assessores nos gabinetes da Corte.<\/strong><img decoding=\"async\" src=\"https:\/\/agenciabrasil.ebc.com.br\/ebc.png?id=1701662&#038;o=rss\"><img decoding=\"async\" src=\"https:\/\/agenciabrasil.ebc.com.br\/ebc.gif?id=1701662&#038;o=rss\"><\/p>\n<p>A proposta de altera\u00e7\u00e3o no Regimento Interno do STF j\u00e1 havia sido adiantada durante a semana ao presidente do Supremo, Edson Fachin, e foi agora formalizada por Mendes para que seja apreciada pelos demais ministros.<\/p>\n<\/p>\n<h3>Not\u00edcias relacionadas:<\/h3>\n<ul>\n<li><a href=\"https:\/\/agenciabrasil.ebc.com.br\/justica\/noticia\/2026-09\/fachin-da-5-dias-para-mendonca-e-gonet-responderem-acusacao-de-moraes\">Fachin d\u00e1 5 dias para Mendon\u00e7a e Gonet responderem acusa\u00e7\u00e3o de Moraes.<\/a><\/li>\n<li><a href=\"https:\/\/agenciabrasil.ebc.com.br\/justica\/noticia\/2026-09\/moraes-encaminha-fachin-pedido-de-investigacao-contra-mendonca\">Moraes encaminha a Fachin pedido de investiga\u00e7\u00e3o contra Mendon\u00e7a.<\/a><\/li>\n<li><a href=\"https:\/\/agenciabrasil.ebc.com.br\/justica\/noticia\/2026-09\/mendonca-que-levar-ao-plenario-conversas-atribuidas-vorcaro-e-moraes\">Mendon\u00e7a quer levar ao plen\u00e1rio di\u00e1logos atribu\u00eddos a Vorcaro e Moraes.<\/a><\/li>\n<\/ul>\n<p><strong>A ideia surge em meio \u00e0\u00a0escalada da crise entre os ministros Alexandre de Moraes e Andr\u00e9 Mendon\u00e7a. Cada um, por exemplo, possui dois delegados da Pol\u00edcia Federal os assessorando em seus gabinetes.<\/strong><\/p>\n<p><strong>Para Mendes, a presen\u00e7a desses policiais nos gabinetes representa o risco de que decis\u00f5es sobre a condu\u00e7\u00e3o de investiga\u00e7\u00f5es, que seria de exclusividade da autoridade policial, estejam sendo transferidas para o Supremo.<\/strong><\/p>\n<p>O texto apresentado pelo decano prev\u00ea que servidores das carreiras militares e policiais possam atuar em atividade de seguran\u00e7a dos gabinetes, mas que seja \u201cvedada a participa\u00e7\u00e3o na instru\u00e7\u00e3o de inqu\u00e9ritos ou processos e em atividades de assessoramento jur\u00eddico\u201d.<\/p>\n<p>Outro trecho diz que \u201ccaber\u00e1 ao Presidente do Supremo Tribunal Federal providenciar o imediato retorno aos \u00f3rg\u00e3os de origem dos servidores atualmente em exerc\u00edcio no Tribunal em desacordo com a regra ora acrescida ao art. 357 do Regimento Interno\u201d. \u00a0<\/p>\n<p>A proposta surge ainda ap\u00f3s o diretor-geral da PF, Andrei Rodrigues, ter tentado articular a volta para a corpora\u00e7\u00e3o dos delegados cedidos ao gabinete de Mendon\u00e7a, que \u00e9 relator dos esc\u00e2ndalos de fraude financeira e corrup\u00e7\u00e3o no Banco Master e do desvio em aposentadorias do Instituto Nacional do Seguro Social (INSS).<\/p>\n<p>Cabe agora a Fachin incluir a proposta em pauta para que seja apreciada e votada por todos os ministros do Supremo.<\/p>\n<h2>Relat\u00f3rios<\/h2>\n<p>A proposta do decano vem \u00e0 tona ap\u00f3s <a href=\"https:\/\/agenciabrasil.ebc.com.br\/justica\/noticia\/2026-09\/mendonca-que-levar-ao-plenario-conversas-atribuidas-vorcaro-e-moraes\" target=\"_blank\">Mendon\u00e7a ter retirado o sigilo, nesta semana, de um relat\u00f3rio da PF em que constam dezenas mensagens enviadas pelo ex-banqueiro Daniel Vorcaro, antigo dono do Master, a Moraes<\/a>, segundo afirmam os investigadores.<\/p>\n<p>Nas conversas, Vorcaro menciona um contrato de R$ 131 milh\u00f5es firmado pelo escrit\u00f3rio da advogada Viviane Barci de Moraes, esposa de Alexandre de Moraes, com o Master. Foram expostas tamb\u00e9m mensagens em que o ex-banqueiro demonstra ter obtido informa\u00e7\u00f5es sobre uma poss\u00edvel opera\u00e7\u00e3o da PF para prend\u00ea-lo.<\/p>\n<p>Logo em seguida \u00e0 divulga\u00e7\u00e3o do material, <a href=\"https:\/\/agenciabrasil.ebc.com.br\/justica\/noticia\/2026-09\/moraes-encaminha-fachin-pedido-de-investigacao-contra-mendonca\" target=\"_blank\">Moraes pediu \u00e0 presid\u00eancia do Supremo a abertura de uma investiga\u00e7\u00e3o contra Mendon\u00e7a<\/a> pelo que disse ser \u201cfortes ind\u00edcios\u201d de abuso de autoridade, improbidade administrativa e crime de responsabilidade na condu\u00e7\u00e3o do caso Master.<\/p>\n<p>Para embasar suas acusa\u00e7\u00f5es, Moraes apresentou um relat\u00f3rio de intelig\u00eancia da PF segundo o qual Mendon\u00e7a atuaria de forma a direcionar as investiga\u00e7\u00f5es contra desafetos pol\u00edticos.<\/p>\n<p>O documento, contudo, n\u00e3o \u00e9 assinado e traz a advert\u00eancia de se tratarem de uma an\u00e1lise prospectiva interna, sobre poss\u00edveis caminhos de investiga\u00e7\u00e3o, e \u201csem valor probat\u00f3rio\u201d.<\/p>\n","protected":false},"excerpt":{"rendered":"<p>O ministro Gilmar Mendes, decano do Supremo Tribunal Federal (STF), apresentou neste s\u00e1bado (5) uma proposta para proibir que militares, delegados ou policiais sejam cedidos para atuar como assessores nos gabinetes da Corte. A proposta de altera\u00e7\u00e3o no Regimento Interno do STF j\u00e1 havia sido adiantada durante a semana ao presidente do Supremo, Edson Fachin, [&hellip;]<\/p>\n","protected":false},"author":56,"featured_media":37762,"comment_status":"open","ping_status":"open","sticky":false,"template":"","format":"standard","meta":{"site-sidebar-layout":"default","site-content-layout":"","ast-site-content-layout":"","site-content-style":"default","site-sidebar-style":"default","ast-global-header-display":"","ast-banner-title-visibility":"","ast-main-header-display":"","ast-hfb-above-header-display":"","ast-hfb-below-header-display":"","ast-hfb-mobile-header-display":"","site-post-title":"","ast-breadcrumbs-content":"","ast-featured-img":"","footer-sml-layout":"","theme-transparent-header-meta":"","adv-header-id-meta":"","stick-header-meta":"","header-above-stick-meta":"","header-main-stick-meta":"","header-below-stick-meta":"","astra-migrate-meta-layouts":"default","ast-page-background-enabled":"default","ast-page-background-meta":{"desktop":{"background-color":"var(--ast-global-color-4)","background-image":"","background-repeat":"repeat","background-position":"center center","background-size":"auto","background-attachment":"scroll","background-type":"","background-media":"","overlay-type":"","overlay-color":"","overlay-opacity":"","overlay-gradient":""},"tablet":{"background-color":"","background-image":"","background-repeat":"repeat","background-position":"center center","background-size":"auto","background-attachment":"scroll","background-type":"","background-media":"","overlay-type":"","overlay-color":"","overlay-opacity":"","overlay-gradient":""},"mobile":{"background-color":"","background-image":"","background-repeat":"repeat","background-position":"center center","background-size":"auto","background-attachment":"scroll","background-type":"","background-media":"","overlay-type":"","overlay-color":"","overlay-opacity":"","overlay-gradient":""}},"ast-content-background-meta":{"desktop":{"background-color":"var(--ast-global-color-5)","background-image":"","background-repeat":"repeat","background-position":"center center","background-size":"auto","background-attachment":"scroll","background-type":"","background-media":"","overlay-type":"","overlay-color":"","overlay-opacity":"","overlay-gradient":""},"tablet":{"background-color":"var(--ast-global-color-5)","background-image":"","background-repeat":"repeat","background-position":"center center","background-size":"auto","background-attachment":"scroll","background-type":"","background-media":"","overlay-type":"","overlay-color":"","overlay-opacity":"","overlay-gradient":""},"mobile":{"background-color":"var(--ast-global-color-5)","background-image":"","background-repeat":"repeat","background-position":"center center","background-size":"auto","background-attachment":"scroll","background-type":"","background-media":"","overlay-type":"","overlay-color":"","overlay-opacity":"","overlay-gradient":""}},"footnotes":""},"categories":[3],"tags":[],"class_list":["post-37761","post","type-post","status-publish","format-standard","has-post-thumbnail","hentry","category-seguranca-e-justica"],"yoast_head":"<!-- This site is optimized with the Yoast SEO plugin v24.1 - https:\/\/yoast.com\/wordpress\/plugins\/seo\/ -->\n<title>STF: Mendes prop\u00f5e vetar delegados da PF como assessores de ministros - Julias Magazine<\/title>\n<meta name=\"robots\" content=\"index, follow, max-snippet:-1, max-image-preview:large, max-video-preview:-1\" \/>\n<link rel=\"canonical\" href=\"https:\/\/juliasmagazine.com.br\/?p=37761\" \/>\n<meta property=\"og:locale\" content=\"pt_BR\" \/>\n<meta property=\"og:type\" content=\"article\" \/>\n<meta property=\"og:title\" content=\"STF: Mendes prop\u00f5e vetar delegados da PF como assessores de ministros - Julias Magazine\" \/>\n<meta property=\"og:description\" content=\"O ministro Gilmar Mendes, decano do Supremo Tribunal Federal (STF), apresentou neste s\u00e1bado (5) uma proposta para proibir que militares, delegados ou policiais sejam cedidos para atuar como assessores nos gabinetes da Corte. A proposta de altera\u00e7\u00e3o no Regimento Interno do STF j\u00e1 havia sido adiantada durante a semana ao presidente do Supremo, Edson Fachin, [&hellip;]\" \/>\n<meta property=\"og:url\" content=\"https:\/\/juliasmagazine.com.br\/?p=37761\" \/>\n<meta property=\"og:site_name\" content=\"Julias Magazine\" \/>\n<meta property=\"article:published_time\" content=\"2026-09-05T22:37:26+00:00\" \/>\n<meta property=\"og:image\" content=\"https:\/\/cdn.jsdelivr.net\/gh\/sergiosdlima\/assets-ebc@1.0.0\/abr\/assets\/images\/logo-agenciabrasil.svg\" \/>\n<meta name=\"author\" content=\"Felipe Pontes - Reporter da Agencia Brasil\" \/>\n<meta name=\"twitter:card\" content=\"summary_large_image\" \/>\n<meta name=\"twitter:label1\" content=\"Escrito por\" \/>\n\t<meta name=\"twitter:data1\" content=\"Felipe Pontes - Reporter da Agencia Brasil\" \/>\n\t<meta name=\"twitter:label2\" content=\"Est. tempo de leitura\" \/>\n\t<meta name=\"twitter:data2\" content=\"3 minutos\" \/>\n<script type=\"application\/ld+json\" class=\"yoast-schema-graph\">{\"@context\":\"https:\/\/schema.org\",\"@graph\":[{\"@type\":\"Article\",\"@id\":\"https:\/\/juliasmagazine.com.br\/?p=37761#article\",\"isPartOf\":{\"@id\":\"https:\/\/juliasmagazine.com.br\/?p=37761\"},\"author\":{\"name\":\"Felipe Pontes - Reporter da Agencia Brasil\",\"@id\":\"https:\/\/juliasmagazine.com.br\/#\/schema\/person\/a0ebd12fa6ebb88d597128bfbddf57e3\"},\"headline\":\"STF: Mendes prop\u00f5e vetar delegados da PF como assessores de ministros\",\"datePublished\":\"2026-09-05T22:37:26+00:00\",\"dateModified\":\"2026-09-05T22:37:26+00:00\",\"mainEntityOfPage\":{\"@id\":\"https:\/\/juliasmagazine.com.br\/?p=37761\"},\"wordCount\":559,\"commentCount\":0,\"publisher\":{\"@id\":\"https:\/\/juliasmagazine.com.br\/#organization\"},\"image\":{\"@id\":\"https:\/\/juliasmagazine.com.br\/?p=37761#primaryimage\"},\"thumbnailUrl\":\"https:\/\/juliasmagazine.com.br\/wp-content\/uploads\/2026\/09\/37761-stf-mendes-propoe-vetar-delegados-da-pf-como-assessores-de-ministros.jpg\",\"articleSection\":[\"Seguran\u00e7a e Justi\u00e7a\"],\"inLanguage\":\"pt-BR\",\"potentialAction\":[{\"@type\":\"CommentAction\",\"name\":\"Comment\",\"target\":[\"https:\/\/juliasmagazine.com.br\/?p=37761#respond\"]}]},{\"@type\":\"WebPage\",\"@id\":\"https:\/\/juliasmagazine.com.br\/?p=37761\",\"url\":\"https:\/\/juliasmagazine.com.br\/?p=37761\",\"name\":\"STF: Mendes prop\u00f5e vetar delegados da PF como assessores de ministros - Julias Magazine\",\"isPartOf\":{\"@id\":\"https:\/\/juliasmagazine.com.br\/#website\"},\"primaryImageOfPage\":{\"@id\":\"https:\/\/juliasmagazine.com.br\/?p=37761#primaryimage\"},\"image\":{\"@id\":\"https:\/\/juliasmagazine.com.br\/?p=37761#primaryimage\"},\"thumbnailUrl\":\"https:\/\/juliasmagazine.com.br\/wp-content\/uploads\/2026\/09\/37761-stf-mendes-propoe-vetar-delegados-da-pf-como-assessores-de-ministros.jpg\",\"datePublished\":\"2026-09-05T22:37:26+00:00\",\"dateModified\":\"2026-09-05T22:37:26+00:00\",\"breadcrumb\":{\"@id\":\"https:\/\/juliasmagazine.com.br\/?p=37761#breadcrumb\"},\"inLanguage\":\"pt-BR\",\"potentialAction\":[{\"@type\":\"ReadAction\",\"target\":[\"https:\/\/juliasmagazine.com.br\/?p=37761\"]}]},{\"@type\":\"ImageObject\",\"inLanguage\":\"pt-BR\",\"@id\":\"https:\/\/juliasmagazine.com.br\/?p=37761#primaryimage\",\"url\":\"https:\/\/juliasmagazine.com.br\/wp-content\/uploads\/2026\/09\/37761-stf-mendes-propoe-vetar-delegados-da-pf-como-assessores-de-ministros.jpg\",\"contentUrl\":\"https:\/\/juliasmagazine.com.br\/wp-content\/uploads\/2026\/09\/37761-stf-mendes-propoe-vetar-delegados-da-pf-como-assessores-de-ministros.jpg\",\"width\":1600,\"height\":800,\"caption\":\"STF: Mendes prop\u00f5e vetar delegados da PF como assessores de ministros\"},{\"@type\":\"BreadcrumbList\",\"@id\":\"https:\/\/juliasmagazine.com.br\/?p=37761#breadcrumb\",\"itemListElement\":[{\"@type\":\"ListItem\",\"position\":1,\"name\":\"In\u00edcio\",\"item\":\"https:\/\/juliasmagazine.com.br\/\"},{\"@type\":\"ListItem\",\"position\":2,\"name\":\"STF: Mendes prop\u00f5e vetar delegados da PF como assessores de ministros\"}]},{\"@type\":\"WebSite\",\"@id\":\"https:\/\/juliasmagazine.com.br\/#website\",\"url\":\"https:\/\/juliasmagazine.com.br\/\",\"name\":\"Julias Magazine\",\"description\":\"A Sua revista eletr\u00f4nica de moda,politica ,viagens ,cultura ,gastronomia e finan\u00e7as. .\",\"publisher\":{\"@id\":\"https:\/\/juliasmagazine.com.br\/#organization\"},\"potentialAction\":[{\"@type\":\"SearchAction\",\"target\":{\"@type\":\"EntryPoint\",\"urlTemplate\":\"https:\/\/juliasmagazine.com.br\/?s={search_term_string}\"},\"query-input\":{\"@type\":\"PropertyValueSpecification\",\"valueRequired\":true,\"valueName\":\"search_term_string\"}}],\"inLanguage\":\"pt-BR\"},{\"@type\":\"Organization\",\"@id\":\"https:\/\/juliasmagazine.com.br\/#organization\",\"name\":\"Julias Magazine\",\"url\":\"https:\/\/juliasmagazine.com.br\/\",\"logo\":{\"@type\":\"ImageObject\",\"inLanguage\":\"pt-BR\",\"@id\":\"https:\/\/juliasmagazine.com.br\/#\/schema\/logo\/image\/\",\"url\":\"https:\/\/oquefazerembalneariocamboriu.com\/wp-content\/uploads\/2023\/02\/o-que-fazer-em-balneario-camboriu.jpg\",\"contentUrl\":\"https:\/\/oquefazerembalneariocamboriu.com\/wp-content\/uploads\/2023\/02\/o-que-fazer-em-balneario-camboriu.jpg\",\"width\":1200,\"height\":675,\"caption\":\"Julias Magazine\"},\"image\":{\"@id\":\"https:\/\/juliasmagazine.com.br\/#\/schema\/logo\/image\/\"}},{\"@type\":\"Person\",\"@id\":\"https:\/\/juliasmagazine.com.br\/#\/schema\/person\/a0ebd12fa6ebb88d597128bfbddf57e3\",\"name\":\"Felipe Pontes - Reporter da Agencia Brasil\",\"image\":{\"@type\":\"ImageObject\",\"inLanguage\":\"pt-BR\",\"@id\":\"https:\/\/juliasmagazine.com.br\/#\/schema\/person\/image\/\",\"url\":\"https:\/\/secure.gravatar.com\/avatar\/8123149f01c148edfcef8d80a79336617598577fb59de3e7bed2055483cd36b1?s=96&d=mm&r=g\",\"contentUrl\":\"https:\/\/secure.gravatar.com\/avatar\/8123149f01c148edfcef8d80a79336617598577fb59de3e7bed2055483cd36b1?s=96&d=mm&r=g\",\"caption\":\"Felipe Pontes - Reporter da Agencia Brasil\"},\"url\":\"https:\/\/juliasmagazine.com.br\/?author=56\"}]}<\/script>\n<!-- \/ Yoast SEO plugin. -->","yoast_head_json":{"title":"STF: Mendes prop\u00f5e vetar delegados da PF como assessores de ministros - Julias Magazine","robots":{"index":"index","follow":"follow","max-snippet":"max-snippet:-1","max-image-preview":"max-image-preview:large","max-video-preview":"max-video-preview:-1"},"canonical":"https:\/\/juliasmagazine.com.br\/?p=37761","og_locale":"pt_BR","og_type":"article","og_title":"STF: Mendes prop\u00f5e vetar delegados da PF como assessores de ministros - Julias Magazine","og_description":"O ministro Gilmar Mendes, decano do Supremo Tribunal Federal (STF), apresentou neste s\u00e1bado (5) uma proposta para proibir que militares, delegados ou policiais sejam cedidos para atuar como assessores nos gabinetes da Corte. A proposta de altera\u00e7\u00e3o no Regimento Interno do STF j\u00e1 havia sido adiantada durante a semana ao presidente do Supremo, Edson Fachin, [&hellip;]","og_url":"https:\/\/juliasmagazine.com.br\/?p=37761","og_site_name":"Julias Magazine","article_published_time":"2026-09-05T22:37:26+00:00","og_image":[{"url":"https:\/\/cdn.jsdelivr.net\/gh\/sergiosdlima\/assets-ebc@1.0.0\/abr\/assets\/images\/logo-agenciabrasil.svg","type":"","width":"","height":""}],"author":"Felipe Pontes - Reporter da Agencia Brasil","twitter_card":"summary_large_image","twitter_misc":{"Escrito por":"Felipe Pontes - Reporter da Agencia Brasil","Est. tempo de leitura":"3 minutos"},"schema":{"@context":"https:\/\/schema.org","@graph":[{"@type":"Article","@id":"https:\/\/juliasmagazine.com.br\/?p=37761#article","isPartOf":{"@id":"https:\/\/juliasmagazine.com.br\/?p=37761"},"author":{"name":"Felipe Pontes - Reporter da Agencia Brasil","@id":"https:\/\/juliasmagazine.com.br\/#\/schema\/person\/a0ebd12fa6ebb88d597128bfbddf57e3"},"headline":"STF: Mendes prop\u00f5e vetar delegados da PF como assessores de ministros","datePublished":"2026-09-05T22:37:26+00:00","dateModified":"2026-09-05T22:37:26+00:00","mainEntityOfPage":{"@id":"https:\/\/juliasmagazine.com.br\/?p=37761"},"wordCount":559,"commentCount":0,"publisher":{"@id":"https:\/\/juliasmagazine.com.br\/#organization"},"image":{"@id":"https:\/\/juliasmagazine.com.br\/?p=37761#primaryimage"},"thumbnailUrl":"https:\/\/juliasmagazine.com.br\/wp-content\/uploads\/2026\/09\/37761-stf-mendes-propoe-vetar-delegados-da-pf-como-assessores-de-ministros.jpg","articleSection":["Seguran\u00e7a e Justi\u00e7a"],"inLanguage":"pt-BR","potentialAction":[{"@type":"CommentAction","name":"Comment","target":["https:\/\/juliasmagazine.com.br\/?p=37761#respond"]}]},{"@type":"WebPage","@id":"https:\/\/juliasmagazine.com.br\/?p=37761","url":"https:\/\/juliasmagazine.com.br\/?p=37761","name":"STF: Mendes prop\u00f5e vetar delegados da PF como assessores de ministros - Julias Magazine","isPartOf":{"@id":"https:\/\/juliasmagazine.com.br\/#website"},"primaryImageOfPage":{"@id":"https:\/\/juliasmagazine.com.br\/?p=37761#primaryimage"},"image":{"@id":"https:\/\/juliasmagazine.com.br\/?p=37761#primaryimage"},"thumbnailUrl":"https:\/\/juliasmagazine.com.br\/wp-content\/uploads\/2026\/09\/37761-stf-mendes-propoe-vetar-delegados-da-pf-como-assessores-de-ministros.jpg","datePublished":"2026-09-05T22:37:26+00:00","dateModified":"2026-09-05T22:37:26+00:00","breadcrumb":{"@id":"https:\/\/juliasmagazine.com.br\/?p=37761#breadcrumb"},"inLanguage":"pt-BR","potentialAction":[{"@type":"ReadAction","target":["https:\/\/juliasmagazine.com.br\/?p=37761"]}]},{"@type":"ImageObject","inLanguage":"pt-BR","@id":"https:\/\/juliasmagazine.com.br\/?p=37761#primaryimage","url":"https:\/\/juliasmagazine.com.br\/wp-content\/uploads\/2026\/09\/37761-stf-mendes-propoe-vetar-delegados-da-pf-como-assessores-de-ministros.jpg","contentUrl":"https:\/\/juliasmagazine.com.br\/wp-content\/uploads\/2026\/09\/37761-stf-mendes-propoe-vetar-delegados-da-pf-como-assessores-de-ministros.jpg","width":1600,"height":800,"caption":"STF: Mendes prop\u00f5e vetar delegados da PF como assessores de ministros"},{"@type":"BreadcrumbList","@id":"https:\/\/juliasmagazine.com.br\/?p=37761#breadcrumb","itemListElement":[{"@type":"ListItem","position":1,"name":"In\u00edcio","item":"https:\/\/juliasmagazine.com.br\/"},{"@type":"ListItem","position":2,"name":"STF: Mendes prop\u00f5e vetar delegados da PF como assessores de ministros"}]},{"@type":"WebSite","@id":"https:\/\/juliasmagazine.com.br\/#website","url":"https:\/\/juliasmagazine.com.br\/","name":"Julias Magazine","description":"A Sua revista eletr\u00f4nica de moda,politica ,viagens ,cultura ,gastronomia e finan\u00e7as. .","publisher":{"@id":"https:\/\/juliasmagazine.com.br\/#organization"},"potentialAction":[{"@type":"SearchAction","target":{"@type":"EntryPoint","urlTemplate":"https:\/\/juliasmagazine.com.br\/?s={search_term_string}"},"query-input":{"@type":"PropertyValueSpecification","valueRequired":true,"valueName":"search_term_string"}}],"inLanguage":"pt-BR"},{"@type":"Organization","@id":"https:\/\/juliasmagazine.com.br\/#organization","name":"Julias Magazine","url":"https:\/\/juliasmagazine.com.br\/","logo":{"@type":"ImageObject","inLanguage":"pt-BR","@id":"https:\/\/juliasmagazine.com.br\/#\/schema\/logo\/image\/","url":"https:\/\/oquefazerembalneariocamboriu.com\/wp-content\/uploads\/2023\/02\/o-que-fazer-em-balneario-camboriu.jpg","contentUrl":"https:\/\/oquefazerembalneariocamboriu.com\/wp-content\/uploads\/2023\/02\/o-que-fazer-em-balneario-camboriu.jpg","width":1200,"height":675,"caption":"Julias Magazine"},"image":{"@id":"https:\/\/juliasmagazine.com.br\/#\/schema\/logo\/image\/"}},{"@type":"Person","@id":"https:\/\/juliasmagazine.com.br\/#\/schema\/person\/a0ebd12fa6ebb88d597128bfbddf57e3","name":"Felipe Pontes - Reporter da Agencia Brasil","image":{"@type":"ImageObject","inLanguage":"pt-BR","@id":"https:\/\/juliasmagazine.com.br\/#\/schema\/person\/image\/","url":"https:\/\/secure.gravatar.com\/avatar\/8123149f01c148edfcef8d80a79336617598577fb59de3e7bed2055483cd36b1?s=96&d=mm&r=g","contentUrl":"https:\/\/secure.gravatar.com\/avatar\/8123149f01c148edfcef8d80a79336617598577fb59de3e7bed2055483cd36b1?s=96&d=mm&r=g","caption":"Felipe Pontes - Reporter da Agencia Brasil"},"url":"https:\/\/juliasmagazine.com.br\/?author=56"}]}},"_links":{"self":[{"href":"https:\/\/juliasmagazine.com.br\/index.php?rest_route=\/wp\/v2\/posts\/37761","targetHints":{"allow":["GET"]}}],"collection":[{"href":"https:\/\/juliasmagazine.com.br\/index.php?rest_route=\/wp\/v2\/posts"}],"about":[{"href":"https:\/\/juliasmagazine.com.br\/index.php?rest_route=\/wp\/v2\/types\/post"}],"author":[{"embeddable":true,"href":"https:\/\/juliasmagazine.com.br\/index.php?rest_route=\/wp\/v2\/users\/56"}],"replies":[{"embeddable":true,"href":"https:\/\/juliasmagazine.com.br\/index.php?rest_route=%2Fwp%2Fv2%2Fcomments&post=37761"}],"version-history":[{"count":0,"href":"https:\/\/juliasmagazine.com.br\/index.php?rest_route=\/wp\/v2\/posts\/37761\/revisions"}],"wp:featuredmedia":[{"embeddable":true,"href":"https:\/\/juliasmagazine.com.br\/index.php?rest_route=\/wp\/v2\/media\/37762"}],"wp:attachment":[{"href":"https:\/\/juliasmagazine.com.br\/index.php?rest_route=%2Fwp%2Fv2%2Fmedia&parent=37761"}],"wp:term":[{"taxonomy":"category","embeddable":true,"href":"https:\/\/juliasmagazine.com.br\/index.php?rest_route=%2Fwp%2Fv2%2Fcategories&post=37761"},{"taxonomy":"post_tag","embeddable":true,"href":"https:\/\/juliasmagazine.com.br\/index.php?rest_route=%2Fwp%2Fv2%2Ftags&post=37761"}],"curies":[{"name":"wp","href":"https:\/\/api.w.org\/{rel}","templated":true}]}}