{"id":37711,"date":"2026-09-04T20:34:19","date_gmt":"2026-09-04T23:34:19","guid":{"rendered":"https:\/\/juliasmagazine.com.br\/?p=37711"},"modified":"2026-09-04T20:34:19","modified_gmt":"2026-09-04T23:34:19","slug":"wsl-exclui-etapa-de-abu-dhabi-do-circuito-mundial-de-surfe-deste-ano","status":"publish","type":"post","link":"https:\/\/juliasmagazine.com.br\/?p=37711","title":{"rendered":"WSL exclui etapa de Abu Dhabi do circuito mundial de surfe deste ano"},"content":{"rendered":"<\/p>\n<p><a class=\"\" href=\"https:\/\/agenciabrasil.ebc.com.br\/esportes\/noticia\/2026-09\/wsl-exclui-etapa-de-abu-dhabi-do-circuito-mundial-de-surfe-deste-ano\"><br \/>\n                    <img decoding=\"async\" src=\"https:\/\/cdn.jsdelivr.net\/gh\/sergiosdlima\/assets-ebc@1.0.0\/abr\/assets\/images\/logo-agenciabrasil.svg\" alt=\"Logo Ag\u00eancia Brasil\"><br \/>\n\t\t\t\t<\/a><\/p>\n<p>A Liga Mundial de Surfe (World Surf League-WSL) excluiu a etapa de Abu Dhabi Pro, nos Emirados \u00c1rabes Unidos, do calend\u00e1rio deste ano do circuito mundial. A decis\u00e3o foi anunciada nesta sexta-feira (4) pela entidade, que alegou limita\u00e7\u00f5es log\u00edsticas como restri\u00e7\u00f5es de v\u00f4os na regi\u00e3o, que sofre com a guerra entre Estados Unidos e Ir\u00e3. \u00a0<img decoding=\"async\" src=\"https:\/\/agenciabrasil.ebc.com.br\/ebc.png?id=1701594&#038;o=rss\"><img decoding=\"async\" src=\"https:\/\/agenciabrasil.ebc.com.br\/ebc.gif?id=1701594&#038;o=rss\"><\/p>\n<p>A etapa de Abu Dhabi, inicialmente programada outubro, j\u00e1 fora remarcada pela WSL para o per\u00edodo de 25 a 29 de novembro, na tentativa de manter a competi\u00e7\u00e3o no calend\u00e1rio de 2025..<\/p>\n<blockquote>\n<h3>Not\u00edcias relacionadas:<\/h3>\n<ul>\n<li><a href=\"https:\/\/agenciabrasil.ebc.com.br\/esportes\/noticia\/2026-09\/mesmo-com-nota-10-medina-e-vice-campeao-da-etapa-de-fiji-da-wsl\">Mesmo com nota 10, Medina \u00e9 vice-campe\u00e3o da etapa de Fiji da WSL.<\/a><\/li>\n<li><a href=\"https:\/\/agenciabrasil.ebc.com.br\/esportes\/noticia\/2026-09\/brasileirao-feminino-comeca-definir-semifinalista-nesta-sexta-feira\">Brasileir\u00e3o Feminino come\u00e7a a definir semifinalistas nesta sexta-feira.<\/a><\/li>\n<li><a href=\"https:\/\/agenciabrasil.ebc.com.br\/esportes\/noticia\/2026-09\/parataekwondo-brasil-fatura-4-medalhas-em-grand-prix-na-coreia-do-sul\">Parataekwondo: Brasil fatura 4 medalhas em Grand Prix na Coreia do Sul.<\/a><\/li>\n<\/ul>\n<p>\u201cExploramos todas as op\u00e7\u00f5es para manter o Surf Abu Dhabi Pro no calend\u00e1rio deste ano\u201d, disse Ryan Crosby, diretor-executivo da WSL, em <a href=\"https:\/\/surftotal.com\/noticias\/internacionais\/item\/27499-wsl-cancela-surf-abu-dhabi-pro-e-championship-tour-de-2026-fica-reduzido-a-12-etapas#goog_rewarded\"><strong>nota oficial.<\/strong><\/a> \u201cInfelizmente, as condi\u00e7\u00f5es atuais e as limita\u00e7\u00f5es log\u00edsticas tornaram imposs\u00edvel seguirmos em frente. Foi uma decis\u00e3o dif\u00edcil, mas a certa neste momento. Valorizamos nossa parceria com o Surf Abu Dhabi e esperamos retornar\u201d, concluiu.\n<\/p><\/blockquote>\n<p>Com a retirada da etapa dos Emirados \u00c1rabes, o circuito mundial de surfe seguir\u00e1 com 12 etapas. O formato do Mundial, segundo a WSL, ser\u00e1 mantido, com tr\u00eas resultados descart\u00e1veis ao longo da temporada. \u00a0<\/p>\n<p>Faltam apenas quatro etapas para o t\u00e9rmino do circuito, sendo que a pr\u00f3xima em Trestles, na Calif\u00f3rnia (EUA), definir\u00e1 os 22 melhores surfistas homens e as 14 melhores atletas mulheres que avan\u00e7ar\u00e3o para a p\u00f3s-temporada (etapas de Peniche, em Portugal; e Cloud 9, nas Filipinas). Os campe\u00f5es mundiais ser\u00e3o conhecidos na grande etapa final, a Pipe Masters, no ic\u00f4nico pico de surfe no Hava\u00ed.<\/p>\n<p>Atualmente o potiguar \u00cdtalo Ferreira ocupa a vice-lideran\u00e7a do <a href=\"https:\/\/www.worldsurfleague.com\/athletes\/tour\/mct?year=2026\"><strong>ranking mundial<\/strong><\/a>, atr\u00e1s apena do italiano Fioravanti. Completando o top 5 est\u00e3o o atual campe\u00e3o Yago Dora, o tricampe\u00e3o Gabriel Medina, e o paulista Miguel Pupo. Na disputa feminina, a brasileira-americana Luana Silva ocupa a quinta posi\u00e7\u00e3o.<\/p>\n<h2>Pr\u00f3ximas etapas do Mundial 2026<\/h2>\n<p>Etapa 9 &#8211; Lexus Trestles Pro &#8211; 11 a 20 de setembro de 2026;<\/p>\n<p>Etapa\u00a010 &#8211; MEO Rip Curl Pro Portugal &#8211; 16 a 25 de outubro de 2026;<\/p>\n<p>Etapa 11 &#8211; Philippines Pro apresentado pela Philippine Sports Commission &#8211; 31 de outubro a 10 de novembro de 2026;<\/p>\n<p>Etapa\u00a012 &#8211; Lexus Pipe Masters &#8211; 8 a 20 de dezembro de 2026.<\/p>\n","protected":false},"excerpt":{"rendered":"<p>A Liga Mundial de Surfe (World Surf League-WSL) excluiu a etapa de Abu Dhabi Pro, nos Emirados \u00c1rabes Unidos, do calend\u00e1rio deste ano do circuito mundial. A decis\u00e3o foi anunciada nesta sexta-feira (4) pela entidade, que alegou limita\u00e7\u00f5es log\u00edsticas como restri\u00e7\u00f5es de v\u00f4os na regi\u00e3o, que sofre com a guerra entre Estados Unidos e Ir\u00e3. [&hellip;]<\/p>\n","protected":false},"author":8,"featured_media":37712,"comment_status":"open","ping_status":"open","sticky":false,"template":"","format":"standard","meta":{"site-sidebar-layout":"default","site-content-layout":"","ast-site-content-layout":"","site-content-style":"default","site-sidebar-style":"default","ast-global-header-display":"","ast-banner-title-visibility":"","ast-main-header-display":"","ast-hfb-above-header-display":"","ast-hfb-below-header-display":"","ast-hfb-mobile-header-display":"","site-post-title":"","ast-breadcrumbs-content":"","ast-featured-img":"","footer-sml-layout":"","theme-transparent-header-meta":"","adv-header-id-meta":"","stick-header-meta":"","header-above-stick-meta":"","header-main-stick-meta":"","header-below-stick-meta":"","astra-migrate-meta-layouts":"default","ast-page-background-enabled":"default","ast-page-background-meta":{"desktop":{"background-color":"var(--ast-global-color-4)","background-image":"","background-repeat":"repeat","background-position":"center center","background-size":"auto","background-attachment":"scroll","background-type":"","background-media":"","overlay-type":"","overlay-color":"","overlay-opacity":"","overlay-gradient":""},"tablet":{"background-color":"","background-image":"","background-repeat":"repeat","background-position":"center center","background-size":"auto","background-attachment":"scroll","background-type":"","background-media":"","overlay-type":"","overlay-color":"","overlay-opacity":"","overlay-gradient":""},"mobile":{"background-color":"","background-image":"","background-repeat":"repeat","background-position":"center center","background-size":"auto","background-attachment":"scroll","background-type":"","background-media":"","overlay-type":"","overlay-color":"","overlay-opacity":"","overlay-gradient":""}},"ast-content-background-meta":{"desktop":{"background-color":"var(--ast-global-color-5)","background-image":"","background-repeat":"repeat","background-position":"center center","background-size":"auto","background-attachment":"scroll","background-type":"","background-media":"","overlay-type":"","overlay-color":"","overlay-opacity":"","overlay-gradient":""},"tablet":{"background-color":"var(--ast-global-color-5)","background-image":"","background-repeat":"repeat","background-position":"center center","background-size":"auto","background-attachment":"scroll","background-type":"","background-media":"","overlay-type":"","overlay-color":"","overlay-opacity":"","overlay-gradient":""},"mobile":{"background-color":"var(--ast-global-color-5)","background-image":"","background-repeat":"repeat","background-position":"center center","background-size":"auto","background-attachment":"scroll","background-type":"","background-media":"","overlay-type":"","overlay-color":"","overlay-opacity":"","overlay-gradient":""}},"footnotes":""},"categories":[40],"tags":[],"class_list":["post-37711","post","type-post","status-publish","format-standard","has-post-thumbnail","hentry","category-esportes"],"yoast_head":"<!-- This site is optimized with the Yoast SEO plugin v24.1 - https:\/\/yoast.com\/wordpress\/plugins\/seo\/ -->\n<title>WSL exclui etapa de Abu Dhabi do circuito mundial de surfe deste ano - Julias Magazine<\/title>\n<meta name=\"robots\" content=\"index, follow, max-snippet:-1, max-image-preview:large, max-video-preview:-1\" \/>\n<link rel=\"canonical\" href=\"https:\/\/juliasmagazine.com.br\/?p=37711\" \/>\n<meta property=\"og:locale\" content=\"pt_BR\" \/>\n<meta property=\"og:type\" content=\"article\" \/>\n<meta property=\"og:title\" content=\"WSL exclui etapa de Abu Dhabi do circuito mundial de surfe deste ano - Julias Magazine\" \/>\n<meta property=\"og:description\" content=\"A Liga Mundial de Surfe (World Surf League-WSL) excluiu a etapa de Abu Dhabi Pro, nos Emirados \u00c1rabes Unidos, do calend\u00e1rio deste ano do circuito mundial. A decis\u00e3o foi anunciada nesta sexta-feira (4) pela entidade, que alegou limita\u00e7\u00f5es log\u00edsticas como restri\u00e7\u00f5es de v\u00f4os na regi\u00e3o, que sofre com a guerra entre Estados Unidos e Ir\u00e3. [&hellip;]\" \/>\n<meta property=\"og:url\" content=\"https:\/\/juliasmagazine.com.br\/?p=37711\" \/>\n<meta property=\"og:site_name\" content=\"Julias Magazine\" \/>\n<meta property=\"article:published_time\" content=\"2026-09-04T23:34:19+00:00\" \/>\n<meta property=\"og:image\" content=\"https:\/\/cdn.jsdelivr.net\/gh\/sergiosdlima\/assets-ebc@1.0.0\/abr\/assets\/images\/logo-agenciabrasil.svg\" \/>\n<meta name=\"author\" content=\"Agencia Brasil\" \/>\n<meta name=\"twitter:card\" content=\"summary_large_image\" \/>\n<meta name=\"twitter:label1\" content=\"Escrito por\" \/>\n\t<meta name=\"twitter:data1\" content=\"Agencia Brasil\" \/>\n\t<meta name=\"twitter:label2\" content=\"Est. tempo de leitura\" \/>\n\t<meta name=\"twitter:data2\" content=\"2 minutos\" \/>\n<script type=\"application\/ld+json\" class=\"yoast-schema-graph\">{\"@context\":\"https:\/\/schema.org\",\"@graph\":[{\"@type\":\"Article\",\"@id\":\"https:\/\/juliasmagazine.com.br\/?p=37711#article\",\"isPartOf\":{\"@id\":\"https:\/\/juliasmagazine.com.br\/?p=37711\"},\"author\":{\"name\":\"Agencia Brasil\",\"@id\":\"https:\/\/juliasmagazine.com.br\/#\/schema\/person\/e762a6f24032ed8dc59d01b78c3a867f\"},\"headline\":\"WSL exclui etapa de Abu Dhabi do circuito mundial de surfe deste ano\",\"datePublished\":\"2026-09-04T23:34:19+00:00\",\"dateModified\":\"2026-09-04T23:34:19+00:00\",\"mainEntityOfPage\":{\"@id\":\"https:\/\/juliasmagazine.com.br\/?p=37711\"},\"wordCount\":417,\"commentCount\":0,\"publisher\":{\"@id\":\"https:\/\/juliasmagazine.com.br\/#organization\"},\"image\":{\"@id\":\"https:\/\/juliasmagazine.com.br\/?p=37711#primaryimage\"},\"thumbnailUrl\":\"https:\/\/juliasmagazine.com.br\/wp-content\/uploads\/2026\/09\/37711-wsl-exclui-etapa-de-abu-dhabi-do-circuito-mundial-de-surfe-deste-ano.jpg\",\"articleSection\":[\"Esportes\"],\"inLanguage\":\"pt-BR\",\"potentialAction\":[{\"@type\":\"CommentAction\",\"name\":\"Comment\",\"target\":[\"https:\/\/juliasmagazine.com.br\/?p=37711#respond\"]}]},{\"@type\":\"WebPage\",\"@id\":\"https:\/\/juliasmagazine.com.br\/?p=37711\",\"url\":\"https:\/\/juliasmagazine.com.br\/?p=37711\",\"name\":\"WSL exclui etapa de Abu Dhabi do circuito mundial de surfe deste ano - Julias Magazine\",\"isPartOf\":{\"@id\":\"https:\/\/juliasmagazine.com.br\/#website\"},\"primaryImageOfPage\":{\"@id\":\"https:\/\/juliasmagazine.com.br\/?p=37711#primaryimage\"},\"image\":{\"@id\":\"https:\/\/juliasmagazine.com.br\/?p=37711#primaryimage\"},\"thumbnailUrl\":\"https:\/\/juliasmagazine.com.br\/wp-content\/uploads\/2026\/09\/37711-wsl-exclui-etapa-de-abu-dhabi-do-circuito-mundial-de-surfe-deste-ano.jpg\",\"datePublished\":\"2026-09-04T23:34:19+00:00\",\"dateModified\":\"2026-09-04T23:34:19+00:00\",\"breadcrumb\":{\"@id\":\"https:\/\/juliasmagazine.com.br\/?p=37711#breadcrumb\"},\"inLanguage\":\"pt-BR\",\"potentialAction\":[{\"@type\":\"ReadAction\",\"target\":[\"https:\/\/juliasmagazine.com.br\/?p=37711\"]}]},{\"@type\":\"ImageObject\",\"inLanguage\":\"pt-BR\",\"@id\":\"https:\/\/juliasmagazine.com.br\/?p=37711#primaryimage\",\"url\":\"https:\/\/juliasmagazine.com.br\/wp-content\/uploads\/2026\/09\/37711-wsl-exclui-etapa-de-abu-dhabi-do-circuito-mundial-de-surfe-deste-ano.jpg\",\"contentUrl\":\"https:\/\/juliasmagazine.com.br\/wp-content\/uploads\/2026\/09\/37711-wsl-exclui-etapa-de-abu-dhabi-do-circuito-mundial-de-surfe-deste-ano.jpg\",\"width\":1600,\"height\":800,\"caption\":\"WSL exclui etapa de Abu Dhabi do circuito mundial de surfe deste ano\"},{\"@type\":\"BreadcrumbList\",\"@id\":\"https:\/\/juliasmagazine.com.br\/?p=37711#breadcrumb\",\"itemListElement\":[{\"@type\":\"ListItem\",\"position\":1,\"name\":\"In\u00edcio\",\"item\":\"https:\/\/juliasmagazine.com.br\/\"},{\"@type\":\"ListItem\",\"position\":2,\"name\":\"WSL exclui etapa de Abu Dhabi do circuito mundial de surfe deste ano\"}]},{\"@type\":\"WebSite\",\"@id\":\"https:\/\/juliasmagazine.com.br\/#website\",\"url\":\"https:\/\/juliasmagazine.com.br\/\",\"name\":\"Julias Magazine\",\"description\":\"A Sua revista eletr\u00f4nica de moda,politica ,viagens ,cultura ,gastronomia e finan\u00e7as. .\",\"publisher\":{\"@id\":\"https:\/\/juliasmagazine.com.br\/#organization\"},\"potentialAction\":[{\"@type\":\"SearchAction\",\"target\":{\"@type\":\"EntryPoint\",\"urlTemplate\":\"https:\/\/juliasmagazine.com.br\/?s={search_term_string}\"},\"query-input\":{\"@type\":\"PropertyValueSpecification\",\"valueRequired\":true,\"valueName\":\"search_term_string\"}}],\"inLanguage\":\"pt-BR\"},{\"@type\":\"Organization\",\"@id\":\"https:\/\/juliasmagazine.com.br\/#organization\",\"name\":\"Julias Magazine\",\"url\":\"https:\/\/juliasmagazine.com.br\/\",\"logo\":{\"@type\":\"ImageObject\",\"inLanguage\":\"pt-BR\",\"@id\":\"https:\/\/juliasmagazine.com.br\/#\/schema\/logo\/image\/\",\"url\":\"https:\/\/oquefazerembalneariocamboriu.com\/wp-content\/uploads\/2023\/02\/o-que-fazer-em-balneario-camboriu.jpg\",\"contentUrl\":\"https:\/\/oquefazerembalneariocamboriu.com\/wp-content\/uploads\/2023\/02\/o-que-fazer-em-balneario-camboriu.jpg\",\"width\":1200,\"height\":675,\"caption\":\"Julias Magazine\"},\"image\":{\"@id\":\"https:\/\/juliasmagazine.com.br\/#\/schema\/logo\/image\/\"}},{\"@type\":\"Person\",\"@id\":\"https:\/\/juliasmagazine.com.br\/#\/schema\/person\/e762a6f24032ed8dc59d01b78c3a867f\",\"name\":\"Agencia Brasil\",\"image\":{\"@type\":\"ImageObject\",\"inLanguage\":\"pt-BR\",\"@id\":\"https:\/\/juliasmagazine.com.br\/#\/schema\/person\/image\/\",\"url\":\"https:\/\/secure.gravatar.com\/avatar\/3f35c4476dbfcdff89d7409bdd670da5a4678fa13d5b52b9575ec1639a35ab6e?s=96&d=mm&r=g\",\"contentUrl\":\"https:\/\/secure.gravatar.com\/avatar\/3f35c4476dbfcdff89d7409bdd670da5a4678fa13d5b52b9575ec1639a35ab6e?s=96&d=mm&r=g\",\"caption\":\"Agencia Brasil\"},\"url\":\"https:\/\/juliasmagazine.com.br\/?author=8\"}]}<\/script>\n<!-- \/ Yoast SEO plugin. -->","yoast_head_json":{"title":"WSL exclui etapa de Abu Dhabi do circuito mundial de surfe deste ano - Julias Magazine","robots":{"index":"index","follow":"follow","max-snippet":"max-snippet:-1","max-image-preview":"max-image-preview:large","max-video-preview":"max-video-preview:-1"},"canonical":"https:\/\/juliasmagazine.com.br\/?p=37711","og_locale":"pt_BR","og_type":"article","og_title":"WSL exclui etapa de Abu Dhabi do circuito mundial de surfe deste ano - Julias Magazine","og_description":"A Liga Mundial de Surfe (World Surf League-WSL) excluiu a etapa de Abu Dhabi Pro, nos Emirados \u00c1rabes Unidos, do calend\u00e1rio deste ano do circuito mundial. A decis\u00e3o foi anunciada nesta sexta-feira (4) pela entidade, que alegou limita\u00e7\u00f5es log\u00edsticas como restri\u00e7\u00f5es de v\u00f4os na regi\u00e3o, que sofre com a guerra entre Estados Unidos e Ir\u00e3. [&hellip;]","og_url":"https:\/\/juliasmagazine.com.br\/?p=37711","og_site_name":"Julias Magazine","article_published_time":"2026-09-04T23:34:19+00:00","og_image":[{"url":"https:\/\/cdn.jsdelivr.net\/gh\/sergiosdlima\/assets-ebc@1.0.0\/abr\/assets\/images\/logo-agenciabrasil.svg","type":"","width":"","height":""}],"author":"Agencia Brasil","twitter_card":"summary_large_image","twitter_misc":{"Escrito por":"Agencia Brasil","Est. tempo de leitura":"2 minutos"},"schema":{"@context":"https:\/\/schema.org","@graph":[{"@type":"Article","@id":"https:\/\/juliasmagazine.com.br\/?p=37711#article","isPartOf":{"@id":"https:\/\/juliasmagazine.com.br\/?p=37711"},"author":{"name":"Agencia Brasil","@id":"https:\/\/juliasmagazine.com.br\/#\/schema\/person\/e762a6f24032ed8dc59d01b78c3a867f"},"headline":"WSL exclui etapa de Abu Dhabi do circuito mundial de surfe deste ano","datePublished":"2026-09-04T23:34:19+00:00","dateModified":"2026-09-04T23:34:19+00:00","mainEntityOfPage":{"@id":"https:\/\/juliasmagazine.com.br\/?p=37711"},"wordCount":417,"commentCount":0,"publisher":{"@id":"https:\/\/juliasmagazine.com.br\/#organization"},"image":{"@id":"https:\/\/juliasmagazine.com.br\/?p=37711#primaryimage"},"thumbnailUrl":"https:\/\/juliasmagazine.com.br\/wp-content\/uploads\/2026\/09\/37711-wsl-exclui-etapa-de-abu-dhabi-do-circuito-mundial-de-surfe-deste-ano.jpg","articleSection":["Esportes"],"inLanguage":"pt-BR","potentialAction":[{"@type":"CommentAction","name":"Comment","target":["https:\/\/juliasmagazine.com.br\/?p=37711#respond"]}]},{"@type":"WebPage","@id":"https:\/\/juliasmagazine.com.br\/?p=37711","url":"https:\/\/juliasmagazine.com.br\/?p=37711","name":"WSL exclui etapa de Abu Dhabi do circuito mundial de surfe deste ano - Julias Magazine","isPartOf":{"@id":"https:\/\/juliasmagazine.com.br\/#website"},"primaryImageOfPage":{"@id":"https:\/\/juliasmagazine.com.br\/?p=37711#primaryimage"},"image":{"@id":"https:\/\/juliasmagazine.com.br\/?p=37711#primaryimage"},"thumbnailUrl":"https:\/\/juliasmagazine.com.br\/wp-content\/uploads\/2026\/09\/37711-wsl-exclui-etapa-de-abu-dhabi-do-circuito-mundial-de-surfe-deste-ano.jpg","datePublished":"2026-09-04T23:34:19+00:00","dateModified":"2026-09-04T23:34:19+00:00","breadcrumb":{"@id":"https:\/\/juliasmagazine.com.br\/?p=37711#breadcrumb"},"inLanguage":"pt-BR","potentialAction":[{"@type":"ReadAction","target":["https:\/\/juliasmagazine.com.br\/?p=37711"]}]},{"@type":"ImageObject","inLanguage":"pt-BR","@id":"https:\/\/juliasmagazine.com.br\/?p=37711#primaryimage","url":"https:\/\/juliasmagazine.com.br\/wp-content\/uploads\/2026\/09\/37711-wsl-exclui-etapa-de-abu-dhabi-do-circuito-mundial-de-surfe-deste-ano.jpg","contentUrl":"https:\/\/juliasmagazine.com.br\/wp-content\/uploads\/2026\/09\/37711-wsl-exclui-etapa-de-abu-dhabi-do-circuito-mundial-de-surfe-deste-ano.jpg","width":1600,"height":800,"caption":"WSL exclui etapa de Abu Dhabi do circuito mundial de surfe deste ano"},{"@type":"BreadcrumbList","@id":"https:\/\/juliasmagazine.com.br\/?p=37711#breadcrumb","itemListElement":[{"@type":"ListItem","position":1,"name":"In\u00edcio","item":"https:\/\/juliasmagazine.com.br\/"},{"@type":"ListItem","position":2,"name":"WSL exclui etapa de Abu Dhabi do circuito mundial de surfe deste ano"}]},{"@type":"WebSite","@id":"https:\/\/juliasmagazine.com.br\/#website","url":"https:\/\/juliasmagazine.com.br\/","name":"Julias Magazine","description":"A Sua revista eletr\u00f4nica de moda,politica ,viagens ,cultura ,gastronomia e finan\u00e7as. .","publisher":{"@id":"https:\/\/juliasmagazine.com.br\/#organization"},"potentialAction":[{"@type":"SearchAction","target":{"@type":"EntryPoint","urlTemplate":"https:\/\/juliasmagazine.com.br\/?s={search_term_string}"},"query-input":{"@type":"PropertyValueSpecification","valueRequired":true,"valueName":"search_term_string"}}],"inLanguage":"pt-BR"},{"@type":"Organization","@id":"https:\/\/juliasmagazine.com.br\/#organization","name":"Julias Magazine","url":"https:\/\/juliasmagazine.com.br\/","logo":{"@type":"ImageObject","inLanguage":"pt-BR","@id":"https:\/\/juliasmagazine.com.br\/#\/schema\/logo\/image\/","url":"https:\/\/oquefazerembalneariocamboriu.com\/wp-content\/uploads\/2023\/02\/o-que-fazer-em-balneario-camboriu.jpg","contentUrl":"https:\/\/oquefazerembalneariocamboriu.com\/wp-content\/uploads\/2023\/02\/o-que-fazer-em-balneario-camboriu.jpg","width":1200,"height":675,"caption":"Julias Magazine"},"image":{"@id":"https:\/\/juliasmagazine.com.br\/#\/schema\/logo\/image\/"}},{"@type":"Person","@id":"https:\/\/juliasmagazine.com.br\/#\/schema\/person\/e762a6f24032ed8dc59d01b78c3a867f","name":"Agencia Brasil","image":{"@type":"ImageObject","inLanguage":"pt-BR","@id":"https:\/\/juliasmagazine.com.br\/#\/schema\/person\/image\/","url":"https:\/\/secure.gravatar.com\/avatar\/3f35c4476dbfcdff89d7409bdd670da5a4678fa13d5b52b9575ec1639a35ab6e?s=96&d=mm&r=g","contentUrl":"https:\/\/secure.gravatar.com\/avatar\/3f35c4476dbfcdff89d7409bdd670da5a4678fa13d5b52b9575ec1639a35ab6e?s=96&d=mm&r=g","caption":"Agencia Brasil"},"url":"https:\/\/juliasmagazine.com.br\/?author=8"}]}},"_links":{"self":[{"href":"https:\/\/juliasmagazine.com.br\/index.php?rest_route=\/wp\/v2\/posts\/37711","targetHints":{"allow":["GET"]}}],"collection":[{"href":"https:\/\/juliasmagazine.com.br\/index.php?rest_route=\/wp\/v2\/posts"}],"about":[{"href":"https:\/\/juliasmagazine.com.br\/index.php?rest_route=\/wp\/v2\/types\/post"}],"author":[{"embeddable":true,"href":"https:\/\/juliasmagazine.com.br\/index.php?rest_route=\/wp\/v2\/users\/8"}],"replies":[{"embeddable":true,"href":"https:\/\/juliasmagazine.com.br\/index.php?rest_route=%2Fwp%2Fv2%2Fcomments&post=37711"}],"version-history":[{"count":0,"href":"https:\/\/juliasmagazine.com.br\/index.php?rest_route=\/wp\/v2\/posts\/37711\/revisions"}],"wp:featuredmedia":[{"embeddable":true,"href":"https:\/\/juliasmagazine.com.br\/index.php?rest_route=\/wp\/v2\/media\/37712"}],"wp:attachment":[{"href":"https:\/\/juliasmagazine.com.br\/index.php?rest_route=%2Fwp%2Fv2%2Fmedia&parent=37711"}],"wp:term":[{"taxonomy":"category","embeddable":true,"href":"https:\/\/juliasmagazine.com.br\/index.php?rest_route=%2Fwp%2Fv2%2Fcategories&post=37711"},{"taxonomy":"post_tag","embeddable":true,"href":"https:\/\/juliasmagazine.com.br\/index.php?rest_route=%2Fwp%2Fv2%2Ftags&post=37711"}],"curies":[{"name":"wp","href":"https:\/\/api.w.org\/{rel}","templated":true}]}}