{"id":37701,"date":"2026-09-04T17:36:14","date_gmt":"2026-09-04T20:36:14","guid":{"rendered":"https:\/\/juliasmagazine.com.br\/?p=37701"},"modified":"2026-09-04T17:36:14","modified_gmt":"2026-09-04T20:36:14","slug":"governo-sanciona-leis-que-criam-e-reestruturam-fundos-para-a-justica","status":"publish","type":"post","link":"https:\/\/juliasmagazine.com.br\/?p=37701","title":{"rendered":"Governo sanciona leis que criam e reestruturam fundos para a Justi\u00e7a"},"content":{"rendered":"<\/p>\n<p><a class=\"\" href=\"https:\/\/agenciabrasil.ebc.com.br\/justica\/noticia\/2026-09\/sancionadas-leis-que-criam-fundos-para-justica\"><br \/>\n                    <img decoding=\"async\" src=\"https:\/\/cdn.jsdelivr.net\/gh\/sergiosdlima\/assets-ebc@1.0.0\/abr\/assets\/images\/logo-agenciabrasil.svg\" alt=\"Logo Ag\u00eancia Brasil\"><br \/>\n\t\t\t\t<\/a><\/p>\n<p>O presidente Luiz In\u00e1cio Lula da Silva sancionou nesta sexta-feira (4) tr\u00eas projetos de lei que criam e reestruturam fundos ligados a institui\u00e7\u00f5es do Poder Judici\u00e1rio. <strong>O objetivo \u00e9 fortalecer a atua\u00e7\u00e3o da Justi\u00e7a Federal, do Minist\u00e9rio P\u00fablico da Uni\u00e3o (MPU) e da Defensoria P\u00fablica da Uni\u00e3o (DPU) em todas regi\u00f5es do pa\u00eds.<\/strong><img decoding=\"async\" src=\"https:\/\/agenciabrasil.ebc.com.br\/ebc.png?id=1701559&#038;o=rss\"><img decoding=\"async\" src=\"https:\/\/agenciabrasil.ebc.com.br\/ebc.gif?id=1701559&#038;o=rss\"><\/p>\n<p>Durante a cerim\u00f4nia de san\u00e7\u00e3o, no Pal\u00e1cio do Planalto, o presidente do Supremo Tribunal Federal (STF), ministro Edson Fachin, celebrou a possibilidade de levar a justi\u00e7a mais longe dos grandes centros do pa\u00eds para se aproximar dos cidad\u00e3os mais vulner\u00e1veis.<\/p>\n<\/p>\n<h3>Not\u00edcias relacionadas:<\/h3>\n<ul>\n<li><a href=\"https:\/\/agenciabrasil.ebc.com.br\/justica\/noticia\/2026-09\/fachin-da-5-dias-para-mendonca-e-gonet-responderem-acusacao-de-moraes\">Fachin d\u00e1 5 dias para Mendon\u00e7a e Gonet responderem acusa\u00e7\u00e3o de Moraes.<\/a><\/li>\n<li><a href=\"https:\/\/agenciabrasil.ebc.com.br\/justica\/noticia\/2026-09\/stf-decide-limitar-gratuidade-em-acoes-na-justica-do-trabalho\">STF decide limitar gratuidade em a\u00e7\u00f5es na Justi\u00e7a do Trabalho.<\/a><\/li>\n<\/ul>\n<p><strong>\u201cEste \u00e9 um ato de Estado que prestigia as pessoas de carne e osso que demandam por interesses leg\u00edtimos concretos, perante o sistema de justi\u00e7a. Nos rinc\u00f5es mais long\u00ednquos do pa\u00eds, essas pessoas est\u00e3o sendo ouvidas pela san\u00e7\u00e3o presidencial nesta data\u201d, disse Edson Fachin.<\/strong><\/p>\n<p>Ao sancionar as leis, o presidente Lula manifestou a preocupa\u00e7\u00e3o do Poder Executivo de evitar que a sociedade brasileira perca a credibilidade nas institui\u00e7\u00f5es p\u00fablicas encarregadas de garantir o sistema democr\u00e1tico.<\/p>\n<p><strong>Lula enfatizou a import\u00e2ncia estrat\u00e9gica de fortalecer o sistema de Justi\u00e7a para a preserva\u00e7\u00e3o da democracia no Brasil.<\/strong>\u00a0<\/p>\n<blockquote>\n<p>\u201cSe n\u00e3o tiver institui\u00e7\u00f5es s\u00f3lidas e funcionando, a democracia estar\u00e1 muito vulner\u00e1vel e, por isso, tem algumas pessoas que tentam enfraquec\u00ea-la, desmoraliz\u00e1-la\u201d, disse.<\/p>\n<\/blockquote>\n<p>O presidente refor\u00e7ou que em pa\u00edses democr\u00e1ticos s\u00e3o as institui\u00e7\u00f5es que respaldam o bom funcionamento da democracia.<\/p>\n<h2>Reforma do Judici\u00e1rio<\/h2>\n<p>Com o objetivo de permitir que a sociedade continue confiando no sistema judicial do pa\u00eds, o presidente sinalizou que o governo pretende promover e incentivar um debate amplo sobre uma nova reforma institucional.<\/p>\n<p>Lula lembrou da aprova\u00e7\u00e3o da <a href=\"https:\/\/www.planalto.gov.br\/ccivil_03\/constituicao\/emendas\/emc\/emc45.htm\" target=\"_blank\">Emenda Constitucional n\u00ba 45\/2004<\/a>, que <strong>promoveu a reforma estrutural do Judici\u00e1rio para tentar deixar a Justi\u00e7a mais r\u00e1pida e organizada<\/strong>.<\/p>\n<p>Essa primeira reforma do Judici\u00e1rio criou o Conselho Nacional de Justi\u00e7a (CNJ), que avalia a atua\u00e7\u00e3o de tribunais e ju\u00edzes.<\/p>\n<h2>Custas<\/h2>\n<p>As leis sancionadas atualizaram as regras das taxas de custas da Justi\u00e7a Federal, elevando a al\u00edquota sobre o valor da causa, que pode variar entre 2% e 3%, e estabelece novos valores m\u00ednimos e m\u00e1ximos para a cobran\u00e7a, com valor m\u00ednimo de R$ 193,20 e m\u00e1ximo de R$ 107.332,80.<\/p>\n<p><strong>At\u00e9 ent\u00e3o, a cobran\u00e7a correspondia a 1% do valor da causa, com teto de R$ 1.915,38.<\/strong><\/p>\n<p>A nova legisla\u00e7\u00e3o tamb\u00e9m amplia a prote\u00e7\u00e3o para quem n\u00e3o tem condi\u00e7\u00f5es de arcar com as despesas do processo. As pessoas que estejam na faixa de renda beneficiada pela redu\u00e7\u00e3o do Imposto de Renda, atualmente estabelecida em at\u00e9 R$ 5 mil mensais, ter\u00e3o presun\u00e7\u00e3o de hipossufici\u00eancia para obter a gratuidade da Justi\u00e7a.<\/p>\n<p>A presidente da Associa\u00e7\u00e3o dos Ju\u00edzes Federais do Brasil (Ajufe), ju\u00edza federal Ana Lya Ferraz da Gama Ferreira, lembrou que <strong>durante mais de 25 anos as causas na Justi\u00e7a Federal permaneceram praticamente congeladas<\/strong>, tratando da mesma maneira realidades econ\u00f4micas profundamente diferentes.<\/p>\n<p>\u201cQuem movimenta causas de maior valor contribui de maneira proporcional. E esses recursos retornar\u00e3o \u00e0 sociedade, como com uma unidade de atendimento onde n\u00e3o exista Vara Federal; com a justi\u00e7a itinerante, chegando a uma comunidade distante; com estrutura para atender quem vive nas ruas, com tecnologia capaz de tornar a presta\u00e7\u00e3o jurisdicional mais r\u00e1pida, eficiente e mais pr\u00f3xima\u201d, disse a primeira mulher ju\u00edza \u00e0 frente da Ajufe.<\/p>\n<p>O advogado-geral da Uni\u00e3o (AGU), Jorge Messias, destacou que o reajuste das custas judiciais ampliar\u00e1 o acesso \u00e0 justi\u00e7a pelos cidad\u00e3os.\u00a0<\/p>\n<p><strong>\u201cEsses recursos novos que vir\u00e3o dessas novas receitas da atualiza\u00e7\u00e3o das custas, permitir\u00e3o que essas institui\u00e7\u00f5es promovam a capilariza\u00e7\u00e3o de suas unidades para que a sociedade compreenda que o Poder Judici\u00e1rio, o Minist\u00e9rio P\u00fablico e a Defensoria P\u00fablica est\u00e3o presente em todos os estados e regi\u00f5es que necessitam do nosso pa\u00eds. N\u00f3s temos verdadeiros vazios de jurisdi\u00e7\u00e3o, e quem sofre \u00e9 quem mais precisa\u201d.<\/strong><\/p>\n<h2>Fundos<\/h2>\n<p>Os fundos criados s\u00e3o uma conta de natureza cont\u00e1bil para que a institui\u00e7\u00e3o receba recursos que variam conforme o tribunal, a partir de cobran\u00e7as de custas judiciais e taxas.<\/p>\n<p><strong>Os recursos poder\u00e3o ser destinados ao aperfei\u00e7oamento das atividades dos \u00f3rg\u00e3os com a moderniza\u00e7\u00e3o e o aparelhamento, investimentos na infraestrutura, aquisi\u00e7\u00e3o de equipamentos e softwares e capacita\u00e7\u00e3o.<\/strong><\/p>\n<p>O Fundo Especial da Justi\u00e7a Federal (Fejufe) receber\u00e1 receitas relacionadas \u00e0s custas e multas da Justi\u00e7a Federal, al\u00e9m de outras fontes previstas na lei.<\/p>\n<p>O Fundo Especial do Superior Tribunal de Justi\u00e7a (Festj), ter\u00e1 como foco a moderniza\u00e7\u00e3o e o aparelhamento do Superior Tribunal de Justi\u00e7a e o fortalecimento de sua atividade institucional.<\/p>\n<p>Os recursos para o Fundo de Moderniza\u00e7\u00e3o do Minist\u00e9rio P\u00fablico da Uni\u00e3o (FMPU) poder\u00e3o, tamb\u00e9m, apoiar o atendimento \u00e0 sociedade e \u00e0s v\u00edtimas.\u00a0<\/p>\n<p>O Fundo de Fortalecimento do Acesso \u00e0 Justi\u00e7a, Promo\u00e7\u00e3o dos Direitos Fundamentais e Estrutura\u00e7\u00e3o da Defensoria P\u00fablica da Uni\u00e3o (FDPU) ser\u00e1 destinado a a\u00e7\u00f5es de atendimento a grupos vulner\u00e1veis.<\/p>\n","protected":false},"excerpt":{"rendered":"<p>O presidente Luiz In\u00e1cio Lula da Silva sancionou nesta sexta-feira (4) tr\u00eas projetos de lei que criam e reestruturam fundos ligados a institui\u00e7\u00f5es do Poder Judici\u00e1rio. O objetivo \u00e9 fortalecer a atua\u00e7\u00e3o da Justi\u00e7a Federal, do Minist\u00e9rio P\u00fablico da Uni\u00e3o (MPU) e da Defensoria P\u00fablica da Uni\u00e3o (DPU) em todas regi\u00f5es do pa\u00eds. Durante a [&hellip;]<\/p>\n","protected":false},"author":33,"featured_media":37702,"comment_status":"open","ping_status":"open","sticky":false,"template":"","format":"standard","meta":{"site-sidebar-layout":"default","site-content-layout":"","ast-site-content-layout":"","site-content-style":"default","site-sidebar-style":"default","ast-global-header-display":"","ast-banner-title-visibility":"","ast-main-header-display":"","ast-hfb-above-header-display":"","ast-hfb-below-header-display":"","ast-hfb-mobile-header-display":"","site-post-title":"","ast-breadcrumbs-content":"","ast-featured-img":"","footer-sml-layout":"","theme-transparent-header-meta":"","adv-header-id-meta":"","stick-header-meta":"","header-above-stick-meta":"","header-main-stick-meta":"","header-below-stick-meta":"","astra-migrate-meta-layouts":"default","ast-page-background-enabled":"default","ast-page-background-meta":{"desktop":{"background-color":"var(--ast-global-color-4)","background-image":"","background-repeat":"repeat","background-position":"center center","background-size":"auto","background-attachment":"scroll","background-type":"","background-media":"","overlay-type":"","overlay-color":"","overlay-opacity":"","overlay-gradient":""},"tablet":{"background-color":"","background-image":"","background-repeat":"repeat","background-position":"center center","background-size":"auto","background-attachment":"scroll","background-type":"","background-media":"","overlay-type":"","overlay-color":"","overlay-opacity":"","overlay-gradient":""},"mobile":{"background-color":"","background-image":"","background-repeat":"repeat","background-position":"center center","background-size":"auto","background-attachment":"scroll","background-type":"","background-media":"","overlay-type":"","overlay-color":"","overlay-opacity":"","overlay-gradient":""}},"ast-content-background-meta":{"desktop":{"background-color":"var(--ast-global-color-5)","background-image":"","background-repeat":"repeat","background-position":"center center","background-size":"auto","background-attachment":"scroll","background-type":"","background-media":"","overlay-type":"","overlay-color":"","overlay-opacity":"","overlay-gradient":""},"tablet":{"background-color":"var(--ast-global-color-5)","background-image":"","background-repeat":"repeat","background-position":"center center","background-size":"auto","background-attachment":"scroll","background-type":"","background-media":"","overlay-type":"","overlay-color":"","overlay-opacity":"","overlay-gradient":""},"mobile":{"background-color":"var(--ast-global-color-5)","background-image":"","background-repeat":"repeat","background-position":"center center","background-size":"auto","background-attachment":"scroll","background-type":"","background-media":"","overlay-type":"","overlay-color":"","overlay-opacity":"","overlay-gradient":""}},"footnotes":""},"categories":[3],"tags":[],"class_list":["post-37701","post","type-post","status-publish","format-standard","has-post-thumbnail","hentry","category-seguranca-e-justica"],"yoast_head":"<!-- This site is optimized with the Yoast SEO plugin v24.1 - https:\/\/yoast.com\/wordpress\/plugins\/seo\/ -->\n<title>Governo sanciona leis que criam e reestruturam fundos para a Justi\u00e7a - Julias Magazine<\/title>\n<meta name=\"robots\" content=\"index, follow, max-snippet:-1, max-image-preview:large, max-video-preview:-1\" \/>\n<link rel=\"canonical\" href=\"https:\/\/juliasmagazine.com.br\/?p=37701\" \/>\n<meta property=\"og:locale\" content=\"pt_BR\" \/>\n<meta property=\"og:type\" content=\"article\" \/>\n<meta property=\"og:title\" content=\"Governo sanciona leis que criam e reestruturam fundos para a Justi\u00e7a - Julias Magazine\" \/>\n<meta property=\"og:description\" content=\"O presidente Luiz In\u00e1cio Lula da Silva sancionou nesta sexta-feira (4) tr\u00eas projetos de lei que criam e reestruturam fundos ligados a institui\u00e7\u00f5es do Poder Judici\u00e1rio. O objetivo \u00e9 fortalecer a atua\u00e7\u00e3o da Justi\u00e7a Federal, do Minist\u00e9rio P\u00fablico da Uni\u00e3o (MPU) e da Defensoria P\u00fablica da Uni\u00e3o (DPU) em todas regi\u00f5es do pa\u00eds. Durante a [&hellip;]\" \/>\n<meta property=\"og:url\" content=\"https:\/\/juliasmagazine.com.br\/?p=37701\" \/>\n<meta property=\"og:site_name\" content=\"Julias Magazine\" \/>\n<meta property=\"article:published_time\" content=\"2026-09-04T20:36:14+00:00\" \/>\n<meta property=\"og:image\" content=\"https:\/\/cdn.jsdelivr.net\/gh\/sergiosdlima\/assets-ebc@1.0.0\/abr\/assets\/images\/logo-agenciabrasil.svg\" \/>\n<meta name=\"author\" content=\"Daniella Almeida - Reporter da Agencia Brasil\" \/>\n<meta name=\"twitter:card\" content=\"summary_large_image\" \/>\n<meta name=\"twitter:label1\" content=\"Escrito por\" \/>\n\t<meta name=\"twitter:data1\" content=\"Daniella Almeida - Reporter da Agencia Brasil\" \/>\n\t<meta name=\"twitter:label2\" content=\"Est. tempo de leitura\" \/>\n\t<meta name=\"twitter:data2\" content=\"5 minutos\" \/>\n<script type=\"application\/ld+json\" class=\"yoast-schema-graph\">{\"@context\":\"https:\/\/schema.org\",\"@graph\":[{\"@type\":\"Article\",\"@id\":\"https:\/\/juliasmagazine.com.br\/?p=37701#article\",\"isPartOf\":{\"@id\":\"https:\/\/juliasmagazine.com.br\/?p=37701\"},\"author\":{\"name\":\"Daniella Almeida - Reporter da Agencia Brasil\",\"@id\":\"https:\/\/juliasmagazine.com.br\/#\/schema\/person\/33c9ecabf11a83b4aaea1edea936942f\"},\"headline\":\"Governo sanciona leis que criam e reestruturam fundos para a Justi\u00e7a\",\"datePublished\":\"2026-09-04T20:36:14+00:00\",\"dateModified\":\"2026-09-04T20:36:14+00:00\",\"mainEntityOfPage\":{\"@id\":\"https:\/\/juliasmagazine.com.br\/?p=37701\"},\"wordCount\":936,\"commentCount\":0,\"publisher\":{\"@id\":\"https:\/\/juliasmagazine.com.br\/#organization\"},\"image\":{\"@id\":\"https:\/\/juliasmagazine.com.br\/?p=37701#primaryimage\"},\"thumbnailUrl\":\"https:\/\/juliasmagazine.com.br\/wp-content\/uploads\/2026\/09\/37701-governo-sanciona-leis-que-criam-e-reestruturam-fundos-para-a-justica.jpg\",\"articleSection\":[\"Seguran\u00e7a e Justi\u00e7a\"],\"inLanguage\":\"pt-BR\",\"potentialAction\":[{\"@type\":\"CommentAction\",\"name\":\"Comment\",\"target\":[\"https:\/\/juliasmagazine.com.br\/?p=37701#respond\"]}]},{\"@type\":\"WebPage\",\"@id\":\"https:\/\/juliasmagazine.com.br\/?p=37701\",\"url\":\"https:\/\/juliasmagazine.com.br\/?p=37701\",\"name\":\"Governo sanciona leis que criam e reestruturam fundos para a Justi\u00e7a - Julias Magazine\",\"isPartOf\":{\"@id\":\"https:\/\/juliasmagazine.com.br\/#website\"},\"primaryImageOfPage\":{\"@id\":\"https:\/\/juliasmagazine.com.br\/?p=37701#primaryimage\"},\"image\":{\"@id\":\"https:\/\/juliasmagazine.com.br\/?p=37701#primaryimage\"},\"thumbnailUrl\":\"https:\/\/juliasmagazine.com.br\/wp-content\/uploads\/2026\/09\/37701-governo-sanciona-leis-que-criam-e-reestruturam-fundos-para-a-justica.jpg\",\"datePublished\":\"2026-09-04T20:36:14+00:00\",\"dateModified\":\"2026-09-04T20:36:14+00:00\",\"breadcrumb\":{\"@id\":\"https:\/\/juliasmagazine.com.br\/?p=37701#breadcrumb\"},\"inLanguage\":\"pt-BR\",\"potentialAction\":[{\"@type\":\"ReadAction\",\"target\":[\"https:\/\/juliasmagazine.com.br\/?p=37701\"]}]},{\"@type\":\"ImageObject\",\"inLanguage\":\"pt-BR\",\"@id\":\"https:\/\/juliasmagazine.com.br\/?p=37701#primaryimage\",\"url\":\"https:\/\/juliasmagazine.com.br\/wp-content\/uploads\/2026\/09\/37701-governo-sanciona-leis-que-criam-e-reestruturam-fundos-para-a-justica.jpg\",\"contentUrl\":\"https:\/\/juliasmagazine.com.br\/wp-content\/uploads\/2026\/09\/37701-governo-sanciona-leis-que-criam-e-reestruturam-fundos-para-a-justica.jpg\",\"width\":1600,\"height\":800,\"caption\":\"Governo sanciona leis que criam e reestruturam fundos para a Justi\u00e7a\"},{\"@type\":\"BreadcrumbList\",\"@id\":\"https:\/\/juliasmagazine.com.br\/?p=37701#breadcrumb\",\"itemListElement\":[{\"@type\":\"ListItem\",\"position\":1,\"name\":\"In\u00edcio\",\"item\":\"https:\/\/juliasmagazine.com.br\/\"},{\"@type\":\"ListItem\",\"position\":2,\"name\":\"Governo sanciona leis que criam e reestruturam fundos para a Justi\u00e7a\"}]},{\"@type\":\"WebSite\",\"@id\":\"https:\/\/juliasmagazine.com.br\/#website\",\"url\":\"https:\/\/juliasmagazine.com.br\/\",\"name\":\"Julias Magazine\",\"description\":\"A Sua revista eletr\u00f4nica de moda,politica ,viagens ,cultura ,gastronomia e finan\u00e7as. .\",\"publisher\":{\"@id\":\"https:\/\/juliasmagazine.com.br\/#organization\"},\"potentialAction\":[{\"@type\":\"SearchAction\",\"target\":{\"@type\":\"EntryPoint\",\"urlTemplate\":\"https:\/\/juliasmagazine.com.br\/?s={search_term_string}\"},\"query-input\":{\"@type\":\"PropertyValueSpecification\",\"valueRequired\":true,\"valueName\":\"search_term_string\"}}],\"inLanguage\":\"pt-BR\"},{\"@type\":\"Organization\",\"@id\":\"https:\/\/juliasmagazine.com.br\/#organization\",\"name\":\"Julias Magazine\",\"url\":\"https:\/\/juliasmagazine.com.br\/\",\"logo\":{\"@type\":\"ImageObject\",\"inLanguage\":\"pt-BR\",\"@id\":\"https:\/\/juliasmagazine.com.br\/#\/schema\/logo\/image\/\",\"url\":\"https:\/\/oquefazerembalneariocamboriu.com\/wp-content\/uploads\/2023\/02\/o-que-fazer-em-balneario-camboriu.jpg\",\"contentUrl\":\"https:\/\/oquefazerembalneariocamboriu.com\/wp-content\/uploads\/2023\/02\/o-que-fazer-em-balneario-camboriu.jpg\",\"width\":1200,\"height\":675,\"caption\":\"Julias Magazine\"},\"image\":{\"@id\":\"https:\/\/juliasmagazine.com.br\/#\/schema\/logo\/image\/\"}},{\"@type\":\"Person\",\"@id\":\"https:\/\/juliasmagazine.com.br\/#\/schema\/person\/33c9ecabf11a83b4aaea1edea936942f\",\"name\":\"Daniella Almeida - Reporter da Agencia Brasil\",\"image\":{\"@type\":\"ImageObject\",\"inLanguage\":\"pt-BR\",\"@id\":\"https:\/\/juliasmagazine.com.br\/#\/schema\/person\/image\/\",\"url\":\"https:\/\/secure.gravatar.com\/avatar\/fbbe71a6be160d51f00a715f8bfe5ccf3759e4f68eefea99e85828cb5374c941?s=96&d=mm&r=g\",\"contentUrl\":\"https:\/\/secure.gravatar.com\/avatar\/fbbe71a6be160d51f00a715f8bfe5ccf3759e4f68eefea99e85828cb5374c941?s=96&d=mm&r=g\",\"caption\":\"Daniella Almeida - Reporter da Agencia Brasil\"},\"url\":\"https:\/\/juliasmagazine.com.br\/?author=33\"}]}<\/script>\n<!-- \/ Yoast SEO plugin. -->","yoast_head_json":{"title":"Governo sanciona leis que criam e reestruturam fundos para a Justi\u00e7a - Julias Magazine","robots":{"index":"index","follow":"follow","max-snippet":"max-snippet:-1","max-image-preview":"max-image-preview:large","max-video-preview":"max-video-preview:-1"},"canonical":"https:\/\/juliasmagazine.com.br\/?p=37701","og_locale":"pt_BR","og_type":"article","og_title":"Governo sanciona leis que criam e reestruturam fundos para a Justi\u00e7a - Julias Magazine","og_description":"O presidente Luiz In\u00e1cio Lula da Silva sancionou nesta sexta-feira (4) tr\u00eas projetos de lei que criam e reestruturam fundos ligados a institui\u00e7\u00f5es do Poder Judici\u00e1rio. O objetivo \u00e9 fortalecer a atua\u00e7\u00e3o da Justi\u00e7a Federal, do Minist\u00e9rio P\u00fablico da Uni\u00e3o (MPU) e da Defensoria P\u00fablica da Uni\u00e3o (DPU) em todas regi\u00f5es do pa\u00eds. Durante a [&hellip;]","og_url":"https:\/\/juliasmagazine.com.br\/?p=37701","og_site_name":"Julias Magazine","article_published_time":"2026-09-04T20:36:14+00:00","og_image":[{"url":"https:\/\/cdn.jsdelivr.net\/gh\/sergiosdlima\/assets-ebc@1.0.0\/abr\/assets\/images\/logo-agenciabrasil.svg","type":"","width":"","height":""}],"author":"Daniella Almeida - Reporter da Agencia Brasil","twitter_card":"summary_large_image","twitter_misc":{"Escrito por":"Daniella Almeida - Reporter da Agencia Brasil","Est. tempo de leitura":"5 minutos"},"schema":{"@context":"https:\/\/schema.org","@graph":[{"@type":"Article","@id":"https:\/\/juliasmagazine.com.br\/?p=37701#article","isPartOf":{"@id":"https:\/\/juliasmagazine.com.br\/?p=37701"},"author":{"name":"Daniella Almeida - Reporter da Agencia Brasil","@id":"https:\/\/juliasmagazine.com.br\/#\/schema\/person\/33c9ecabf11a83b4aaea1edea936942f"},"headline":"Governo sanciona leis que criam e reestruturam fundos para a Justi\u00e7a","datePublished":"2026-09-04T20:36:14+00:00","dateModified":"2026-09-04T20:36:14+00:00","mainEntityOfPage":{"@id":"https:\/\/juliasmagazine.com.br\/?p=37701"},"wordCount":936,"commentCount":0,"publisher":{"@id":"https:\/\/juliasmagazine.com.br\/#organization"},"image":{"@id":"https:\/\/juliasmagazine.com.br\/?p=37701#primaryimage"},"thumbnailUrl":"https:\/\/juliasmagazine.com.br\/wp-content\/uploads\/2026\/09\/37701-governo-sanciona-leis-que-criam-e-reestruturam-fundos-para-a-justica.jpg","articleSection":["Seguran\u00e7a e Justi\u00e7a"],"inLanguage":"pt-BR","potentialAction":[{"@type":"CommentAction","name":"Comment","target":["https:\/\/juliasmagazine.com.br\/?p=37701#respond"]}]},{"@type":"WebPage","@id":"https:\/\/juliasmagazine.com.br\/?p=37701","url":"https:\/\/juliasmagazine.com.br\/?p=37701","name":"Governo sanciona leis que criam e reestruturam fundos para a Justi\u00e7a - Julias Magazine","isPartOf":{"@id":"https:\/\/juliasmagazine.com.br\/#website"},"primaryImageOfPage":{"@id":"https:\/\/juliasmagazine.com.br\/?p=37701#primaryimage"},"image":{"@id":"https:\/\/juliasmagazine.com.br\/?p=37701#primaryimage"},"thumbnailUrl":"https:\/\/juliasmagazine.com.br\/wp-content\/uploads\/2026\/09\/37701-governo-sanciona-leis-que-criam-e-reestruturam-fundos-para-a-justica.jpg","datePublished":"2026-09-04T20:36:14+00:00","dateModified":"2026-09-04T20:36:14+00:00","breadcrumb":{"@id":"https:\/\/juliasmagazine.com.br\/?p=37701#breadcrumb"},"inLanguage":"pt-BR","potentialAction":[{"@type":"ReadAction","target":["https:\/\/juliasmagazine.com.br\/?p=37701"]}]},{"@type":"ImageObject","inLanguage":"pt-BR","@id":"https:\/\/juliasmagazine.com.br\/?p=37701#primaryimage","url":"https:\/\/juliasmagazine.com.br\/wp-content\/uploads\/2026\/09\/37701-governo-sanciona-leis-que-criam-e-reestruturam-fundos-para-a-justica.jpg","contentUrl":"https:\/\/juliasmagazine.com.br\/wp-content\/uploads\/2026\/09\/37701-governo-sanciona-leis-que-criam-e-reestruturam-fundos-para-a-justica.jpg","width":1600,"height":800,"caption":"Governo sanciona leis que criam e reestruturam fundos para a Justi\u00e7a"},{"@type":"BreadcrumbList","@id":"https:\/\/juliasmagazine.com.br\/?p=37701#breadcrumb","itemListElement":[{"@type":"ListItem","position":1,"name":"In\u00edcio","item":"https:\/\/juliasmagazine.com.br\/"},{"@type":"ListItem","position":2,"name":"Governo sanciona leis que criam e reestruturam fundos para a Justi\u00e7a"}]},{"@type":"WebSite","@id":"https:\/\/juliasmagazine.com.br\/#website","url":"https:\/\/juliasmagazine.com.br\/","name":"Julias Magazine","description":"A Sua revista eletr\u00f4nica de moda,politica ,viagens ,cultura ,gastronomia e finan\u00e7as. .","publisher":{"@id":"https:\/\/juliasmagazine.com.br\/#organization"},"potentialAction":[{"@type":"SearchAction","target":{"@type":"EntryPoint","urlTemplate":"https:\/\/juliasmagazine.com.br\/?s={search_term_string}"},"query-input":{"@type":"PropertyValueSpecification","valueRequired":true,"valueName":"search_term_string"}}],"inLanguage":"pt-BR"},{"@type":"Organization","@id":"https:\/\/juliasmagazine.com.br\/#organization","name":"Julias Magazine","url":"https:\/\/juliasmagazine.com.br\/","logo":{"@type":"ImageObject","inLanguage":"pt-BR","@id":"https:\/\/juliasmagazine.com.br\/#\/schema\/logo\/image\/","url":"https:\/\/oquefazerembalneariocamboriu.com\/wp-content\/uploads\/2023\/02\/o-que-fazer-em-balneario-camboriu.jpg","contentUrl":"https:\/\/oquefazerembalneariocamboriu.com\/wp-content\/uploads\/2023\/02\/o-que-fazer-em-balneario-camboriu.jpg","width":1200,"height":675,"caption":"Julias Magazine"},"image":{"@id":"https:\/\/juliasmagazine.com.br\/#\/schema\/logo\/image\/"}},{"@type":"Person","@id":"https:\/\/juliasmagazine.com.br\/#\/schema\/person\/33c9ecabf11a83b4aaea1edea936942f","name":"Daniella Almeida - Reporter da Agencia Brasil","image":{"@type":"ImageObject","inLanguage":"pt-BR","@id":"https:\/\/juliasmagazine.com.br\/#\/schema\/person\/image\/","url":"https:\/\/secure.gravatar.com\/avatar\/fbbe71a6be160d51f00a715f8bfe5ccf3759e4f68eefea99e85828cb5374c941?s=96&d=mm&r=g","contentUrl":"https:\/\/secure.gravatar.com\/avatar\/fbbe71a6be160d51f00a715f8bfe5ccf3759e4f68eefea99e85828cb5374c941?s=96&d=mm&r=g","caption":"Daniella Almeida - Reporter da Agencia Brasil"},"url":"https:\/\/juliasmagazine.com.br\/?author=33"}]}},"_links":{"self":[{"href":"https:\/\/juliasmagazine.com.br\/index.php?rest_route=\/wp\/v2\/posts\/37701","targetHints":{"allow":["GET"]}}],"collection":[{"href":"https:\/\/juliasmagazine.com.br\/index.php?rest_route=\/wp\/v2\/posts"}],"about":[{"href":"https:\/\/juliasmagazine.com.br\/index.php?rest_route=\/wp\/v2\/types\/post"}],"author":[{"embeddable":true,"href":"https:\/\/juliasmagazine.com.br\/index.php?rest_route=\/wp\/v2\/users\/33"}],"replies":[{"embeddable":true,"href":"https:\/\/juliasmagazine.com.br\/index.php?rest_route=%2Fwp%2Fv2%2Fcomments&post=37701"}],"version-history":[{"count":0,"href":"https:\/\/juliasmagazine.com.br\/index.php?rest_route=\/wp\/v2\/posts\/37701\/revisions"}],"wp:featuredmedia":[{"embeddable":true,"href":"https:\/\/juliasmagazine.com.br\/index.php?rest_route=\/wp\/v2\/media\/37702"}],"wp:attachment":[{"href":"https:\/\/juliasmagazine.com.br\/index.php?rest_route=%2Fwp%2Fv2%2Fmedia&parent=37701"}],"wp:term":[{"taxonomy":"category","embeddable":true,"href":"https:\/\/juliasmagazine.com.br\/index.php?rest_route=%2Fwp%2Fv2%2Fcategories&post=37701"},{"taxonomy":"post_tag","embeddable":true,"href":"https:\/\/juliasmagazine.com.br\/index.php?rest_route=%2Fwp%2Fv2%2Ftags&post=37701"}],"curies":[{"name":"wp","href":"https:\/\/api.w.org\/{rel}","templated":true}]}}