{"id":37691,"date":"2026-09-04T13:34:58","date_gmt":"2026-09-04T16:34:58","guid":{"rendered":"https:\/\/juliasmagazine.com.br\/?p=37691"},"modified":"2026-09-04T13:34:58","modified_gmt":"2026-09-04T16:34:58","slug":"pf-afirma-que-castro-recebeu-adega-mansao-e-caviar-para-ajudar-refit","status":"publish","type":"post","link":"https:\/\/juliasmagazine.com.br\/?p=37691","title":{"rendered":"PF afirma que Castro recebeu adega, mans\u00e3o e caviar para ajudar Refit"},"content":{"rendered":"<\/p>\n<p><a class=\"\" href=\"https:\/\/agenciabrasil.ebc.com.br\/justica\/noticia\/2026-09\/pf-afirma-que-castro-recebeu-adega-mansao-e-caviar-para-ajudar-refit\"><br \/>\n                    <img decoding=\"async\" src=\"https:\/\/cdn.jsdelivr.net\/gh\/sergiosdlima\/assets-ebc@1.0.0\/abr\/assets\/images\/logo-agenciabrasil.svg\" alt=\"Logo Ag\u00eancia Brasil\"><br \/>\n\t\t\t\t<\/a><\/p>\n<p>A Pol\u00edcia Federal (PF) apontou em relat\u00f3rio que o ex-governador do Rio de Janeiro Cl\u00e1udio Castro obteve diversas vantagens indevidas em troca da atua\u00e7\u00e3o de \u00f3rg\u00e3os estaduais em favor da refinaria Refit, a antiga Refinaria de Manguinhos. O ex-chefe do Executivo fluminense\u00a0nega as acusa\u00e7\u00f5es.<img decoding=\"async\" src=\"https:\/\/agenciabrasil.ebc.com.br\/ebc.png?id=1701540&#038;o=rss\"><img decoding=\"async\" src=\"https:\/\/agenciabrasil.ebc.com.br\/ebc.gif?id=1701540&#038;o=rss\"><\/p>\n<p>As informa\u00e7\u00f5es constam em relat\u00f3rio da segunda fase da Opera\u00e7\u00e3o Sem Refino, cujo sigilo foi levantado na quinta-feira (3) pelo ministro Alexandre de Moraes, do Supremo Tribunal Federal (STF).\u00a0<\/p>\n<\/p>\n<h3>Not\u00edcias relacionadas:<\/h3>\n<ul>\n<li><a href=\"https:\/\/agenciabrasil.ebc.com.br\/geral\/noticia\/2026-08\/claudio-castro-e-alvo-da-segunda-fase-da-operacao-sem-refino\">Cl\u00e1udio Castro \u00e9 alvo da segunda fase da Opera\u00e7\u00e3o Sem Refino.<\/a><\/li>\n<li><a href=\"https:\/\/agenciabrasil.ebc.com.br\/justica\/noticia\/2026-08\/justica-do-rio-decreta-falencia-do-grupo-refit\">Justi\u00e7a do Rio decreta a fal\u00eancia do Grupo Refit.<\/a><\/li>\n<li><a href=\"https:\/\/agenciabrasil.ebc.com.br\/geral\/noticia\/2026-08\/pf-prende-no-rio-suspeito-de-golpe-que-fez-idosa-perder-r-37-milhoes\">PF prende no Rio suspeito de golpe que fez idosa perder R$ 37 milh\u00f5es .<\/a><\/li>\n<\/ul>\n<p><strong>Segundo o relat\u00f3rio, entre as vantagens indevidamente\u00a0recebidas est\u00e3o: <\/strong><\/p>\n<ul>\n<li>R$ 10,5 mil em caviar;<\/li>\n<li>pagamento do aluguel da resid\u00eancia de Castro na Barra da Tijuca, bairro da capital fluminense;<\/li>\n<li>usufruto de uma mans\u00e3o em Petr\u00f3polis, na regi\u00e3o serrana do Rio, onde teria sido constru\u00edda, sob encomenda do ex-governador, uma adega avaliada em R$ 245 mil.\u00a0<\/li>\n<\/ul>\n<p>O documento serviu como base para Moraes deferir\u00a016 mandados de busca e apreens\u00e3o pedidos pela PF para aprofundar as investiga\u00e7\u00f5es.<\/p>\n<p><a href=\"https:\/\/agenciabrasil.ebc.com.br\/geral\/noticia\/2026-08\/claudio-castro-e-alvo-da-segunda-fase-da-operacao-sem-refino\" target=\"_blank\">A Opera\u00e7\u00e3o Sem Refino 2 foi deflagrada em 14 de agosto<\/a>, com o objetivo de apurar fraudes na concess\u00e3o de licen\u00e7as ambientais para a refinaria.\u00a0<\/p>\n<p>De acordo com a PF, <strong>as licen\u00e7as teriam sido concedidas \u201c\u00e0 revelia das diretrizes dos \u00f3rg\u00e3os t\u00e9cnicos competentes, al\u00e9m de lavagem de capitais ligada ao esquema criminos\u201d<\/strong>.<\/p>\n<p>As investiga\u00e7\u00f5es buscam esclarecer \u201ca atua\u00e7\u00e3o de grupos criminosos organizados em atividade no estado e suas conex\u00f5es com agentes p\u00fablicos\u201d, acrescentou a corpora\u00e7\u00e3o, em nota.\u00a0<\/p>\n<h2>Despesas pessoais\u00a0<\/h2>\n<p>Segundo o relat\u00f3rio da PF, <strong>o esquema criminoso inclu\u00eda a lavagem de dinheiro e oculta\u00e7\u00e3o de patrim\u00f4nio, com o registro de bens de luxo em nome de \u201claranjas\u201d, como forma de beneficiar e pagar despesas pessoais de Castro<\/strong>.\u00a0<\/p>\n<p>Em troca, o ex-governador teria favorecido os interesses do empres\u00e1rio Ricardo Magro, apontado como l\u00edder da organiza\u00e7\u00e3o criminosa respons\u00e1vel por corromper agentes do Estado.\u00a0<\/p>\n<p>A investiga\u00e7\u00e3o apresenta mensagens extra\u00eddas de diversos celulares apreendidos, segundo as quais Castro mantinha contato direto com os respons\u00e1veis por licen\u00e7as ambientais para agilizar a libera\u00e7\u00e3o de empreendimentos e desfavorecer concorrentes de Magro.\u00a0<\/p>\n<p>Moraes j\u00e1 determinou a pris\u00e3o preventiva de Magro, mas o empres\u00e1rio se encontra\u00a0foragido e foi\u00a0inclu\u00eddo na lista de difus\u00e3o vermelha da Interpol.\u00a0<\/p>\n<h2>Vantagens\u00a0<\/h2>\n<p>O relat\u00f3rio policial indica, por exemplo, que Castro encomendou pessoalmente uma degusta\u00e7\u00e3o de caviares de diferentes gramaturas quando estava hospedado no Hotel Emiliano, de cinco estrelas, em S\u00e3o Paulo.\u00a0<\/p>\n<p>O pre\u00e7o da degusta\u00e7\u00e3o foi\u00a0R$ 10,5 mil, mas o valor n\u00e3o foi pago por ele, e, sim, pela empresa AC Santos Participa\u00e7\u00f5es e Empreendimentos, de propriedade do advogado Antonio Carlos da Concei\u00e7\u00e3o Santos.<\/p>\n<p>Apelidado como \u201cPipo\u201d, o advogado \u00e9 tido pelos investigadores como principal articulador da lavagem e oculta\u00e7\u00e3o de patrim\u00f4nio do grupo ligado \u00e0 Refit.\u00a0<\/p>\n<p>Ainda de acordo com a PF, Castro agia como dono de uma casa em Petr\u00f3polis registrada em nome da empresa Concrecasa Constru\u00e7\u00f5es Inteligentes Ltda. O ex-governador seria o respons\u00e1vel por determinar a rotina dos empregados e teria encomendado ainda a constru\u00e7\u00e3o de uma adega personalizada.\u00a0<\/p>\n<p>O usufruto da mans\u00e3o seria uma forma de compensa\u00e7\u00e3o em troca do favorecimento da empresa Enge Prat Engenharia, do empres\u00e1rio Luiz Fernando Gomes, que assinou R$ 355 milh\u00f5es em contratos com o governo fluminense, segundo a PF.\u00a0<\/p>\n<p>Os investigadores apontam ainda como ind\u00edcio de vantagem irregular o fato de Castro pagar apenas R$ 10 mil pelo aluguel da cobertura em que reside, na Barra da Tijuca, valor abaixo do praticado pelo mercado na regi\u00e3o,\u00a0em torno de R$ 25 mil.\u00a0<\/p>\n<p>A PF aponta que o im\u00f3vel foi adquirido pela empresa J3 Real Estate Participa\u00e7\u00f5es Ltda., por R$ 3,4 milh\u00f5es, 50 dias ap\u00f3s a pessoa jur\u00eddica ter sido criada, sendo o apartamento seu \u00fanico im\u00f3vel registrado.<\/p>\n<h2>Defesa\u00a0<\/h2>\n<p>Em nota, a defesa de Cl\u00e1udio Castro negou \u201cqualquer participa\u00e7\u00e3o em esquema de lavagem de dinheiro, recebimento de vantagem indevida ou favorecimento a terceiros\u201d.<\/p>\n<p>Em rela\u00e7\u00e3o aos im\u00f3veis citados na investiga\u00e7\u00e3o, a defesa alega que \u201co im\u00f3vel onde reside [o ex-governador] tem contrato regular de loca\u00e7\u00e3o, com pagamentos comprov\u00e1veis. O im\u00f3vel utilizado em Petr\u00f3polis tamb\u00e9m era alugado e o contrato j\u00e1 foi encerrado\u201d.\u00a0<\/p>\n<p>Sobre o caviar, a nota da defesa diz que \u201co epis\u00f3dio ocorreu mais de 30 dias ap\u00f3s Cl\u00e1udio Castro deixar o Governo do Estado. A encomenda havia sido feita por um amigo, e ele apenas retirou os produtos em S\u00e3o Paulo para entreg\u00e1-los, tendo consumido um deles com autoriza\u00e7\u00e3o do comprador\u201d.\u00a0<\/p>\n<p><strong>Nota da defesa na \u00edntegra:\u00a0<\/strong><\/p>\n<p><em>\u201cN\u00e3o h\u00e1 qualquer liga\u00e7\u00e3o entre os epis\u00f3dios envolvendo a compra e os im\u00f3veis com a Refit. S\u00e3o situa\u00e7\u00f5es distintas, sem rela\u00e7\u00e3o com a empresa ou com eventual favorecimento.<\/em><\/p>\n<p><em>Os contatos com representantes da Refit foram institucionais e n\u00e3o resultaram em qualquer benef\u00edcio. Durante sua gest\u00e3o, o Estado adotou medidas para cobrar valores devidos pela empresa.<\/em><\/p>\n<p><em>Tamb\u00e9m n\u00e3o \u00e9 verdade que uma viagem do ent\u00e3o governador a Nova York tenha sido custeada pela Refit. A viagem foi oficial, paga pelo Governo do Estado, com registros dispon\u00edveis no Portal da Transpar\u00eancia.<\/em><\/p>\n<p><em>A defesa j\u00e1 requereu ao ministro Alexandre de Moraes que Cl\u00e1udio Castro seja ouvido pela Pol\u00edcia Federal para esclarecer todos os pontos da investiga\u00e7\u00e3o e apresentar a documenta\u00e7\u00e3o comprobat\u00f3ria. O pedido aguarda decis\u00e3o.<\/em><\/p>\n<p><em>Cl\u00e1udio Castro reafirma que n\u00e3o praticou qualquer ato il\u00edcito&#8221;.<\/em><\/p>\n","protected":false},"excerpt":{"rendered":"<p>A Pol\u00edcia Federal (PF) apontou em relat\u00f3rio que o ex-governador do Rio de Janeiro Cl\u00e1udio Castro obteve diversas vantagens indevidas em troca da atua\u00e7\u00e3o de \u00f3rg\u00e3os estaduais em favor da refinaria Refit, a antiga Refinaria de Manguinhos. O ex-chefe do Executivo fluminense\u00a0nega as acusa\u00e7\u00f5es. As informa\u00e7\u00f5es constam em relat\u00f3rio da segunda fase da Opera\u00e7\u00e3o Sem [&hellip;]<\/p>\n","protected":false},"author":56,"featured_media":37692,"comment_status":"open","ping_status":"open","sticky":false,"template":"","format":"standard","meta":{"site-sidebar-layout":"default","site-content-layout":"","ast-site-content-layout":"","site-content-style":"default","site-sidebar-style":"default","ast-global-header-display":"","ast-banner-title-visibility":"","ast-main-header-display":"","ast-hfb-above-header-display":"","ast-hfb-below-header-display":"","ast-hfb-mobile-header-display":"","site-post-title":"","ast-breadcrumbs-content":"","ast-featured-img":"","footer-sml-layout":"","theme-transparent-header-meta":"","adv-header-id-meta":"","stick-header-meta":"","header-above-stick-meta":"","header-main-stick-meta":"","header-below-stick-meta":"","astra-migrate-meta-layouts":"default","ast-page-background-enabled":"default","ast-page-background-meta":{"desktop":{"background-color":"var(--ast-global-color-4)","background-image":"","background-repeat":"repeat","background-position":"center center","background-size":"auto","background-attachment":"scroll","background-type":"","background-media":"","overlay-type":"","overlay-color":"","overlay-opacity":"","overlay-gradient":""},"tablet":{"background-color":"","background-image":"","background-repeat":"repeat","background-position":"center center","background-size":"auto","background-attachment":"scroll","background-type":"","background-media":"","overlay-type":"","overlay-color":"","overlay-opacity":"","overlay-gradient":""},"mobile":{"background-color":"","background-image":"","background-repeat":"repeat","background-position":"center center","background-size":"auto","background-attachment":"scroll","background-type":"","background-media":"","overlay-type":"","overlay-color":"","overlay-opacity":"","overlay-gradient":""}},"ast-content-background-meta":{"desktop":{"background-color":"var(--ast-global-color-5)","background-image":"","background-repeat":"repeat","background-position":"center center","background-size":"auto","background-attachment":"scroll","background-type":"","background-media":"","overlay-type":"","overlay-color":"","overlay-opacity":"","overlay-gradient":""},"tablet":{"background-color":"var(--ast-global-color-5)","background-image":"","background-repeat":"repeat","background-position":"center center","background-size":"auto","background-attachment":"scroll","background-type":"","background-media":"","overlay-type":"","overlay-color":"","overlay-opacity":"","overlay-gradient":""},"mobile":{"background-color":"var(--ast-global-color-5)","background-image":"","background-repeat":"repeat","background-position":"center center","background-size":"auto","background-attachment":"scroll","background-type":"","background-media":"","overlay-type":"","overlay-color":"","overlay-opacity":"","overlay-gradient":""}},"footnotes":""},"categories":[3],"tags":[],"class_list":["post-37691","post","type-post","status-publish","format-standard","has-post-thumbnail","hentry","category-seguranca-e-justica"],"yoast_head":"<!-- This site is optimized with the Yoast SEO plugin v24.1 - https:\/\/yoast.com\/wordpress\/plugins\/seo\/ -->\n<title>PF afirma que Castro recebeu adega, mans\u00e3o e caviar para ajudar Refit - Julias Magazine<\/title>\n<meta name=\"robots\" content=\"index, follow, max-snippet:-1, max-image-preview:large, max-video-preview:-1\" \/>\n<link rel=\"canonical\" href=\"https:\/\/juliasmagazine.com.br\/?p=37691\" \/>\n<meta property=\"og:locale\" content=\"pt_BR\" \/>\n<meta property=\"og:type\" content=\"article\" \/>\n<meta property=\"og:title\" content=\"PF afirma que Castro recebeu adega, mans\u00e3o e caviar para ajudar Refit - Julias Magazine\" \/>\n<meta property=\"og:description\" content=\"A Pol\u00edcia Federal (PF) apontou em relat\u00f3rio que o ex-governador do Rio de Janeiro Cl\u00e1udio Castro obteve diversas vantagens indevidas em troca da atua\u00e7\u00e3o de \u00f3rg\u00e3os estaduais em favor da refinaria Refit, a antiga Refinaria de Manguinhos. O ex-chefe do Executivo fluminense\u00a0nega as acusa\u00e7\u00f5es. As informa\u00e7\u00f5es constam em relat\u00f3rio da segunda fase da Opera\u00e7\u00e3o Sem [&hellip;]\" \/>\n<meta property=\"og:url\" content=\"https:\/\/juliasmagazine.com.br\/?p=37691\" \/>\n<meta property=\"og:site_name\" content=\"Julias Magazine\" \/>\n<meta property=\"article:published_time\" content=\"2026-09-04T16:34:58+00:00\" \/>\n<meta property=\"og:image\" content=\"https:\/\/cdn.jsdelivr.net\/gh\/sergiosdlima\/assets-ebc@1.0.0\/abr\/assets\/images\/logo-agenciabrasil.svg\" \/>\n<meta name=\"author\" content=\"Felipe Pontes - Reporter da Agencia Brasil\" \/>\n<meta name=\"twitter:card\" content=\"summary_large_image\" \/>\n<meta name=\"twitter:label1\" content=\"Escrito por\" \/>\n\t<meta name=\"twitter:data1\" content=\"Felipe Pontes - Reporter da Agencia Brasil\" \/>\n\t<meta name=\"twitter:label2\" content=\"Est. tempo de leitura\" \/>\n\t<meta name=\"twitter:data2\" content=\"5 minutos\" \/>\n<script type=\"application\/ld+json\" class=\"yoast-schema-graph\">{\"@context\":\"https:\/\/schema.org\",\"@graph\":[{\"@type\":\"Article\",\"@id\":\"https:\/\/juliasmagazine.com.br\/?p=37691#article\",\"isPartOf\":{\"@id\":\"https:\/\/juliasmagazine.com.br\/?p=37691\"},\"author\":{\"name\":\"Felipe Pontes - Reporter da Agencia Brasil\",\"@id\":\"https:\/\/juliasmagazine.com.br\/#\/schema\/person\/a0ebd12fa6ebb88d597128bfbddf57e3\"},\"headline\":\"PF afirma que Castro recebeu adega, mans\u00e3o e caviar para ajudar Refit\",\"datePublished\":\"2026-09-04T16:34:58+00:00\",\"dateModified\":\"2026-09-04T16:34:58+00:00\",\"mainEntityOfPage\":{\"@id\":\"https:\/\/juliasmagazine.com.br\/?p=37691\"},\"wordCount\":996,\"commentCount\":0,\"publisher\":{\"@id\":\"https:\/\/juliasmagazine.com.br\/#organization\"},\"image\":{\"@id\":\"https:\/\/juliasmagazine.com.br\/?p=37691#primaryimage\"},\"thumbnailUrl\":\"https:\/\/juliasmagazine.com.br\/wp-content\/uploads\/2026\/09\/37691-pf-afirma-que-castro-recebeu-adega-mansao-e-caviar-para-ajudar-refit.jpg\",\"articleSection\":[\"Seguran\u00e7a e Justi\u00e7a\"],\"inLanguage\":\"pt-BR\",\"potentialAction\":[{\"@type\":\"CommentAction\",\"name\":\"Comment\",\"target\":[\"https:\/\/juliasmagazine.com.br\/?p=37691#respond\"]}]},{\"@type\":\"WebPage\",\"@id\":\"https:\/\/juliasmagazine.com.br\/?p=37691\",\"url\":\"https:\/\/juliasmagazine.com.br\/?p=37691\",\"name\":\"PF afirma que Castro recebeu adega, mans\u00e3o e caviar para ajudar Refit - Julias Magazine\",\"isPartOf\":{\"@id\":\"https:\/\/juliasmagazine.com.br\/#website\"},\"primaryImageOfPage\":{\"@id\":\"https:\/\/juliasmagazine.com.br\/?p=37691#primaryimage\"},\"image\":{\"@id\":\"https:\/\/juliasmagazine.com.br\/?p=37691#primaryimage\"},\"thumbnailUrl\":\"https:\/\/juliasmagazine.com.br\/wp-content\/uploads\/2026\/09\/37691-pf-afirma-que-castro-recebeu-adega-mansao-e-caviar-para-ajudar-refit.jpg\",\"datePublished\":\"2026-09-04T16:34:58+00:00\",\"dateModified\":\"2026-09-04T16:34:58+00:00\",\"breadcrumb\":{\"@id\":\"https:\/\/juliasmagazine.com.br\/?p=37691#breadcrumb\"},\"inLanguage\":\"pt-BR\",\"potentialAction\":[{\"@type\":\"ReadAction\",\"target\":[\"https:\/\/juliasmagazine.com.br\/?p=37691\"]}]},{\"@type\":\"ImageObject\",\"inLanguage\":\"pt-BR\",\"@id\":\"https:\/\/juliasmagazine.com.br\/?p=37691#primaryimage\",\"url\":\"https:\/\/juliasmagazine.com.br\/wp-content\/uploads\/2026\/09\/37691-pf-afirma-que-castro-recebeu-adega-mansao-e-caviar-para-ajudar-refit.jpg\",\"contentUrl\":\"https:\/\/juliasmagazine.com.br\/wp-content\/uploads\/2026\/09\/37691-pf-afirma-que-castro-recebeu-adega-mansao-e-caviar-para-ajudar-refit.jpg\",\"width\":1600,\"height\":800,\"caption\":\"PF afirma que Castro recebeu adega, mans\u00e3o e caviar para ajudar Refit\"},{\"@type\":\"BreadcrumbList\",\"@id\":\"https:\/\/juliasmagazine.com.br\/?p=37691#breadcrumb\",\"itemListElement\":[{\"@type\":\"ListItem\",\"position\":1,\"name\":\"In\u00edcio\",\"item\":\"https:\/\/juliasmagazine.com.br\/\"},{\"@type\":\"ListItem\",\"position\":2,\"name\":\"PF afirma que Castro recebeu adega, mans\u00e3o e caviar para ajudar Refit\"}]},{\"@type\":\"WebSite\",\"@id\":\"https:\/\/juliasmagazine.com.br\/#website\",\"url\":\"https:\/\/juliasmagazine.com.br\/\",\"name\":\"Julias Magazine\",\"description\":\"A Sua revista eletr\u00f4nica de moda,politica ,viagens ,cultura ,gastronomia e finan\u00e7as. .\",\"publisher\":{\"@id\":\"https:\/\/juliasmagazine.com.br\/#organization\"},\"potentialAction\":[{\"@type\":\"SearchAction\",\"target\":{\"@type\":\"EntryPoint\",\"urlTemplate\":\"https:\/\/juliasmagazine.com.br\/?s={search_term_string}\"},\"query-input\":{\"@type\":\"PropertyValueSpecification\",\"valueRequired\":true,\"valueName\":\"search_term_string\"}}],\"inLanguage\":\"pt-BR\"},{\"@type\":\"Organization\",\"@id\":\"https:\/\/juliasmagazine.com.br\/#organization\",\"name\":\"Julias Magazine\",\"url\":\"https:\/\/juliasmagazine.com.br\/\",\"logo\":{\"@type\":\"ImageObject\",\"inLanguage\":\"pt-BR\",\"@id\":\"https:\/\/juliasmagazine.com.br\/#\/schema\/logo\/image\/\",\"url\":\"https:\/\/oquefazerembalneariocamboriu.com\/wp-content\/uploads\/2023\/02\/o-que-fazer-em-balneario-camboriu.jpg\",\"contentUrl\":\"https:\/\/oquefazerembalneariocamboriu.com\/wp-content\/uploads\/2023\/02\/o-que-fazer-em-balneario-camboriu.jpg\",\"width\":1200,\"height\":675,\"caption\":\"Julias Magazine\"},\"image\":{\"@id\":\"https:\/\/juliasmagazine.com.br\/#\/schema\/logo\/image\/\"}},{\"@type\":\"Person\",\"@id\":\"https:\/\/juliasmagazine.com.br\/#\/schema\/person\/a0ebd12fa6ebb88d597128bfbddf57e3\",\"name\":\"Felipe Pontes - Reporter da Agencia Brasil\",\"image\":{\"@type\":\"ImageObject\",\"inLanguage\":\"pt-BR\",\"@id\":\"https:\/\/juliasmagazine.com.br\/#\/schema\/person\/image\/\",\"url\":\"https:\/\/secure.gravatar.com\/avatar\/8123149f01c148edfcef8d80a79336617598577fb59de3e7bed2055483cd36b1?s=96&d=mm&r=g\",\"contentUrl\":\"https:\/\/secure.gravatar.com\/avatar\/8123149f01c148edfcef8d80a79336617598577fb59de3e7bed2055483cd36b1?s=96&d=mm&r=g\",\"caption\":\"Felipe Pontes - Reporter da Agencia Brasil\"},\"url\":\"https:\/\/juliasmagazine.com.br\/?author=56\"}]}<\/script>\n<!-- \/ Yoast SEO plugin. -->","yoast_head_json":{"title":"PF afirma que Castro recebeu adega, mans\u00e3o e caviar para ajudar Refit - Julias Magazine","robots":{"index":"index","follow":"follow","max-snippet":"max-snippet:-1","max-image-preview":"max-image-preview:large","max-video-preview":"max-video-preview:-1"},"canonical":"https:\/\/juliasmagazine.com.br\/?p=37691","og_locale":"pt_BR","og_type":"article","og_title":"PF afirma que Castro recebeu adega, mans\u00e3o e caviar para ajudar Refit - Julias Magazine","og_description":"A Pol\u00edcia Federal (PF) apontou em relat\u00f3rio que o ex-governador do Rio de Janeiro Cl\u00e1udio Castro obteve diversas vantagens indevidas em troca da atua\u00e7\u00e3o de \u00f3rg\u00e3os estaduais em favor da refinaria Refit, a antiga Refinaria de Manguinhos. O ex-chefe do Executivo fluminense\u00a0nega as acusa\u00e7\u00f5es. As informa\u00e7\u00f5es constam em relat\u00f3rio da segunda fase da Opera\u00e7\u00e3o Sem [&hellip;]","og_url":"https:\/\/juliasmagazine.com.br\/?p=37691","og_site_name":"Julias Magazine","article_published_time":"2026-09-04T16:34:58+00:00","og_image":[{"url":"https:\/\/cdn.jsdelivr.net\/gh\/sergiosdlima\/assets-ebc@1.0.0\/abr\/assets\/images\/logo-agenciabrasil.svg","type":"","width":"","height":""}],"author":"Felipe Pontes - Reporter da Agencia Brasil","twitter_card":"summary_large_image","twitter_misc":{"Escrito por":"Felipe Pontes - Reporter da Agencia Brasil","Est. tempo de leitura":"5 minutos"},"schema":{"@context":"https:\/\/schema.org","@graph":[{"@type":"Article","@id":"https:\/\/juliasmagazine.com.br\/?p=37691#article","isPartOf":{"@id":"https:\/\/juliasmagazine.com.br\/?p=37691"},"author":{"name":"Felipe Pontes - Reporter da Agencia Brasil","@id":"https:\/\/juliasmagazine.com.br\/#\/schema\/person\/a0ebd12fa6ebb88d597128bfbddf57e3"},"headline":"PF afirma que Castro recebeu adega, mans\u00e3o e caviar para ajudar Refit","datePublished":"2026-09-04T16:34:58+00:00","dateModified":"2026-09-04T16:34:58+00:00","mainEntityOfPage":{"@id":"https:\/\/juliasmagazine.com.br\/?p=37691"},"wordCount":996,"commentCount":0,"publisher":{"@id":"https:\/\/juliasmagazine.com.br\/#organization"},"image":{"@id":"https:\/\/juliasmagazine.com.br\/?p=37691#primaryimage"},"thumbnailUrl":"https:\/\/juliasmagazine.com.br\/wp-content\/uploads\/2026\/09\/37691-pf-afirma-que-castro-recebeu-adega-mansao-e-caviar-para-ajudar-refit.jpg","articleSection":["Seguran\u00e7a e Justi\u00e7a"],"inLanguage":"pt-BR","potentialAction":[{"@type":"CommentAction","name":"Comment","target":["https:\/\/juliasmagazine.com.br\/?p=37691#respond"]}]},{"@type":"WebPage","@id":"https:\/\/juliasmagazine.com.br\/?p=37691","url":"https:\/\/juliasmagazine.com.br\/?p=37691","name":"PF afirma que Castro recebeu adega, mans\u00e3o e caviar para ajudar Refit - Julias Magazine","isPartOf":{"@id":"https:\/\/juliasmagazine.com.br\/#website"},"primaryImageOfPage":{"@id":"https:\/\/juliasmagazine.com.br\/?p=37691#primaryimage"},"image":{"@id":"https:\/\/juliasmagazine.com.br\/?p=37691#primaryimage"},"thumbnailUrl":"https:\/\/juliasmagazine.com.br\/wp-content\/uploads\/2026\/09\/37691-pf-afirma-que-castro-recebeu-adega-mansao-e-caviar-para-ajudar-refit.jpg","datePublished":"2026-09-04T16:34:58+00:00","dateModified":"2026-09-04T16:34:58+00:00","breadcrumb":{"@id":"https:\/\/juliasmagazine.com.br\/?p=37691#breadcrumb"},"inLanguage":"pt-BR","potentialAction":[{"@type":"ReadAction","target":["https:\/\/juliasmagazine.com.br\/?p=37691"]}]},{"@type":"ImageObject","inLanguage":"pt-BR","@id":"https:\/\/juliasmagazine.com.br\/?p=37691#primaryimage","url":"https:\/\/juliasmagazine.com.br\/wp-content\/uploads\/2026\/09\/37691-pf-afirma-que-castro-recebeu-adega-mansao-e-caviar-para-ajudar-refit.jpg","contentUrl":"https:\/\/juliasmagazine.com.br\/wp-content\/uploads\/2026\/09\/37691-pf-afirma-que-castro-recebeu-adega-mansao-e-caviar-para-ajudar-refit.jpg","width":1600,"height":800,"caption":"PF afirma que Castro recebeu adega, mans\u00e3o e caviar para ajudar Refit"},{"@type":"BreadcrumbList","@id":"https:\/\/juliasmagazine.com.br\/?p=37691#breadcrumb","itemListElement":[{"@type":"ListItem","position":1,"name":"In\u00edcio","item":"https:\/\/juliasmagazine.com.br\/"},{"@type":"ListItem","position":2,"name":"PF afirma que Castro recebeu adega, mans\u00e3o e caviar para ajudar Refit"}]},{"@type":"WebSite","@id":"https:\/\/juliasmagazine.com.br\/#website","url":"https:\/\/juliasmagazine.com.br\/","name":"Julias Magazine","description":"A Sua revista eletr\u00f4nica de moda,politica ,viagens ,cultura ,gastronomia e finan\u00e7as. .","publisher":{"@id":"https:\/\/juliasmagazine.com.br\/#organization"},"potentialAction":[{"@type":"SearchAction","target":{"@type":"EntryPoint","urlTemplate":"https:\/\/juliasmagazine.com.br\/?s={search_term_string}"},"query-input":{"@type":"PropertyValueSpecification","valueRequired":true,"valueName":"search_term_string"}}],"inLanguage":"pt-BR"},{"@type":"Organization","@id":"https:\/\/juliasmagazine.com.br\/#organization","name":"Julias Magazine","url":"https:\/\/juliasmagazine.com.br\/","logo":{"@type":"ImageObject","inLanguage":"pt-BR","@id":"https:\/\/juliasmagazine.com.br\/#\/schema\/logo\/image\/","url":"https:\/\/oquefazerembalneariocamboriu.com\/wp-content\/uploads\/2023\/02\/o-que-fazer-em-balneario-camboriu.jpg","contentUrl":"https:\/\/oquefazerembalneariocamboriu.com\/wp-content\/uploads\/2023\/02\/o-que-fazer-em-balneario-camboriu.jpg","width":1200,"height":675,"caption":"Julias Magazine"},"image":{"@id":"https:\/\/juliasmagazine.com.br\/#\/schema\/logo\/image\/"}},{"@type":"Person","@id":"https:\/\/juliasmagazine.com.br\/#\/schema\/person\/a0ebd12fa6ebb88d597128bfbddf57e3","name":"Felipe Pontes - Reporter da Agencia Brasil","image":{"@type":"ImageObject","inLanguage":"pt-BR","@id":"https:\/\/juliasmagazine.com.br\/#\/schema\/person\/image\/","url":"https:\/\/secure.gravatar.com\/avatar\/8123149f01c148edfcef8d80a79336617598577fb59de3e7bed2055483cd36b1?s=96&d=mm&r=g","contentUrl":"https:\/\/secure.gravatar.com\/avatar\/8123149f01c148edfcef8d80a79336617598577fb59de3e7bed2055483cd36b1?s=96&d=mm&r=g","caption":"Felipe Pontes - Reporter da Agencia Brasil"},"url":"https:\/\/juliasmagazine.com.br\/?author=56"}]}},"_links":{"self":[{"href":"https:\/\/juliasmagazine.com.br\/index.php?rest_route=\/wp\/v2\/posts\/37691","targetHints":{"allow":["GET"]}}],"collection":[{"href":"https:\/\/juliasmagazine.com.br\/index.php?rest_route=\/wp\/v2\/posts"}],"about":[{"href":"https:\/\/juliasmagazine.com.br\/index.php?rest_route=\/wp\/v2\/types\/post"}],"author":[{"embeddable":true,"href":"https:\/\/juliasmagazine.com.br\/index.php?rest_route=\/wp\/v2\/users\/56"}],"replies":[{"embeddable":true,"href":"https:\/\/juliasmagazine.com.br\/index.php?rest_route=%2Fwp%2Fv2%2Fcomments&post=37691"}],"version-history":[{"count":0,"href":"https:\/\/juliasmagazine.com.br\/index.php?rest_route=\/wp\/v2\/posts\/37691\/revisions"}],"wp:featuredmedia":[{"embeddable":true,"href":"https:\/\/juliasmagazine.com.br\/index.php?rest_route=\/wp\/v2\/media\/37692"}],"wp:attachment":[{"href":"https:\/\/juliasmagazine.com.br\/index.php?rest_route=%2Fwp%2Fv2%2Fmedia&parent=37691"}],"wp:term":[{"taxonomy":"category","embeddable":true,"href":"https:\/\/juliasmagazine.com.br\/index.php?rest_route=%2Fwp%2Fv2%2Fcategories&post=37691"},{"taxonomy":"post_tag","embeddable":true,"href":"https:\/\/juliasmagazine.com.br\/index.php?rest_route=%2Fwp%2Fv2%2Ftags&post=37691"}],"curies":[{"name":"wp","href":"https:\/\/api.w.org\/{rel}","templated":true}]}}