{"id":37687,"date":"2026-09-04T12:32:34","date_gmt":"2026-09-04T15:32:34","guid":{"rendered":"https:\/\/juliasmagazine.com.br\/?p=37687"},"modified":"2026-09-04T12:32:34","modified_gmt":"2026-09-04T15:32:34","slug":"fachin-da-5-dias-para-mendonca-e-gonet-responderem-acusacao-de-moraes","status":"publish","type":"post","link":"https:\/\/juliasmagazine.com.br\/?p=37687","title":{"rendered":"Fachin d\u00e1 5 dias para Mendon\u00e7a e Gonet responderem acusa\u00e7\u00e3o de Moraes"},"content":{"rendered":"<\/p>\n<p><a class=\"\" href=\"https:\/\/agenciabrasil.ebc.com.br\/justica\/noticia\/2026-09\/fachin-da-5-dias-para-mendonca-e-gonet-responderem-acusacao-de-moraes\"><br \/>\n                    <img decoding=\"async\" src=\"https:\/\/cdn.jsdelivr.net\/gh\/sergiosdlima\/assets-ebc@1.0.0\/abr\/assets\/images\/logo-agenciabrasil.svg\" alt=\"Logo Ag\u00eancia Brasil\"><br \/>\n\t\t\t\t<\/a><\/p>\n<p>O presidente do Supremo Tribunal Federal (STF), Edson Fachin, determinou nesta sexta-feira (4) cinco dias de prazo para que o ministro Andr\u00e9 Mendon\u00e7a, tamb\u00e9m da Corte, e o procurador-geral da Rep\u00fablica, Paulo Gonet, manifestem-se sobre supostas irregularidades na condu\u00e7\u00e3o do caso Master.\u00a0<img decoding=\"async\" src=\"https:\/\/agenciabrasil.ebc.com.br\/ebc.png?id=1701528&#038;o=rss\"><img decoding=\"async\" src=\"https:\/\/agenciabrasil.ebc.com.br\/ebc.gif?id=1701528&#038;o=rss\"><\/p>\n<p><strong>Tais irregularidades foram apontadas pelo tamb\u00e9m\u00a0ministro do Supremo\u00a0Alexandre de Moraes. Para embasar suas afirma\u00e7\u00f5es, ele apresentou um relat\u00f3rio de intelig\u00eancia da Pol\u00edcia Federal (PF), embora o documento n\u00e3o traga o cabe\u00e7alho da institui\u00e7\u00e3o ou a assinatura de algum delegado, como \u00e9 de praxe para esse tipo de documento.\u00a0<\/strong><\/p>\n<\/p>\n<h3>Not\u00edcias relacionadas:<\/h3>\n<ul>\n<li><a href=\"https:\/\/agenciabrasil.ebc.com.br\/justica\/noticia\/2026-09\/moraes-encaminha-fachin-pedido-de-investigacao-contra-mendonca\">Moraes encaminha a Fachin pedido de investiga\u00e7\u00e3o contra Mendon\u00e7a.<\/a><\/li>\n<li><a href=\"https:\/\/agenciabrasil.ebc.com.br\/justica\/noticia\/2026-09\/banco-master-fachin-diz-que-medidas-serao-anunciadas-no-tempo-devido\">Banco Master: Fachin diz que medidas ser\u00e3o anunciadas no tempo devido .<\/a><\/li>\n<li><a href=\"https:\/\/agenciabrasil.ebc.com.br\/justica\/noticia\/2026-09\/ministro-andre-mendonca-admite-encontro-com-vorcaro-uma-unica-vez\">Ministro Andr\u00e9 Mendon\u00e7a admite encontro com Vorcaro &#8220;uma \u00fanica vez&#8221;.<\/a><\/li>\n<\/ul>\n<p>Moraes apontou atos que considera improbidade administrativa, abuso de autoridade e crime de responsabilidade por parte de Mendon\u00e7a, a quem acusa de ter direcionado a investiga\u00e7\u00e3o do caso Master para atingi-lo.\u00a0<\/p>\n<p><strong>No relat\u00f3rio apresentado por Moraes consta a sugest\u00e3o de que Mendon\u00e7a pudesse estar direcionando as investiga\u00e7\u00f5es do caso Master para atingir\u00a0desafetos pol\u00edticos, incluindo o pr\u00f3prio Moraes e o presidente do Senado, Davi Alcolumbre (Uni\u00e3o-AP).\u00a0<\/strong><\/p>\n<p>O mesmo documento, contudo, diz que as afirma\u00e7\u00f5es s\u00e3o uma &#8220;an\u00e1lise de cen\u00e1rio&#8221; e tamb\u00e9m &#8220;sem valor probat\u00f3rio&#8221;. O relat\u00f3rio ap\u00f3crifo foi tornado p\u00fablico pelo Supremo.\u00a0<\/p>\n<h2>Mensagens\u00a0<\/h2>\n<p><strong>A crise entre ministros do Supremo emergiu nesta semana, ap\u00f3s Mendon\u00e7a retirar o sigilo de um relat\u00f3rio da PF que traz mensagens enviadas pelo ex-banqueiro Daniel Vorcaro, antigo dono do banco Master, a Moraes, segundo o documento.\u00a0<\/strong><\/p>\n<p>As conversas mostram cita\u00e7\u00f5es aos nomes de Moraes e Gonet. As mensagens foram recuperadas do celular de Vorcaro, alvo central da Opera\u00e7\u00e3o Compliance Zero, que trata da suspeita de fraudes financeiras bilion\u00e1rias no Master. O caso \u00e9 relatado por Mendon\u00e7a.\u00a0<\/p>\n<p><strong>As dezenas de mensagens sugerem, por exemplo, que Moraes editou um contrato de mais de R$ 130 milh\u00f5es entre o Master e o escrit\u00f3rio de advocacia de sua esposa, Viviane Barci de Moraes.\u00a0<\/strong><\/p>\n<h2>Fachin<\/h2>\n<p>Na quinta-feira (3), Fachin j\u00e1 havia cobrado que Gonet, Moraes e Mendon\u00e7a se manifestassem sobre as informa\u00e7\u00f5es constantes no relat\u00f3rio da PF sobre as conversas de Vorcaro.<\/p>\n<p><strong>O presidente do STF escreveu que levar\u00e1 ao plen\u00e1rio, no momento oportuno, um pedido do PGR para que as investiga\u00e7\u00f5es supervisionadas por Mendon\u00e7a sejam anuladas. \u00a0<\/strong><\/p>\n<blockquote>\n<p>\u201cCabe \u00e0 Presid\u00eancia do tribunal zelar para que a poss\u00edvel aprecia\u00e7\u00e3o\u00a0colegiada seja feita, a tempo e modo, com o elevado senso de\u00a0responsabilidade que os fatos reclamam, sempre assegurando o respeito\u00a0\u00e0s garantias constitucionais do devido processo legal, da ampla defesa e\u00a0do contradit\u00f3rio\u201d, escreveu.\u00a0<\/p>\n<\/blockquote>\n<p><strong>Em novo despacho nesta sexta-feira, Fachin determinou\u00a0que Gonet apresente parecer tamb\u00e9m sobre o pedido de investiga\u00e7\u00e3o contra Mendon\u00e7a, feito na noite de ontem por Moraes\u00a0<\/strong><\/p>\n<p>Ainda no despacho de hoje, Fachin determinou que o documento apresentado por Moraes para fazer as acusa\u00e7\u00f5es contra Mendon\u00e7a seja retirado do inqu\u00e9rito das Fake News, relatado pelo pr\u00f3prio Moraes, e anexado a uma peti\u00e7\u00e3o separada, relatada pelo presidente do Supremo.\u00a0<\/p>\n<blockquote>\n<p>\u201cAs provid\u00eancias ora determinadas destinam-se exclusivamente \u00e0 instru\u00e7\u00e3o do feito, sem antecipa\u00e7\u00e3o de ju\u00edzo quanto \u00e0 admissibilidade, \u00e0 regularidade do procedimento ou ao m\u00e9rito das imputa\u00e7\u00f5es\u201d, escreveu Fachin na decis\u00e3o.<\/p>\n<\/blockquote>\n","protected":false},"excerpt":{"rendered":"<p>O presidente do Supremo Tribunal Federal (STF), Edson Fachin, determinou nesta sexta-feira (4) cinco dias de prazo para que o ministro Andr\u00e9 Mendon\u00e7a, tamb\u00e9m da Corte, e o procurador-geral da Rep\u00fablica, Paulo Gonet, manifestem-se sobre supostas irregularidades na condu\u00e7\u00e3o do caso Master.\u00a0 Tais irregularidades foram apontadas pelo tamb\u00e9m\u00a0ministro do Supremo\u00a0Alexandre de Moraes. Para embasar suas [&hellip;]<\/p>\n","protected":false},"author":56,"featured_media":37688,"comment_status":"open","ping_status":"open","sticky":false,"template":"","format":"standard","meta":{"site-sidebar-layout":"default","site-content-layout":"","ast-site-content-layout":"","site-content-style":"default","site-sidebar-style":"default","ast-global-header-display":"","ast-banner-title-visibility":"","ast-main-header-display":"","ast-hfb-above-header-display":"","ast-hfb-below-header-display":"","ast-hfb-mobile-header-display":"","site-post-title":"","ast-breadcrumbs-content":"","ast-featured-img":"","footer-sml-layout":"","theme-transparent-header-meta":"","adv-header-id-meta":"","stick-header-meta":"","header-above-stick-meta":"","header-main-stick-meta":"","header-below-stick-meta":"","astra-migrate-meta-layouts":"default","ast-page-background-enabled":"default","ast-page-background-meta":{"desktop":{"background-color":"var(--ast-global-color-4)","background-image":"","background-repeat":"repeat","background-position":"center center","background-size":"auto","background-attachment":"scroll","background-type":"","background-media":"","overlay-type":"","overlay-color":"","overlay-opacity":"","overlay-gradient":""},"tablet":{"background-color":"","background-image":"","background-repeat":"repeat","background-position":"center center","background-size":"auto","background-attachment":"scroll","background-type":"","background-media":"","overlay-type":"","overlay-color":"","overlay-opacity":"","overlay-gradient":""},"mobile":{"background-color":"","background-image":"","background-repeat":"repeat","background-position":"center center","background-size":"auto","background-attachment":"scroll","background-type":"","background-media":"","overlay-type":"","overlay-color":"","overlay-opacity":"","overlay-gradient":""}},"ast-content-background-meta":{"desktop":{"background-color":"var(--ast-global-color-5)","background-image":"","background-repeat":"repeat","background-position":"center center","background-size":"auto","background-attachment":"scroll","background-type":"","background-media":"","overlay-type":"","overlay-color":"","overlay-opacity":"","overlay-gradient":""},"tablet":{"background-color":"var(--ast-global-color-5)","background-image":"","background-repeat":"repeat","background-position":"center center","background-size":"auto","background-attachment":"scroll","background-type":"","background-media":"","overlay-type":"","overlay-color":"","overlay-opacity":"","overlay-gradient":""},"mobile":{"background-color":"var(--ast-global-color-5)","background-image":"","background-repeat":"repeat","background-position":"center center","background-size":"auto","background-attachment":"scroll","background-type":"","background-media":"","overlay-type":"","overlay-color":"","overlay-opacity":"","overlay-gradient":""}},"footnotes":""},"categories":[3],"tags":[],"class_list":["post-37687","post","type-post","status-publish","format-standard","has-post-thumbnail","hentry","category-seguranca-e-justica"],"yoast_head":"<!-- This site is optimized with the Yoast SEO plugin v24.1 - https:\/\/yoast.com\/wordpress\/plugins\/seo\/ -->\n<title>Fachin d\u00e1 5 dias para Mendon\u00e7a e Gonet responderem acusa\u00e7\u00e3o de Moraes - Julias Magazine<\/title>\n<meta name=\"robots\" content=\"index, follow, max-snippet:-1, max-image-preview:large, max-video-preview:-1\" \/>\n<link rel=\"canonical\" href=\"https:\/\/juliasmagazine.com.br\/?p=37687\" \/>\n<meta property=\"og:locale\" content=\"pt_BR\" \/>\n<meta property=\"og:type\" content=\"article\" \/>\n<meta property=\"og:title\" content=\"Fachin d\u00e1 5 dias para Mendon\u00e7a e Gonet responderem acusa\u00e7\u00e3o de Moraes - Julias Magazine\" \/>\n<meta property=\"og:description\" content=\"O presidente do Supremo Tribunal Federal (STF), Edson Fachin, determinou nesta sexta-feira (4) cinco dias de prazo para que o ministro Andr\u00e9 Mendon\u00e7a, tamb\u00e9m da Corte, e o procurador-geral da Rep\u00fablica, Paulo Gonet, manifestem-se sobre supostas irregularidades na condu\u00e7\u00e3o do caso Master.\u00a0 Tais irregularidades foram apontadas pelo tamb\u00e9m\u00a0ministro do Supremo\u00a0Alexandre de Moraes. Para embasar suas [&hellip;]\" \/>\n<meta property=\"og:url\" content=\"https:\/\/juliasmagazine.com.br\/?p=37687\" \/>\n<meta property=\"og:site_name\" content=\"Julias Magazine\" \/>\n<meta property=\"article:published_time\" content=\"2026-09-04T15:32:34+00:00\" \/>\n<meta property=\"og:image\" content=\"https:\/\/cdn.jsdelivr.net\/gh\/sergiosdlima\/assets-ebc@1.0.0\/abr\/assets\/images\/logo-agenciabrasil.svg\" \/>\n<meta name=\"author\" content=\"Felipe Pontes - Reporter da Agencia Brasil\" \/>\n<meta name=\"twitter:card\" content=\"summary_large_image\" \/>\n<meta name=\"twitter:label1\" content=\"Escrito por\" \/>\n\t<meta name=\"twitter:data1\" content=\"Felipe Pontes - Reporter da Agencia Brasil\" \/>\n\t<meta name=\"twitter:label2\" content=\"Est. tempo de leitura\" \/>\n\t<meta name=\"twitter:data2\" content=\"3 minutos\" \/>\n<script type=\"application\/ld+json\" class=\"yoast-schema-graph\">{\"@context\":\"https:\/\/schema.org\",\"@graph\":[{\"@type\":\"Article\",\"@id\":\"https:\/\/juliasmagazine.com.br\/?p=37687#article\",\"isPartOf\":{\"@id\":\"https:\/\/juliasmagazine.com.br\/?p=37687\"},\"author\":{\"name\":\"Felipe Pontes - Reporter da Agencia Brasil\",\"@id\":\"https:\/\/juliasmagazine.com.br\/#\/schema\/person\/a0ebd12fa6ebb88d597128bfbddf57e3\"},\"headline\":\"Fachin d\u00e1 5 dias para Mendon\u00e7a e Gonet responderem acusa\u00e7\u00e3o de Moraes\",\"datePublished\":\"2026-09-04T15:32:34+00:00\",\"dateModified\":\"2026-09-04T15:32:34+00:00\",\"mainEntityOfPage\":{\"@id\":\"https:\/\/juliasmagazine.com.br\/?p=37687\"},\"wordCount\":596,\"commentCount\":0,\"publisher\":{\"@id\":\"https:\/\/juliasmagazine.com.br\/#organization\"},\"image\":{\"@id\":\"https:\/\/juliasmagazine.com.br\/?p=37687#primaryimage\"},\"thumbnailUrl\":\"https:\/\/juliasmagazine.com.br\/wp-content\/uploads\/2026\/09\/37687-fachin-da-5-dias-para-mendonca-e-gonet-responderem-acusacao-de-moraes.jpg\",\"articleSection\":[\"Seguran\u00e7a e Justi\u00e7a\"],\"inLanguage\":\"pt-BR\",\"potentialAction\":[{\"@type\":\"CommentAction\",\"name\":\"Comment\",\"target\":[\"https:\/\/juliasmagazine.com.br\/?p=37687#respond\"]}]},{\"@type\":\"WebPage\",\"@id\":\"https:\/\/juliasmagazine.com.br\/?p=37687\",\"url\":\"https:\/\/juliasmagazine.com.br\/?p=37687\",\"name\":\"Fachin d\u00e1 5 dias para Mendon\u00e7a e Gonet responderem acusa\u00e7\u00e3o de Moraes - Julias Magazine\",\"isPartOf\":{\"@id\":\"https:\/\/juliasmagazine.com.br\/#website\"},\"primaryImageOfPage\":{\"@id\":\"https:\/\/juliasmagazine.com.br\/?p=37687#primaryimage\"},\"image\":{\"@id\":\"https:\/\/juliasmagazine.com.br\/?p=37687#primaryimage\"},\"thumbnailUrl\":\"https:\/\/juliasmagazine.com.br\/wp-content\/uploads\/2026\/09\/37687-fachin-da-5-dias-para-mendonca-e-gonet-responderem-acusacao-de-moraes.jpg\",\"datePublished\":\"2026-09-04T15:32:34+00:00\",\"dateModified\":\"2026-09-04T15:32:34+00:00\",\"breadcrumb\":{\"@id\":\"https:\/\/juliasmagazine.com.br\/?p=37687#breadcrumb\"},\"inLanguage\":\"pt-BR\",\"potentialAction\":[{\"@type\":\"ReadAction\",\"target\":[\"https:\/\/juliasmagazine.com.br\/?p=37687\"]}]},{\"@type\":\"ImageObject\",\"inLanguage\":\"pt-BR\",\"@id\":\"https:\/\/juliasmagazine.com.br\/?p=37687#primaryimage\",\"url\":\"https:\/\/juliasmagazine.com.br\/wp-content\/uploads\/2026\/09\/37687-fachin-da-5-dias-para-mendonca-e-gonet-responderem-acusacao-de-moraes.jpg\",\"contentUrl\":\"https:\/\/juliasmagazine.com.br\/wp-content\/uploads\/2026\/09\/37687-fachin-da-5-dias-para-mendonca-e-gonet-responderem-acusacao-de-moraes.jpg\",\"width\":1600,\"height\":800,\"caption\":\"Fachin d\u00e1 5 dias para Mendon\u00e7a e Gonet responderem acusa\u00e7\u00e3o de Moraes\"},{\"@type\":\"BreadcrumbList\",\"@id\":\"https:\/\/juliasmagazine.com.br\/?p=37687#breadcrumb\",\"itemListElement\":[{\"@type\":\"ListItem\",\"position\":1,\"name\":\"In\u00edcio\",\"item\":\"https:\/\/juliasmagazine.com.br\/\"},{\"@type\":\"ListItem\",\"position\":2,\"name\":\"Fachin d\u00e1 5 dias para Mendon\u00e7a e Gonet responderem acusa\u00e7\u00e3o de Moraes\"}]},{\"@type\":\"WebSite\",\"@id\":\"https:\/\/juliasmagazine.com.br\/#website\",\"url\":\"https:\/\/juliasmagazine.com.br\/\",\"name\":\"Julias Magazine\",\"description\":\"A Sua revista eletr\u00f4nica de moda,politica ,viagens ,cultura ,gastronomia e finan\u00e7as. .\",\"publisher\":{\"@id\":\"https:\/\/juliasmagazine.com.br\/#organization\"},\"potentialAction\":[{\"@type\":\"SearchAction\",\"target\":{\"@type\":\"EntryPoint\",\"urlTemplate\":\"https:\/\/juliasmagazine.com.br\/?s={search_term_string}\"},\"query-input\":{\"@type\":\"PropertyValueSpecification\",\"valueRequired\":true,\"valueName\":\"search_term_string\"}}],\"inLanguage\":\"pt-BR\"},{\"@type\":\"Organization\",\"@id\":\"https:\/\/juliasmagazine.com.br\/#organization\",\"name\":\"Julias Magazine\",\"url\":\"https:\/\/juliasmagazine.com.br\/\",\"logo\":{\"@type\":\"ImageObject\",\"inLanguage\":\"pt-BR\",\"@id\":\"https:\/\/juliasmagazine.com.br\/#\/schema\/logo\/image\/\",\"url\":\"https:\/\/oquefazerembalneariocamboriu.com\/wp-content\/uploads\/2023\/02\/o-que-fazer-em-balneario-camboriu.jpg\",\"contentUrl\":\"https:\/\/oquefazerembalneariocamboriu.com\/wp-content\/uploads\/2023\/02\/o-que-fazer-em-balneario-camboriu.jpg\",\"width\":1200,\"height\":675,\"caption\":\"Julias Magazine\"},\"image\":{\"@id\":\"https:\/\/juliasmagazine.com.br\/#\/schema\/logo\/image\/\"}},{\"@type\":\"Person\",\"@id\":\"https:\/\/juliasmagazine.com.br\/#\/schema\/person\/a0ebd12fa6ebb88d597128bfbddf57e3\",\"name\":\"Felipe Pontes - Reporter da Agencia Brasil\",\"image\":{\"@type\":\"ImageObject\",\"inLanguage\":\"pt-BR\",\"@id\":\"https:\/\/juliasmagazine.com.br\/#\/schema\/person\/image\/\",\"url\":\"https:\/\/secure.gravatar.com\/avatar\/8123149f01c148edfcef8d80a79336617598577fb59de3e7bed2055483cd36b1?s=96&d=mm&r=g\",\"contentUrl\":\"https:\/\/secure.gravatar.com\/avatar\/8123149f01c148edfcef8d80a79336617598577fb59de3e7bed2055483cd36b1?s=96&d=mm&r=g\",\"caption\":\"Felipe Pontes - Reporter da Agencia Brasil\"},\"url\":\"https:\/\/juliasmagazine.com.br\/?author=56\"}]}<\/script>\n<!-- \/ Yoast SEO plugin. -->","yoast_head_json":{"title":"Fachin d\u00e1 5 dias para Mendon\u00e7a e Gonet responderem acusa\u00e7\u00e3o de Moraes - Julias Magazine","robots":{"index":"index","follow":"follow","max-snippet":"max-snippet:-1","max-image-preview":"max-image-preview:large","max-video-preview":"max-video-preview:-1"},"canonical":"https:\/\/juliasmagazine.com.br\/?p=37687","og_locale":"pt_BR","og_type":"article","og_title":"Fachin d\u00e1 5 dias para Mendon\u00e7a e Gonet responderem acusa\u00e7\u00e3o de Moraes - Julias Magazine","og_description":"O presidente do Supremo Tribunal Federal (STF), Edson Fachin, determinou nesta sexta-feira (4) cinco dias de prazo para que o ministro Andr\u00e9 Mendon\u00e7a, tamb\u00e9m da Corte, e o procurador-geral da Rep\u00fablica, Paulo Gonet, manifestem-se sobre supostas irregularidades na condu\u00e7\u00e3o do caso Master.\u00a0 Tais irregularidades foram apontadas pelo tamb\u00e9m\u00a0ministro do Supremo\u00a0Alexandre de Moraes. Para embasar suas [&hellip;]","og_url":"https:\/\/juliasmagazine.com.br\/?p=37687","og_site_name":"Julias Magazine","article_published_time":"2026-09-04T15:32:34+00:00","og_image":[{"url":"https:\/\/cdn.jsdelivr.net\/gh\/sergiosdlima\/assets-ebc@1.0.0\/abr\/assets\/images\/logo-agenciabrasil.svg","type":"","width":"","height":""}],"author":"Felipe Pontes - Reporter da Agencia Brasil","twitter_card":"summary_large_image","twitter_misc":{"Escrito por":"Felipe Pontes - Reporter da Agencia Brasil","Est. tempo de leitura":"3 minutos"},"schema":{"@context":"https:\/\/schema.org","@graph":[{"@type":"Article","@id":"https:\/\/juliasmagazine.com.br\/?p=37687#article","isPartOf":{"@id":"https:\/\/juliasmagazine.com.br\/?p=37687"},"author":{"name":"Felipe Pontes - Reporter da Agencia Brasil","@id":"https:\/\/juliasmagazine.com.br\/#\/schema\/person\/a0ebd12fa6ebb88d597128bfbddf57e3"},"headline":"Fachin d\u00e1 5 dias para Mendon\u00e7a e Gonet responderem acusa\u00e7\u00e3o de Moraes","datePublished":"2026-09-04T15:32:34+00:00","dateModified":"2026-09-04T15:32:34+00:00","mainEntityOfPage":{"@id":"https:\/\/juliasmagazine.com.br\/?p=37687"},"wordCount":596,"commentCount":0,"publisher":{"@id":"https:\/\/juliasmagazine.com.br\/#organization"},"image":{"@id":"https:\/\/juliasmagazine.com.br\/?p=37687#primaryimage"},"thumbnailUrl":"https:\/\/juliasmagazine.com.br\/wp-content\/uploads\/2026\/09\/37687-fachin-da-5-dias-para-mendonca-e-gonet-responderem-acusacao-de-moraes.jpg","articleSection":["Seguran\u00e7a e Justi\u00e7a"],"inLanguage":"pt-BR","potentialAction":[{"@type":"CommentAction","name":"Comment","target":["https:\/\/juliasmagazine.com.br\/?p=37687#respond"]}]},{"@type":"WebPage","@id":"https:\/\/juliasmagazine.com.br\/?p=37687","url":"https:\/\/juliasmagazine.com.br\/?p=37687","name":"Fachin d\u00e1 5 dias para Mendon\u00e7a e Gonet responderem acusa\u00e7\u00e3o de Moraes - Julias Magazine","isPartOf":{"@id":"https:\/\/juliasmagazine.com.br\/#website"},"primaryImageOfPage":{"@id":"https:\/\/juliasmagazine.com.br\/?p=37687#primaryimage"},"image":{"@id":"https:\/\/juliasmagazine.com.br\/?p=37687#primaryimage"},"thumbnailUrl":"https:\/\/juliasmagazine.com.br\/wp-content\/uploads\/2026\/09\/37687-fachin-da-5-dias-para-mendonca-e-gonet-responderem-acusacao-de-moraes.jpg","datePublished":"2026-09-04T15:32:34+00:00","dateModified":"2026-09-04T15:32:34+00:00","breadcrumb":{"@id":"https:\/\/juliasmagazine.com.br\/?p=37687#breadcrumb"},"inLanguage":"pt-BR","potentialAction":[{"@type":"ReadAction","target":["https:\/\/juliasmagazine.com.br\/?p=37687"]}]},{"@type":"ImageObject","inLanguage":"pt-BR","@id":"https:\/\/juliasmagazine.com.br\/?p=37687#primaryimage","url":"https:\/\/juliasmagazine.com.br\/wp-content\/uploads\/2026\/09\/37687-fachin-da-5-dias-para-mendonca-e-gonet-responderem-acusacao-de-moraes.jpg","contentUrl":"https:\/\/juliasmagazine.com.br\/wp-content\/uploads\/2026\/09\/37687-fachin-da-5-dias-para-mendonca-e-gonet-responderem-acusacao-de-moraes.jpg","width":1600,"height":800,"caption":"Fachin d\u00e1 5 dias para Mendon\u00e7a e Gonet responderem acusa\u00e7\u00e3o de Moraes"},{"@type":"BreadcrumbList","@id":"https:\/\/juliasmagazine.com.br\/?p=37687#breadcrumb","itemListElement":[{"@type":"ListItem","position":1,"name":"In\u00edcio","item":"https:\/\/juliasmagazine.com.br\/"},{"@type":"ListItem","position":2,"name":"Fachin d\u00e1 5 dias para Mendon\u00e7a e Gonet responderem acusa\u00e7\u00e3o de Moraes"}]},{"@type":"WebSite","@id":"https:\/\/juliasmagazine.com.br\/#website","url":"https:\/\/juliasmagazine.com.br\/","name":"Julias Magazine","description":"A Sua revista eletr\u00f4nica de moda,politica ,viagens ,cultura ,gastronomia e finan\u00e7as. .","publisher":{"@id":"https:\/\/juliasmagazine.com.br\/#organization"},"potentialAction":[{"@type":"SearchAction","target":{"@type":"EntryPoint","urlTemplate":"https:\/\/juliasmagazine.com.br\/?s={search_term_string}"},"query-input":{"@type":"PropertyValueSpecification","valueRequired":true,"valueName":"search_term_string"}}],"inLanguage":"pt-BR"},{"@type":"Organization","@id":"https:\/\/juliasmagazine.com.br\/#organization","name":"Julias Magazine","url":"https:\/\/juliasmagazine.com.br\/","logo":{"@type":"ImageObject","inLanguage":"pt-BR","@id":"https:\/\/juliasmagazine.com.br\/#\/schema\/logo\/image\/","url":"https:\/\/oquefazerembalneariocamboriu.com\/wp-content\/uploads\/2023\/02\/o-que-fazer-em-balneario-camboriu.jpg","contentUrl":"https:\/\/oquefazerembalneariocamboriu.com\/wp-content\/uploads\/2023\/02\/o-que-fazer-em-balneario-camboriu.jpg","width":1200,"height":675,"caption":"Julias Magazine"},"image":{"@id":"https:\/\/juliasmagazine.com.br\/#\/schema\/logo\/image\/"}},{"@type":"Person","@id":"https:\/\/juliasmagazine.com.br\/#\/schema\/person\/a0ebd12fa6ebb88d597128bfbddf57e3","name":"Felipe Pontes - Reporter da Agencia Brasil","image":{"@type":"ImageObject","inLanguage":"pt-BR","@id":"https:\/\/juliasmagazine.com.br\/#\/schema\/person\/image\/","url":"https:\/\/secure.gravatar.com\/avatar\/8123149f01c148edfcef8d80a79336617598577fb59de3e7bed2055483cd36b1?s=96&d=mm&r=g","contentUrl":"https:\/\/secure.gravatar.com\/avatar\/8123149f01c148edfcef8d80a79336617598577fb59de3e7bed2055483cd36b1?s=96&d=mm&r=g","caption":"Felipe Pontes - Reporter da Agencia Brasil"},"url":"https:\/\/juliasmagazine.com.br\/?author=56"}]}},"_links":{"self":[{"href":"https:\/\/juliasmagazine.com.br\/index.php?rest_route=\/wp\/v2\/posts\/37687","targetHints":{"allow":["GET"]}}],"collection":[{"href":"https:\/\/juliasmagazine.com.br\/index.php?rest_route=\/wp\/v2\/posts"}],"about":[{"href":"https:\/\/juliasmagazine.com.br\/index.php?rest_route=\/wp\/v2\/types\/post"}],"author":[{"embeddable":true,"href":"https:\/\/juliasmagazine.com.br\/index.php?rest_route=\/wp\/v2\/users\/56"}],"replies":[{"embeddable":true,"href":"https:\/\/juliasmagazine.com.br\/index.php?rest_route=%2Fwp%2Fv2%2Fcomments&post=37687"}],"version-history":[{"count":0,"href":"https:\/\/juliasmagazine.com.br\/index.php?rest_route=\/wp\/v2\/posts\/37687\/revisions"}],"wp:featuredmedia":[{"embeddable":true,"href":"https:\/\/juliasmagazine.com.br\/index.php?rest_route=\/wp\/v2\/media\/37688"}],"wp:attachment":[{"href":"https:\/\/juliasmagazine.com.br\/index.php?rest_route=%2Fwp%2Fv2%2Fmedia&parent=37687"}],"wp:term":[{"taxonomy":"category","embeddable":true,"href":"https:\/\/juliasmagazine.com.br\/index.php?rest_route=%2Fwp%2Fv2%2Fcategories&post=37687"},{"taxonomy":"post_tag","embeddable":true,"href":"https:\/\/juliasmagazine.com.br\/index.php?rest_route=%2Fwp%2Fv2%2Ftags&post=37687"}],"curies":[{"name":"wp","href":"https:\/\/api.w.org\/{rel}","templated":true}]}}