{"id":37683,"date":"2026-09-04T12:31:40","date_gmt":"2026-09-04T15:31:40","guid":{"rendered":"https:\/\/juliasmagazine.com.br\/?p=37683"},"modified":"2026-09-04T12:31:40","modified_gmt":"2026-09-04T15:31:40","slug":"escolas-do-grupo-especial-escolhem-sambas-enredo-do-carnaval-2007","status":"publish","type":"post","link":"https:\/\/juliasmagazine.com.br\/?p=37683","title":{"rendered":"Escolas do Grupo Especial escolhem sambas-enredo do Carnaval 2007"},"content":{"rendered":"<p>A cinco meses do Carnaval 2027, as escolas do Grupo Especial do Rio de Janeiro d\u00e3o um passo importante para os desfiles, <strong>com a escolha dos sambas-enredos que v\u00e3o levar \u00e0 Marqu\u00eas de Sapuca\u00ed nos dias 7, 8 e 9 de fevereiro.<\/strong><img decoding=\"async\" src=\"https:\/\/agenciabrasil.ebc.com.br\/ebc.png?id=1701529&#038;o=rss\"><img decoding=\"async\" src=\"https:\/\/agenciabrasil.ebc.com.br\/ebc.gif?id=1701529&#038;o=rss\"><\/p>\n<p><strong>A novidade desta temporada, \u00e9 que todo o circuito de eventos est\u00e1 sendo transmitido pelo canal no Youtube da Rio Carnaval TV.<\/strong><\/p>\n<p>Das 12 agremia\u00e7\u00f5es, a Portela abre a rodada de decis\u00f5es, nesta sexta-feira (4), escolhendo, entre tr\u00eas finalistas, o samba para o enredo \u201cAo Mestre com Carinho\u201d, de Paulo Barros, em homenagem ao cantor e compositor Monarco, um dos maiores nomes da hist\u00f3ria da escola. Ele morreu em 2021, aos 88 anos.<\/p>\n<p>Para o presidente da Liesa, a Liga Independente das Escolas de Samba, Gabriel David, as finais para escolha dos sambas s\u00e3o o momento mais esperado do calend\u00e1rio do Rio Carnaval e lotam as quadras. Agora, segundo ele, com a transmiss\u00e3o online, todos v\u00e3o poder acompanhar essa festa.<\/p>\n<blockquote>\n<p>&#8220;\u00c9 uma oportunidade in\u00e9dita de fazer com que o p\u00fablico do mundo todo acompanhe o que \u00e9 de melhor nos bastidores da festa. H\u00e1 cinco meses dos desfiles, as quadras est\u00e3o lotadas.\u00a0O YouTube \u00e9 uma live atr\u00e1s do outro. Eu tenho certeza que todo mundo que ama o Carnaval est\u00e1 acompanhando de pertinho onde quer que esteja. As pessoas que n\u00e3o conhecem tanto est\u00e3o aprendendo cada vez mais. N\u00e3o s\u00f3 o que as escolas v\u00e3o levar para a avenida, mas todo esse processo de pr\u00e9-carnaval.&#8221;<\/p>\n<\/blockquote>\n<p>O s\u00e1bado (5) \u00e9 de dose dupla. Mangueira e Mocidade Independente de Padre Miguel definem a trilha sonora para seus enredos. A verde e rosa vai falar do Orix\u00e1 Ians\u00e3, tamb\u00e9m conhecida como Oya, divindade cultuada no Candombl\u00e9 e associada aos ventos, tempestades e transforma\u00e7\u00f5es.<\/p>\n<p>J\u00e1 a Mocidade levar\u00e1 ao Samb\u00f3dromo a obra \u201cAm\u00e9rica Invertida\u201d, feita pelo artista uruguaio Joaqu\u00edn Torres Garc\u00eda em 1943 e que discute uma nova ordem no continente, em que a Am\u00e9rica Latina apare\u00e7a como protagonista e n\u00e3o os Estados Unidos.<\/p>\n<p>A sequ\u00eancia de finais prossegue na semana seguinte, com Beija-Flor, na quinta-feira, dia 10; Vila Isabel, 11; Salgueiro e Unidos da Tijuca, no dia 12.<\/p>\n<p>Depois, v\u00eam Imperatriz Leopoldinense e Uni\u00e3o de Maric\u00e1, no dia 18; Viradouro, 19, e Grande Rio, no dia 20 de setembro, encerrando o calend\u00e1rio.<\/p>\n<p>O samba-enredo da Para\u00edso do Tuiut\u00ed foi apresentado em 1\u00ba de agosto. A escola optou por encomendar a trilha para cantar \u201cCiata: a m\u00e3e preta do samba\u201d. O enredo conta a trajet\u00f3ria de uma das grandes matriarcas do samba. Foi na casa dela, na regi\u00e3o central da capital fluminense, que surgiram as rodas que ajudaram a consolidar o ritmo, hoje considerado patrim\u00f4nio cultural imaterial da humanidade.<\/p>\n<p>\u00a0<\/p>\n<p>  <span class=\"hms hms-format-m-ss\">3:04<\/span><\/p>\n","protected":false},"excerpt":{"rendered":"<p>A cinco meses do Carnaval 2027, as escolas do Grupo Especial do Rio de Janeiro d\u00e3o um passo importante para os desfiles, com a escolha dos sambas-enredos que v\u00e3o levar \u00e0 Marqu\u00eas de Sapuca\u00ed nos dias 7, 8 e 9 de fevereiro. A novidade desta temporada, \u00e9 que todo o circuito de eventos est\u00e1 sendo [&hellip;]<\/p>\n","protected":false},"author":1,"featured_media":37684,"comment_status":"open","ping_status":"open","sticky":false,"template":"","format":"standard","meta":{"site-sidebar-layout":"default","site-content-layout":"","ast-site-content-layout":"","site-content-style":"default","site-sidebar-style":"default","ast-global-header-display":"","ast-banner-title-visibility":"","ast-main-header-display":"","ast-hfb-above-header-display":"","ast-hfb-below-header-display":"","ast-hfb-mobile-header-display":"","site-post-title":"","ast-breadcrumbs-content":"","ast-featured-img":"","footer-sml-layout":"","theme-transparent-header-meta":"","adv-header-id-meta":"","stick-header-meta":"","header-above-stick-meta":"","header-main-stick-meta":"","header-below-stick-meta":"","astra-migrate-meta-layouts":"default","ast-page-background-enabled":"default","ast-page-background-meta":{"desktop":{"background-color":"var(--ast-global-color-4)","background-image":"","background-repeat":"repeat","background-position":"center center","background-size":"auto","background-attachment":"scroll","background-type":"","background-media":"","overlay-type":"","overlay-color":"","overlay-opacity":"","overlay-gradient":""},"tablet":{"background-color":"","background-image":"","background-repeat":"repeat","background-position":"center center","background-size":"auto","background-attachment":"scroll","background-type":"","background-media":"","overlay-type":"","overlay-color":"","overlay-opacity":"","overlay-gradient":""},"mobile":{"background-color":"","background-image":"","background-repeat":"repeat","background-position":"center center","background-size":"auto","background-attachment":"scroll","background-type":"","background-media":"","overlay-type":"","overlay-color":"","overlay-opacity":"","overlay-gradient":""}},"ast-content-background-meta":{"desktop":{"background-color":"var(--ast-global-color-5)","background-image":"","background-repeat":"repeat","background-position":"center center","background-size":"auto","background-attachment":"scroll","background-type":"","background-media":"","overlay-type":"","overlay-color":"","overlay-opacity":"","overlay-gradient":""},"tablet":{"background-color":"var(--ast-global-color-5)","background-image":"","background-repeat":"repeat","background-position":"center center","background-size":"auto","background-attachment":"scroll","background-type":"","background-media":"","overlay-type":"","overlay-color":"","overlay-opacity":"","overlay-gradient":""},"mobile":{"background-color":"var(--ast-global-color-5)","background-image":"","background-repeat":"repeat","background-position":"center center","background-size":"auto","background-attachment":"scroll","background-type":"","background-media":"","overlay-type":"","overlay-color":"","overlay-opacity":"","overlay-gradient":""}},"footnotes":""},"categories":[5],"tags":[],"class_list":["post-37683","post","type-post","status-publish","format-standard","has-post-thumbnail","hentry","category-cultura-e-entretenimento"],"yoast_head":"<!-- This site is optimized with the Yoast SEO plugin v24.1 - https:\/\/yoast.com\/wordpress\/plugins\/seo\/ -->\n<title>Escolas do Grupo Especial escolhem sambas-enredo do Carnaval 2007 - Julias Magazine<\/title>\n<meta name=\"robots\" content=\"index, follow, max-snippet:-1, max-image-preview:large, max-video-preview:-1\" \/>\n<link rel=\"canonical\" href=\"https:\/\/juliasmagazine.com.br\/?p=37683\" \/>\n<meta property=\"og:locale\" content=\"pt_BR\" \/>\n<meta property=\"og:type\" content=\"article\" \/>\n<meta property=\"og:title\" content=\"Escolas do Grupo Especial escolhem sambas-enredo do Carnaval 2007 - Julias Magazine\" \/>\n<meta property=\"og:description\" content=\"A cinco meses do Carnaval 2027, as escolas do Grupo Especial do Rio de Janeiro d\u00e3o um passo importante para os desfiles, com a escolha dos sambas-enredos que v\u00e3o levar \u00e0 Marqu\u00eas de Sapuca\u00ed nos dias 7, 8 e 9 de fevereiro. A novidade desta temporada, \u00e9 que todo o circuito de eventos est\u00e1 sendo [&hellip;]\" \/>\n<meta property=\"og:url\" content=\"https:\/\/juliasmagazine.com.br\/?p=37683\" \/>\n<meta property=\"og:site_name\" content=\"Julias Magazine\" \/>\n<meta property=\"article:published_time\" content=\"2026-09-04T15:31:40+00:00\" \/>\n<meta property=\"og:image\" content=\"https:\/\/agenciabrasil.ebc.com.br\/ebc.png?id=1701529&o=rss\" \/>\n<meta name=\"author\" content=\"gestormovie\" \/>\n<meta name=\"twitter:card\" content=\"summary_large_image\" \/>\n<meta name=\"twitter:label1\" content=\"Escrito por\" \/>\n\t<meta name=\"twitter:data1\" content=\"gestormovie\" \/>\n\t<meta name=\"twitter:label2\" content=\"Est. tempo de leitura\" \/>\n\t<meta name=\"twitter:data2\" content=\"2 minutos\" \/>\n<script type=\"application\/ld+json\" class=\"yoast-schema-graph\">{\"@context\":\"https:\/\/schema.org\",\"@graph\":[{\"@type\":\"Article\",\"@id\":\"https:\/\/juliasmagazine.com.br\/?p=37683#article\",\"isPartOf\":{\"@id\":\"https:\/\/juliasmagazine.com.br\/?p=37683\"},\"author\":{\"name\":\"gestormovie\",\"@id\":\"https:\/\/juliasmagazine.com.br\/#\/schema\/person\/4644cc0cefba8afbd17931d23420f787\"},\"headline\":\"Escolas do Grupo Especial escolhem sambas-enredo do Carnaval 2007\",\"datePublished\":\"2026-09-04T15:31:40+00:00\",\"dateModified\":\"2026-09-04T15:31:40+00:00\",\"mainEntityOfPage\":{\"@id\":\"https:\/\/juliasmagazine.com.br\/?p=37683\"},\"wordCount\":472,\"commentCount\":0,\"publisher\":{\"@id\":\"https:\/\/juliasmagazine.com.br\/#organization\"},\"image\":{\"@id\":\"https:\/\/juliasmagazine.com.br\/?p=37683#primaryimage\"},\"thumbnailUrl\":\"https:\/\/juliasmagazine.com.br\/wp-content\/uploads\/2026\/09\/37683-escolas-do-grupo-especial-escolhem-sambas-enredo-do-carnaval-2007.jpg\",\"articleSection\":[\"Cultura e Entretenimento\"],\"inLanguage\":\"pt-BR\",\"potentialAction\":[{\"@type\":\"CommentAction\",\"name\":\"Comment\",\"target\":[\"https:\/\/juliasmagazine.com.br\/?p=37683#respond\"]}]},{\"@type\":\"WebPage\",\"@id\":\"https:\/\/juliasmagazine.com.br\/?p=37683\",\"url\":\"https:\/\/juliasmagazine.com.br\/?p=37683\",\"name\":\"Escolas do Grupo Especial escolhem sambas-enredo do Carnaval 2007 - Julias Magazine\",\"isPartOf\":{\"@id\":\"https:\/\/juliasmagazine.com.br\/#website\"},\"primaryImageOfPage\":{\"@id\":\"https:\/\/juliasmagazine.com.br\/?p=37683#primaryimage\"},\"image\":{\"@id\":\"https:\/\/juliasmagazine.com.br\/?p=37683#primaryimage\"},\"thumbnailUrl\":\"https:\/\/juliasmagazine.com.br\/wp-content\/uploads\/2026\/09\/37683-escolas-do-grupo-especial-escolhem-sambas-enredo-do-carnaval-2007.jpg\",\"datePublished\":\"2026-09-04T15:31:40+00:00\",\"dateModified\":\"2026-09-04T15:31:40+00:00\",\"breadcrumb\":{\"@id\":\"https:\/\/juliasmagazine.com.br\/?p=37683#breadcrumb\"},\"inLanguage\":\"pt-BR\",\"potentialAction\":[{\"@type\":\"ReadAction\",\"target\":[\"https:\/\/juliasmagazine.com.br\/?p=37683\"]}]},{\"@type\":\"ImageObject\",\"inLanguage\":\"pt-BR\",\"@id\":\"https:\/\/juliasmagazine.com.br\/?p=37683#primaryimage\",\"url\":\"https:\/\/juliasmagazine.com.br\/wp-content\/uploads\/2026\/09\/37683-escolas-do-grupo-especial-escolhem-sambas-enredo-do-carnaval-2007.jpg\",\"contentUrl\":\"https:\/\/juliasmagazine.com.br\/wp-content\/uploads\/2026\/09\/37683-escolas-do-grupo-especial-escolhem-sambas-enredo-do-carnaval-2007.jpg\",\"width\":1600,\"height\":800,\"caption\":\"Escolas do Grupo Especial escolhem sambas-enredo do Carnaval 2007\"},{\"@type\":\"BreadcrumbList\",\"@id\":\"https:\/\/juliasmagazine.com.br\/?p=37683#breadcrumb\",\"itemListElement\":[{\"@type\":\"ListItem\",\"position\":1,\"name\":\"In\u00edcio\",\"item\":\"https:\/\/juliasmagazine.com.br\/\"},{\"@type\":\"ListItem\",\"position\":2,\"name\":\"Escolas do Grupo Especial escolhem sambas-enredo do Carnaval 2007\"}]},{\"@type\":\"WebSite\",\"@id\":\"https:\/\/juliasmagazine.com.br\/#website\",\"url\":\"https:\/\/juliasmagazine.com.br\/\",\"name\":\"Julias Magazine\",\"description\":\"A Sua revista eletr\u00f4nica de moda,politica ,viagens ,cultura ,gastronomia e finan\u00e7as. .\",\"publisher\":{\"@id\":\"https:\/\/juliasmagazine.com.br\/#organization\"},\"potentialAction\":[{\"@type\":\"SearchAction\",\"target\":{\"@type\":\"EntryPoint\",\"urlTemplate\":\"https:\/\/juliasmagazine.com.br\/?s={search_term_string}\"},\"query-input\":{\"@type\":\"PropertyValueSpecification\",\"valueRequired\":true,\"valueName\":\"search_term_string\"}}],\"inLanguage\":\"pt-BR\"},{\"@type\":\"Organization\",\"@id\":\"https:\/\/juliasmagazine.com.br\/#organization\",\"name\":\"Julias Magazine\",\"url\":\"https:\/\/juliasmagazine.com.br\/\",\"logo\":{\"@type\":\"ImageObject\",\"inLanguage\":\"pt-BR\",\"@id\":\"https:\/\/juliasmagazine.com.br\/#\/schema\/logo\/image\/\",\"url\":\"https:\/\/oquefazerembalneariocamboriu.com\/wp-content\/uploads\/2023\/02\/o-que-fazer-em-balneario-camboriu.jpg\",\"contentUrl\":\"https:\/\/oquefazerembalneariocamboriu.com\/wp-content\/uploads\/2023\/02\/o-que-fazer-em-balneario-camboriu.jpg\",\"width\":1200,\"height\":675,\"caption\":\"Julias Magazine\"},\"image\":{\"@id\":\"https:\/\/juliasmagazine.com.br\/#\/schema\/logo\/image\/\"}},{\"@type\":\"Person\",\"@id\":\"https:\/\/juliasmagazine.com.br\/#\/schema\/person\/4644cc0cefba8afbd17931d23420f787\",\"name\":\"gestormovie\",\"image\":{\"@type\":\"ImageObject\",\"inLanguage\":\"pt-BR\",\"@id\":\"https:\/\/juliasmagazine.com.br\/#\/schema\/person\/image\/\",\"url\":\"https:\/\/secure.gravatar.com\/avatar\/c07ba4842df2fb5c25da194195cd2cdd8ccc2426824c3276a3f81c597c7a6600?s=96&d=mm&r=g\",\"contentUrl\":\"https:\/\/secure.gravatar.com\/avatar\/c07ba4842df2fb5c25da194195cd2cdd8ccc2426824c3276a3f81c597c7a6600?s=96&d=mm&r=g\",\"caption\":\"gestormovie\"},\"sameAs\":[\"https:\/\/juliasmagazine.com.br\"],\"url\":\"https:\/\/juliasmagazine.com.br\/?author=1\"}]}<\/script>\n<!-- \/ Yoast SEO plugin. -->","yoast_head_json":{"title":"Escolas do Grupo Especial escolhem sambas-enredo do Carnaval 2007 - Julias Magazine","robots":{"index":"index","follow":"follow","max-snippet":"max-snippet:-1","max-image-preview":"max-image-preview:large","max-video-preview":"max-video-preview:-1"},"canonical":"https:\/\/juliasmagazine.com.br\/?p=37683","og_locale":"pt_BR","og_type":"article","og_title":"Escolas do Grupo Especial escolhem sambas-enredo do Carnaval 2007 - Julias Magazine","og_description":"A cinco meses do Carnaval 2027, as escolas do Grupo Especial do Rio de Janeiro d\u00e3o um passo importante para os desfiles, com a escolha dos sambas-enredos que v\u00e3o levar \u00e0 Marqu\u00eas de Sapuca\u00ed nos dias 7, 8 e 9 de fevereiro. A novidade desta temporada, \u00e9 que todo o circuito de eventos est\u00e1 sendo [&hellip;]","og_url":"https:\/\/juliasmagazine.com.br\/?p=37683","og_site_name":"Julias Magazine","article_published_time":"2026-09-04T15:31:40+00:00","og_image":[{"url":"https:\/\/agenciabrasil.ebc.com.br\/ebc.png?id=1701529&o=rss","type":"","width":"","height":""}],"author":"gestormovie","twitter_card":"summary_large_image","twitter_misc":{"Escrito por":"gestormovie","Est. tempo de leitura":"2 minutos"},"schema":{"@context":"https:\/\/schema.org","@graph":[{"@type":"Article","@id":"https:\/\/juliasmagazine.com.br\/?p=37683#article","isPartOf":{"@id":"https:\/\/juliasmagazine.com.br\/?p=37683"},"author":{"name":"gestormovie","@id":"https:\/\/juliasmagazine.com.br\/#\/schema\/person\/4644cc0cefba8afbd17931d23420f787"},"headline":"Escolas do Grupo Especial escolhem sambas-enredo do Carnaval 2007","datePublished":"2026-09-04T15:31:40+00:00","dateModified":"2026-09-04T15:31:40+00:00","mainEntityOfPage":{"@id":"https:\/\/juliasmagazine.com.br\/?p=37683"},"wordCount":472,"commentCount":0,"publisher":{"@id":"https:\/\/juliasmagazine.com.br\/#organization"},"image":{"@id":"https:\/\/juliasmagazine.com.br\/?p=37683#primaryimage"},"thumbnailUrl":"https:\/\/juliasmagazine.com.br\/wp-content\/uploads\/2026\/09\/37683-escolas-do-grupo-especial-escolhem-sambas-enredo-do-carnaval-2007.jpg","articleSection":["Cultura e Entretenimento"],"inLanguage":"pt-BR","potentialAction":[{"@type":"CommentAction","name":"Comment","target":["https:\/\/juliasmagazine.com.br\/?p=37683#respond"]}]},{"@type":"WebPage","@id":"https:\/\/juliasmagazine.com.br\/?p=37683","url":"https:\/\/juliasmagazine.com.br\/?p=37683","name":"Escolas do Grupo Especial escolhem sambas-enredo do Carnaval 2007 - Julias Magazine","isPartOf":{"@id":"https:\/\/juliasmagazine.com.br\/#website"},"primaryImageOfPage":{"@id":"https:\/\/juliasmagazine.com.br\/?p=37683#primaryimage"},"image":{"@id":"https:\/\/juliasmagazine.com.br\/?p=37683#primaryimage"},"thumbnailUrl":"https:\/\/juliasmagazine.com.br\/wp-content\/uploads\/2026\/09\/37683-escolas-do-grupo-especial-escolhem-sambas-enredo-do-carnaval-2007.jpg","datePublished":"2026-09-04T15:31:40+00:00","dateModified":"2026-09-04T15:31:40+00:00","breadcrumb":{"@id":"https:\/\/juliasmagazine.com.br\/?p=37683#breadcrumb"},"inLanguage":"pt-BR","potentialAction":[{"@type":"ReadAction","target":["https:\/\/juliasmagazine.com.br\/?p=37683"]}]},{"@type":"ImageObject","inLanguage":"pt-BR","@id":"https:\/\/juliasmagazine.com.br\/?p=37683#primaryimage","url":"https:\/\/juliasmagazine.com.br\/wp-content\/uploads\/2026\/09\/37683-escolas-do-grupo-especial-escolhem-sambas-enredo-do-carnaval-2007.jpg","contentUrl":"https:\/\/juliasmagazine.com.br\/wp-content\/uploads\/2026\/09\/37683-escolas-do-grupo-especial-escolhem-sambas-enredo-do-carnaval-2007.jpg","width":1600,"height":800,"caption":"Escolas do Grupo Especial escolhem sambas-enredo do Carnaval 2007"},{"@type":"BreadcrumbList","@id":"https:\/\/juliasmagazine.com.br\/?p=37683#breadcrumb","itemListElement":[{"@type":"ListItem","position":1,"name":"In\u00edcio","item":"https:\/\/juliasmagazine.com.br\/"},{"@type":"ListItem","position":2,"name":"Escolas do Grupo Especial escolhem sambas-enredo do Carnaval 2007"}]},{"@type":"WebSite","@id":"https:\/\/juliasmagazine.com.br\/#website","url":"https:\/\/juliasmagazine.com.br\/","name":"Julias Magazine","description":"A Sua revista eletr\u00f4nica de moda,politica ,viagens ,cultura ,gastronomia e finan\u00e7as. .","publisher":{"@id":"https:\/\/juliasmagazine.com.br\/#organization"},"potentialAction":[{"@type":"SearchAction","target":{"@type":"EntryPoint","urlTemplate":"https:\/\/juliasmagazine.com.br\/?s={search_term_string}"},"query-input":{"@type":"PropertyValueSpecification","valueRequired":true,"valueName":"search_term_string"}}],"inLanguage":"pt-BR"},{"@type":"Organization","@id":"https:\/\/juliasmagazine.com.br\/#organization","name":"Julias Magazine","url":"https:\/\/juliasmagazine.com.br\/","logo":{"@type":"ImageObject","inLanguage":"pt-BR","@id":"https:\/\/juliasmagazine.com.br\/#\/schema\/logo\/image\/","url":"https:\/\/oquefazerembalneariocamboriu.com\/wp-content\/uploads\/2023\/02\/o-que-fazer-em-balneario-camboriu.jpg","contentUrl":"https:\/\/oquefazerembalneariocamboriu.com\/wp-content\/uploads\/2023\/02\/o-que-fazer-em-balneario-camboriu.jpg","width":1200,"height":675,"caption":"Julias Magazine"},"image":{"@id":"https:\/\/juliasmagazine.com.br\/#\/schema\/logo\/image\/"}},{"@type":"Person","@id":"https:\/\/juliasmagazine.com.br\/#\/schema\/person\/4644cc0cefba8afbd17931d23420f787","name":"gestormovie","image":{"@type":"ImageObject","inLanguage":"pt-BR","@id":"https:\/\/juliasmagazine.com.br\/#\/schema\/person\/image\/","url":"https:\/\/secure.gravatar.com\/avatar\/c07ba4842df2fb5c25da194195cd2cdd8ccc2426824c3276a3f81c597c7a6600?s=96&d=mm&r=g","contentUrl":"https:\/\/secure.gravatar.com\/avatar\/c07ba4842df2fb5c25da194195cd2cdd8ccc2426824c3276a3f81c597c7a6600?s=96&d=mm&r=g","caption":"gestormovie"},"sameAs":["https:\/\/juliasmagazine.com.br"],"url":"https:\/\/juliasmagazine.com.br\/?author=1"}]}},"_links":{"self":[{"href":"https:\/\/juliasmagazine.com.br\/index.php?rest_route=\/wp\/v2\/posts\/37683","targetHints":{"allow":["GET"]}}],"collection":[{"href":"https:\/\/juliasmagazine.com.br\/index.php?rest_route=\/wp\/v2\/posts"}],"about":[{"href":"https:\/\/juliasmagazine.com.br\/index.php?rest_route=\/wp\/v2\/types\/post"}],"author":[{"embeddable":true,"href":"https:\/\/juliasmagazine.com.br\/index.php?rest_route=\/wp\/v2\/users\/1"}],"replies":[{"embeddable":true,"href":"https:\/\/juliasmagazine.com.br\/index.php?rest_route=%2Fwp%2Fv2%2Fcomments&post=37683"}],"version-history":[{"count":0,"href":"https:\/\/juliasmagazine.com.br\/index.php?rest_route=\/wp\/v2\/posts\/37683\/revisions"}],"wp:featuredmedia":[{"embeddable":true,"href":"https:\/\/juliasmagazine.com.br\/index.php?rest_route=\/wp\/v2\/media\/37684"}],"wp:attachment":[{"href":"https:\/\/juliasmagazine.com.br\/index.php?rest_route=%2Fwp%2Fv2%2Fmedia&parent=37683"}],"wp:term":[{"taxonomy":"category","embeddable":true,"href":"https:\/\/juliasmagazine.com.br\/index.php?rest_route=%2Fwp%2Fv2%2Fcategories&post=37683"},{"taxonomy":"post_tag","embeddable":true,"href":"https:\/\/juliasmagazine.com.br\/index.php?rest_route=%2Fwp%2Fv2%2Ftags&post=37683"}],"curies":[{"name":"wp","href":"https:\/\/api.w.org\/{rel}","templated":true}]}}