{"id":37667,"date":"2026-09-04T07:39:01","date_gmt":"2026-09-04T10:39:01","guid":{"rendered":"https:\/\/juliasmagazine.com.br\/?p=37667"},"modified":"2026-09-04T07:39:01","modified_gmt":"2026-09-04T10:39:01","slug":"tre-rj-vai-oferecer-transporte-gratuito-na-eleicao-em-3-localidades","status":"publish","type":"post","link":"https:\/\/juliasmagazine.com.br\/?p=37667","title":{"rendered":"TRE-RJ vai oferecer transporte gratuito na elei\u00e7\u00e3o em 3 localidades"},"content":{"rendered":"<\/p>\n<p><a class=\"\" href=\"https:\/\/agenciabrasil.ebc.com.br\/justica\/noticia\/2026-09\/tre-rj-vai-oferecer-transporte-gratuito-na-eleicao-em-3-localidades\"><br \/>\n                    <img decoding=\"async\" src=\"https:\/\/cdn.jsdelivr.net\/gh\/sergiosdlima\/assets-ebc@1.0.0\/abr\/assets\/images\/logo-agenciabrasil.svg\" alt=\"Logo Ag\u00eancia Brasil\"><br \/>\n\t\t\t\t<\/a><\/p>\n<p>O Tribunal Regional Eleitoral do Rio de Janeiro (TRE-RJ) vai oferecer transporte gratuito e adaptado a pessoas com defici\u00eancia ou mobilidade reduzida em tr\u00eas localidades do estado. O projeto-piloto faz parte do programa Seu Voto Importa, institu\u00eddo por resolu\u00e7\u00e3o do Tribunal Superior Eleitoral (TSE).<img decoding=\"async\" src=\"https:\/\/agenciabrasil.ebc.com.br\/ebc.png?id=1701509&#038;o=rss\"><img decoding=\"async\" src=\"https:\/\/agenciabrasil.ebc.com.br\/ebc.gif?id=1701509&#038;o=rss\"><\/p>\n<p><strong>O servi\u00e7o estar\u00e1 dispon\u00edvel no Complexo da Mar\u00e9, na zona norte do Rio, onde houve mudan\u00e7as de locais de vota\u00e7\u00e3o por motivos de seguran\u00e7a, e nos munic\u00edpios de S\u00e3o Pedro da Aldeia, na Regi\u00e3o dos Lagos, e Itaocara, no noroeste Fluminense. O transporte ser\u00e1 feito\u00a0em ve\u00edculos adaptados.<\/strong><\/p>\n<\/p>\n<h3>Not\u00edcias relacionadas:<\/h3>\n<ul>\n<li><a href=\"https:\/\/agenciabrasil.ebc.com.br\/justica\/noticia\/2026-08\/eleicoes-2026-saiba-o-que-e-permitido-e-proibido-no-dia-da-votacao\">Elei\u00e7\u00f5es 2026: saiba o que \u00e9 permitido e proibido no dia da vota\u00e7\u00e3o.<\/a><\/li>\n<li><a href=\"https:\/\/agenciabrasil.ebc.com.br\/politica\/noticia\/2026-08\/eleicoes-2026-mulheres-negras-divulgam-manifesto-para-candidaturas\">Elei\u00e7\u00f5es 2026: mulheres negras divulgam manifesto para candidaturas.<\/a><\/li>\n<li><a href=\"https:\/\/agenciabrasil.ebc.com.br\/politica\/noticia\/2026-08\/tse-lanca-campanha-para-estimular-participacao-nas-eleicoes-2026\">TSE lan\u00e7a campanha para estimular participa\u00e7\u00e3o nas elei\u00e7\u00f5es 2026.<\/a><\/li>\n<\/ul>\n<p><strong>A solicita\u00e7\u00e3o poder\u00e1 ser feita pelo eleitor, por procurador, apoiador ou curador, mediante\u00a0formul\u00e1rio online, a partir desta sexta-feira (4). O prazo termina em 14 de setembro, 20 dias antes do primeiro turno. N\u00e3o ser\u00e1 necess\u00e1rio apresentar laudo m\u00e9dico: a autodeclara\u00e7\u00e3o ser\u00e1 suficiente.<\/strong><\/p>\n<p>Em Itaocara e S\u00e3o Pedro da Aldeia, o servi\u00e7o abranger\u00e1 todo o munic\u00edpio. O eleitor ser\u00e1 buscado no endere\u00e7o indicado e levado de volta ap\u00f3s votar, independentemente da localiza\u00e7\u00e3o de sua se\u00e7\u00e3o eleitoral.<\/p>\n<p>Na Mar\u00e9, o projeto-piloto contar\u00e1 com quatro pontos de embarque e levar\u00e1 eleitores que votem no Bonsucesso Futebol Clube (Avenida Teixeira de Castro 54), no Centro Educacional Gama e Souza (Avenida Teixeira de Castro 70\/72) e na Igreja Nossa Senhora de Bonsucesso de Inha\u00fama (Rua Olga 21). Os tr\u00eas locais de vota\u00e7\u00e3o ficam em Bonsucesso.<\/p>\n<p><strong>A solicita\u00e7\u00e3o n\u00e3o garante automaticamente a disponibiliza\u00e7\u00e3o do transporte. Os pedidos ser\u00e3o analisados de acordo com a oferta de ve\u00edculos, o grau de dificuldade de locomo\u00e7\u00e3o, a disponibilidade de transporte p\u00fablico acess\u00edvel na regi\u00e3o e a dist\u00e2ncia at\u00e9 o local de vota\u00e7\u00e3o. A Justi\u00e7a Eleitoral tem at\u00e9 48 horas antes da vota\u00e7\u00e3o para responder \u00e0s solicita\u00e7\u00f5es. Caso haja segundo turno, um novo pedido deve ser formulado.\u00a0<\/strong><\/p>\n<p>No formul\u00e1rio, o eleitor dever\u00e1 informar seus dados pessoais, o endere\u00e7o onde deseja ser buscado, a necessidade ou n\u00e3o de acompanhante, o tipo de defici\u00eancia ou condi\u00e7\u00e3o (defici\u00eancia f\u00edsica, visual, intelectual, mobilidade reduzida ou outra).<\/p>\n<h2>Demais eleitores<\/h2>\n<p>Nos dias de vota\u00e7\u00e3o, os demais eleitores do estado tamb\u00e9m contar\u00e3o com transporte p\u00fablico coletivo gratuito. A medida abrange \u00f4nibus municipais e intermunicipais, trens, metr\u00f4, barcas e VLT, conforme resolu\u00e7\u00f5es do TSE e do TRE-RJ.<\/p>\n<p>Para orientar o eleitorado sobre os servi\u00e7os dispon\u00edveis em cada munic\u00edpio, o TRE-RJ preparou um guia de consulta com <a href=\"https:\/\/www.tre-rj.jus.br\/servicos-eleitorais\/atendimento-on-line\" target=\"_blank\">informa\u00e7\u00f5es<\/a> fornecidas pelas prefeituras e pelo governo do estado. O conte\u00fado est\u00e1 organizado em ordem alfab\u00e9tica por localidade.<\/p>\n","protected":false},"excerpt":{"rendered":"<p>O Tribunal Regional Eleitoral do Rio de Janeiro (TRE-RJ) vai oferecer transporte gratuito e adaptado a pessoas com defici\u00eancia ou mobilidade reduzida em tr\u00eas localidades do estado. O projeto-piloto faz parte do programa Seu Voto Importa, institu\u00eddo por resolu\u00e7\u00e3o do Tribunal Superior Eleitoral (TSE). O servi\u00e7o estar\u00e1 dispon\u00edvel no Complexo da Mar\u00e9, na zona norte [&hellip;]<\/p>\n","protected":false},"author":512,"featured_media":37668,"comment_status":"open","ping_status":"open","sticky":false,"template":"","format":"standard","meta":{"site-sidebar-layout":"default","site-content-layout":"","ast-site-content-layout":"","site-content-style":"default","site-sidebar-style":"default","ast-global-header-display":"","ast-banner-title-visibility":"","ast-main-header-display":"","ast-hfb-above-header-display":"","ast-hfb-below-header-display":"","ast-hfb-mobile-header-display":"","site-post-title":"","ast-breadcrumbs-content":"","ast-featured-img":"","footer-sml-layout":"","theme-transparent-header-meta":"","adv-header-id-meta":"","stick-header-meta":"","header-above-stick-meta":"","header-main-stick-meta":"","header-below-stick-meta":"","astra-migrate-meta-layouts":"default","ast-page-background-enabled":"default","ast-page-background-meta":{"desktop":{"background-color":"var(--ast-global-color-4)","background-image":"","background-repeat":"repeat","background-position":"center center","background-size":"auto","background-attachment":"scroll","background-type":"","background-media":"","overlay-type":"","overlay-color":"","overlay-opacity":"","overlay-gradient":""},"tablet":{"background-color":"","background-image":"","background-repeat":"repeat","background-position":"center center","background-size":"auto","background-attachment":"scroll","background-type":"","background-media":"","overlay-type":"","overlay-color":"","overlay-opacity":"","overlay-gradient":""},"mobile":{"background-color":"","background-image":"","background-repeat":"repeat","background-position":"center center","background-size":"auto","background-attachment":"scroll","background-type":"","background-media":"","overlay-type":"","overlay-color":"","overlay-opacity":"","overlay-gradient":""}},"ast-content-background-meta":{"desktop":{"background-color":"var(--ast-global-color-5)","background-image":"","background-repeat":"repeat","background-position":"center center","background-size":"auto","background-attachment":"scroll","background-type":"","background-media":"","overlay-type":"","overlay-color":"","overlay-opacity":"","overlay-gradient":""},"tablet":{"background-color":"var(--ast-global-color-5)","background-image":"","background-repeat":"repeat","background-position":"center center","background-size":"auto","background-attachment":"scroll","background-type":"","background-media":"","overlay-type":"","overlay-color":"","overlay-opacity":"","overlay-gradient":""},"mobile":{"background-color":"var(--ast-global-color-5)","background-image":"","background-repeat":"repeat","background-position":"center center","background-size":"auto","background-attachment":"scroll","background-type":"","background-media":"","overlay-type":"","overlay-color":"","overlay-opacity":"","overlay-gradient":""}},"footnotes":""},"categories":[3],"tags":[],"class_list":["post-37667","post","type-post","status-publish","format-standard","has-post-thumbnail","hentry","category-seguranca-e-justica"],"yoast_head":"<!-- This site is optimized with the Yoast SEO plugin v24.1 - https:\/\/yoast.com\/wordpress\/plugins\/seo\/ -->\n<title>TRE-RJ vai oferecer transporte gratuito na elei\u00e7\u00e3o em 3 localidades - Julias Magazine<\/title>\n<meta name=\"robots\" content=\"index, follow, max-snippet:-1, max-image-preview:large, max-video-preview:-1\" \/>\n<link rel=\"canonical\" href=\"https:\/\/juliasmagazine.com.br\/?p=37667\" \/>\n<meta property=\"og:locale\" content=\"pt_BR\" \/>\n<meta property=\"og:type\" content=\"article\" \/>\n<meta property=\"og:title\" content=\"TRE-RJ vai oferecer transporte gratuito na elei\u00e7\u00e3o em 3 localidades - Julias Magazine\" \/>\n<meta property=\"og:description\" content=\"O Tribunal Regional Eleitoral do Rio de Janeiro (TRE-RJ) vai oferecer transporte gratuito e adaptado a pessoas com defici\u00eancia ou mobilidade reduzida em tr\u00eas localidades do estado. O projeto-piloto faz parte do programa Seu Voto Importa, institu\u00eddo por resolu\u00e7\u00e3o do Tribunal Superior Eleitoral (TSE). O servi\u00e7o estar\u00e1 dispon\u00edvel no Complexo da Mar\u00e9, na zona norte [&hellip;]\" \/>\n<meta property=\"og:url\" content=\"https:\/\/juliasmagazine.com.br\/?p=37667\" \/>\n<meta property=\"og:site_name\" content=\"Julias Magazine\" \/>\n<meta property=\"article:published_time\" content=\"2026-09-04T10:39:01+00:00\" \/>\n<meta property=\"og:image\" content=\"https:\/\/cdn.jsdelivr.net\/gh\/sergiosdlima\/assets-ebc@1.0.0\/abr\/assets\/images\/logo-agenciabrasil.svg\" \/>\n<meta name=\"author\" content=\"Douglas\" \/>\n<meta name=\"twitter:card\" content=\"summary_large_image\" \/>\n<meta name=\"twitter:label1\" content=\"Escrito por\" \/>\n\t<meta name=\"twitter:data1\" content=\"Douglas\" \/>\n\t<meta name=\"twitter:label2\" content=\"Est. tempo de leitura\" \/>\n\t<meta name=\"twitter:data2\" content=\"2 minutos\" \/>\n<script type=\"application\/ld+json\" class=\"yoast-schema-graph\">{\"@context\":\"https:\/\/schema.org\",\"@graph\":[{\"@type\":\"Article\",\"@id\":\"https:\/\/juliasmagazine.com.br\/?p=37667#article\",\"isPartOf\":{\"@id\":\"https:\/\/juliasmagazine.com.br\/?p=37667\"},\"author\":{\"name\":\"Douglas\",\"@id\":\"https:\/\/juliasmagazine.com.br\/#\/schema\/person\/b5fd6b7d5c6b31e540f9c2cc493482b0\"},\"headline\":\"TRE-RJ vai oferecer transporte gratuito na elei\u00e7\u00e3o em 3 localidades\",\"datePublished\":\"2026-09-04T10:39:01+00:00\",\"dateModified\":\"2026-09-04T10:39:01+00:00\",\"mainEntityOfPage\":{\"@id\":\"https:\/\/juliasmagazine.com.br\/?p=37667\"},\"wordCount\":497,\"commentCount\":0,\"publisher\":{\"@id\":\"https:\/\/juliasmagazine.com.br\/#organization\"},\"image\":{\"@id\":\"https:\/\/juliasmagazine.com.br\/?p=37667#primaryimage\"},\"thumbnailUrl\":\"https:\/\/juliasmagazine.com.br\/wp-content\/uploads\/2026\/09\/37667-tre-rj-vai-oferecer-transporte-gratuito-na-eleicao-em-3-localidades.jpg\",\"articleSection\":[\"Seguran\u00e7a e Justi\u00e7a\"],\"inLanguage\":\"pt-BR\",\"potentialAction\":[{\"@type\":\"CommentAction\",\"name\":\"Comment\",\"target\":[\"https:\/\/juliasmagazine.com.br\/?p=37667#respond\"]}]},{\"@type\":\"WebPage\",\"@id\":\"https:\/\/juliasmagazine.com.br\/?p=37667\",\"url\":\"https:\/\/juliasmagazine.com.br\/?p=37667\",\"name\":\"TRE-RJ vai oferecer transporte gratuito na elei\u00e7\u00e3o em 3 localidades - Julias Magazine\",\"isPartOf\":{\"@id\":\"https:\/\/juliasmagazine.com.br\/#website\"},\"primaryImageOfPage\":{\"@id\":\"https:\/\/juliasmagazine.com.br\/?p=37667#primaryimage\"},\"image\":{\"@id\":\"https:\/\/juliasmagazine.com.br\/?p=37667#primaryimage\"},\"thumbnailUrl\":\"https:\/\/juliasmagazine.com.br\/wp-content\/uploads\/2026\/09\/37667-tre-rj-vai-oferecer-transporte-gratuito-na-eleicao-em-3-localidades.jpg\",\"datePublished\":\"2026-09-04T10:39:01+00:00\",\"dateModified\":\"2026-09-04T10:39:01+00:00\",\"breadcrumb\":{\"@id\":\"https:\/\/juliasmagazine.com.br\/?p=37667#breadcrumb\"},\"inLanguage\":\"pt-BR\",\"potentialAction\":[{\"@type\":\"ReadAction\",\"target\":[\"https:\/\/juliasmagazine.com.br\/?p=37667\"]}]},{\"@type\":\"ImageObject\",\"inLanguage\":\"pt-BR\",\"@id\":\"https:\/\/juliasmagazine.com.br\/?p=37667#primaryimage\",\"url\":\"https:\/\/juliasmagazine.com.br\/wp-content\/uploads\/2026\/09\/37667-tre-rj-vai-oferecer-transporte-gratuito-na-eleicao-em-3-localidades.jpg\",\"contentUrl\":\"https:\/\/juliasmagazine.com.br\/wp-content\/uploads\/2026\/09\/37667-tre-rj-vai-oferecer-transporte-gratuito-na-eleicao-em-3-localidades.jpg\",\"width\":1600,\"height\":800,\"caption\":\"TRE-RJ vai oferecer transporte gratuito na elei\u00e7\u00e3o em 3 localidades\"},{\"@type\":\"BreadcrumbList\",\"@id\":\"https:\/\/juliasmagazine.com.br\/?p=37667#breadcrumb\",\"itemListElement\":[{\"@type\":\"ListItem\",\"position\":1,\"name\":\"In\u00edcio\",\"item\":\"https:\/\/juliasmagazine.com.br\/\"},{\"@type\":\"ListItem\",\"position\":2,\"name\":\"TRE-RJ vai oferecer transporte gratuito na elei\u00e7\u00e3o em 3 localidades\"}]},{\"@type\":\"WebSite\",\"@id\":\"https:\/\/juliasmagazine.com.br\/#website\",\"url\":\"https:\/\/juliasmagazine.com.br\/\",\"name\":\"Julias Magazine\",\"description\":\"A Sua revista eletr\u00f4nica de moda,politica ,viagens ,cultura ,gastronomia e finan\u00e7as. .\",\"publisher\":{\"@id\":\"https:\/\/juliasmagazine.com.br\/#organization\"},\"potentialAction\":[{\"@type\":\"SearchAction\",\"target\":{\"@type\":\"EntryPoint\",\"urlTemplate\":\"https:\/\/juliasmagazine.com.br\/?s={search_term_string}\"},\"query-input\":{\"@type\":\"PropertyValueSpecification\",\"valueRequired\":true,\"valueName\":\"search_term_string\"}}],\"inLanguage\":\"pt-BR\"},{\"@type\":\"Organization\",\"@id\":\"https:\/\/juliasmagazine.com.br\/#organization\",\"name\":\"Julias Magazine\",\"url\":\"https:\/\/juliasmagazine.com.br\/\",\"logo\":{\"@type\":\"ImageObject\",\"inLanguage\":\"pt-BR\",\"@id\":\"https:\/\/juliasmagazine.com.br\/#\/schema\/logo\/image\/\",\"url\":\"https:\/\/oquefazerembalneariocamboriu.com\/wp-content\/uploads\/2023\/02\/o-que-fazer-em-balneario-camboriu.jpg\",\"contentUrl\":\"https:\/\/oquefazerembalneariocamboriu.com\/wp-content\/uploads\/2023\/02\/o-que-fazer-em-balneario-camboriu.jpg\",\"width\":1200,\"height\":675,\"caption\":\"Julias Magazine\"},\"image\":{\"@id\":\"https:\/\/juliasmagazine.com.br\/#\/schema\/logo\/image\/\"}},{\"@type\":\"Person\",\"@id\":\"https:\/\/juliasmagazine.com.br\/#\/schema\/person\/b5fd6b7d5c6b31e540f9c2cc493482b0\",\"name\":\"Douglas\",\"image\":{\"@type\":\"ImageObject\",\"inLanguage\":\"pt-BR\",\"@id\":\"https:\/\/juliasmagazine.com.br\/#\/schema\/person\/image\/\",\"url\":\"https:\/\/secure.gravatar.com\/avatar\/b4b5562acb8635833c2df22cb1d30f4b974607022bea6cedbb40be20922baf73?s=96&d=mm&r=g\",\"contentUrl\":\"https:\/\/secure.gravatar.com\/avatar\/b4b5562acb8635833c2df22cb1d30f4b974607022bea6cedbb40be20922baf73?s=96&d=mm&r=g\",\"caption\":\"Douglas\"},\"url\":\"https:\/\/juliasmagazine.com.br\/?author=512\"}]}<\/script>\n<!-- \/ Yoast SEO plugin. -->","yoast_head_json":{"title":"TRE-RJ vai oferecer transporte gratuito na elei\u00e7\u00e3o em 3 localidades - Julias Magazine","robots":{"index":"index","follow":"follow","max-snippet":"max-snippet:-1","max-image-preview":"max-image-preview:large","max-video-preview":"max-video-preview:-1"},"canonical":"https:\/\/juliasmagazine.com.br\/?p=37667","og_locale":"pt_BR","og_type":"article","og_title":"TRE-RJ vai oferecer transporte gratuito na elei\u00e7\u00e3o em 3 localidades - Julias Magazine","og_description":"O Tribunal Regional Eleitoral do Rio de Janeiro (TRE-RJ) vai oferecer transporte gratuito e adaptado a pessoas com defici\u00eancia ou mobilidade reduzida em tr\u00eas localidades do estado. O projeto-piloto faz parte do programa Seu Voto Importa, institu\u00eddo por resolu\u00e7\u00e3o do Tribunal Superior Eleitoral (TSE). O servi\u00e7o estar\u00e1 dispon\u00edvel no Complexo da Mar\u00e9, na zona norte [&hellip;]","og_url":"https:\/\/juliasmagazine.com.br\/?p=37667","og_site_name":"Julias Magazine","article_published_time":"2026-09-04T10:39:01+00:00","og_image":[{"url":"https:\/\/cdn.jsdelivr.net\/gh\/sergiosdlima\/assets-ebc@1.0.0\/abr\/assets\/images\/logo-agenciabrasil.svg","type":"","width":"","height":""}],"author":"Douglas","twitter_card":"summary_large_image","twitter_misc":{"Escrito por":"Douglas","Est. tempo de leitura":"2 minutos"},"schema":{"@context":"https:\/\/schema.org","@graph":[{"@type":"Article","@id":"https:\/\/juliasmagazine.com.br\/?p=37667#article","isPartOf":{"@id":"https:\/\/juliasmagazine.com.br\/?p=37667"},"author":{"name":"Douglas","@id":"https:\/\/juliasmagazine.com.br\/#\/schema\/person\/b5fd6b7d5c6b31e540f9c2cc493482b0"},"headline":"TRE-RJ vai oferecer transporte gratuito na elei\u00e7\u00e3o em 3 localidades","datePublished":"2026-09-04T10:39:01+00:00","dateModified":"2026-09-04T10:39:01+00:00","mainEntityOfPage":{"@id":"https:\/\/juliasmagazine.com.br\/?p=37667"},"wordCount":497,"commentCount":0,"publisher":{"@id":"https:\/\/juliasmagazine.com.br\/#organization"},"image":{"@id":"https:\/\/juliasmagazine.com.br\/?p=37667#primaryimage"},"thumbnailUrl":"https:\/\/juliasmagazine.com.br\/wp-content\/uploads\/2026\/09\/37667-tre-rj-vai-oferecer-transporte-gratuito-na-eleicao-em-3-localidades.jpg","articleSection":["Seguran\u00e7a e Justi\u00e7a"],"inLanguage":"pt-BR","potentialAction":[{"@type":"CommentAction","name":"Comment","target":["https:\/\/juliasmagazine.com.br\/?p=37667#respond"]}]},{"@type":"WebPage","@id":"https:\/\/juliasmagazine.com.br\/?p=37667","url":"https:\/\/juliasmagazine.com.br\/?p=37667","name":"TRE-RJ vai oferecer transporte gratuito na elei\u00e7\u00e3o em 3 localidades - Julias Magazine","isPartOf":{"@id":"https:\/\/juliasmagazine.com.br\/#website"},"primaryImageOfPage":{"@id":"https:\/\/juliasmagazine.com.br\/?p=37667#primaryimage"},"image":{"@id":"https:\/\/juliasmagazine.com.br\/?p=37667#primaryimage"},"thumbnailUrl":"https:\/\/juliasmagazine.com.br\/wp-content\/uploads\/2026\/09\/37667-tre-rj-vai-oferecer-transporte-gratuito-na-eleicao-em-3-localidades.jpg","datePublished":"2026-09-04T10:39:01+00:00","dateModified":"2026-09-04T10:39:01+00:00","breadcrumb":{"@id":"https:\/\/juliasmagazine.com.br\/?p=37667#breadcrumb"},"inLanguage":"pt-BR","potentialAction":[{"@type":"ReadAction","target":["https:\/\/juliasmagazine.com.br\/?p=37667"]}]},{"@type":"ImageObject","inLanguage":"pt-BR","@id":"https:\/\/juliasmagazine.com.br\/?p=37667#primaryimage","url":"https:\/\/juliasmagazine.com.br\/wp-content\/uploads\/2026\/09\/37667-tre-rj-vai-oferecer-transporte-gratuito-na-eleicao-em-3-localidades.jpg","contentUrl":"https:\/\/juliasmagazine.com.br\/wp-content\/uploads\/2026\/09\/37667-tre-rj-vai-oferecer-transporte-gratuito-na-eleicao-em-3-localidades.jpg","width":1600,"height":800,"caption":"TRE-RJ vai oferecer transporte gratuito na elei\u00e7\u00e3o em 3 localidades"},{"@type":"BreadcrumbList","@id":"https:\/\/juliasmagazine.com.br\/?p=37667#breadcrumb","itemListElement":[{"@type":"ListItem","position":1,"name":"In\u00edcio","item":"https:\/\/juliasmagazine.com.br\/"},{"@type":"ListItem","position":2,"name":"TRE-RJ vai oferecer transporte gratuito na elei\u00e7\u00e3o em 3 localidades"}]},{"@type":"WebSite","@id":"https:\/\/juliasmagazine.com.br\/#website","url":"https:\/\/juliasmagazine.com.br\/","name":"Julias Magazine","description":"A Sua revista eletr\u00f4nica de moda,politica ,viagens ,cultura ,gastronomia e finan\u00e7as. .","publisher":{"@id":"https:\/\/juliasmagazine.com.br\/#organization"},"potentialAction":[{"@type":"SearchAction","target":{"@type":"EntryPoint","urlTemplate":"https:\/\/juliasmagazine.com.br\/?s={search_term_string}"},"query-input":{"@type":"PropertyValueSpecification","valueRequired":true,"valueName":"search_term_string"}}],"inLanguage":"pt-BR"},{"@type":"Organization","@id":"https:\/\/juliasmagazine.com.br\/#organization","name":"Julias Magazine","url":"https:\/\/juliasmagazine.com.br\/","logo":{"@type":"ImageObject","inLanguage":"pt-BR","@id":"https:\/\/juliasmagazine.com.br\/#\/schema\/logo\/image\/","url":"https:\/\/oquefazerembalneariocamboriu.com\/wp-content\/uploads\/2023\/02\/o-que-fazer-em-balneario-camboriu.jpg","contentUrl":"https:\/\/oquefazerembalneariocamboriu.com\/wp-content\/uploads\/2023\/02\/o-que-fazer-em-balneario-camboriu.jpg","width":1200,"height":675,"caption":"Julias Magazine"},"image":{"@id":"https:\/\/juliasmagazine.com.br\/#\/schema\/logo\/image\/"}},{"@type":"Person","@id":"https:\/\/juliasmagazine.com.br\/#\/schema\/person\/b5fd6b7d5c6b31e540f9c2cc493482b0","name":"Douglas","image":{"@type":"ImageObject","inLanguage":"pt-BR","@id":"https:\/\/juliasmagazine.com.br\/#\/schema\/person\/image\/","url":"https:\/\/secure.gravatar.com\/avatar\/b4b5562acb8635833c2df22cb1d30f4b974607022bea6cedbb40be20922baf73?s=96&d=mm&r=g","contentUrl":"https:\/\/secure.gravatar.com\/avatar\/b4b5562acb8635833c2df22cb1d30f4b974607022bea6cedbb40be20922baf73?s=96&d=mm&r=g","caption":"Douglas"},"url":"https:\/\/juliasmagazine.com.br\/?author=512"}]}},"_links":{"self":[{"href":"https:\/\/juliasmagazine.com.br\/index.php?rest_route=\/wp\/v2\/posts\/37667","targetHints":{"allow":["GET"]}}],"collection":[{"href":"https:\/\/juliasmagazine.com.br\/index.php?rest_route=\/wp\/v2\/posts"}],"about":[{"href":"https:\/\/juliasmagazine.com.br\/index.php?rest_route=\/wp\/v2\/types\/post"}],"author":[{"embeddable":true,"href":"https:\/\/juliasmagazine.com.br\/index.php?rest_route=\/wp\/v2\/users\/512"}],"replies":[{"embeddable":true,"href":"https:\/\/juliasmagazine.com.br\/index.php?rest_route=%2Fwp%2Fv2%2Fcomments&post=37667"}],"version-history":[{"count":0,"href":"https:\/\/juliasmagazine.com.br\/index.php?rest_route=\/wp\/v2\/posts\/37667\/revisions"}],"wp:featuredmedia":[{"embeddable":true,"href":"https:\/\/juliasmagazine.com.br\/index.php?rest_route=\/wp\/v2\/media\/37668"}],"wp:attachment":[{"href":"https:\/\/juliasmagazine.com.br\/index.php?rest_route=%2Fwp%2Fv2%2Fmedia&parent=37667"}],"wp:term":[{"taxonomy":"category","embeddable":true,"href":"https:\/\/juliasmagazine.com.br\/index.php?rest_route=%2Fwp%2Fv2%2Fcategories&post=37667"},{"taxonomy":"post_tag","embeddable":true,"href":"https:\/\/juliasmagazine.com.br\/index.php?rest_route=%2Fwp%2Fv2%2Ftags&post=37667"}],"curies":[{"name":"wp","href":"https:\/\/api.w.org\/{rel}","templated":true}]}}