{"id":37653,"date":"2026-09-03T21:45:58","date_gmt":"2026-09-04T00:45:58","guid":{"rendered":"https:\/\/juliasmagazine.com.br\/?p=37653"},"modified":"2026-09-03T21:45:58","modified_gmt":"2026-09-04T00:45:58","slug":"tre-indefere-candidatura-de-jose-roberto-arruda-ao-governo-do-df","status":"publish","type":"post","link":"https:\/\/juliasmagazine.com.br\/?p=37653","title":{"rendered":"TRE indefere candidatura de Jos\u00e9 Roberto Arruda ao governo do DF"},"content":{"rendered":"<\/p>\n<p><a class=\"\" href=\"https:\/\/agenciabrasil.ebc.com.br\/justica\/noticia\/2026-09\/tre-indefere-candidatura-de-jose-roberto-arruda-ao-governo-do-df\"><br \/>\n                    <img decoding=\"async\" src=\"https:\/\/cdn.jsdelivr.net\/gh\/sergiosdlima\/assets-ebc@1.0.0\/abr\/assets\/images\/logo-agenciabrasil.svg\" alt=\"Logo Ag\u00eancia Brasil\"><br \/>\n\t\t\t\t<\/a><\/p>\n<p><strong>O Tribunal Regional Eleitoral do Distrito Federal (TRE-DF) decidiu nesta quinta-feira (3) indeferir o registro da candidatura do ex-governador Jos\u00e9 Roberto Arruda (PSD) ao cargo de governador do Distrito Federal.\u00a0<\/strong><img decoding=\"async\" src=\"https:\/\/agenciabrasil.ebc.com.br\/ebc.png?id=1701504&#038;o=rss\"><img decoding=\"async\" src=\"https:\/\/agenciabrasil.ebc.com.br\/ebc.gif?id=1701504&#038;o=rss\"><\/p>\n<p><strong>Arruda <a href=\"http:\/\/agenciabrasil.ebc.com.br\/justica\/noticia\/2023-07\/justica-condena-ex-governador-do-df-perda-de-direitos-politicos\">foi condenado por improbidade administrativa<\/a> em um dos processos da Opera\u00e7\u00e3o Caixa de Pandora e est\u00e1 impedido de concorrer pela Lei da Ficha Limpa.\u00a0<\/strong><\/p>\n<\/p>\n<h3>Not\u00edcias relacionadas:<\/h3>\n<ul>\n<li><a href=\"https:\/\/agenciabrasil.ebc.com.br\/justica\/noticia\/2026-08\/stf-marca-para-setembro-retomada-do-julgamento-da-lei-da-ficha-limpa\">STF marca para setembro retomada do julgamento da Lei da Ficha Limpa.<\/a><\/li>\n<\/ul>\n<p>Segundo o relator, desembargador Guilherme Pupe, at\u00e9 a decis\u00e3o do TSE, o candidato pode continuar a campanha eleitoral.\u00a0<\/p>\n<blockquote>\n<p>\u201cEnquanto perdurar essa condi\u00e7\u00e3o, ficam lhe asseguradas as pr\u00e1ticas de atos relativos \u00e0 campanha, inclusive propaganda e utiliza\u00e7\u00e3o de hor\u00e1rio eleitoral\u201d, decidiu.\u00a0\u00a0<\/p>\n<\/blockquote>\n<p>Nas redes sociais, Arruda diz que respeita a decis\u00e3o do TRE, mas ir\u00e1 recorrer ao Tribunal Superior Eleitoral (TSE).\u00a0<\/p>\n<blockquote>\n<p>\u201cA decis\u00e3o do TRE n\u00e3o encerra a nossa caminhada. Vamos recorrer ao TSE e seguir em frente. N\u00e3o vou abaixar a cabe\u00e7a nem abandonar Bras\u00edlia\u201d, disse.\u00a0\u00a0<\/p>\n<\/blockquote>\n","protected":false},"excerpt":{"rendered":"<p>O Tribunal Regional Eleitoral do Distrito Federal (TRE-DF) decidiu nesta quinta-feira (3) indeferir o registro da candidatura do ex-governador Jos\u00e9 Roberto Arruda (PSD) ao cargo de governador do Distrito Federal.\u00a0 Arruda foi condenado por improbidade administrativa em um dos processos da Opera\u00e7\u00e3o Caixa de Pandora e est\u00e1 impedido de concorrer pela Lei da Ficha Limpa.\u00a0 [&hellip;]<\/p>\n","protected":false},"author":8,"featured_media":37654,"comment_status":"open","ping_status":"open","sticky":false,"template":"","format":"standard","meta":{"site-sidebar-layout":"default","site-content-layout":"","ast-site-content-layout":"","site-content-style":"default","site-sidebar-style":"default","ast-global-header-display":"","ast-banner-title-visibility":"","ast-main-header-display":"","ast-hfb-above-header-display":"","ast-hfb-below-header-display":"","ast-hfb-mobile-header-display":"","site-post-title":"","ast-breadcrumbs-content":"","ast-featured-img":"","footer-sml-layout":"","theme-transparent-header-meta":"","adv-header-id-meta":"","stick-header-meta":"","header-above-stick-meta":"","header-main-stick-meta":"","header-below-stick-meta":"","astra-migrate-meta-layouts":"default","ast-page-background-enabled":"default","ast-page-background-meta":{"desktop":{"background-color":"var(--ast-global-color-4)","background-image":"","background-repeat":"repeat","background-position":"center center","background-size":"auto","background-attachment":"scroll","background-type":"","background-media":"","overlay-type":"","overlay-color":"","overlay-opacity":"","overlay-gradient":""},"tablet":{"background-color":"","background-image":"","background-repeat":"repeat","background-position":"center center","background-size":"auto","background-attachment":"scroll","background-type":"","background-media":"","overlay-type":"","overlay-color":"","overlay-opacity":"","overlay-gradient":""},"mobile":{"background-color":"","background-image":"","background-repeat":"repeat","background-position":"center center","background-size":"auto","background-attachment":"scroll","background-type":"","background-media":"","overlay-type":"","overlay-color":"","overlay-opacity":"","overlay-gradient":""}},"ast-content-background-meta":{"desktop":{"background-color":"var(--ast-global-color-5)","background-image":"","background-repeat":"repeat","background-position":"center center","background-size":"auto","background-attachment":"scroll","background-type":"","background-media":"","overlay-type":"","overlay-color":"","overlay-opacity":"","overlay-gradient":""},"tablet":{"background-color":"var(--ast-global-color-5)","background-image":"","background-repeat":"repeat","background-position":"center center","background-size":"auto","background-attachment":"scroll","background-type":"","background-media":"","overlay-type":"","overlay-color":"","overlay-opacity":"","overlay-gradient":""},"mobile":{"background-color":"var(--ast-global-color-5)","background-image":"","background-repeat":"repeat","background-position":"center center","background-size":"auto","background-attachment":"scroll","background-type":"","background-media":"","overlay-type":"","overlay-color":"","overlay-opacity":"","overlay-gradient":""}},"footnotes":""},"categories":[3],"tags":[],"class_list":["post-37653","post","type-post","status-publish","format-standard","has-post-thumbnail","hentry","category-seguranca-e-justica"],"yoast_head":"<!-- This site is optimized with the Yoast SEO plugin v24.1 - https:\/\/yoast.com\/wordpress\/plugins\/seo\/ -->\n<title>TRE indefere candidatura de Jos\u00e9 Roberto Arruda ao governo do DF - Julias Magazine<\/title>\n<meta name=\"robots\" content=\"index, follow, max-snippet:-1, max-image-preview:large, max-video-preview:-1\" \/>\n<link rel=\"canonical\" href=\"https:\/\/juliasmagazine.com.br\/?p=37653\" \/>\n<meta property=\"og:locale\" content=\"pt_BR\" \/>\n<meta property=\"og:type\" content=\"article\" \/>\n<meta property=\"og:title\" content=\"TRE indefere candidatura de Jos\u00e9 Roberto Arruda ao governo do DF - Julias Magazine\" \/>\n<meta property=\"og:description\" content=\"O Tribunal Regional Eleitoral do Distrito Federal (TRE-DF) decidiu nesta quinta-feira (3) indeferir o registro da candidatura do ex-governador Jos\u00e9 Roberto Arruda (PSD) ao cargo de governador do Distrito Federal.\u00a0 Arruda foi condenado por improbidade administrativa em um dos processos da Opera\u00e7\u00e3o Caixa de Pandora e est\u00e1 impedido de concorrer pela Lei da Ficha Limpa.\u00a0 [&hellip;]\" \/>\n<meta property=\"og:url\" content=\"https:\/\/juliasmagazine.com.br\/?p=37653\" \/>\n<meta property=\"og:site_name\" content=\"Julias Magazine\" \/>\n<meta property=\"article:published_time\" content=\"2026-09-04T00:45:58+00:00\" \/>\n<meta property=\"og:image\" content=\"https:\/\/cdn.jsdelivr.net\/gh\/sergiosdlima\/assets-ebc@1.0.0\/abr\/assets\/images\/logo-agenciabrasil.svg\" \/>\n<meta name=\"author\" content=\"Agencia Brasil\" \/>\n<meta name=\"twitter:card\" content=\"summary_large_image\" \/>\n<meta name=\"twitter:label1\" content=\"Escrito por\" \/>\n\t<meta name=\"twitter:data1\" content=\"Agencia Brasil\" \/>\n\t<meta name=\"twitter:label2\" content=\"Est. tempo de leitura\" \/>\n\t<meta name=\"twitter:data2\" content=\"1 minuto\" \/>\n<script type=\"application\/ld+json\" class=\"yoast-schema-graph\">{\"@context\":\"https:\/\/schema.org\",\"@graph\":[{\"@type\":\"Article\",\"@id\":\"https:\/\/juliasmagazine.com.br\/?p=37653#article\",\"isPartOf\":{\"@id\":\"https:\/\/juliasmagazine.com.br\/?p=37653\"},\"author\":{\"name\":\"Agencia Brasil\",\"@id\":\"https:\/\/juliasmagazine.com.br\/#\/schema\/person\/e762a6f24032ed8dc59d01b78c3a867f\"},\"headline\":\"TRE indefere candidatura de Jos\u00e9 Roberto Arruda ao governo do DF\",\"datePublished\":\"2026-09-04T00:45:58+00:00\",\"dateModified\":\"2026-09-04T00:45:58+00:00\",\"mainEntityOfPage\":{\"@id\":\"https:\/\/juliasmagazine.com.br\/?p=37653\"},\"wordCount\":176,\"commentCount\":0,\"publisher\":{\"@id\":\"https:\/\/juliasmagazine.com.br\/#organization\"},\"image\":{\"@id\":\"https:\/\/juliasmagazine.com.br\/?p=37653#primaryimage\"},\"thumbnailUrl\":\"https:\/\/juliasmagazine.com.br\/wp-content\/uploads\/2026\/09\/37653-tre-indefere-candidatura-de-jose-roberto-arruda-ao-governo-do-df.jpg\",\"articleSection\":[\"Seguran\u00e7a e Justi\u00e7a\"],\"inLanguage\":\"pt-BR\",\"potentialAction\":[{\"@type\":\"CommentAction\",\"name\":\"Comment\",\"target\":[\"https:\/\/juliasmagazine.com.br\/?p=37653#respond\"]}]},{\"@type\":\"WebPage\",\"@id\":\"https:\/\/juliasmagazine.com.br\/?p=37653\",\"url\":\"https:\/\/juliasmagazine.com.br\/?p=37653\",\"name\":\"TRE indefere candidatura de Jos\u00e9 Roberto Arruda ao governo do DF - Julias Magazine\",\"isPartOf\":{\"@id\":\"https:\/\/juliasmagazine.com.br\/#website\"},\"primaryImageOfPage\":{\"@id\":\"https:\/\/juliasmagazine.com.br\/?p=37653#primaryimage\"},\"image\":{\"@id\":\"https:\/\/juliasmagazine.com.br\/?p=37653#primaryimage\"},\"thumbnailUrl\":\"https:\/\/juliasmagazine.com.br\/wp-content\/uploads\/2026\/09\/37653-tre-indefere-candidatura-de-jose-roberto-arruda-ao-governo-do-df.jpg\",\"datePublished\":\"2026-09-04T00:45:58+00:00\",\"dateModified\":\"2026-09-04T00:45:58+00:00\",\"breadcrumb\":{\"@id\":\"https:\/\/juliasmagazine.com.br\/?p=37653#breadcrumb\"},\"inLanguage\":\"pt-BR\",\"potentialAction\":[{\"@type\":\"ReadAction\",\"target\":[\"https:\/\/juliasmagazine.com.br\/?p=37653\"]}]},{\"@type\":\"ImageObject\",\"inLanguage\":\"pt-BR\",\"@id\":\"https:\/\/juliasmagazine.com.br\/?p=37653#primaryimage\",\"url\":\"https:\/\/juliasmagazine.com.br\/wp-content\/uploads\/2026\/09\/37653-tre-indefere-candidatura-de-jose-roberto-arruda-ao-governo-do-df.jpg\",\"contentUrl\":\"https:\/\/juliasmagazine.com.br\/wp-content\/uploads\/2026\/09\/37653-tre-indefere-candidatura-de-jose-roberto-arruda-ao-governo-do-df.jpg\",\"width\":1600,\"height\":800,\"caption\":\"TRE indefere candidatura de Jos\u00e9 Roberto Arruda ao governo do DF\"},{\"@type\":\"BreadcrumbList\",\"@id\":\"https:\/\/juliasmagazine.com.br\/?p=37653#breadcrumb\",\"itemListElement\":[{\"@type\":\"ListItem\",\"position\":1,\"name\":\"In\u00edcio\",\"item\":\"https:\/\/juliasmagazine.com.br\/\"},{\"@type\":\"ListItem\",\"position\":2,\"name\":\"TRE indefere candidatura de Jos\u00e9 Roberto Arruda ao governo do DF\"}]},{\"@type\":\"WebSite\",\"@id\":\"https:\/\/juliasmagazine.com.br\/#website\",\"url\":\"https:\/\/juliasmagazine.com.br\/\",\"name\":\"Julias Magazine\",\"description\":\"A Sua revista eletr\u00f4nica de moda,politica ,viagens ,cultura ,gastronomia e finan\u00e7as. .\",\"publisher\":{\"@id\":\"https:\/\/juliasmagazine.com.br\/#organization\"},\"potentialAction\":[{\"@type\":\"SearchAction\",\"target\":{\"@type\":\"EntryPoint\",\"urlTemplate\":\"https:\/\/juliasmagazine.com.br\/?s={search_term_string}\"},\"query-input\":{\"@type\":\"PropertyValueSpecification\",\"valueRequired\":true,\"valueName\":\"search_term_string\"}}],\"inLanguage\":\"pt-BR\"},{\"@type\":\"Organization\",\"@id\":\"https:\/\/juliasmagazine.com.br\/#organization\",\"name\":\"Julias Magazine\",\"url\":\"https:\/\/juliasmagazine.com.br\/\",\"logo\":{\"@type\":\"ImageObject\",\"inLanguage\":\"pt-BR\",\"@id\":\"https:\/\/juliasmagazine.com.br\/#\/schema\/logo\/image\/\",\"url\":\"https:\/\/oquefazerembalneariocamboriu.com\/wp-content\/uploads\/2023\/02\/o-que-fazer-em-balneario-camboriu.jpg\",\"contentUrl\":\"https:\/\/oquefazerembalneariocamboriu.com\/wp-content\/uploads\/2023\/02\/o-que-fazer-em-balneario-camboriu.jpg\",\"width\":1200,\"height\":675,\"caption\":\"Julias Magazine\"},\"image\":{\"@id\":\"https:\/\/juliasmagazine.com.br\/#\/schema\/logo\/image\/\"}},{\"@type\":\"Person\",\"@id\":\"https:\/\/juliasmagazine.com.br\/#\/schema\/person\/e762a6f24032ed8dc59d01b78c3a867f\",\"name\":\"Agencia Brasil\",\"image\":{\"@type\":\"ImageObject\",\"inLanguage\":\"pt-BR\",\"@id\":\"https:\/\/juliasmagazine.com.br\/#\/schema\/person\/image\/\",\"url\":\"https:\/\/secure.gravatar.com\/avatar\/3f35c4476dbfcdff89d7409bdd670da5a4678fa13d5b52b9575ec1639a35ab6e?s=96&d=mm&r=g\",\"contentUrl\":\"https:\/\/secure.gravatar.com\/avatar\/3f35c4476dbfcdff89d7409bdd670da5a4678fa13d5b52b9575ec1639a35ab6e?s=96&d=mm&r=g\",\"caption\":\"Agencia Brasil\"},\"url\":\"https:\/\/juliasmagazine.com.br\/?author=8\"}]}<\/script>\n<!-- \/ Yoast SEO plugin. -->","yoast_head_json":{"title":"TRE indefere candidatura de Jos\u00e9 Roberto Arruda ao governo do DF - Julias Magazine","robots":{"index":"index","follow":"follow","max-snippet":"max-snippet:-1","max-image-preview":"max-image-preview:large","max-video-preview":"max-video-preview:-1"},"canonical":"https:\/\/juliasmagazine.com.br\/?p=37653","og_locale":"pt_BR","og_type":"article","og_title":"TRE indefere candidatura de Jos\u00e9 Roberto Arruda ao governo do DF - Julias Magazine","og_description":"O Tribunal Regional Eleitoral do Distrito Federal (TRE-DF) decidiu nesta quinta-feira (3) indeferir o registro da candidatura do ex-governador Jos\u00e9 Roberto Arruda (PSD) ao cargo de governador do Distrito Federal.\u00a0 Arruda foi condenado por improbidade administrativa em um dos processos da Opera\u00e7\u00e3o Caixa de Pandora e est\u00e1 impedido de concorrer pela Lei da Ficha Limpa.\u00a0 [&hellip;]","og_url":"https:\/\/juliasmagazine.com.br\/?p=37653","og_site_name":"Julias Magazine","article_published_time":"2026-09-04T00:45:58+00:00","og_image":[{"url":"https:\/\/cdn.jsdelivr.net\/gh\/sergiosdlima\/assets-ebc@1.0.0\/abr\/assets\/images\/logo-agenciabrasil.svg","type":"","width":"","height":""}],"author":"Agencia Brasil","twitter_card":"summary_large_image","twitter_misc":{"Escrito por":"Agencia Brasil","Est. tempo de leitura":"1 minuto"},"schema":{"@context":"https:\/\/schema.org","@graph":[{"@type":"Article","@id":"https:\/\/juliasmagazine.com.br\/?p=37653#article","isPartOf":{"@id":"https:\/\/juliasmagazine.com.br\/?p=37653"},"author":{"name":"Agencia Brasil","@id":"https:\/\/juliasmagazine.com.br\/#\/schema\/person\/e762a6f24032ed8dc59d01b78c3a867f"},"headline":"TRE indefere candidatura de Jos\u00e9 Roberto Arruda ao governo do DF","datePublished":"2026-09-04T00:45:58+00:00","dateModified":"2026-09-04T00:45:58+00:00","mainEntityOfPage":{"@id":"https:\/\/juliasmagazine.com.br\/?p=37653"},"wordCount":176,"commentCount":0,"publisher":{"@id":"https:\/\/juliasmagazine.com.br\/#organization"},"image":{"@id":"https:\/\/juliasmagazine.com.br\/?p=37653#primaryimage"},"thumbnailUrl":"https:\/\/juliasmagazine.com.br\/wp-content\/uploads\/2026\/09\/37653-tre-indefere-candidatura-de-jose-roberto-arruda-ao-governo-do-df.jpg","articleSection":["Seguran\u00e7a e Justi\u00e7a"],"inLanguage":"pt-BR","potentialAction":[{"@type":"CommentAction","name":"Comment","target":["https:\/\/juliasmagazine.com.br\/?p=37653#respond"]}]},{"@type":"WebPage","@id":"https:\/\/juliasmagazine.com.br\/?p=37653","url":"https:\/\/juliasmagazine.com.br\/?p=37653","name":"TRE indefere candidatura de Jos\u00e9 Roberto Arruda ao governo do DF - Julias Magazine","isPartOf":{"@id":"https:\/\/juliasmagazine.com.br\/#website"},"primaryImageOfPage":{"@id":"https:\/\/juliasmagazine.com.br\/?p=37653#primaryimage"},"image":{"@id":"https:\/\/juliasmagazine.com.br\/?p=37653#primaryimage"},"thumbnailUrl":"https:\/\/juliasmagazine.com.br\/wp-content\/uploads\/2026\/09\/37653-tre-indefere-candidatura-de-jose-roberto-arruda-ao-governo-do-df.jpg","datePublished":"2026-09-04T00:45:58+00:00","dateModified":"2026-09-04T00:45:58+00:00","breadcrumb":{"@id":"https:\/\/juliasmagazine.com.br\/?p=37653#breadcrumb"},"inLanguage":"pt-BR","potentialAction":[{"@type":"ReadAction","target":["https:\/\/juliasmagazine.com.br\/?p=37653"]}]},{"@type":"ImageObject","inLanguage":"pt-BR","@id":"https:\/\/juliasmagazine.com.br\/?p=37653#primaryimage","url":"https:\/\/juliasmagazine.com.br\/wp-content\/uploads\/2026\/09\/37653-tre-indefere-candidatura-de-jose-roberto-arruda-ao-governo-do-df.jpg","contentUrl":"https:\/\/juliasmagazine.com.br\/wp-content\/uploads\/2026\/09\/37653-tre-indefere-candidatura-de-jose-roberto-arruda-ao-governo-do-df.jpg","width":1600,"height":800,"caption":"TRE indefere candidatura de Jos\u00e9 Roberto Arruda ao governo do DF"},{"@type":"BreadcrumbList","@id":"https:\/\/juliasmagazine.com.br\/?p=37653#breadcrumb","itemListElement":[{"@type":"ListItem","position":1,"name":"In\u00edcio","item":"https:\/\/juliasmagazine.com.br\/"},{"@type":"ListItem","position":2,"name":"TRE indefere candidatura de Jos\u00e9 Roberto Arruda ao governo do DF"}]},{"@type":"WebSite","@id":"https:\/\/juliasmagazine.com.br\/#website","url":"https:\/\/juliasmagazine.com.br\/","name":"Julias Magazine","description":"A Sua revista eletr\u00f4nica de moda,politica ,viagens ,cultura ,gastronomia e finan\u00e7as. .","publisher":{"@id":"https:\/\/juliasmagazine.com.br\/#organization"},"potentialAction":[{"@type":"SearchAction","target":{"@type":"EntryPoint","urlTemplate":"https:\/\/juliasmagazine.com.br\/?s={search_term_string}"},"query-input":{"@type":"PropertyValueSpecification","valueRequired":true,"valueName":"search_term_string"}}],"inLanguage":"pt-BR"},{"@type":"Organization","@id":"https:\/\/juliasmagazine.com.br\/#organization","name":"Julias Magazine","url":"https:\/\/juliasmagazine.com.br\/","logo":{"@type":"ImageObject","inLanguage":"pt-BR","@id":"https:\/\/juliasmagazine.com.br\/#\/schema\/logo\/image\/","url":"https:\/\/oquefazerembalneariocamboriu.com\/wp-content\/uploads\/2023\/02\/o-que-fazer-em-balneario-camboriu.jpg","contentUrl":"https:\/\/oquefazerembalneariocamboriu.com\/wp-content\/uploads\/2023\/02\/o-que-fazer-em-balneario-camboriu.jpg","width":1200,"height":675,"caption":"Julias Magazine"},"image":{"@id":"https:\/\/juliasmagazine.com.br\/#\/schema\/logo\/image\/"}},{"@type":"Person","@id":"https:\/\/juliasmagazine.com.br\/#\/schema\/person\/e762a6f24032ed8dc59d01b78c3a867f","name":"Agencia Brasil","image":{"@type":"ImageObject","inLanguage":"pt-BR","@id":"https:\/\/juliasmagazine.com.br\/#\/schema\/person\/image\/","url":"https:\/\/secure.gravatar.com\/avatar\/3f35c4476dbfcdff89d7409bdd670da5a4678fa13d5b52b9575ec1639a35ab6e?s=96&d=mm&r=g","contentUrl":"https:\/\/secure.gravatar.com\/avatar\/3f35c4476dbfcdff89d7409bdd670da5a4678fa13d5b52b9575ec1639a35ab6e?s=96&d=mm&r=g","caption":"Agencia Brasil"},"url":"https:\/\/juliasmagazine.com.br\/?author=8"}]}},"_links":{"self":[{"href":"https:\/\/juliasmagazine.com.br\/index.php?rest_route=\/wp\/v2\/posts\/37653","targetHints":{"allow":["GET"]}}],"collection":[{"href":"https:\/\/juliasmagazine.com.br\/index.php?rest_route=\/wp\/v2\/posts"}],"about":[{"href":"https:\/\/juliasmagazine.com.br\/index.php?rest_route=\/wp\/v2\/types\/post"}],"author":[{"embeddable":true,"href":"https:\/\/juliasmagazine.com.br\/index.php?rest_route=\/wp\/v2\/users\/8"}],"replies":[{"embeddable":true,"href":"https:\/\/juliasmagazine.com.br\/index.php?rest_route=%2Fwp%2Fv2%2Fcomments&post=37653"}],"version-history":[{"count":0,"href":"https:\/\/juliasmagazine.com.br\/index.php?rest_route=\/wp\/v2\/posts\/37653\/revisions"}],"wp:featuredmedia":[{"embeddable":true,"href":"https:\/\/juliasmagazine.com.br\/index.php?rest_route=\/wp\/v2\/media\/37654"}],"wp:attachment":[{"href":"https:\/\/juliasmagazine.com.br\/index.php?rest_route=%2Fwp%2Fv2%2Fmedia&parent=37653"}],"wp:term":[{"taxonomy":"category","embeddable":true,"href":"https:\/\/juliasmagazine.com.br\/index.php?rest_route=%2Fwp%2Fv2%2Fcategories&post=37653"},{"taxonomy":"post_tag","embeddable":true,"href":"https:\/\/juliasmagazine.com.br\/index.php?rest_route=%2Fwp%2Fv2%2Ftags&post=37653"}],"curies":[{"name":"wp","href":"https:\/\/api.w.org\/{rel}","templated":true}]}}