{"id":37649,"date":"2026-09-03T21:45:26","date_gmt":"2026-09-04T00:45:26","guid":{"rendered":"https:\/\/juliasmagazine.com.br\/?p=37649"},"modified":"2026-09-03T21:45:26","modified_gmt":"2026-09-04T00:45:26","slug":"professores-tem-8-mil-vagas-gratuitas-para-pos-graduacao","status":"publish","type":"post","link":"https:\/\/juliasmagazine.com.br\/?p=37649","title":{"rendered":"Professores t\u00eam 8 mil vagas gratuitas para p\u00f3s-gradua\u00e7\u00e3o"},"content":{"rendered":"<\/p>\n<p><a class=\"\" href=\"https:\/\/agenciabrasil.ebc.com.br\/educacao\/noticia\/2026-09\/professores-tem-8-mil-vagas-gratuitas-para-pos-graduacao\"><br \/>\n                    <img decoding=\"async\" src=\"https:\/\/cdn.jsdelivr.net\/gh\/sergiosdlima\/assets-ebc@1.0.0\/abr\/assets\/images\/logo-agenciabrasil.svg\" alt=\"Logo Ag\u00eancia Brasil\"><br \/>\n\t\t\t\t<\/a><\/p>\n<p><strong>Professores da <a href=\"https:\/\/agenciabrasil.ebc.com.br\/tags\/educacao-basica\" target=\"_blank\">educa\u00e7\u00e3o b\u00e1sica<\/a> da\u00a0rede\u00a0p\u00fablica\u00a0de todo o pa\u00eds t\u00eam \u00e0 disposi\u00e7\u00e3o mais de 8 mil vagas em cursos de p\u00f3s-gradua\u00e7\u00e3o presenciais e gratuitos.<\/strong><img decoding=\"async\" src=\"https:\/\/agenciabrasil.ebc.com.br\/ebc.png?id=1701495&#038;o=rss\"><img decoding=\"async\" src=\"https:\/\/agenciabrasil.ebc.com.br\/ebc.gif?id=1701495&#038;o=rss\"><\/p>\n<p>O <a href=\"https:\/\/www.gov.br\/mec\/pt-br\" target=\"_blank\">Minist\u00e9rio da Educa\u00e7\u00e3o (MEC)<\/a> e a Coordena\u00e7\u00e3o de Aperfei\u00e7oamento de Pessoal de N\u00edvel Superior (Capes) divulgaram, de forma unificada, nesta quarta-feira (3), os processos seletivos no <a href=\"https:\/\/www.gov.br\/mec\/pt-br\/mais-professores\/portal-formacao\" target=\"_blank\">Portal\u202fForma\u00e7\u00e3o Mais Professores<\/a>.\u202f<\/p>\n<\/p>\n<h3>Not\u00edcias relacionadas:<\/h3>\n<ul>\n<li><a href=\"https:\/\/agenciabrasil.ebc.com.br\/educacao\/noticia\/2025-09\/mec-oferta-78-mil-vagas-de-pos-graduacao-gratuita-para-professores\">MEC oferta 7,8 mil vagas de p\u00f3s-gradua\u00e7\u00e3o gratuita para professores.<\/a><\/li>\n<li><a href=\"https:\/\/agenciabrasil.ebc.com.br\/educacao\/noticia\/2025-07\/pos-graduacao-ainda-e-concentrada-na-populacao-branca-aponta-estudo\">P\u00f3s-gradua\u00e7\u00e3o \u201cainda \u00e9 concentrada na popula\u00e7\u00e3o branca\u201d, aponta estudo.<\/a><\/li>\n<\/ul>\n<p>A divulga\u00e7\u00e3o nacional busca ampliar o alcance das informa\u00e7\u00f5es sobre cursos de\u202fp\u00f3s-gradua\u00e7\u00e3o\u202fdestinados a qualificar os professores em exerc\u00edcio na educa\u00e7\u00e3o b\u00e1sica p\u00fablica.\u202f\u202f<\/p>\n<h2>\u00c1reas dos cursos<\/h2>\n<p>Nos editais publicados principalmente de\u00a0agosto a\u00a0setembro, foram disponibilizadas cerca de 7 mil vagas de mestrado e doutorado\u202fnas seguintes \u00e1reas:<\/p>\n<ul>\n<li>244 em sociologia;\u202f<\/li>\n<li>480\u202fem\u202feduca\u00e7\u00e3o f\u00edsica;\u202f\u202f\u202f\u202f<\/li>\n<li>919 em\u202fletras;\u202f\u202f\u202f\u202f<\/li>\n<li>719 em\u202ff\u00edsica;\u202f\u202f\u202f\u202f<\/li>\n<li>385 em\u202fartes;\u202f\u202f\u202f\u202f<\/li>\n<li>324 em\u202ffilosofia;\u202f\u202f<\/li>\n<li>702 em hist\u00f3ria;\u202f\u202f<\/li>\n<li>181 em hist\u00f3ria;\u202f\u202f<\/li>\n<li>288 em\u202fqu\u00edmica;\u202f\u202f<\/li>\n<li>1.848 em\u202fmatem\u00e1tica;\u202f\u202f<\/li>\n<li>100 em matem\u00e1tica;\u202f\u202f\u202f\u202f<\/li>\n<li>572 em\u202fbiologia;\u202f\u202f\u202f\u202f<\/li>\n<li>130 em\u202feduca\u00e7\u00e3o tecnol\u00f3gica;\u202f\u202f<\/li>\n<li>75 em alfabetiza\u00e7\u00e3o.\u202f\u202f<\/li>\n<\/ul>\n<p><strong>O MEC comunica que, em breve, ser\u00e1 publicado um novo edital do Programa de Mestrado Profissional em Educa\u00e7\u00e3o Inclusiva em Rede Nacional (ProfEI) com a previs\u00e3o de oferta de\u202f700 vagas aos docentes.<\/strong><\/p>\n<p>Tamb\u00e9m est\u00e3o previstas oportunidades relacionadas \u00e0 educa\u00e7\u00e3o\u202fprofissional e tecnol\u00f3gica por meio do Programa de P\u00f3s-Gradua\u00e7\u00e3o em Educa\u00e7\u00e3o Profissional e Tecnol\u00f3gica (PROF-EPT)\u202fe\u202fdo Programa de P\u00f3s-Gradua\u00e7\u00e3o em Ci\u00eancia, Cultura e Educa\u00e7\u00e3o Digital (ProfEDigital), ainda sem n\u00famero\u202fde vagas.<\/p>\n","protected":false},"excerpt":{"rendered":"<p>Professores da educa\u00e7\u00e3o b\u00e1sica da\u00a0rede\u00a0p\u00fablica\u00a0de todo o pa\u00eds t\u00eam \u00e0 disposi\u00e7\u00e3o mais de 8 mil vagas em cursos de p\u00f3s-gradua\u00e7\u00e3o presenciais e gratuitos. O Minist\u00e9rio da Educa\u00e7\u00e3o (MEC) e a Coordena\u00e7\u00e3o de Aperfei\u00e7oamento de Pessoal de N\u00edvel Superior (Capes) divulgaram, de forma unificada, nesta quarta-feira (3), os processos seletivos no Portal\u202fForma\u00e7\u00e3o Mais Professores.\u202f Not\u00edcias relacionadas: [&hellip;]<\/p>\n","protected":false},"author":33,"featured_media":37650,"comment_status":"open","ping_status":"open","sticky":false,"template":"","format":"standard","meta":{"site-sidebar-layout":"default","site-content-layout":"","ast-site-content-layout":"","site-content-style":"default","site-sidebar-style":"default","ast-global-header-display":"","ast-banner-title-visibility":"","ast-main-header-display":"","ast-hfb-above-header-display":"","ast-hfb-below-header-display":"","ast-hfb-mobile-header-display":"","site-post-title":"","ast-breadcrumbs-content":"","ast-featured-img":"","footer-sml-layout":"","theme-transparent-header-meta":"","adv-header-id-meta":"","stick-header-meta":"","header-above-stick-meta":"","header-main-stick-meta":"","header-below-stick-meta":"","astra-migrate-meta-layouts":"default","ast-page-background-enabled":"default","ast-page-background-meta":{"desktop":{"background-color":"var(--ast-global-color-4)","background-image":"","background-repeat":"repeat","background-position":"center center","background-size":"auto","background-attachment":"scroll","background-type":"","background-media":"","overlay-type":"","overlay-color":"","overlay-opacity":"","overlay-gradient":""},"tablet":{"background-color":"","background-image":"","background-repeat":"repeat","background-position":"center center","background-size":"auto","background-attachment":"scroll","background-type":"","background-media":"","overlay-type":"","overlay-color":"","overlay-opacity":"","overlay-gradient":""},"mobile":{"background-color":"","background-image":"","background-repeat":"repeat","background-position":"center center","background-size":"auto","background-attachment":"scroll","background-type":"","background-media":"","overlay-type":"","overlay-color":"","overlay-opacity":"","overlay-gradient":""}},"ast-content-background-meta":{"desktop":{"background-color":"var(--ast-global-color-5)","background-image":"","background-repeat":"repeat","background-position":"center center","background-size":"auto","background-attachment":"scroll","background-type":"","background-media":"","overlay-type":"","overlay-color":"","overlay-opacity":"","overlay-gradient":""},"tablet":{"background-color":"var(--ast-global-color-5)","background-image":"","background-repeat":"repeat","background-position":"center center","background-size":"auto","background-attachment":"scroll","background-type":"","background-media":"","overlay-type":"","overlay-color":"","overlay-opacity":"","overlay-gradient":""},"mobile":{"background-color":"var(--ast-global-color-5)","background-image":"","background-repeat":"repeat","background-position":"center center","background-size":"auto","background-attachment":"scroll","background-type":"","background-media":"","overlay-type":"","overlay-color":"","overlay-opacity":"","overlay-gradient":""}},"footnotes":""},"categories":[18],"tags":[],"class_list":["post-37649","post","type-post","status-publish","format-standard","has-post-thumbnail","hentry","category-educacao-e-carreiras"],"yoast_head":"<!-- This site is optimized with the Yoast SEO plugin v24.1 - https:\/\/yoast.com\/wordpress\/plugins\/seo\/ -->\n<title>Professores t\u00eam 8 mil vagas gratuitas para p\u00f3s-gradua\u00e7\u00e3o - Julias Magazine<\/title>\n<meta name=\"robots\" content=\"index, follow, max-snippet:-1, max-image-preview:large, max-video-preview:-1\" \/>\n<link rel=\"canonical\" href=\"https:\/\/juliasmagazine.com.br\/?p=37649\" \/>\n<meta property=\"og:locale\" content=\"pt_BR\" \/>\n<meta property=\"og:type\" content=\"article\" \/>\n<meta property=\"og:title\" content=\"Professores t\u00eam 8 mil vagas gratuitas para p\u00f3s-gradua\u00e7\u00e3o - Julias Magazine\" \/>\n<meta property=\"og:description\" content=\"Professores da educa\u00e7\u00e3o b\u00e1sica da\u00a0rede\u00a0p\u00fablica\u00a0de todo o pa\u00eds t\u00eam \u00e0 disposi\u00e7\u00e3o mais de 8 mil vagas em cursos de p\u00f3s-gradua\u00e7\u00e3o presenciais e gratuitos. O Minist\u00e9rio da Educa\u00e7\u00e3o (MEC) e a Coordena\u00e7\u00e3o de Aperfei\u00e7oamento de Pessoal de N\u00edvel Superior (Capes) divulgaram, de forma unificada, nesta quarta-feira (3), os processos seletivos no Portal\u202fForma\u00e7\u00e3o Mais Professores.\u202f Not\u00edcias relacionadas: [&hellip;]\" \/>\n<meta property=\"og:url\" content=\"https:\/\/juliasmagazine.com.br\/?p=37649\" \/>\n<meta property=\"og:site_name\" content=\"Julias Magazine\" \/>\n<meta property=\"article:published_time\" content=\"2026-09-04T00:45:26+00:00\" \/>\n<meta property=\"og:image\" content=\"https:\/\/cdn.jsdelivr.net\/gh\/sergiosdlima\/assets-ebc@1.0.0\/abr\/assets\/images\/logo-agenciabrasil.svg\" \/>\n<meta name=\"author\" content=\"Daniella Almeida - Reporter da Agencia Brasil\" \/>\n<meta name=\"twitter:card\" content=\"summary_large_image\" \/>\n<meta name=\"twitter:label1\" content=\"Escrito por\" \/>\n\t<meta name=\"twitter:data1\" content=\"Daniella Almeida - Reporter da Agencia Brasil\" \/>\n\t<meta name=\"twitter:label2\" content=\"Est. tempo de leitura\" \/>\n\t<meta name=\"twitter:data2\" content=\"1 minuto\" \/>\n<script type=\"application\/ld+json\" class=\"yoast-schema-graph\">{\"@context\":\"https:\/\/schema.org\",\"@graph\":[{\"@type\":\"Article\",\"@id\":\"https:\/\/juliasmagazine.com.br\/?p=37649#article\",\"isPartOf\":{\"@id\":\"https:\/\/juliasmagazine.com.br\/?p=37649\"},\"author\":{\"name\":\"Daniella Almeida - Reporter da Agencia Brasil\",\"@id\":\"https:\/\/juliasmagazine.com.br\/#\/schema\/person\/33c9ecabf11a83b4aaea1edea936942f\"},\"headline\":\"Professores t\u00eam 8 mil vagas gratuitas para p\u00f3s-gradua\u00e7\u00e3o\",\"datePublished\":\"2026-09-04T00:45:26+00:00\",\"dateModified\":\"2026-09-04T00:45:26+00:00\",\"mainEntityOfPage\":{\"@id\":\"https:\/\/juliasmagazine.com.br\/?p=37649\"},\"wordCount\":285,\"commentCount\":0,\"publisher\":{\"@id\":\"https:\/\/juliasmagazine.com.br\/#organization\"},\"image\":{\"@id\":\"https:\/\/juliasmagazine.com.br\/?p=37649#primaryimage\"},\"thumbnailUrl\":\"https:\/\/juliasmagazine.com.br\/wp-content\/uploads\/2026\/09\/37649-professores-tem-8-mil-vagas-gratuitas-para-pos-graduacao.jpg\",\"articleSection\":[\"Educa\u00e7\u00e3o e Carreiras\"],\"inLanguage\":\"pt-BR\",\"potentialAction\":[{\"@type\":\"CommentAction\",\"name\":\"Comment\",\"target\":[\"https:\/\/juliasmagazine.com.br\/?p=37649#respond\"]}]},{\"@type\":\"WebPage\",\"@id\":\"https:\/\/juliasmagazine.com.br\/?p=37649\",\"url\":\"https:\/\/juliasmagazine.com.br\/?p=37649\",\"name\":\"Professores t\u00eam 8 mil vagas gratuitas para p\u00f3s-gradua\u00e7\u00e3o - Julias Magazine\",\"isPartOf\":{\"@id\":\"https:\/\/juliasmagazine.com.br\/#website\"},\"primaryImageOfPage\":{\"@id\":\"https:\/\/juliasmagazine.com.br\/?p=37649#primaryimage\"},\"image\":{\"@id\":\"https:\/\/juliasmagazine.com.br\/?p=37649#primaryimage\"},\"thumbnailUrl\":\"https:\/\/juliasmagazine.com.br\/wp-content\/uploads\/2026\/09\/37649-professores-tem-8-mil-vagas-gratuitas-para-pos-graduacao.jpg\",\"datePublished\":\"2026-09-04T00:45:26+00:00\",\"dateModified\":\"2026-09-04T00:45:26+00:00\",\"breadcrumb\":{\"@id\":\"https:\/\/juliasmagazine.com.br\/?p=37649#breadcrumb\"},\"inLanguage\":\"pt-BR\",\"potentialAction\":[{\"@type\":\"ReadAction\",\"target\":[\"https:\/\/juliasmagazine.com.br\/?p=37649\"]}]},{\"@type\":\"ImageObject\",\"inLanguage\":\"pt-BR\",\"@id\":\"https:\/\/juliasmagazine.com.br\/?p=37649#primaryimage\",\"url\":\"https:\/\/juliasmagazine.com.br\/wp-content\/uploads\/2026\/09\/37649-professores-tem-8-mil-vagas-gratuitas-para-pos-graduacao.jpg\",\"contentUrl\":\"https:\/\/juliasmagazine.com.br\/wp-content\/uploads\/2026\/09\/37649-professores-tem-8-mil-vagas-gratuitas-para-pos-graduacao.jpg\",\"width\":1600,\"height\":800,\"caption\":\"Professores t\u00eam 8 mil vagas gratuitas para p\u00f3s-gradua\u00e7\u00e3o\"},{\"@type\":\"BreadcrumbList\",\"@id\":\"https:\/\/juliasmagazine.com.br\/?p=37649#breadcrumb\",\"itemListElement\":[{\"@type\":\"ListItem\",\"position\":1,\"name\":\"In\u00edcio\",\"item\":\"https:\/\/juliasmagazine.com.br\/\"},{\"@type\":\"ListItem\",\"position\":2,\"name\":\"Professores t\u00eam 8 mil vagas gratuitas para p\u00f3s-gradua\u00e7\u00e3o\"}]},{\"@type\":\"WebSite\",\"@id\":\"https:\/\/juliasmagazine.com.br\/#website\",\"url\":\"https:\/\/juliasmagazine.com.br\/\",\"name\":\"Julias Magazine\",\"description\":\"A Sua revista eletr\u00f4nica de moda,politica ,viagens ,cultura ,gastronomia e finan\u00e7as. .\",\"publisher\":{\"@id\":\"https:\/\/juliasmagazine.com.br\/#organization\"},\"potentialAction\":[{\"@type\":\"SearchAction\",\"target\":{\"@type\":\"EntryPoint\",\"urlTemplate\":\"https:\/\/juliasmagazine.com.br\/?s={search_term_string}\"},\"query-input\":{\"@type\":\"PropertyValueSpecification\",\"valueRequired\":true,\"valueName\":\"search_term_string\"}}],\"inLanguage\":\"pt-BR\"},{\"@type\":\"Organization\",\"@id\":\"https:\/\/juliasmagazine.com.br\/#organization\",\"name\":\"Julias Magazine\",\"url\":\"https:\/\/juliasmagazine.com.br\/\",\"logo\":{\"@type\":\"ImageObject\",\"inLanguage\":\"pt-BR\",\"@id\":\"https:\/\/juliasmagazine.com.br\/#\/schema\/logo\/image\/\",\"url\":\"https:\/\/oquefazerembalneariocamboriu.com\/wp-content\/uploads\/2023\/02\/o-que-fazer-em-balneario-camboriu.jpg\",\"contentUrl\":\"https:\/\/oquefazerembalneariocamboriu.com\/wp-content\/uploads\/2023\/02\/o-que-fazer-em-balneario-camboriu.jpg\",\"width\":1200,\"height\":675,\"caption\":\"Julias Magazine\"},\"image\":{\"@id\":\"https:\/\/juliasmagazine.com.br\/#\/schema\/logo\/image\/\"}},{\"@type\":\"Person\",\"@id\":\"https:\/\/juliasmagazine.com.br\/#\/schema\/person\/33c9ecabf11a83b4aaea1edea936942f\",\"name\":\"Daniella Almeida - Reporter da Agencia Brasil\",\"image\":{\"@type\":\"ImageObject\",\"inLanguage\":\"pt-BR\",\"@id\":\"https:\/\/juliasmagazine.com.br\/#\/schema\/person\/image\/\",\"url\":\"https:\/\/secure.gravatar.com\/avatar\/fbbe71a6be160d51f00a715f8bfe5ccf3759e4f68eefea99e85828cb5374c941?s=96&d=mm&r=g\",\"contentUrl\":\"https:\/\/secure.gravatar.com\/avatar\/fbbe71a6be160d51f00a715f8bfe5ccf3759e4f68eefea99e85828cb5374c941?s=96&d=mm&r=g\",\"caption\":\"Daniella Almeida - Reporter da Agencia Brasil\"},\"url\":\"https:\/\/juliasmagazine.com.br\/?author=33\"}]}<\/script>\n<!-- \/ Yoast SEO plugin. -->","yoast_head_json":{"title":"Professores t\u00eam 8 mil vagas gratuitas para p\u00f3s-gradua\u00e7\u00e3o - Julias Magazine","robots":{"index":"index","follow":"follow","max-snippet":"max-snippet:-1","max-image-preview":"max-image-preview:large","max-video-preview":"max-video-preview:-1"},"canonical":"https:\/\/juliasmagazine.com.br\/?p=37649","og_locale":"pt_BR","og_type":"article","og_title":"Professores t\u00eam 8 mil vagas gratuitas para p\u00f3s-gradua\u00e7\u00e3o - Julias Magazine","og_description":"Professores da educa\u00e7\u00e3o b\u00e1sica da\u00a0rede\u00a0p\u00fablica\u00a0de todo o pa\u00eds t\u00eam \u00e0 disposi\u00e7\u00e3o mais de 8 mil vagas em cursos de p\u00f3s-gradua\u00e7\u00e3o presenciais e gratuitos. O Minist\u00e9rio da Educa\u00e7\u00e3o (MEC) e a Coordena\u00e7\u00e3o de Aperfei\u00e7oamento de Pessoal de N\u00edvel Superior (Capes) divulgaram, de forma unificada, nesta quarta-feira (3), os processos seletivos no Portal\u202fForma\u00e7\u00e3o Mais Professores.\u202f Not\u00edcias relacionadas: [&hellip;]","og_url":"https:\/\/juliasmagazine.com.br\/?p=37649","og_site_name":"Julias Magazine","article_published_time":"2026-09-04T00:45:26+00:00","og_image":[{"url":"https:\/\/cdn.jsdelivr.net\/gh\/sergiosdlima\/assets-ebc@1.0.0\/abr\/assets\/images\/logo-agenciabrasil.svg","type":"","width":"","height":""}],"author":"Daniella Almeida - Reporter da Agencia Brasil","twitter_card":"summary_large_image","twitter_misc":{"Escrito por":"Daniella Almeida - Reporter da Agencia Brasil","Est. tempo de leitura":"1 minuto"},"schema":{"@context":"https:\/\/schema.org","@graph":[{"@type":"Article","@id":"https:\/\/juliasmagazine.com.br\/?p=37649#article","isPartOf":{"@id":"https:\/\/juliasmagazine.com.br\/?p=37649"},"author":{"name":"Daniella Almeida - Reporter da Agencia Brasil","@id":"https:\/\/juliasmagazine.com.br\/#\/schema\/person\/33c9ecabf11a83b4aaea1edea936942f"},"headline":"Professores t\u00eam 8 mil vagas gratuitas para p\u00f3s-gradua\u00e7\u00e3o","datePublished":"2026-09-04T00:45:26+00:00","dateModified":"2026-09-04T00:45:26+00:00","mainEntityOfPage":{"@id":"https:\/\/juliasmagazine.com.br\/?p=37649"},"wordCount":285,"commentCount":0,"publisher":{"@id":"https:\/\/juliasmagazine.com.br\/#organization"},"image":{"@id":"https:\/\/juliasmagazine.com.br\/?p=37649#primaryimage"},"thumbnailUrl":"https:\/\/juliasmagazine.com.br\/wp-content\/uploads\/2026\/09\/37649-professores-tem-8-mil-vagas-gratuitas-para-pos-graduacao.jpg","articleSection":["Educa\u00e7\u00e3o e Carreiras"],"inLanguage":"pt-BR","potentialAction":[{"@type":"CommentAction","name":"Comment","target":["https:\/\/juliasmagazine.com.br\/?p=37649#respond"]}]},{"@type":"WebPage","@id":"https:\/\/juliasmagazine.com.br\/?p=37649","url":"https:\/\/juliasmagazine.com.br\/?p=37649","name":"Professores t\u00eam 8 mil vagas gratuitas para p\u00f3s-gradua\u00e7\u00e3o - Julias Magazine","isPartOf":{"@id":"https:\/\/juliasmagazine.com.br\/#website"},"primaryImageOfPage":{"@id":"https:\/\/juliasmagazine.com.br\/?p=37649#primaryimage"},"image":{"@id":"https:\/\/juliasmagazine.com.br\/?p=37649#primaryimage"},"thumbnailUrl":"https:\/\/juliasmagazine.com.br\/wp-content\/uploads\/2026\/09\/37649-professores-tem-8-mil-vagas-gratuitas-para-pos-graduacao.jpg","datePublished":"2026-09-04T00:45:26+00:00","dateModified":"2026-09-04T00:45:26+00:00","breadcrumb":{"@id":"https:\/\/juliasmagazine.com.br\/?p=37649#breadcrumb"},"inLanguage":"pt-BR","potentialAction":[{"@type":"ReadAction","target":["https:\/\/juliasmagazine.com.br\/?p=37649"]}]},{"@type":"ImageObject","inLanguage":"pt-BR","@id":"https:\/\/juliasmagazine.com.br\/?p=37649#primaryimage","url":"https:\/\/juliasmagazine.com.br\/wp-content\/uploads\/2026\/09\/37649-professores-tem-8-mil-vagas-gratuitas-para-pos-graduacao.jpg","contentUrl":"https:\/\/juliasmagazine.com.br\/wp-content\/uploads\/2026\/09\/37649-professores-tem-8-mil-vagas-gratuitas-para-pos-graduacao.jpg","width":1600,"height":800,"caption":"Professores t\u00eam 8 mil vagas gratuitas para p\u00f3s-gradua\u00e7\u00e3o"},{"@type":"BreadcrumbList","@id":"https:\/\/juliasmagazine.com.br\/?p=37649#breadcrumb","itemListElement":[{"@type":"ListItem","position":1,"name":"In\u00edcio","item":"https:\/\/juliasmagazine.com.br\/"},{"@type":"ListItem","position":2,"name":"Professores t\u00eam 8 mil vagas gratuitas para p\u00f3s-gradua\u00e7\u00e3o"}]},{"@type":"WebSite","@id":"https:\/\/juliasmagazine.com.br\/#website","url":"https:\/\/juliasmagazine.com.br\/","name":"Julias Magazine","description":"A Sua revista eletr\u00f4nica de moda,politica ,viagens ,cultura ,gastronomia e finan\u00e7as. .","publisher":{"@id":"https:\/\/juliasmagazine.com.br\/#organization"},"potentialAction":[{"@type":"SearchAction","target":{"@type":"EntryPoint","urlTemplate":"https:\/\/juliasmagazine.com.br\/?s={search_term_string}"},"query-input":{"@type":"PropertyValueSpecification","valueRequired":true,"valueName":"search_term_string"}}],"inLanguage":"pt-BR"},{"@type":"Organization","@id":"https:\/\/juliasmagazine.com.br\/#organization","name":"Julias Magazine","url":"https:\/\/juliasmagazine.com.br\/","logo":{"@type":"ImageObject","inLanguage":"pt-BR","@id":"https:\/\/juliasmagazine.com.br\/#\/schema\/logo\/image\/","url":"https:\/\/oquefazerembalneariocamboriu.com\/wp-content\/uploads\/2023\/02\/o-que-fazer-em-balneario-camboriu.jpg","contentUrl":"https:\/\/oquefazerembalneariocamboriu.com\/wp-content\/uploads\/2023\/02\/o-que-fazer-em-balneario-camboriu.jpg","width":1200,"height":675,"caption":"Julias Magazine"},"image":{"@id":"https:\/\/juliasmagazine.com.br\/#\/schema\/logo\/image\/"}},{"@type":"Person","@id":"https:\/\/juliasmagazine.com.br\/#\/schema\/person\/33c9ecabf11a83b4aaea1edea936942f","name":"Daniella Almeida - Reporter da Agencia Brasil","image":{"@type":"ImageObject","inLanguage":"pt-BR","@id":"https:\/\/juliasmagazine.com.br\/#\/schema\/person\/image\/","url":"https:\/\/secure.gravatar.com\/avatar\/fbbe71a6be160d51f00a715f8bfe5ccf3759e4f68eefea99e85828cb5374c941?s=96&d=mm&r=g","contentUrl":"https:\/\/secure.gravatar.com\/avatar\/fbbe71a6be160d51f00a715f8bfe5ccf3759e4f68eefea99e85828cb5374c941?s=96&d=mm&r=g","caption":"Daniella Almeida - Reporter da Agencia Brasil"},"url":"https:\/\/juliasmagazine.com.br\/?author=33"}]}},"_links":{"self":[{"href":"https:\/\/juliasmagazine.com.br\/index.php?rest_route=\/wp\/v2\/posts\/37649","targetHints":{"allow":["GET"]}}],"collection":[{"href":"https:\/\/juliasmagazine.com.br\/index.php?rest_route=\/wp\/v2\/posts"}],"about":[{"href":"https:\/\/juliasmagazine.com.br\/index.php?rest_route=\/wp\/v2\/types\/post"}],"author":[{"embeddable":true,"href":"https:\/\/juliasmagazine.com.br\/index.php?rest_route=\/wp\/v2\/users\/33"}],"replies":[{"embeddable":true,"href":"https:\/\/juliasmagazine.com.br\/index.php?rest_route=%2Fwp%2Fv2%2Fcomments&post=37649"}],"version-history":[{"count":0,"href":"https:\/\/juliasmagazine.com.br\/index.php?rest_route=\/wp\/v2\/posts\/37649\/revisions"}],"wp:featuredmedia":[{"embeddable":true,"href":"https:\/\/juliasmagazine.com.br\/index.php?rest_route=\/wp\/v2\/media\/37650"}],"wp:attachment":[{"href":"https:\/\/juliasmagazine.com.br\/index.php?rest_route=%2Fwp%2Fv2%2Fmedia&parent=37649"}],"wp:term":[{"taxonomy":"category","embeddable":true,"href":"https:\/\/juliasmagazine.com.br\/index.php?rest_route=%2Fwp%2Fv2%2Fcategories&post=37649"},{"taxonomy":"post_tag","embeddable":true,"href":"https:\/\/juliasmagazine.com.br\/index.php?rest_route=%2Fwp%2Fv2%2Ftags&post=37649"}],"curies":[{"name":"wp","href":"https:\/\/api.w.org\/{rel}","templated":true}]}}