{"id":37645,"date":"2026-09-03T19:38:52","date_gmt":"2026-09-03T22:38:52","guid":{"rendered":"https:\/\/juliasmagazine.com.br\/?p=37645"},"modified":"2026-09-03T19:38:52","modified_gmt":"2026-09-03T22:38:52","slug":"fila-de-espera-por-pericia-do-inss-e-zerada-em-agosto","status":"publish","type":"post","link":"https:\/\/juliasmagazine.com.br\/?p=37645","title":{"rendered":"Fila de espera por per\u00edcia do INSS \u00e9 zerada em agosto"},"content":{"rendered":"<\/p>\n<p><a class=\"\" href=\"https:\/\/agenciabrasil.ebc.com.br\/geral\/noticia\/2026-09\/fila-de-espera-por-pericia-do-INSS-e-zerada-em-agosto\"><br \/>\n                    <img decoding=\"async\" src=\"https:\/\/cdn.jsdelivr.net\/gh\/sergiosdlima\/assets-ebc@1.0.0\/abr\/assets\/images\/logo-agenciabrasil.svg\" alt=\"Logo Ag\u00eancia Brasil\"><br \/>\n\t\t\t\t<\/a><\/p>\n<p>O ministro da Previd\u00eancia Social, Wolney Queiroz, anunciou, nesta quinta-feira (3), que a <strong>fila de atendimentos do Instituto Nacional do Seguro Social (INSS) foi zerada<\/strong>. A marca foi atingida no m\u00eas passado. O an\u00fancio foi feito no Pal\u00e1cio do Planalto, com a presen\u00e7a do presidente Luiz In\u00e1cio Lula da Silva.<img decoding=\"async\" src=\"https:\/\/agenciabrasil.ebc.com.br\/ebc.png?id=1701488&#038;o=rss\"><img decoding=\"async\" src=\"https:\/\/agenciabrasil.ebc.com.br\/ebc.gif?id=1701488&#038;o=rss\"><\/p>\n<p>De acordo com o minist\u00e9rio, desde fevereiro at\u00e9 agosto, o n\u00famero de pedidos de per\u00edcia aguardando atendimento foi caindo gradativamente. Em fevereiro, eram 3,12 milh\u00f5es de pessoas na fila, ao mesmo tempo que 1,17 milh\u00e3o de pessoas abriram novos pedidos naquele m\u00eas. O n\u00famero de pessoas na fila foi caindo at\u00e9 chegar a 1,547 milh\u00e3o, em julho. <strong>Em agosto, o n\u00famero de novos pedidos superou o n\u00famero de pessoas na fila.<\/strong><\/p>\n<blockquote>\n<h3>Not\u00edcias relacionadas:<\/h3>\n<ul>\n<li><a href=\"https:\/\/agenciabrasil.ebc.com.br\/economia\/noticia\/2026-08\/fila-de-espera-do-inss-cai-para-12-milhao-de-requerimentos\">Fila de espera do INSS cai para 1,2 milh\u00e3o de requerimentos.<\/a><\/li>\n<li><a href=\"https:\/\/agenciabrasil.ebc.com.br\/economia\/noticia\/2026-08\/previsao-de-gastos-com-inss-em-2027-e-reduzida-em-r-5-bilhoes\">Previs\u00e3o de gastos com INSS em 2027 \u00e9 reduzida em R$ 5 bilh\u00f5es.<\/a><\/li>\n<\/ul>\n<p>\u201cQuando isso acontece, n\u00e3o temos uma fila. Temos um fluxo de atendimento. Deixou de existir uma fila para existir atendimento. Estamos numa situa\u00e7\u00e3o parecida com uma loja que tem 12 vendedores e entram 8 clientes. Estamos com folga no atendimento por maior que seja a demanda\u201d, explicou Queiroz.\n<\/p><\/blockquote>\n<p>O Minist\u00e9rio da Previd\u00eancia esclareceu que as causas do maior fluxo no atendimento e na redu\u00e7\u00e3o na espera pelo resultado da per\u00edcia passam pela nomea\u00e7\u00e3o de novos servidores por concurso p\u00fablico, pelas 865 ag\u00eancias funcionando com recursos de telemedicina e a ado\u00e7\u00e3o de per\u00edcia m\u00e9dica documental. <strong>Nesse tipo de per\u00edcia, n\u00e3o \u00e9 necess\u00e1ria a ida da pessoa a uma ag\u00eancia do INSS, apenas o envio de documenta\u00e7\u00e3o comprobat\u00f3ria.<\/strong><\/p>\n<p>O minist\u00e9rio tamb\u00e9m atribui os n\u00fameros alcan\u00e7ados \u00e0 ado\u00e7\u00e3o de mutir\u00f5es em fins de semana e pagamento de b\u00f4nus para servidores com tarefas conclu\u00eddas acima de suas metas.\u00a0<\/p>\n<p>\u201cEsse plano de gerenciamento de benef\u00edcios foi respons\u00e1vel por, somente em 2026, 2 milh\u00f5es de atendimentos a mais\u201d, disse o ministro.<\/p>\n<p><strong>O INSS recebe, atualmente, cerca de 1,3 milh\u00e3o de pedidos por m\u00eas.<\/strong> S\u00e3o 43 mil pedidos por dia. \u201c\u00c9 com esse gigante que lidamos\u201d, destacou Wolney Queiroz.<\/p>\n<p>\u201cO que a gente quer \u00e9 humanizar a fila. \u00c9 a pessoa ter o tempo correto de dar entrada, esperar e receber o seu benef\u00edcio\u201d, disse o presidente Luiz In\u00e1cio Lula da Silva.<\/p>\n<p><strong>Al\u00e9m da redu\u00e7\u00e3o da fila, houve redu\u00e7\u00e3o no tempo de espera por uma decis\u00e3o a respeito da per\u00edcia.<\/strong> O prazo definido por lei para uma decis\u00e3o \u00e9 de 45 dias, e o tempo m\u00e9dio atingido pelo instituto \u00e9 de 34 dias.<\/p>\n<p>No entanto, ainda existe, segundo o ministro Wolney Queiroz e o secret\u00e1rio-executivo da pasta, Felipe Cavalcante, um grupo de 224 mil pessoas aguardando o resultado de per\u00edcias por um prazo maior do que 45 dias.\u00a0<\/p>\n<p><strong>S\u00e3o casos espec\u00edficos e pedidos especiais, destacaram o ministro e o secret\u00e1rio.<\/strong>\u00a0<\/p>\n<p>Entre esses pedidos est\u00e3o o de benef\u00edcios de presta\u00e7\u00e3o continuada (BPC) e aposentadorias.<\/p>\n","protected":false},"excerpt":{"rendered":"<p>O ministro da Previd\u00eancia Social, Wolney Queiroz, anunciou, nesta quinta-feira (3), que a fila de atendimentos do Instituto Nacional do Seguro Social (INSS) foi zerada. A marca foi atingida no m\u00eas passado. O an\u00fancio foi feito no Pal\u00e1cio do Planalto, com a presen\u00e7a do presidente Luiz In\u00e1cio Lula da Silva. De acordo com o minist\u00e9rio, [&hellip;]<\/p>\n","protected":false},"author":440,"featured_media":37646,"comment_status":"open","ping_status":"open","sticky":false,"template":"","format":"standard","meta":{"site-sidebar-layout":"default","site-content-layout":"","ast-site-content-layout":"","site-content-style":"default","site-sidebar-style":"default","ast-global-header-display":"","ast-banner-title-visibility":"","ast-main-header-display":"","ast-hfb-above-header-display":"","ast-hfb-below-header-display":"","ast-hfb-mobile-header-display":"","site-post-title":"","ast-breadcrumbs-content":"","ast-featured-img":"","footer-sml-layout":"","theme-transparent-header-meta":"","adv-header-id-meta":"","stick-header-meta":"","header-above-stick-meta":"","header-main-stick-meta":"","header-below-stick-meta":"","astra-migrate-meta-layouts":"default","ast-page-background-enabled":"default","ast-page-background-meta":{"desktop":{"background-color":"var(--ast-global-color-4)","background-image":"","background-repeat":"repeat","background-position":"center center","background-size":"auto","background-attachment":"scroll","background-type":"","background-media":"","overlay-type":"","overlay-color":"","overlay-opacity":"","overlay-gradient":""},"tablet":{"background-color":"","background-image":"","background-repeat":"repeat","background-position":"center center","background-size":"auto","background-attachment":"scroll","background-type":"","background-media":"","overlay-type":"","overlay-color":"","overlay-opacity":"","overlay-gradient":""},"mobile":{"background-color":"","background-image":"","background-repeat":"repeat","background-position":"center center","background-size":"auto","background-attachment":"scroll","background-type":"","background-media":"","overlay-type":"","overlay-color":"","overlay-opacity":"","overlay-gradient":""}},"ast-content-background-meta":{"desktop":{"background-color":"var(--ast-global-color-5)","background-image":"","background-repeat":"repeat","background-position":"center center","background-size":"auto","background-attachment":"scroll","background-type":"","background-media":"","overlay-type":"","overlay-color":"","overlay-opacity":"","overlay-gradient":""},"tablet":{"background-color":"var(--ast-global-color-5)","background-image":"","background-repeat":"repeat","background-position":"center center","background-size":"auto","background-attachment":"scroll","background-type":"","background-media":"","overlay-type":"","overlay-color":"","overlay-opacity":"","overlay-gradient":""},"mobile":{"background-color":"var(--ast-global-color-5)","background-image":"","background-repeat":"repeat","background-position":"center center","background-size":"auto","background-attachment":"scroll","background-type":"","background-media":"","overlay-type":"","overlay-color":"","overlay-opacity":"","overlay-gradient":""}},"footnotes":""},"categories":[1],"tags":[],"class_list":["post-37645","post","type-post","status-publish","format-standard","has-post-thumbnail","hentry","category-sem-categoria"],"yoast_head":"<!-- This site is optimized with the Yoast SEO plugin v24.1 - https:\/\/yoast.com\/wordpress\/plugins\/seo\/ -->\n<title>Fila de espera por per\u00edcia do INSS \u00e9 zerada em agosto - Julias Magazine<\/title>\n<meta name=\"robots\" content=\"index, follow, max-snippet:-1, max-image-preview:large, max-video-preview:-1\" \/>\n<link rel=\"canonical\" href=\"https:\/\/juliasmagazine.com.br\/?p=37645\" \/>\n<meta property=\"og:locale\" content=\"pt_BR\" \/>\n<meta property=\"og:type\" content=\"article\" \/>\n<meta property=\"og:title\" content=\"Fila de espera por per\u00edcia do INSS \u00e9 zerada em agosto - Julias Magazine\" \/>\n<meta property=\"og:description\" content=\"O ministro da Previd\u00eancia Social, Wolney Queiroz, anunciou, nesta quinta-feira (3), que a fila de atendimentos do Instituto Nacional do Seguro Social (INSS) foi zerada. A marca foi atingida no m\u00eas passado. O an\u00fancio foi feito no Pal\u00e1cio do Planalto, com a presen\u00e7a do presidente Luiz In\u00e1cio Lula da Silva. De acordo com o minist\u00e9rio, [&hellip;]\" \/>\n<meta property=\"og:url\" content=\"https:\/\/juliasmagazine.com.br\/?p=37645\" \/>\n<meta property=\"og:site_name\" content=\"Julias Magazine\" \/>\n<meta property=\"article:published_time\" content=\"2026-09-03T22:38:52+00:00\" \/>\n<meta property=\"og:image\" content=\"https:\/\/cdn.jsdelivr.net\/gh\/sergiosdlima\/assets-ebc@1.0.0\/abr\/assets\/images\/logo-agenciabrasil.svg\" \/>\n<meta name=\"author\" content=\"Marcelo Brandao - Reporter da Agencia Brasil\" \/>\n<meta name=\"twitter:card\" content=\"summary_large_image\" \/>\n<meta name=\"twitter:label1\" content=\"Escrito por\" \/>\n\t<meta name=\"twitter:data1\" content=\"Marcelo Brandao - Reporter da Agencia Brasil\" \/>\n\t<meta name=\"twitter:label2\" content=\"Est. tempo de leitura\" \/>\n\t<meta name=\"twitter:data2\" content=\"3 minutos\" \/>\n<script type=\"application\/ld+json\" class=\"yoast-schema-graph\">{\"@context\":\"https:\/\/schema.org\",\"@graph\":[{\"@type\":\"Article\",\"@id\":\"https:\/\/juliasmagazine.com.br\/?p=37645#article\",\"isPartOf\":{\"@id\":\"https:\/\/juliasmagazine.com.br\/?p=37645\"},\"author\":{\"name\":\"Marcelo Brandao - Reporter da Agencia Brasil\",\"@id\":\"https:\/\/juliasmagazine.com.br\/#\/schema\/person\/d2e460a2255353551ce5504a13641610\"},\"headline\":\"Fila de espera por per\u00edcia do INSS \u00e9 zerada em agosto\",\"datePublished\":\"2026-09-03T22:38:52+00:00\",\"dateModified\":\"2026-09-03T22:38:52+00:00\",\"mainEntityOfPage\":{\"@id\":\"https:\/\/juliasmagazine.com.br\/?p=37645\"},\"wordCount\":527,\"commentCount\":0,\"publisher\":{\"@id\":\"https:\/\/juliasmagazine.com.br\/#organization\"},\"image\":{\"@id\":\"https:\/\/juliasmagazine.com.br\/?p=37645#primaryimage\"},\"thumbnailUrl\":\"https:\/\/juliasmagazine.com.br\/wp-content\/uploads\/2026\/09\/37645-fila-de-espera-por-pericia-do-inss-e-zerada-em-agosto.jpeg\",\"articleSection\":[\"\u00daltimas Not\u00edcias\"],\"inLanguage\":\"pt-BR\",\"potentialAction\":[{\"@type\":\"CommentAction\",\"name\":\"Comment\",\"target\":[\"https:\/\/juliasmagazine.com.br\/?p=37645#respond\"]}]},{\"@type\":\"WebPage\",\"@id\":\"https:\/\/juliasmagazine.com.br\/?p=37645\",\"url\":\"https:\/\/juliasmagazine.com.br\/?p=37645\",\"name\":\"Fila de espera por per\u00edcia do INSS \u00e9 zerada em agosto - Julias Magazine\",\"isPartOf\":{\"@id\":\"https:\/\/juliasmagazine.com.br\/#website\"},\"primaryImageOfPage\":{\"@id\":\"https:\/\/juliasmagazine.com.br\/?p=37645#primaryimage\"},\"image\":{\"@id\":\"https:\/\/juliasmagazine.com.br\/?p=37645#primaryimage\"},\"thumbnailUrl\":\"https:\/\/juliasmagazine.com.br\/wp-content\/uploads\/2026\/09\/37645-fila-de-espera-por-pericia-do-inss-e-zerada-em-agosto.jpeg\",\"datePublished\":\"2026-09-03T22:38:52+00:00\",\"dateModified\":\"2026-09-03T22:38:52+00:00\",\"breadcrumb\":{\"@id\":\"https:\/\/juliasmagazine.com.br\/?p=37645#breadcrumb\"},\"inLanguage\":\"pt-BR\",\"potentialAction\":[{\"@type\":\"ReadAction\",\"target\":[\"https:\/\/juliasmagazine.com.br\/?p=37645\"]}]},{\"@type\":\"ImageObject\",\"inLanguage\":\"pt-BR\",\"@id\":\"https:\/\/juliasmagazine.com.br\/?p=37645#primaryimage\",\"url\":\"https:\/\/juliasmagazine.com.br\/wp-content\/uploads\/2026\/09\/37645-fila-de-espera-por-pericia-do-inss-e-zerada-em-agosto.jpeg\",\"contentUrl\":\"https:\/\/juliasmagazine.com.br\/wp-content\/uploads\/2026\/09\/37645-fila-de-espera-por-pericia-do-inss-e-zerada-em-agosto.jpeg\",\"width\":1600,\"height\":800,\"caption\":\"Fila de espera por per\u00edcia do INSS \u00e9 zerada em agosto\"},{\"@type\":\"BreadcrumbList\",\"@id\":\"https:\/\/juliasmagazine.com.br\/?p=37645#breadcrumb\",\"itemListElement\":[{\"@type\":\"ListItem\",\"position\":1,\"name\":\"In\u00edcio\",\"item\":\"https:\/\/juliasmagazine.com.br\/\"},{\"@type\":\"ListItem\",\"position\":2,\"name\":\"Fila de espera por per\u00edcia do INSS \u00e9 zerada em agosto\"}]},{\"@type\":\"WebSite\",\"@id\":\"https:\/\/juliasmagazine.com.br\/#website\",\"url\":\"https:\/\/juliasmagazine.com.br\/\",\"name\":\"Julias Magazine\",\"description\":\"A Sua revista eletr\u00f4nica de moda,politica ,viagens ,cultura ,gastronomia e finan\u00e7as. .\",\"publisher\":{\"@id\":\"https:\/\/juliasmagazine.com.br\/#organization\"},\"potentialAction\":[{\"@type\":\"SearchAction\",\"target\":{\"@type\":\"EntryPoint\",\"urlTemplate\":\"https:\/\/juliasmagazine.com.br\/?s={search_term_string}\"},\"query-input\":{\"@type\":\"PropertyValueSpecification\",\"valueRequired\":true,\"valueName\":\"search_term_string\"}}],\"inLanguage\":\"pt-BR\"},{\"@type\":\"Organization\",\"@id\":\"https:\/\/juliasmagazine.com.br\/#organization\",\"name\":\"Julias Magazine\",\"url\":\"https:\/\/juliasmagazine.com.br\/\",\"logo\":{\"@type\":\"ImageObject\",\"inLanguage\":\"pt-BR\",\"@id\":\"https:\/\/juliasmagazine.com.br\/#\/schema\/logo\/image\/\",\"url\":\"https:\/\/oquefazerembalneariocamboriu.com\/wp-content\/uploads\/2023\/02\/o-que-fazer-em-balneario-camboriu.jpg\",\"contentUrl\":\"https:\/\/oquefazerembalneariocamboriu.com\/wp-content\/uploads\/2023\/02\/o-que-fazer-em-balneario-camboriu.jpg\",\"width\":1200,\"height\":675,\"caption\":\"Julias Magazine\"},\"image\":{\"@id\":\"https:\/\/juliasmagazine.com.br\/#\/schema\/logo\/image\/\"}},{\"@type\":\"Person\",\"@id\":\"https:\/\/juliasmagazine.com.br\/#\/schema\/person\/d2e460a2255353551ce5504a13641610\",\"name\":\"Marcelo Brandao - Reporter da Agencia Brasil\",\"image\":{\"@type\":\"ImageObject\",\"inLanguage\":\"pt-BR\",\"@id\":\"https:\/\/juliasmagazine.com.br\/#\/schema\/person\/image\/\",\"url\":\"https:\/\/secure.gravatar.com\/avatar\/9df5b39a7f71e34a8454c3f6f9644534ed455d37c8a91a28e2b4e16d818b07a0?s=96&d=mm&r=g\",\"contentUrl\":\"https:\/\/secure.gravatar.com\/avatar\/9df5b39a7f71e34a8454c3f6f9644534ed455d37c8a91a28e2b4e16d818b07a0?s=96&d=mm&r=g\",\"caption\":\"Marcelo Brandao - Reporter da Agencia Brasil\"},\"url\":\"https:\/\/juliasmagazine.com.br\/?author=440\"}]}<\/script>\n<!-- \/ Yoast SEO plugin. -->","yoast_head_json":{"title":"Fila de espera por per\u00edcia do INSS \u00e9 zerada em agosto - Julias Magazine","robots":{"index":"index","follow":"follow","max-snippet":"max-snippet:-1","max-image-preview":"max-image-preview:large","max-video-preview":"max-video-preview:-1"},"canonical":"https:\/\/juliasmagazine.com.br\/?p=37645","og_locale":"pt_BR","og_type":"article","og_title":"Fila de espera por per\u00edcia do INSS \u00e9 zerada em agosto - Julias Magazine","og_description":"O ministro da Previd\u00eancia Social, Wolney Queiroz, anunciou, nesta quinta-feira (3), que a fila de atendimentos do Instituto Nacional do Seguro Social (INSS) foi zerada. A marca foi atingida no m\u00eas passado. O an\u00fancio foi feito no Pal\u00e1cio do Planalto, com a presen\u00e7a do presidente Luiz In\u00e1cio Lula da Silva. De acordo com o minist\u00e9rio, [&hellip;]","og_url":"https:\/\/juliasmagazine.com.br\/?p=37645","og_site_name":"Julias Magazine","article_published_time":"2026-09-03T22:38:52+00:00","og_image":[{"url":"https:\/\/cdn.jsdelivr.net\/gh\/sergiosdlima\/assets-ebc@1.0.0\/abr\/assets\/images\/logo-agenciabrasil.svg","type":"","width":"","height":""}],"author":"Marcelo Brandao - Reporter da Agencia Brasil","twitter_card":"summary_large_image","twitter_misc":{"Escrito por":"Marcelo Brandao - Reporter da Agencia Brasil","Est. tempo de leitura":"3 minutos"},"schema":{"@context":"https:\/\/schema.org","@graph":[{"@type":"Article","@id":"https:\/\/juliasmagazine.com.br\/?p=37645#article","isPartOf":{"@id":"https:\/\/juliasmagazine.com.br\/?p=37645"},"author":{"name":"Marcelo Brandao - Reporter da Agencia Brasil","@id":"https:\/\/juliasmagazine.com.br\/#\/schema\/person\/d2e460a2255353551ce5504a13641610"},"headline":"Fila de espera por per\u00edcia do INSS \u00e9 zerada em agosto","datePublished":"2026-09-03T22:38:52+00:00","dateModified":"2026-09-03T22:38:52+00:00","mainEntityOfPage":{"@id":"https:\/\/juliasmagazine.com.br\/?p=37645"},"wordCount":527,"commentCount":0,"publisher":{"@id":"https:\/\/juliasmagazine.com.br\/#organization"},"image":{"@id":"https:\/\/juliasmagazine.com.br\/?p=37645#primaryimage"},"thumbnailUrl":"https:\/\/juliasmagazine.com.br\/wp-content\/uploads\/2026\/09\/37645-fila-de-espera-por-pericia-do-inss-e-zerada-em-agosto.jpeg","articleSection":["\u00daltimas Not\u00edcias"],"inLanguage":"pt-BR","potentialAction":[{"@type":"CommentAction","name":"Comment","target":["https:\/\/juliasmagazine.com.br\/?p=37645#respond"]}]},{"@type":"WebPage","@id":"https:\/\/juliasmagazine.com.br\/?p=37645","url":"https:\/\/juliasmagazine.com.br\/?p=37645","name":"Fila de espera por per\u00edcia do INSS \u00e9 zerada em agosto - Julias Magazine","isPartOf":{"@id":"https:\/\/juliasmagazine.com.br\/#website"},"primaryImageOfPage":{"@id":"https:\/\/juliasmagazine.com.br\/?p=37645#primaryimage"},"image":{"@id":"https:\/\/juliasmagazine.com.br\/?p=37645#primaryimage"},"thumbnailUrl":"https:\/\/juliasmagazine.com.br\/wp-content\/uploads\/2026\/09\/37645-fila-de-espera-por-pericia-do-inss-e-zerada-em-agosto.jpeg","datePublished":"2026-09-03T22:38:52+00:00","dateModified":"2026-09-03T22:38:52+00:00","breadcrumb":{"@id":"https:\/\/juliasmagazine.com.br\/?p=37645#breadcrumb"},"inLanguage":"pt-BR","potentialAction":[{"@type":"ReadAction","target":["https:\/\/juliasmagazine.com.br\/?p=37645"]}]},{"@type":"ImageObject","inLanguage":"pt-BR","@id":"https:\/\/juliasmagazine.com.br\/?p=37645#primaryimage","url":"https:\/\/juliasmagazine.com.br\/wp-content\/uploads\/2026\/09\/37645-fila-de-espera-por-pericia-do-inss-e-zerada-em-agosto.jpeg","contentUrl":"https:\/\/juliasmagazine.com.br\/wp-content\/uploads\/2026\/09\/37645-fila-de-espera-por-pericia-do-inss-e-zerada-em-agosto.jpeg","width":1600,"height":800,"caption":"Fila de espera por per\u00edcia do INSS \u00e9 zerada em agosto"},{"@type":"BreadcrumbList","@id":"https:\/\/juliasmagazine.com.br\/?p=37645#breadcrumb","itemListElement":[{"@type":"ListItem","position":1,"name":"In\u00edcio","item":"https:\/\/juliasmagazine.com.br\/"},{"@type":"ListItem","position":2,"name":"Fila de espera por per\u00edcia do INSS \u00e9 zerada em agosto"}]},{"@type":"WebSite","@id":"https:\/\/juliasmagazine.com.br\/#website","url":"https:\/\/juliasmagazine.com.br\/","name":"Julias Magazine","description":"A Sua revista eletr\u00f4nica de moda,politica ,viagens ,cultura ,gastronomia e finan\u00e7as. .","publisher":{"@id":"https:\/\/juliasmagazine.com.br\/#organization"},"potentialAction":[{"@type":"SearchAction","target":{"@type":"EntryPoint","urlTemplate":"https:\/\/juliasmagazine.com.br\/?s={search_term_string}"},"query-input":{"@type":"PropertyValueSpecification","valueRequired":true,"valueName":"search_term_string"}}],"inLanguage":"pt-BR"},{"@type":"Organization","@id":"https:\/\/juliasmagazine.com.br\/#organization","name":"Julias Magazine","url":"https:\/\/juliasmagazine.com.br\/","logo":{"@type":"ImageObject","inLanguage":"pt-BR","@id":"https:\/\/juliasmagazine.com.br\/#\/schema\/logo\/image\/","url":"https:\/\/oquefazerembalneariocamboriu.com\/wp-content\/uploads\/2023\/02\/o-que-fazer-em-balneario-camboriu.jpg","contentUrl":"https:\/\/oquefazerembalneariocamboriu.com\/wp-content\/uploads\/2023\/02\/o-que-fazer-em-balneario-camboriu.jpg","width":1200,"height":675,"caption":"Julias Magazine"},"image":{"@id":"https:\/\/juliasmagazine.com.br\/#\/schema\/logo\/image\/"}},{"@type":"Person","@id":"https:\/\/juliasmagazine.com.br\/#\/schema\/person\/d2e460a2255353551ce5504a13641610","name":"Marcelo Brandao - Reporter da Agencia Brasil","image":{"@type":"ImageObject","inLanguage":"pt-BR","@id":"https:\/\/juliasmagazine.com.br\/#\/schema\/person\/image\/","url":"https:\/\/secure.gravatar.com\/avatar\/9df5b39a7f71e34a8454c3f6f9644534ed455d37c8a91a28e2b4e16d818b07a0?s=96&d=mm&r=g","contentUrl":"https:\/\/secure.gravatar.com\/avatar\/9df5b39a7f71e34a8454c3f6f9644534ed455d37c8a91a28e2b4e16d818b07a0?s=96&d=mm&r=g","caption":"Marcelo Brandao - Reporter da Agencia Brasil"},"url":"https:\/\/juliasmagazine.com.br\/?author=440"}]}},"_links":{"self":[{"href":"https:\/\/juliasmagazine.com.br\/index.php?rest_route=\/wp\/v2\/posts\/37645","targetHints":{"allow":["GET"]}}],"collection":[{"href":"https:\/\/juliasmagazine.com.br\/index.php?rest_route=\/wp\/v2\/posts"}],"about":[{"href":"https:\/\/juliasmagazine.com.br\/index.php?rest_route=\/wp\/v2\/types\/post"}],"author":[{"embeddable":true,"href":"https:\/\/juliasmagazine.com.br\/index.php?rest_route=\/wp\/v2\/users\/440"}],"replies":[{"embeddable":true,"href":"https:\/\/juliasmagazine.com.br\/index.php?rest_route=%2Fwp%2Fv2%2Fcomments&post=37645"}],"version-history":[{"count":0,"href":"https:\/\/juliasmagazine.com.br\/index.php?rest_route=\/wp\/v2\/posts\/37645\/revisions"}],"wp:featuredmedia":[{"embeddable":true,"href":"https:\/\/juliasmagazine.com.br\/index.php?rest_route=\/wp\/v2\/media\/37646"}],"wp:attachment":[{"href":"https:\/\/juliasmagazine.com.br\/index.php?rest_route=%2Fwp%2Fv2%2Fmedia&parent=37645"}],"wp:term":[{"taxonomy":"category","embeddable":true,"href":"https:\/\/juliasmagazine.com.br\/index.php?rest_route=%2Fwp%2Fv2%2Fcategories&post=37645"},{"taxonomy":"post_tag","embeddable":true,"href":"https:\/\/juliasmagazine.com.br\/index.php?rest_route=%2Fwp%2Fv2%2Ftags&post=37645"}],"curies":[{"name":"wp","href":"https:\/\/api.w.org\/{rel}","templated":true}]}}