{"id":37643,"date":"2026-09-03T19:37:28","date_gmt":"2026-09-03T22:37:28","guid":{"rendered":"https:\/\/juliasmagazine.com.br\/?p=37643"},"modified":"2026-09-03T19:37:28","modified_gmt":"2026-09-03T22:37:28","slug":"enem-ppl-abre-inscricoes-em-5-de-outubro","status":"publish","type":"post","link":"https:\/\/juliasmagazine.com.br\/?p=37643","title":{"rendered":"Enem PPL abre inscri\u00e7\u00f5es em 5 de outubro"},"content":{"rendered":"<\/p>\n<p><a class=\"\" href=\"https:\/\/agenciabrasil.ebc.com.br\/educacao\/noticia\/2026-09\/enem-ppl-abre-inscricoes-em-5-de-outubro\"><br \/>\n                    <img decoding=\"async\" src=\"https:\/\/cdn.jsdelivr.net\/gh\/sergiosdlima\/assets-ebc@1.0.0\/abr\/assets\/images\/logo-agenciabrasil.svg\" alt=\"Logo Ag\u00eancia Brasil\"><br \/>\n\t\t\t\t<\/a><\/p>\n<p>As inscri\u00e7\u00f5es no Exame Nacional do Ensino M\u00e9dio de 2026 de pessoas privadas de liberdade ou sob medida socioeducativa que inclua priva\u00e7\u00e3o de liberdade (Enem PPL) come\u00e7am em 5 de outubro e devem ser feitas por interm\u00e9dio do respons\u00e1vel pedag\u00f3gico da unidade. <strong>O per\u00edodo de inscri\u00e7\u00f5es seguir\u00e1 at\u00e9 23 de outubro.<\/strong><img decoding=\"async\" src=\"https:\/\/agenciabrasil.ebc.com.br\/ebc.png?id=1701472&#038;o=rss\"><img decoding=\"async\" src=\"https:\/\/agenciabrasil.ebc.com.br\/ebc.gif?id=1701472&#038;o=rss\"><\/p>\n<p>As regras do Enem PPL 2026 est\u00e3o no <a href=\"https:\/\/www.in.gov.br\/web\/dou\/-\/edital-n-126-de-24-de-agosto-de-2026-727881923\" target=\"_blank\">edital<\/a>\u00a0do Instituto Nacional de Estudos e Pesquisas Educacionais An\u00edsio Teixeira (Inep) publicado em 26 de agosto.<\/p>\n<h2>Certificado<\/h2>\n<\/p>\n<h3>Not\u00edcias relacionadas:<\/h3>\n<ul>\n<li><a href=\"https:\/\/agenciabrasil.ebc.com.br\/educacao\/noticia\/2026-07\/enem-2026-tem-mais-de-5-milhoes-de-inscritos\">Enem 2026 tem mais de 5 milh\u00f5es de inscritos.<\/a><\/li>\n<li><a href=\"https:\/\/agenciabrasil.ebc.com.br\/educacao\/noticia\/2026-08\/mec-lanca-diretrizes-para-ensino-de-arte-na-educacao-basica\">MEC lan\u00e7a diretrizes para ensino de arte na educa\u00e7\u00e3o b\u00e1sica.<\/a><\/li>\n<\/ul>\n<p>O respons\u00e1vel pedag\u00f3gico da unidade prisional e ou socioeducativa deve indicar a pretens\u00e3o do participante, quando for o caso, de utilizar os resultados do Enem PPL para obter a certifica\u00e7\u00e3o de conclus\u00e3o do ensino m\u00e9dio e a institui\u00e7\u00e3o certificadora para pleitear o certificado de conclus\u00e3o do ensino m\u00e9dio ou a Declara\u00e7\u00e3o Parcial de Profici\u00eancia.<\/p>\n<p><strong>Podem pleitear os candidatos com 18 anos de idade completos at\u00e9 o primeiro dia de realiza\u00e7\u00e3o das provas e n\u00e3o ser concluinte ou egresso do ensino m\u00e9dio.<\/strong><\/p>\n<h2>Atendimento especializado<\/h2>\n<p>De 5 a 23 de outubro tamb\u00e9m podem ser feitas as solicita\u00e7\u00f5es de atendimento especializado. <strong>O respons\u00e1vel pedag\u00f3gico dever\u00e1 informar a condi\u00e7\u00e3o do candidato que motiva o pedido<\/strong>, como baixa vis\u00e3o, cegueira, defici\u00eancia f\u00edsica, defici\u00eancia auditiva, surdez, defici\u00eancia intelectual, Transtorno do D\u00e9ficit de Aten\u00e7\u00e3o com Hiperatividade (TDAH), Transtorno do Espectro Autista (TEA), diabetes, fibromialgia, estar gestante, lactante ou ser idoso.<\/p>\n<p>De acordo com o cronograma do Inep, o resultado da solicita\u00e7\u00e3o de atendimento especializado sair\u00e1 em 30 de outubro. Os candidatos com o pedido negado para atendimento especializado podem entrar com recurso de 2 a 6 de novembro.<\/p>\n<p><strong>O resultado final do recurso ser\u00e1 divulgado em 13 de novembro.<\/strong><\/p>\n<h2>Treineiros<\/h2>\n<p>O Inpe esclarece que o inscrito no Enem PPL na condi\u00e7\u00e3o de treineiro deve estar ciente, por interm\u00e9dio do respons\u00e1vel pedag\u00f3gico, de que sua participa\u00e7\u00e3o <strong>tem o objetivo de autoavalia\u00e7\u00e3o<\/strong>. Portanto, independentemente do resultado obtido, o treineiro n\u00e3o pode se inscrever nos programas de acesso ao ensino superior, como o Sistema de Sele\u00e7\u00e3o Unificada (Sisu), o Programa Universidade para Todos (Prouni) e o Fundo de Financiamento Estudantil (Fies).<\/p>\n<h2>Provas<\/h2>\n<p><strong>As provas do Enem PPL ser\u00e3o realizadas em unidades prisionais e socioeducativas indicadas pelos respectivos \u00f3rg\u00e3os de administra\u00e7\u00e3o dos estabelecimentos de cada estado e do Distrito Federal.<\/strong><\/p>\n<p>A aplica\u00e7\u00e3o das provas est\u00e1 agendada para os dias 15 e 16 de dezembro e ser\u00e1 realizada por uma institui\u00e7\u00e3o aplicadora contratada pelo Inep.<\/p>\n<p>Anualmente, o Enem PPL avalia as \u00e1reas de conhecimento do ensino m\u00e9dio e seus respectivos componentes curriculares.<\/p>\n<p><strong>O exame ser\u00e1 constitu\u00eddo de quatro provas objetivas e uma reda\u00e7\u00e3o em l\u00edngua portuguesa.<\/strong> Cada prova objetiva ter\u00e1 45 quest\u00f5es de m\u00faltipla escolha.<\/p>\n<p>No primeiro dia, os participantes far\u00e3o as provas de linguagens, c\u00f3digos e suas tecnologias; ci\u00eancias humanas e suas tecnologias; al\u00e9m da reda\u00e7\u00e3o. A dura\u00e7\u00e3o regular ser\u00e1 de 5 horas e 30 minutos.<\/p>\n<p>No segundo dia, ser\u00e3o aplicadas as provas de ci\u00eancias da natureza e suas tecnologias e de matem\u00e1tica e suas tecnologias, com dura\u00e7\u00e3o de 5 horas.<\/p>\n<h2>Enem<\/h2>\n<p><strong>O Enem avalia o desempenho escolar dos estudantes ao t\u00e9rmino da educa\u00e7\u00e3o b\u00e1sica e \u00e9 considerado a principal forma de entrada na educa\u00e7\u00e3o superior<\/strong>, por meio de programas federais como o Sisu, Prouni) e Fies.\u00a0<\/p>\n<p>Desde a edi\u00e7\u00e3o de 2025, o Enem voltou a certificar a conclus\u00e3o dessa etapa de ensino para os candidatos com 18 anos de idade completos e que tamb\u00e9m alcancem a pontua\u00e7\u00e3o m\u00ednima em cada \u00e1rea do conhecimento nas provas e na reda\u00e7\u00e3o.<\/p>\n<p>Os resultados individuais do exame tamb\u00e9m podem ser aproveitados em processos seletivos de institui\u00e7\u00f5es portuguesas que t\u00eam conv\u00eanio com o Inep. Os acordos garantem acesso facilitado \u00e0s notas dos estudantes brasileiros interessados em cursar a educa\u00e7\u00e3o superior em Portugal.<\/p>\n","protected":false},"excerpt":{"rendered":"<p>As inscri\u00e7\u00f5es no Exame Nacional do Ensino M\u00e9dio de 2026 de pessoas privadas de liberdade ou sob medida socioeducativa que inclua priva\u00e7\u00e3o de liberdade (Enem PPL) come\u00e7am em 5 de outubro e devem ser feitas por interm\u00e9dio do respons\u00e1vel pedag\u00f3gico da unidade. O per\u00edodo de inscri\u00e7\u00f5es seguir\u00e1 at\u00e9 23 de outubro. As regras do Enem [&hellip;]<\/p>\n","protected":false},"author":33,"featured_media":37644,"comment_status":"open","ping_status":"open","sticky":false,"template":"","format":"standard","meta":{"site-sidebar-layout":"default","site-content-layout":"","ast-site-content-layout":"","site-content-style":"default","site-sidebar-style":"default","ast-global-header-display":"","ast-banner-title-visibility":"","ast-main-header-display":"","ast-hfb-above-header-display":"","ast-hfb-below-header-display":"","ast-hfb-mobile-header-display":"","site-post-title":"","ast-breadcrumbs-content":"","ast-featured-img":"","footer-sml-layout":"","theme-transparent-header-meta":"","adv-header-id-meta":"","stick-header-meta":"","header-above-stick-meta":"","header-main-stick-meta":"","header-below-stick-meta":"","astra-migrate-meta-layouts":"default","ast-page-background-enabled":"default","ast-page-background-meta":{"desktop":{"background-color":"var(--ast-global-color-4)","background-image":"","background-repeat":"repeat","background-position":"center center","background-size":"auto","background-attachment":"scroll","background-type":"","background-media":"","overlay-type":"","overlay-color":"","overlay-opacity":"","overlay-gradient":""},"tablet":{"background-color":"","background-image":"","background-repeat":"repeat","background-position":"center center","background-size":"auto","background-attachment":"scroll","background-type":"","background-media":"","overlay-type":"","overlay-color":"","overlay-opacity":"","overlay-gradient":""},"mobile":{"background-color":"","background-image":"","background-repeat":"repeat","background-position":"center center","background-size":"auto","background-attachment":"scroll","background-type":"","background-media":"","overlay-type":"","overlay-color":"","overlay-opacity":"","overlay-gradient":""}},"ast-content-background-meta":{"desktop":{"background-color":"var(--ast-global-color-5)","background-image":"","background-repeat":"repeat","background-position":"center center","background-size":"auto","background-attachment":"scroll","background-type":"","background-media":"","overlay-type":"","overlay-color":"","overlay-opacity":"","overlay-gradient":""},"tablet":{"background-color":"var(--ast-global-color-5)","background-image":"","background-repeat":"repeat","background-position":"center center","background-size":"auto","background-attachment":"scroll","background-type":"","background-media":"","overlay-type":"","overlay-color":"","overlay-opacity":"","overlay-gradient":""},"mobile":{"background-color":"var(--ast-global-color-5)","background-image":"","background-repeat":"repeat","background-position":"center center","background-size":"auto","background-attachment":"scroll","background-type":"","background-media":"","overlay-type":"","overlay-color":"","overlay-opacity":"","overlay-gradient":""}},"footnotes":""},"categories":[18],"tags":[],"class_list":["post-37643","post","type-post","status-publish","format-standard","has-post-thumbnail","hentry","category-educacao-e-carreiras"],"yoast_head":"<!-- This site is optimized with the Yoast SEO plugin v24.1 - https:\/\/yoast.com\/wordpress\/plugins\/seo\/ -->\n<title>Enem PPL abre inscri\u00e7\u00f5es em 5 de outubro - Julias Magazine<\/title>\n<meta name=\"robots\" content=\"index, follow, max-snippet:-1, max-image-preview:large, max-video-preview:-1\" \/>\n<link rel=\"canonical\" href=\"https:\/\/juliasmagazine.com.br\/?p=37643\" \/>\n<meta property=\"og:locale\" content=\"pt_BR\" \/>\n<meta property=\"og:type\" content=\"article\" \/>\n<meta property=\"og:title\" content=\"Enem PPL abre inscri\u00e7\u00f5es em 5 de outubro - Julias Magazine\" \/>\n<meta property=\"og:description\" content=\"As inscri\u00e7\u00f5es no Exame Nacional do Ensino M\u00e9dio de 2026 de pessoas privadas de liberdade ou sob medida socioeducativa que inclua priva\u00e7\u00e3o de liberdade (Enem PPL) come\u00e7am em 5 de outubro e devem ser feitas por interm\u00e9dio do respons\u00e1vel pedag\u00f3gico da unidade. O per\u00edodo de inscri\u00e7\u00f5es seguir\u00e1 at\u00e9 23 de outubro. As regras do Enem [&hellip;]\" \/>\n<meta property=\"og:url\" content=\"https:\/\/juliasmagazine.com.br\/?p=37643\" \/>\n<meta property=\"og:site_name\" content=\"Julias Magazine\" \/>\n<meta property=\"article:published_time\" content=\"2026-09-03T22:37:28+00:00\" \/>\n<meta property=\"og:image\" content=\"https:\/\/cdn.jsdelivr.net\/gh\/sergiosdlima\/assets-ebc@1.0.0\/abr\/assets\/images\/logo-agenciabrasil.svg\" \/>\n<meta name=\"author\" content=\"Daniella Almeida - Reporter da Agencia Brasil\" \/>\n<meta name=\"twitter:card\" content=\"summary_large_image\" \/>\n<meta name=\"twitter:label1\" content=\"Escrito por\" \/>\n\t<meta name=\"twitter:data1\" content=\"Daniella Almeida - Reporter da Agencia Brasil\" \/>\n\t<meta name=\"twitter:label2\" content=\"Est. tempo de leitura\" \/>\n\t<meta name=\"twitter:data2\" content=\"3 minutos\" \/>\n<script type=\"application\/ld+json\" class=\"yoast-schema-graph\">{\"@context\":\"https:\/\/schema.org\",\"@graph\":[{\"@type\":\"Article\",\"@id\":\"https:\/\/juliasmagazine.com.br\/?p=37643#article\",\"isPartOf\":{\"@id\":\"https:\/\/juliasmagazine.com.br\/?p=37643\"},\"author\":{\"name\":\"Daniella Almeida - Reporter da Agencia Brasil\",\"@id\":\"https:\/\/juliasmagazine.com.br\/#\/schema\/person\/33c9ecabf11a83b4aaea1edea936942f\"},\"headline\":\"Enem PPL abre inscri\u00e7\u00f5es em 5 de outubro\",\"datePublished\":\"2026-09-03T22:37:28+00:00\",\"dateModified\":\"2026-09-03T22:37:28+00:00\",\"mainEntityOfPage\":{\"@id\":\"https:\/\/juliasmagazine.com.br\/?p=37643\"},\"wordCount\":697,\"commentCount\":0,\"publisher\":{\"@id\":\"https:\/\/juliasmagazine.com.br\/#organization\"},\"image\":{\"@id\":\"https:\/\/juliasmagazine.com.br\/?p=37643#primaryimage\"},\"thumbnailUrl\":\"https:\/\/juliasmagazine.com.br\/wp-content\/uploads\/2026\/09\/37643-enem-ppl-abre-inscricoes-em-5-de-outubro.jpg\",\"articleSection\":[\"Educa\u00e7\u00e3o e Carreiras\"],\"inLanguage\":\"pt-BR\",\"potentialAction\":[{\"@type\":\"CommentAction\",\"name\":\"Comment\",\"target\":[\"https:\/\/juliasmagazine.com.br\/?p=37643#respond\"]}]},{\"@type\":\"WebPage\",\"@id\":\"https:\/\/juliasmagazine.com.br\/?p=37643\",\"url\":\"https:\/\/juliasmagazine.com.br\/?p=37643\",\"name\":\"Enem PPL abre inscri\u00e7\u00f5es em 5 de outubro - Julias Magazine\",\"isPartOf\":{\"@id\":\"https:\/\/juliasmagazine.com.br\/#website\"},\"primaryImageOfPage\":{\"@id\":\"https:\/\/juliasmagazine.com.br\/?p=37643#primaryimage\"},\"image\":{\"@id\":\"https:\/\/juliasmagazine.com.br\/?p=37643#primaryimage\"},\"thumbnailUrl\":\"https:\/\/juliasmagazine.com.br\/wp-content\/uploads\/2026\/09\/37643-enem-ppl-abre-inscricoes-em-5-de-outubro.jpg\",\"datePublished\":\"2026-09-03T22:37:28+00:00\",\"dateModified\":\"2026-09-03T22:37:28+00:00\",\"breadcrumb\":{\"@id\":\"https:\/\/juliasmagazine.com.br\/?p=37643#breadcrumb\"},\"inLanguage\":\"pt-BR\",\"potentialAction\":[{\"@type\":\"ReadAction\",\"target\":[\"https:\/\/juliasmagazine.com.br\/?p=37643\"]}]},{\"@type\":\"ImageObject\",\"inLanguage\":\"pt-BR\",\"@id\":\"https:\/\/juliasmagazine.com.br\/?p=37643#primaryimage\",\"url\":\"https:\/\/juliasmagazine.com.br\/wp-content\/uploads\/2026\/09\/37643-enem-ppl-abre-inscricoes-em-5-de-outubro.jpg\",\"contentUrl\":\"https:\/\/juliasmagazine.com.br\/wp-content\/uploads\/2026\/09\/37643-enem-ppl-abre-inscricoes-em-5-de-outubro.jpg\",\"width\":1600,\"height\":800,\"caption\":\"Enem PPL abre inscri\u00e7\u00f5es em 5 de outubro\"},{\"@type\":\"BreadcrumbList\",\"@id\":\"https:\/\/juliasmagazine.com.br\/?p=37643#breadcrumb\",\"itemListElement\":[{\"@type\":\"ListItem\",\"position\":1,\"name\":\"In\u00edcio\",\"item\":\"https:\/\/juliasmagazine.com.br\/\"},{\"@type\":\"ListItem\",\"position\":2,\"name\":\"Enem PPL abre inscri\u00e7\u00f5es em 5 de outubro\"}]},{\"@type\":\"WebSite\",\"@id\":\"https:\/\/juliasmagazine.com.br\/#website\",\"url\":\"https:\/\/juliasmagazine.com.br\/\",\"name\":\"Julias Magazine\",\"description\":\"A Sua revista eletr\u00f4nica de moda,politica ,viagens ,cultura ,gastronomia e finan\u00e7as. .\",\"publisher\":{\"@id\":\"https:\/\/juliasmagazine.com.br\/#organization\"},\"potentialAction\":[{\"@type\":\"SearchAction\",\"target\":{\"@type\":\"EntryPoint\",\"urlTemplate\":\"https:\/\/juliasmagazine.com.br\/?s={search_term_string}\"},\"query-input\":{\"@type\":\"PropertyValueSpecification\",\"valueRequired\":true,\"valueName\":\"search_term_string\"}}],\"inLanguage\":\"pt-BR\"},{\"@type\":\"Organization\",\"@id\":\"https:\/\/juliasmagazine.com.br\/#organization\",\"name\":\"Julias Magazine\",\"url\":\"https:\/\/juliasmagazine.com.br\/\",\"logo\":{\"@type\":\"ImageObject\",\"inLanguage\":\"pt-BR\",\"@id\":\"https:\/\/juliasmagazine.com.br\/#\/schema\/logo\/image\/\",\"url\":\"https:\/\/oquefazerembalneariocamboriu.com\/wp-content\/uploads\/2023\/02\/o-que-fazer-em-balneario-camboriu.jpg\",\"contentUrl\":\"https:\/\/oquefazerembalneariocamboriu.com\/wp-content\/uploads\/2023\/02\/o-que-fazer-em-balneario-camboriu.jpg\",\"width\":1200,\"height\":675,\"caption\":\"Julias Magazine\"},\"image\":{\"@id\":\"https:\/\/juliasmagazine.com.br\/#\/schema\/logo\/image\/\"}},{\"@type\":\"Person\",\"@id\":\"https:\/\/juliasmagazine.com.br\/#\/schema\/person\/33c9ecabf11a83b4aaea1edea936942f\",\"name\":\"Daniella Almeida - Reporter da Agencia Brasil\",\"image\":{\"@type\":\"ImageObject\",\"inLanguage\":\"pt-BR\",\"@id\":\"https:\/\/juliasmagazine.com.br\/#\/schema\/person\/image\/\",\"url\":\"https:\/\/secure.gravatar.com\/avatar\/fbbe71a6be160d51f00a715f8bfe5ccf3759e4f68eefea99e85828cb5374c941?s=96&d=mm&r=g\",\"contentUrl\":\"https:\/\/secure.gravatar.com\/avatar\/fbbe71a6be160d51f00a715f8bfe5ccf3759e4f68eefea99e85828cb5374c941?s=96&d=mm&r=g\",\"caption\":\"Daniella Almeida - Reporter da Agencia Brasil\"},\"url\":\"https:\/\/juliasmagazine.com.br\/?author=33\"}]}<\/script>\n<!-- \/ Yoast SEO plugin. -->","yoast_head_json":{"title":"Enem PPL abre inscri\u00e7\u00f5es em 5 de outubro - Julias Magazine","robots":{"index":"index","follow":"follow","max-snippet":"max-snippet:-1","max-image-preview":"max-image-preview:large","max-video-preview":"max-video-preview:-1"},"canonical":"https:\/\/juliasmagazine.com.br\/?p=37643","og_locale":"pt_BR","og_type":"article","og_title":"Enem PPL abre inscri\u00e7\u00f5es em 5 de outubro - Julias Magazine","og_description":"As inscri\u00e7\u00f5es no Exame Nacional do Ensino M\u00e9dio de 2026 de pessoas privadas de liberdade ou sob medida socioeducativa que inclua priva\u00e7\u00e3o de liberdade (Enem PPL) come\u00e7am em 5 de outubro e devem ser feitas por interm\u00e9dio do respons\u00e1vel pedag\u00f3gico da unidade. O per\u00edodo de inscri\u00e7\u00f5es seguir\u00e1 at\u00e9 23 de outubro. As regras do Enem [&hellip;]","og_url":"https:\/\/juliasmagazine.com.br\/?p=37643","og_site_name":"Julias Magazine","article_published_time":"2026-09-03T22:37:28+00:00","og_image":[{"url":"https:\/\/cdn.jsdelivr.net\/gh\/sergiosdlima\/assets-ebc@1.0.0\/abr\/assets\/images\/logo-agenciabrasil.svg","type":"","width":"","height":""}],"author":"Daniella Almeida - Reporter da Agencia Brasil","twitter_card":"summary_large_image","twitter_misc":{"Escrito por":"Daniella Almeida - Reporter da Agencia Brasil","Est. tempo de leitura":"3 minutos"},"schema":{"@context":"https:\/\/schema.org","@graph":[{"@type":"Article","@id":"https:\/\/juliasmagazine.com.br\/?p=37643#article","isPartOf":{"@id":"https:\/\/juliasmagazine.com.br\/?p=37643"},"author":{"name":"Daniella Almeida - Reporter da Agencia Brasil","@id":"https:\/\/juliasmagazine.com.br\/#\/schema\/person\/33c9ecabf11a83b4aaea1edea936942f"},"headline":"Enem PPL abre inscri\u00e7\u00f5es em 5 de outubro","datePublished":"2026-09-03T22:37:28+00:00","dateModified":"2026-09-03T22:37:28+00:00","mainEntityOfPage":{"@id":"https:\/\/juliasmagazine.com.br\/?p=37643"},"wordCount":697,"commentCount":0,"publisher":{"@id":"https:\/\/juliasmagazine.com.br\/#organization"},"image":{"@id":"https:\/\/juliasmagazine.com.br\/?p=37643#primaryimage"},"thumbnailUrl":"https:\/\/juliasmagazine.com.br\/wp-content\/uploads\/2026\/09\/37643-enem-ppl-abre-inscricoes-em-5-de-outubro.jpg","articleSection":["Educa\u00e7\u00e3o e Carreiras"],"inLanguage":"pt-BR","potentialAction":[{"@type":"CommentAction","name":"Comment","target":["https:\/\/juliasmagazine.com.br\/?p=37643#respond"]}]},{"@type":"WebPage","@id":"https:\/\/juliasmagazine.com.br\/?p=37643","url":"https:\/\/juliasmagazine.com.br\/?p=37643","name":"Enem PPL abre inscri\u00e7\u00f5es em 5 de outubro - Julias Magazine","isPartOf":{"@id":"https:\/\/juliasmagazine.com.br\/#website"},"primaryImageOfPage":{"@id":"https:\/\/juliasmagazine.com.br\/?p=37643#primaryimage"},"image":{"@id":"https:\/\/juliasmagazine.com.br\/?p=37643#primaryimage"},"thumbnailUrl":"https:\/\/juliasmagazine.com.br\/wp-content\/uploads\/2026\/09\/37643-enem-ppl-abre-inscricoes-em-5-de-outubro.jpg","datePublished":"2026-09-03T22:37:28+00:00","dateModified":"2026-09-03T22:37:28+00:00","breadcrumb":{"@id":"https:\/\/juliasmagazine.com.br\/?p=37643#breadcrumb"},"inLanguage":"pt-BR","potentialAction":[{"@type":"ReadAction","target":["https:\/\/juliasmagazine.com.br\/?p=37643"]}]},{"@type":"ImageObject","inLanguage":"pt-BR","@id":"https:\/\/juliasmagazine.com.br\/?p=37643#primaryimage","url":"https:\/\/juliasmagazine.com.br\/wp-content\/uploads\/2026\/09\/37643-enem-ppl-abre-inscricoes-em-5-de-outubro.jpg","contentUrl":"https:\/\/juliasmagazine.com.br\/wp-content\/uploads\/2026\/09\/37643-enem-ppl-abre-inscricoes-em-5-de-outubro.jpg","width":1600,"height":800,"caption":"Enem PPL abre inscri\u00e7\u00f5es em 5 de outubro"},{"@type":"BreadcrumbList","@id":"https:\/\/juliasmagazine.com.br\/?p=37643#breadcrumb","itemListElement":[{"@type":"ListItem","position":1,"name":"In\u00edcio","item":"https:\/\/juliasmagazine.com.br\/"},{"@type":"ListItem","position":2,"name":"Enem PPL abre inscri\u00e7\u00f5es em 5 de outubro"}]},{"@type":"WebSite","@id":"https:\/\/juliasmagazine.com.br\/#website","url":"https:\/\/juliasmagazine.com.br\/","name":"Julias Magazine","description":"A Sua revista eletr\u00f4nica de moda,politica ,viagens ,cultura ,gastronomia e finan\u00e7as. .","publisher":{"@id":"https:\/\/juliasmagazine.com.br\/#organization"},"potentialAction":[{"@type":"SearchAction","target":{"@type":"EntryPoint","urlTemplate":"https:\/\/juliasmagazine.com.br\/?s={search_term_string}"},"query-input":{"@type":"PropertyValueSpecification","valueRequired":true,"valueName":"search_term_string"}}],"inLanguage":"pt-BR"},{"@type":"Organization","@id":"https:\/\/juliasmagazine.com.br\/#organization","name":"Julias Magazine","url":"https:\/\/juliasmagazine.com.br\/","logo":{"@type":"ImageObject","inLanguage":"pt-BR","@id":"https:\/\/juliasmagazine.com.br\/#\/schema\/logo\/image\/","url":"https:\/\/oquefazerembalneariocamboriu.com\/wp-content\/uploads\/2023\/02\/o-que-fazer-em-balneario-camboriu.jpg","contentUrl":"https:\/\/oquefazerembalneariocamboriu.com\/wp-content\/uploads\/2023\/02\/o-que-fazer-em-balneario-camboriu.jpg","width":1200,"height":675,"caption":"Julias Magazine"},"image":{"@id":"https:\/\/juliasmagazine.com.br\/#\/schema\/logo\/image\/"}},{"@type":"Person","@id":"https:\/\/juliasmagazine.com.br\/#\/schema\/person\/33c9ecabf11a83b4aaea1edea936942f","name":"Daniella Almeida - Reporter da Agencia Brasil","image":{"@type":"ImageObject","inLanguage":"pt-BR","@id":"https:\/\/juliasmagazine.com.br\/#\/schema\/person\/image\/","url":"https:\/\/secure.gravatar.com\/avatar\/fbbe71a6be160d51f00a715f8bfe5ccf3759e4f68eefea99e85828cb5374c941?s=96&d=mm&r=g","contentUrl":"https:\/\/secure.gravatar.com\/avatar\/fbbe71a6be160d51f00a715f8bfe5ccf3759e4f68eefea99e85828cb5374c941?s=96&d=mm&r=g","caption":"Daniella Almeida - Reporter da Agencia Brasil"},"url":"https:\/\/juliasmagazine.com.br\/?author=33"}]}},"_links":{"self":[{"href":"https:\/\/juliasmagazine.com.br\/index.php?rest_route=\/wp\/v2\/posts\/37643","targetHints":{"allow":["GET"]}}],"collection":[{"href":"https:\/\/juliasmagazine.com.br\/index.php?rest_route=\/wp\/v2\/posts"}],"about":[{"href":"https:\/\/juliasmagazine.com.br\/index.php?rest_route=\/wp\/v2\/types\/post"}],"author":[{"embeddable":true,"href":"https:\/\/juliasmagazine.com.br\/index.php?rest_route=\/wp\/v2\/users\/33"}],"replies":[{"embeddable":true,"href":"https:\/\/juliasmagazine.com.br\/index.php?rest_route=%2Fwp%2Fv2%2Fcomments&post=37643"}],"version-history":[{"count":0,"href":"https:\/\/juliasmagazine.com.br\/index.php?rest_route=\/wp\/v2\/posts\/37643\/revisions"}],"wp:featuredmedia":[{"embeddable":true,"href":"https:\/\/juliasmagazine.com.br\/index.php?rest_route=\/wp\/v2\/media\/37644"}],"wp:attachment":[{"href":"https:\/\/juliasmagazine.com.br\/index.php?rest_route=%2Fwp%2Fv2%2Fmedia&parent=37643"}],"wp:term":[{"taxonomy":"category","embeddable":true,"href":"https:\/\/juliasmagazine.com.br\/index.php?rest_route=%2Fwp%2Fv2%2Fcategories&post=37643"},{"taxonomy":"post_tag","embeddable":true,"href":"https:\/\/juliasmagazine.com.br\/index.php?rest_route=%2Fwp%2Fv2%2Ftags&post=37643"}],"curies":[{"name":"wp","href":"https:\/\/api.w.org\/{rel}","templated":true}]}}