{"id":37641,"date":"2026-09-03T19:37:12","date_gmt":"2026-09-03T22:37:12","guid":{"rendered":"https:\/\/juliasmagazine.com.br\/?p=37641"},"modified":"2026-09-03T19:37:12","modified_gmt":"2026-09-03T22:37:12","slug":"ue-suspende-carnes-do-brasil-entenda-impacto-e-proximos-passos","status":"publish","type":"post","link":"https:\/\/juliasmagazine.com.br\/?p=37641","title":{"rendered":"UE suspende carnes do Brasil; entenda impacto e pr\u00f3ximos passos"},"content":{"rendered":"<\/p>\n<p><a class=\"\" href=\"https:\/\/agenciabrasil.ebc.com.br\/economia\/noticia\/2026-09\/ue-suspende-carnes-do-brasil-entenda-impacto-e-proximos-passos\"><br \/>\n                    <img decoding=\"async\" src=\"https:\/\/cdn.jsdelivr.net\/gh\/sergiosdlima\/assets-ebc@1.0.0\/abr\/assets\/images\/logo-agenciabrasil.svg\" alt=\"Logo Ag\u00eancia Brasil\"><br \/>\n\t\t\t\t<\/a><\/p>\n<p><strong>A <a href=\"https:\/\/european-union.europa.eu\/index_en\" target=\"_blank\">Uni\u00e3o Europeia (UE)<\/a>\u00a0come\u00e7ou nesta quinta-feira (3) a <a href=\"https:\/\/agenciabrasil.ebc.com.br\/economia\/noticia\/2026-06\/uniao-europeia-oficializa-veto-carne-brasileira-partir-de-setembro\" target=\"_blank\">suspens\u00e3o da entrada<\/a> de produtos de origem animal do Brasil em seus 27 pa\u00edses-membros. A medida atinge carnes bovina, de frango e su\u00edna, al\u00e9m de mel, pescados e ovos, e pode afetar at\u00e9 US$ 2 bilh\u00f5es por ano em exporta\u00e7\u00f5es brasileiras.<\/strong><img decoding=\"async\" src=\"https:\/\/agenciabrasil.ebc.com.br\/ebc.png?id=1701482&#038;o=rss\"><img decoding=\"async\" src=\"https:\/\/agenciabrasil.ebc.com.br\/ebc.gif?id=1701482&#038;o=rss\"><\/p>\n<p>O bloqueio, por\u00e9m, n\u00e3o \u00e9 necessariamente definitivo: o Brasil tenta comprovar que atende \u00e0s exig\u00eancias europeias. Al\u00e9m disso, uma auditoria da UE avalia as cadeias de frango e mel no pa\u00eds.<\/p>\n<\/p>\n<h3>Not\u00edcias relacionadas:<\/h3>\n<ul>\n<li><a href=\"https:\/\/agenciabrasil.ebc.com.br\/economia\/noticia\/2026-06\/uniao-europeia-oficializa-veto-carne-brasileira-partir-de-setembro\">Uni\u00e3o Europeia oficializa veto \u00e0 carne brasileira a partir de setembro.<\/a><\/li>\n<\/ul>\n<p><strong>A restri\u00e7\u00e3o ocorre porque o bloco considera insuficientes os mecanismos brasileiros de controle do uso de antimicrobianos na produ\u00e7\u00e3o animal. A Uni\u00e3o Europeia n\u00e3o identificou casos de\u00a0contamina\u00e7\u00e3o\u00a0ou irregularidades sanit\u00e1rias em lotes brasileiros.\u00a0<\/strong><\/p>\n<h2>O que foi suspenso?<\/h2>\n<p>A partir desta quinta-feira, novas cargas dos produtos afetados n\u00e3o podem entrar no mercado dos 27 pa\u00edses da Uni\u00e3o Europeia.<\/p>\n<p>Est\u00e3o inclu\u00eddos:<\/p>\n<ul>\n<li>carne bovina;<\/li>\n<li>carne de frango;<\/li>\n<li>carne su\u00edna;<\/li>\n<li>mel;<\/li>\n<li>pescados;<\/li>\n<li>ovos.<\/li>\n<\/ul>\n<p>A medida atinge principalmente os segmentos de carne bovina e de frango, que t\u00eam participa\u00e7\u00e3o relevante nas exporta\u00e7\u00f5es brasileiras para o mercado europeu.<\/p>\n<h2>Por que a UE bloqueou?<\/h2>\n<p>A Uni\u00e3o Europeia det\u00e9m regras pr\u00f3prias para o uso de antimicrobianos na cria\u00e7\u00e3o de animais.<\/p>\n<p>Esses medicamentos podem ser usados para tratar infec\u00e7\u00f5es, mas o bloco pro\u00edbe o\u00a0emprego para estimular o crescimento dos animais. Tamb\u00e9m n\u00e3o permite que sejam utilizados em animais antimicrobianos reservados ao tratamento de infec\u00e7\u00f5es em seres humanos.<\/p>\n<p>A avalia\u00e7\u00e3o europeia \u00e9 de que o sistema brasileiro de controle dessas subst\u00e2ncias n\u00e3o oferece garantias suficientes para comprovar o cumprimento das regras.<\/p>\n<p>O governo brasileiro, por sua vez, contesta esse entendimento e afirma que a legisla\u00e7\u00e3o nacional j\u00e1 restringe o uso de antimicrobianos como promotores de crescimento, seguindo refer\u00eancias internacionais.<\/p>\n<h2>\u00c9 um problema sanit\u00e1rio?<\/h2>\n<p>N\u00e3o. Essa \u00e9 uma das principais d\u00favidas provocadas pela decis\u00e3o.<\/p>\n<p>O bloqueio europeu n\u00e3o foi anunciado ap\u00f3s a identifica\u00e7\u00e3o de contamina\u00e7\u00e3o ou de um problema sanit\u00e1rio espec\u00edfico em carnes brasileiras. A quest\u00e3o est\u00e1 relacionada aos mecanismos de controle e rastreabilidade do uso de antimicrobianos.<\/p>\n<p>Dessa forma, a medida n\u00e3o significa que a carne brasileira tenha sido considerada impr\u00f3pria para consumo.<\/p>\n<p>O Brasil exporta produtos de origem animal para dezenas de pa\u00edses e continua autorizado a vender para outros mercados que mantenham a habilita\u00e7\u00e3o dos produtos brasileiros.<\/p>\n<h2>Quanto o Brasil pode perder?<\/h2>\n<p>O impacto potencial estimado chega a US$ 2 bilh\u00f5es por ano considerando os produtos afetados.<\/p>\n<p>Somente a carne bovina respondeu por aproximadamente US$ 1,7 bilh\u00e3o em exporta\u00e7\u00f5es brasileiras para a UE em 2025, segundo os dados apresentados no material.<\/p>\n<p>Embora o mercado europeu represente uma parcela limitada do total das exporta\u00e7\u00f5es brasileiras de carne bovina, ele \u00e9 considerado estrat\u00e9gico porque compra cortes de maior valor agregado.<\/p>\n<p>O problema para o setor n\u00e3o \u00e9 apenas encontrar outro comprador. Diferentes mercados costumam demandar cortes espec\u00edficos, o que dificulta substitui\u00e7\u00e3o imediata das vendas destinadas \u00e0 Europa.<\/p>\n<h2>O que o Brasil fez?<\/h2>\n<p>O governo brasileiro vem negociando com a Uni\u00e3o Europeia desde que a medida foi anunciada.<\/p>\n<p>Entre as provid\u00eancias adotadas est\u00e3o:<\/p>\n<ul>\n<li>proibi\u00e7\u00e3o de determinados antimicrobianos;<\/li>\n<li>cria\u00e7\u00e3o de mais\u00a0regras de controle;<\/li>\n<li>proposta de um per\u00edodo de transi\u00e7\u00e3o, rejeitada pela UE;<\/li>\n<li>Elabora\u00e7\u00e3o de um protocolo de rastreabilidade;<\/li>\n<li>comprova\u00e7\u00e3o do controle sobre o uso dessas subst\u00e2ncias durante a produ\u00e7\u00e3o.<\/li>\n<\/ul>\n<p>O novo protocolo prev\u00ea o acompanhamento do animal desde o nascimento at\u00e9 o abate, permitindo comprovar que determinados antimicrobianos n\u00e3o foram usados durante sua vida.<\/p>\n<p>Segundo a <a href=\"https:\/\/abiec.com.br\/\" target=\"_blank\">Associa\u00e7\u00e3o Brasileira das Ind\u00fastrias Exportadoras de Carnes (Abiec)<\/a>, todas as empresas associadas e habilitadas a exportar para a Uni\u00e3o Europeia j\u00e1 aderiram ao protocolo privado desenvolvido pelo setor.<\/p>\n<h2>Quando o bloqueio pode acabar?<\/h2>\n<p>A suspens\u00e3o pode ser revertida, mas n\u00e3o h\u00e1 uma data definida para a retomada das exporta\u00e7\u00f5es.<\/p>\n<p>Esta semana, t\u00e9cnicos da Uni\u00e3o Europeia promovem\u00a0uma auditoria no Brasil sobre as cadeias de produ\u00e7\u00e3o de frango e mel. A inspe\u00e7\u00e3o deve terminar nesta sexta-feira (4).<\/p>\n<p>Depois, o resultado ainda precisar\u00e1 ser analisado pelas autoridades europeias. Esse processo pode levar cerca de dois meses.<\/p>\n<p>Se a UE considerar que as exig\u00eancias foram atendidas, o Brasil poder\u00e1 ser reinclu\u00eddo na lista de pa\u00edses autorizados a exportar.<\/p>\n<h2>E a carne bovina?<\/h2>\n<p>Para a carne bovina, a retomada pode ser mais demorada.<\/p>\n<p>Isso ocorre porque o novo sistema exige rastreamento durante todo o ciclo de vida do animal. Um bovino que passe a seguir as novas regras hoje pode levar entre 24 e 36 meses at\u00e9 chegar ao abate.<\/p>\n<p>Portanto, mesmo que a UE reverta o bloqueio, a adapta\u00e7\u00e3o da cadeia bovina \u00e0s novas exig\u00eancias pode levar anos.<\/p>\n<p>No caso do frango, o ciclo produtivo \u00e9 bem menor: aproximadamente 45 dias entre o nascimento e o abate.<\/p>\n<h2>O que acontece com frango?<\/h2>\n<div class=\"dnd-widget-wrapper context-medio_4colunas type-image atom-align-left\">\n<div class=\"dnd-atom-rendered\"><!-- scald=13114:medio_4colunas {\"additionalClasses\":\"\"} --><br \/>\n            <img decoding=\"async\" src=\"https:\/\/agenciabrasil.ebc.com.br\/sites\/default\/files\/thumbnails\/image\/loading_v2.gif\" data-echo=\"https:\/\/imagens.ebc.com.br\/b-bwbmz4kOk5qU-fScnLUSgohpw=\/365x0\/smart\/https:\/\/agenciabrasil.ebc.com.br\/sites\/default\/files\/atoms\/image\/frangos1ana.jpg?itok=C9KEWASy\" alt=\"Frangos                               \" title=\"Arquivo\/Ag\u00eancia Brasil\"><br \/>\n        <noscript><img decoding=\"async\" src=\"https:\/\/imagens.ebc.com.br\/b-bwbmz4kOk5qU-fScnLUSgohpw=\/365x0\/smart\/https:\/\/agenciabrasil.ebc.com.br\/sites\/default\/files\/atoms\/image\/frangos1ana.jpg?itok=C9KEWASy\" alt=\"Frangos                               \" title=\"Arquivo\/Ag\u00eancia Brasil\"><\/noscript><br \/>\n    <!-- END scald=13114 --><\/div>\n<div class=\"dnd-caption-wrapper\">\n<div class=\"meta\">Brasil exporta carne de frango para cerca de 150 pa\u00edses. <strong>Foto:<\/strong> <strong>Arquivo\/Ag\u00eancia Brasil<\/strong><!--END copyright=13114--><\/div>\n<\/div>\n<\/div>\n<p>O setor av\u00edcola espera que as vendas para a Uni\u00e3o Europeia possam ser retomadas ainda em 2026, dependendo do resultado da auditoria.<\/p>\n<p>Caso o bloqueio permane\u00e7a, a produ\u00e7\u00e3o que seria destinada aos europeus poder\u00e1 ser destinada ao mercado brasileiro, a pa\u00edses do Oriente M\u00e9dio e a outros mercados internacionais.<\/p>\n<p>O Brasil exporta carne de frango para cerca de 150 pa\u00edses, o que oferece alternativas para parte da produ\u00e7\u00e3o.<\/p>\n<h2>E o mel?<\/h2>\n<p>O mel tamb\u00e9m entra na suspens\u00e3o. As exporta\u00e7\u00f5es brasileiras para a Uni\u00e3o Europeia dobraram no primeiro semestre de 2026, chegando a US$ 6,3 milh\u00f5es, segundo a <a href=\"https:\/\/www.brazilletsbee.com.br\/\" target=\"_blank\">Associa\u00e7\u00e3o Brasileira dos Exportadores de Mel (Abemel)<\/a>.<\/p>\n<p>O crescimento ocorreu em parte porque as tarifas adicionais impostas pelos Estados Unidos tornaram aquele mercado mais caro para os exportadores brasileiros, levando empresas a direcionar vendas para a Europa.<\/p>\n<p>Um dos riscos avaliados pelo setor \u00e9 a chamada contamina\u00e7\u00e3o cruzada. Ela pode ocorrer, por exemplo, quando colmeias ficam pr\u00f3ximas de \u00e1reas de cria\u00e7\u00e3o de animais onde determinados produtos s\u00e3o usados.<\/p>\n<h2>Consumidor brasileiro ser\u00e1 afetado?<\/h2>\n<p>A suspens\u00e3o \u00e9 direcionada \u00e0s exporta\u00e7\u00f5es para a Uni\u00e3o Europeia, e n\u00e3o significa interrup\u00e7\u00e3o da produ\u00e7\u00e3o ou comercializa\u00e7\u00e3o desses produtos no Brasil.<\/p>\n<p>Caso parte da produ\u00e7\u00e3o inicialmente destinada \u00e0 Europa seja redirecionada ao mercado interno, poder\u00e1 haver aumento da oferta dom\u00e9stica de determinados produtos.<\/p>\n<p>Isso, no entanto, n\u00e3o significa que os pre\u00e7os cair\u00e3o no mercado interno. O efeito depender\u00e1 de fatores como volume redirecionado, demanda interna e capacidade de absor\u00e7\u00e3o do mercado.<\/p>\n<h2>E os outros pa\u00edses?<\/h2>\n<p>O bloqueio n\u00e3o atinge automaticamente todos os parceiros comerciais do Brasil.<\/p>\n<p>Argentina, Paraguai e Uruguai, por exemplo, continuam autorizados a exportar produtos de origem animal para a Uni\u00e3o Europeia.<\/p>\n<p>A decis\u00e3o tamb\u00e9m ocorre em meio \u00e0s <a href=\"https:\/\/agenciabrasil.ebc.com.br\/economia\/noticia\/2026-04\/acordo-mercosul-ue-entra-em-vigor-nesta-sexta-apos-26-anos\" target=\"_blank\">discuss\u00f5es comerciais entre o bloco europeu e o Mercosul<\/a>. Por isso, representantes do agroneg\u00f3cio brasileiro classificam a medida de\u00a0protecionista, enquanto autoridades europeias sustentam que se trata do cumprimento de exig\u00eancias regulat\u00f3rias.<\/p>\n<h2>Pr\u00f3ximos passos<\/h2>\n<p>O cen\u00e1rio agora depende principalmente de tr\u00eas etapas:<\/p>\n<ul>\n<li>conclus\u00e3o da auditoria europeia nas cadeias brasileiras de frango e mel;<\/li>\n<li>an\u00e1lise dos resultados pelas autoridades da Uni\u00e3o Europeia;<\/li>\n<li>comprova\u00e7\u00e3o da conformidade brasileira com as regras exigidas pelo bloco.<\/li>\n<\/ul>\n<p>Se as garantias apresentadas forem consideradas suficientes, a UE poder\u00e1 suspender o bloqueio e autorizar novamente as importa\u00e7\u00f5es.<\/p>\n<p>At\u00e9 l\u00e1, os setores afetados ter\u00e3o de administrar os estoques e buscar outros mercados para parte da produ\u00e7\u00e3o que seria destinada aos consumidores europeus.<\/p>\n","protected":false},"excerpt":{"rendered":"<p>A Uni\u00e3o Europeia (UE)\u00a0come\u00e7ou nesta quinta-feira (3) a suspens\u00e3o da entrada de produtos de origem animal do Brasil em seus 27 pa\u00edses-membros. A medida atinge carnes bovina, de frango e su\u00edna, al\u00e9m de mel, pescados e ovos, e pode afetar at\u00e9 US$ 2 bilh\u00f5es por ano em exporta\u00e7\u00f5es brasileiras. O bloqueio, por\u00e9m, n\u00e3o \u00e9 necessariamente [&hellip;]<\/p>\n","protected":false},"author":1,"featured_media":37642,"comment_status":"open","ping_status":"open","sticky":false,"template":"","format":"standard","meta":{"site-sidebar-layout":"default","site-content-layout":"","ast-site-content-layout":"","site-content-style":"default","site-sidebar-style":"default","ast-global-header-display":"","ast-banner-title-visibility":"","ast-main-header-display":"","ast-hfb-above-header-display":"","ast-hfb-below-header-display":"","ast-hfb-mobile-header-display":"","site-post-title":"","ast-breadcrumbs-content":"","ast-featured-img":"","footer-sml-layout":"","theme-transparent-header-meta":"","adv-header-id-meta":"","stick-header-meta":"","header-above-stick-meta":"","header-main-stick-meta":"","header-below-stick-meta":"","astra-migrate-meta-layouts":"default","ast-page-background-enabled":"default","ast-page-background-meta":{"desktop":{"background-color":"var(--ast-global-color-4)","background-image":"","background-repeat":"repeat","background-position":"center center","background-size":"auto","background-attachment":"scroll","background-type":"","background-media":"","overlay-type":"","overlay-color":"","overlay-opacity":"","overlay-gradient":""},"tablet":{"background-color":"","background-image":"","background-repeat":"repeat","background-position":"center center","background-size":"auto","background-attachment":"scroll","background-type":"","background-media":"","overlay-type":"","overlay-color":"","overlay-opacity":"","overlay-gradient":""},"mobile":{"background-color":"","background-image":"","background-repeat":"repeat","background-position":"center center","background-size":"auto","background-attachment":"scroll","background-type":"","background-media":"","overlay-type":"","overlay-color":"","overlay-opacity":"","overlay-gradient":""}},"ast-content-background-meta":{"desktop":{"background-color":"var(--ast-global-color-5)","background-image":"","background-repeat":"repeat","background-position":"center center","background-size":"auto","background-attachment":"scroll","background-type":"","background-media":"","overlay-type":"","overlay-color":"","overlay-opacity":"","overlay-gradient":""},"tablet":{"background-color":"var(--ast-global-color-5)","background-image":"","background-repeat":"repeat","background-position":"center center","background-size":"auto","background-attachment":"scroll","background-type":"","background-media":"","overlay-type":"","overlay-color":"","overlay-opacity":"","overlay-gradient":""},"mobile":{"background-color":"var(--ast-global-color-5)","background-image":"","background-repeat":"repeat","background-position":"center center","background-size":"auto","background-attachment":"scroll","background-type":"","background-media":"","overlay-type":"","overlay-color":"","overlay-opacity":"","overlay-gradient":""}},"footnotes":""},"categories":[37],"tags":[],"class_list":["post-37641","post","type-post","status-publish","format-standard","has-post-thumbnail","hentry","category-economia-e-negocios"],"yoast_head":"<!-- This site is optimized with the Yoast SEO plugin v24.1 - https:\/\/yoast.com\/wordpress\/plugins\/seo\/ -->\n<title>UE suspende carnes do Brasil; entenda impacto e pr\u00f3ximos passos - Julias Magazine<\/title>\n<meta name=\"robots\" content=\"index, follow, max-snippet:-1, max-image-preview:large, max-video-preview:-1\" \/>\n<link rel=\"canonical\" href=\"https:\/\/juliasmagazine.com.br\/?p=37641\" \/>\n<meta property=\"og:locale\" content=\"pt_BR\" \/>\n<meta property=\"og:type\" content=\"article\" \/>\n<meta property=\"og:title\" content=\"UE suspende carnes do Brasil; entenda impacto e pr\u00f3ximos passos - Julias Magazine\" \/>\n<meta property=\"og:description\" content=\"A Uni\u00e3o Europeia (UE)\u00a0come\u00e7ou nesta quinta-feira (3) a suspens\u00e3o da entrada de produtos de origem animal do Brasil em seus 27 pa\u00edses-membros. A medida atinge carnes bovina, de frango e su\u00edna, al\u00e9m de mel, pescados e ovos, e pode afetar at\u00e9 US$ 2 bilh\u00f5es por ano em exporta\u00e7\u00f5es brasileiras. O bloqueio, por\u00e9m, n\u00e3o \u00e9 necessariamente [&hellip;]\" \/>\n<meta property=\"og:url\" content=\"https:\/\/juliasmagazine.com.br\/?p=37641\" \/>\n<meta property=\"og:site_name\" content=\"Julias Magazine\" \/>\n<meta property=\"article:published_time\" content=\"2026-09-03T22:37:12+00:00\" \/>\n<meta property=\"og:image\" content=\"https:\/\/cdn.jsdelivr.net\/gh\/sergiosdlima\/assets-ebc@1.0.0\/abr\/assets\/images\/logo-agenciabrasil.svg\" \/>\n<meta name=\"author\" content=\"gestormovie\" \/>\n<meta name=\"twitter:card\" content=\"summary_large_image\" \/>\n<meta name=\"twitter:label1\" content=\"Escrito por\" \/>\n\t<meta name=\"twitter:data1\" content=\"gestormovie\" \/>\n\t<meta name=\"twitter:label2\" content=\"Est. tempo de leitura\" \/>\n\t<meta name=\"twitter:data2\" content=\"7 minutos\" \/>\n<script type=\"application\/ld+json\" class=\"yoast-schema-graph\">{\"@context\":\"https:\/\/schema.org\",\"@graph\":[{\"@type\":\"Article\",\"@id\":\"https:\/\/juliasmagazine.com.br\/?p=37641#article\",\"isPartOf\":{\"@id\":\"https:\/\/juliasmagazine.com.br\/?p=37641\"},\"author\":{\"name\":\"gestormovie\",\"@id\":\"https:\/\/juliasmagazine.com.br\/#\/schema\/person\/4644cc0cefba8afbd17931d23420f787\"},\"headline\":\"UE suspende carnes do Brasil; entenda impacto e pr\u00f3ximos passos\",\"datePublished\":\"2026-09-03T22:37:12+00:00\",\"dateModified\":\"2026-09-03T22:37:12+00:00\",\"mainEntityOfPage\":{\"@id\":\"https:\/\/juliasmagazine.com.br\/?p=37641\"},\"wordCount\":1317,\"commentCount\":0,\"publisher\":{\"@id\":\"https:\/\/juliasmagazine.com.br\/#organization\"},\"image\":{\"@id\":\"https:\/\/juliasmagazine.com.br\/?p=37641#primaryimage\"},\"thumbnailUrl\":\"https:\/\/juliasmagazine.com.br\/wp-content\/uploads\/2026\/09\/37641-ue-suspende-carnes-do-brasil-entenda-impacto-e-proximos-passos.jpg\",\"articleSection\":[\"Economia e Neg\u00f3cios\"],\"inLanguage\":\"pt-BR\",\"potentialAction\":[{\"@type\":\"CommentAction\",\"name\":\"Comment\",\"target\":[\"https:\/\/juliasmagazine.com.br\/?p=37641#respond\"]}]},{\"@type\":\"WebPage\",\"@id\":\"https:\/\/juliasmagazine.com.br\/?p=37641\",\"url\":\"https:\/\/juliasmagazine.com.br\/?p=37641\",\"name\":\"UE suspende carnes do Brasil; entenda impacto e pr\u00f3ximos passos - Julias Magazine\",\"isPartOf\":{\"@id\":\"https:\/\/juliasmagazine.com.br\/#website\"},\"primaryImageOfPage\":{\"@id\":\"https:\/\/juliasmagazine.com.br\/?p=37641#primaryimage\"},\"image\":{\"@id\":\"https:\/\/juliasmagazine.com.br\/?p=37641#primaryimage\"},\"thumbnailUrl\":\"https:\/\/juliasmagazine.com.br\/wp-content\/uploads\/2026\/09\/37641-ue-suspende-carnes-do-brasil-entenda-impacto-e-proximos-passos.jpg\",\"datePublished\":\"2026-09-03T22:37:12+00:00\",\"dateModified\":\"2026-09-03T22:37:12+00:00\",\"breadcrumb\":{\"@id\":\"https:\/\/juliasmagazine.com.br\/?p=37641#breadcrumb\"},\"inLanguage\":\"pt-BR\",\"potentialAction\":[{\"@type\":\"ReadAction\",\"target\":[\"https:\/\/juliasmagazine.com.br\/?p=37641\"]}]},{\"@type\":\"ImageObject\",\"inLanguage\":\"pt-BR\",\"@id\":\"https:\/\/juliasmagazine.com.br\/?p=37641#primaryimage\",\"url\":\"https:\/\/juliasmagazine.com.br\/wp-content\/uploads\/2026\/09\/37641-ue-suspende-carnes-do-brasil-entenda-impacto-e-proximos-passos.jpg\",\"contentUrl\":\"https:\/\/juliasmagazine.com.br\/wp-content\/uploads\/2026\/09\/37641-ue-suspende-carnes-do-brasil-entenda-impacto-e-proximos-passos.jpg\",\"width\":1600,\"height\":800,\"caption\":\"UE suspende carnes do Brasil; entenda impacto e pr\u00f3ximos passos\"},{\"@type\":\"BreadcrumbList\",\"@id\":\"https:\/\/juliasmagazine.com.br\/?p=37641#breadcrumb\",\"itemListElement\":[{\"@type\":\"ListItem\",\"position\":1,\"name\":\"In\u00edcio\",\"item\":\"https:\/\/juliasmagazine.com.br\/\"},{\"@type\":\"ListItem\",\"position\":2,\"name\":\"UE suspende carnes do Brasil; entenda impacto e pr\u00f3ximos passos\"}]},{\"@type\":\"WebSite\",\"@id\":\"https:\/\/juliasmagazine.com.br\/#website\",\"url\":\"https:\/\/juliasmagazine.com.br\/\",\"name\":\"Julias Magazine\",\"description\":\"A Sua revista eletr\u00f4nica de moda,politica ,viagens ,cultura ,gastronomia e finan\u00e7as. .\",\"publisher\":{\"@id\":\"https:\/\/juliasmagazine.com.br\/#organization\"},\"potentialAction\":[{\"@type\":\"SearchAction\",\"target\":{\"@type\":\"EntryPoint\",\"urlTemplate\":\"https:\/\/juliasmagazine.com.br\/?s={search_term_string}\"},\"query-input\":{\"@type\":\"PropertyValueSpecification\",\"valueRequired\":true,\"valueName\":\"search_term_string\"}}],\"inLanguage\":\"pt-BR\"},{\"@type\":\"Organization\",\"@id\":\"https:\/\/juliasmagazine.com.br\/#organization\",\"name\":\"Julias Magazine\",\"url\":\"https:\/\/juliasmagazine.com.br\/\",\"logo\":{\"@type\":\"ImageObject\",\"inLanguage\":\"pt-BR\",\"@id\":\"https:\/\/juliasmagazine.com.br\/#\/schema\/logo\/image\/\",\"url\":\"https:\/\/oquefazerembalneariocamboriu.com\/wp-content\/uploads\/2023\/02\/o-que-fazer-em-balneario-camboriu.jpg\",\"contentUrl\":\"https:\/\/oquefazerembalneariocamboriu.com\/wp-content\/uploads\/2023\/02\/o-que-fazer-em-balneario-camboriu.jpg\",\"width\":1200,\"height\":675,\"caption\":\"Julias Magazine\"},\"image\":{\"@id\":\"https:\/\/juliasmagazine.com.br\/#\/schema\/logo\/image\/\"}},{\"@type\":\"Person\",\"@id\":\"https:\/\/juliasmagazine.com.br\/#\/schema\/person\/4644cc0cefba8afbd17931d23420f787\",\"name\":\"gestormovie\",\"image\":{\"@type\":\"ImageObject\",\"inLanguage\":\"pt-BR\",\"@id\":\"https:\/\/juliasmagazine.com.br\/#\/schema\/person\/image\/\",\"url\":\"https:\/\/secure.gravatar.com\/avatar\/c07ba4842df2fb5c25da194195cd2cdd8ccc2426824c3276a3f81c597c7a6600?s=96&d=mm&r=g\",\"contentUrl\":\"https:\/\/secure.gravatar.com\/avatar\/c07ba4842df2fb5c25da194195cd2cdd8ccc2426824c3276a3f81c597c7a6600?s=96&d=mm&r=g\",\"caption\":\"gestormovie\"},\"sameAs\":[\"https:\/\/juliasmagazine.com.br\"],\"url\":\"https:\/\/juliasmagazine.com.br\/?author=1\"}]}<\/script>\n<!-- \/ Yoast SEO plugin. -->","yoast_head_json":{"title":"UE suspende carnes do Brasil; entenda impacto e pr\u00f3ximos passos - Julias Magazine","robots":{"index":"index","follow":"follow","max-snippet":"max-snippet:-1","max-image-preview":"max-image-preview:large","max-video-preview":"max-video-preview:-1"},"canonical":"https:\/\/juliasmagazine.com.br\/?p=37641","og_locale":"pt_BR","og_type":"article","og_title":"UE suspende carnes do Brasil; entenda impacto e pr\u00f3ximos passos - Julias Magazine","og_description":"A Uni\u00e3o Europeia (UE)\u00a0come\u00e7ou nesta quinta-feira (3) a suspens\u00e3o da entrada de produtos de origem animal do Brasil em seus 27 pa\u00edses-membros. A medida atinge carnes bovina, de frango e su\u00edna, al\u00e9m de mel, pescados e ovos, e pode afetar at\u00e9 US$ 2 bilh\u00f5es por ano em exporta\u00e7\u00f5es brasileiras. O bloqueio, por\u00e9m, n\u00e3o \u00e9 necessariamente [&hellip;]","og_url":"https:\/\/juliasmagazine.com.br\/?p=37641","og_site_name":"Julias Magazine","article_published_time":"2026-09-03T22:37:12+00:00","og_image":[{"url":"https:\/\/cdn.jsdelivr.net\/gh\/sergiosdlima\/assets-ebc@1.0.0\/abr\/assets\/images\/logo-agenciabrasil.svg","type":"","width":"","height":""}],"author":"gestormovie","twitter_card":"summary_large_image","twitter_misc":{"Escrito por":"gestormovie","Est. tempo de leitura":"7 minutos"},"schema":{"@context":"https:\/\/schema.org","@graph":[{"@type":"Article","@id":"https:\/\/juliasmagazine.com.br\/?p=37641#article","isPartOf":{"@id":"https:\/\/juliasmagazine.com.br\/?p=37641"},"author":{"name":"gestormovie","@id":"https:\/\/juliasmagazine.com.br\/#\/schema\/person\/4644cc0cefba8afbd17931d23420f787"},"headline":"UE suspende carnes do Brasil; entenda impacto e pr\u00f3ximos passos","datePublished":"2026-09-03T22:37:12+00:00","dateModified":"2026-09-03T22:37:12+00:00","mainEntityOfPage":{"@id":"https:\/\/juliasmagazine.com.br\/?p=37641"},"wordCount":1317,"commentCount":0,"publisher":{"@id":"https:\/\/juliasmagazine.com.br\/#organization"},"image":{"@id":"https:\/\/juliasmagazine.com.br\/?p=37641#primaryimage"},"thumbnailUrl":"https:\/\/juliasmagazine.com.br\/wp-content\/uploads\/2026\/09\/37641-ue-suspende-carnes-do-brasil-entenda-impacto-e-proximos-passos.jpg","articleSection":["Economia e Neg\u00f3cios"],"inLanguage":"pt-BR","potentialAction":[{"@type":"CommentAction","name":"Comment","target":["https:\/\/juliasmagazine.com.br\/?p=37641#respond"]}]},{"@type":"WebPage","@id":"https:\/\/juliasmagazine.com.br\/?p=37641","url":"https:\/\/juliasmagazine.com.br\/?p=37641","name":"UE suspende carnes do Brasil; entenda impacto e pr\u00f3ximos passos - Julias Magazine","isPartOf":{"@id":"https:\/\/juliasmagazine.com.br\/#website"},"primaryImageOfPage":{"@id":"https:\/\/juliasmagazine.com.br\/?p=37641#primaryimage"},"image":{"@id":"https:\/\/juliasmagazine.com.br\/?p=37641#primaryimage"},"thumbnailUrl":"https:\/\/juliasmagazine.com.br\/wp-content\/uploads\/2026\/09\/37641-ue-suspende-carnes-do-brasil-entenda-impacto-e-proximos-passos.jpg","datePublished":"2026-09-03T22:37:12+00:00","dateModified":"2026-09-03T22:37:12+00:00","breadcrumb":{"@id":"https:\/\/juliasmagazine.com.br\/?p=37641#breadcrumb"},"inLanguage":"pt-BR","potentialAction":[{"@type":"ReadAction","target":["https:\/\/juliasmagazine.com.br\/?p=37641"]}]},{"@type":"ImageObject","inLanguage":"pt-BR","@id":"https:\/\/juliasmagazine.com.br\/?p=37641#primaryimage","url":"https:\/\/juliasmagazine.com.br\/wp-content\/uploads\/2026\/09\/37641-ue-suspende-carnes-do-brasil-entenda-impacto-e-proximos-passos.jpg","contentUrl":"https:\/\/juliasmagazine.com.br\/wp-content\/uploads\/2026\/09\/37641-ue-suspende-carnes-do-brasil-entenda-impacto-e-proximos-passos.jpg","width":1600,"height":800,"caption":"UE suspende carnes do Brasil; entenda impacto e pr\u00f3ximos passos"},{"@type":"BreadcrumbList","@id":"https:\/\/juliasmagazine.com.br\/?p=37641#breadcrumb","itemListElement":[{"@type":"ListItem","position":1,"name":"In\u00edcio","item":"https:\/\/juliasmagazine.com.br\/"},{"@type":"ListItem","position":2,"name":"UE suspende carnes do Brasil; entenda impacto e pr\u00f3ximos passos"}]},{"@type":"WebSite","@id":"https:\/\/juliasmagazine.com.br\/#website","url":"https:\/\/juliasmagazine.com.br\/","name":"Julias Magazine","description":"A Sua revista eletr\u00f4nica de moda,politica ,viagens ,cultura ,gastronomia e finan\u00e7as. .","publisher":{"@id":"https:\/\/juliasmagazine.com.br\/#organization"},"potentialAction":[{"@type":"SearchAction","target":{"@type":"EntryPoint","urlTemplate":"https:\/\/juliasmagazine.com.br\/?s={search_term_string}"},"query-input":{"@type":"PropertyValueSpecification","valueRequired":true,"valueName":"search_term_string"}}],"inLanguage":"pt-BR"},{"@type":"Organization","@id":"https:\/\/juliasmagazine.com.br\/#organization","name":"Julias Magazine","url":"https:\/\/juliasmagazine.com.br\/","logo":{"@type":"ImageObject","inLanguage":"pt-BR","@id":"https:\/\/juliasmagazine.com.br\/#\/schema\/logo\/image\/","url":"https:\/\/oquefazerembalneariocamboriu.com\/wp-content\/uploads\/2023\/02\/o-que-fazer-em-balneario-camboriu.jpg","contentUrl":"https:\/\/oquefazerembalneariocamboriu.com\/wp-content\/uploads\/2023\/02\/o-que-fazer-em-balneario-camboriu.jpg","width":1200,"height":675,"caption":"Julias Magazine"},"image":{"@id":"https:\/\/juliasmagazine.com.br\/#\/schema\/logo\/image\/"}},{"@type":"Person","@id":"https:\/\/juliasmagazine.com.br\/#\/schema\/person\/4644cc0cefba8afbd17931d23420f787","name":"gestormovie","image":{"@type":"ImageObject","inLanguage":"pt-BR","@id":"https:\/\/juliasmagazine.com.br\/#\/schema\/person\/image\/","url":"https:\/\/secure.gravatar.com\/avatar\/c07ba4842df2fb5c25da194195cd2cdd8ccc2426824c3276a3f81c597c7a6600?s=96&d=mm&r=g","contentUrl":"https:\/\/secure.gravatar.com\/avatar\/c07ba4842df2fb5c25da194195cd2cdd8ccc2426824c3276a3f81c597c7a6600?s=96&d=mm&r=g","caption":"gestormovie"},"sameAs":["https:\/\/juliasmagazine.com.br"],"url":"https:\/\/juliasmagazine.com.br\/?author=1"}]}},"_links":{"self":[{"href":"https:\/\/juliasmagazine.com.br\/index.php?rest_route=\/wp\/v2\/posts\/37641","targetHints":{"allow":["GET"]}}],"collection":[{"href":"https:\/\/juliasmagazine.com.br\/index.php?rest_route=\/wp\/v2\/posts"}],"about":[{"href":"https:\/\/juliasmagazine.com.br\/index.php?rest_route=\/wp\/v2\/types\/post"}],"author":[{"embeddable":true,"href":"https:\/\/juliasmagazine.com.br\/index.php?rest_route=\/wp\/v2\/users\/1"}],"replies":[{"embeddable":true,"href":"https:\/\/juliasmagazine.com.br\/index.php?rest_route=%2Fwp%2Fv2%2Fcomments&post=37641"}],"version-history":[{"count":0,"href":"https:\/\/juliasmagazine.com.br\/index.php?rest_route=\/wp\/v2\/posts\/37641\/revisions"}],"wp:featuredmedia":[{"embeddable":true,"href":"https:\/\/juliasmagazine.com.br\/index.php?rest_route=\/wp\/v2\/media\/37642"}],"wp:attachment":[{"href":"https:\/\/juliasmagazine.com.br\/index.php?rest_route=%2Fwp%2Fv2%2Fmedia&parent=37641"}],"wp:term":[{"taxonomy":"category","embeddable":true,"href":"https:\/\/juliasmagazine.com.br\/index.php?rest_route=%2Fwp%2Fv2%2Fcategories&post=37641"},{"taxonomy":"post_tag","embeddable":true,"href":"https:\/\/juliasmagazine.com.br\/index.php?rest_route=%2Fwp%2Fv2%2Ftags&post=37641"}],"curies":[{"name":"wp","href":"https:\/\/api.w.org\/{rel}","templated":true}]}}