{"id":37639,"date":"2026-09-03T19:36:55","date_gmt":"2026-09-03T22:36:55","guid":{"rendered":"https:\/\/juliasmagazine.com.br\/?p=37639"},"modified":"2026-09-03T19:36:55","modified_gmt":"2026-09-03T22:36:55","slug":"rock-in-rio-vai-contar-com-reforco-no-transporte-e-na-seguranca","status":"publish","type":"post","link":"https:\/\/juliasmagazine.com.br\/?p=37639","title":{"rendered":"Rock in Rio vai contar com refor\u00e7o no transporte e na seguran\u00e7a"},"content":{"rendered":"<p>Com a expectativa de receber cerca de 100 mil pessoas por dia, o <strong>Rock in Rio 2026 <\/strong>come\u00e7a nesta sexta-feira (4) com um <strong>grande esquema de tr\u00e2nsito<\/strong> durante os dias do evento. A Secretaria de Transporte e Mobilidade Urbana do Estado orienta os participantes a planejar seus deslocamentos.<img decoding=\"async\" src=\"https:\/\/agenciabrasil.ebc.com.br\/ebc.png?id=1701484&#038;o=rss\"><img decoding=\"async\" src=\"https:\/\/agenciabrasil.ebc.com.br\/ebc.gif?id=1701484&#038;o=rss\"><\/p>\n<h3>Trilhos e rodas<\/h3>\n<p>Os trens e metr\u00f4s v\u00e3o contar com <strong>opera\u00e7\u00e3o especial de 24 horas<\/strong>\u00a0durante o Festival. As esta\u00e7\u00f5es de trem Central do Brasil, Madureira e Deodoro v\u00e3o funcionar durante toda a madrugada com <strong>viagens de hora em hora<\/strong>, facilitando a integra\u00e7\u00e3o com o sistema do metr\u00f4 e o BRT.<\/p>\n<p><strong>Trens extras<\/strong> tamb\u00e9m foram disponibilizados para o retorno do evento, com partidas da esta\u00e7\u00e3o Deodoro, com destino \u00e0 Central do Brasil,\u00a0e da Central do Brasil para outros locais.<\/p>\n<p>No metr\u00f4, a esta\u00e7\u00e3o Jardim Oce\u00e2nico\/Barra da Tijuca, terminal de integra\u00e7\u00e3o com o servi\u00e7o especial <strong>BRT Rock in Rio<\/strong>, vai ficar aberta 24 horas para embarque. As demais v\u00e3o funcionar em seu hor\u00e1rio normal para embarque e, durante a madrugada, ficam abertas apenas para desembarque.<\/p>\n<h3>Seguran\u00e7a\u00a0<\/h3>\n<p>O evento conta ainda com um esquema especial de seguran\u00e7a p\u00fablica, com <strong>mais de 7.500 agentes<\/strong>, al\u00e9m de c\u00e2meras de <strong>reconhecimento facial<\/strong> e um novo sistema de defesa do espa\u00e7o a\u00e9reo para <strong>combate a drones<\/strong>. Al\u00e9m disso, a organiza\u00e7\u00e3o do festival conta com 1.600 profissionais de seguran\u00e7a privada.<\/p>\n<p>A Pol\u00edcia Civil vai atuar no local com foco na preven\u00e7\u00e3o e repress\u00e3o a furtos e roubos, especialmente de celulares, al\u00e9m do atendimento r\u00e1pido \u00e0s ocorr\u00eancias, com a disponibiliza\u00e7\u00e3o de tablets para o registro digital.<\/p>\n<p>O Departamento de Transportes Rodovi\u00e1rios realiza tamb\u00e9m uma opera\u00e7\u00e3o para o combate ao transporte ilegal de passageiros e vai acompanhar o transporte regular em todos os dias de shows.<\/p>\n<p>O Rock in Rio acontece nesta sexta-feira, no s\u00e1bado, no domingo e na segunda-feira, e de sexta a domingo da semana que vem, no Parque Ol\u00edmpico, na zona sudoeste do Rio.<\/p>\n<p>\u00a0<\/p>\n<p>  <span class=\"hms hms-format-m-ss\">1:57<\/span><\/p>\n","protected":false},"excerpt":{"rendered":"<p>Com a expectativa de receber cerca de 100 mil pessoas por dia, o Rock in Rio 2026 come\u00e7a nesta sexta-feira (4) com um grande esquema de tr\u00e2nsito durante os dias do evento. A Secretaria de Transporte e Mobilidade Urbana do Estado orienta os participantes a planejar seus deslocamentos. Trilhos e rodas Os trens e metr\u00f4s [&hellip;]<\/p>\n","protected":false},"author":181,"featured_media":37640,"comment_status":"open","ping_status":"open","sticky":false,"template":"","format":"standard","meta":{"site-sidebar-layout":"default","site-content-layout":"","ast-site-content-layout":"","site-content-style":"default","site-sidebar-style":"default","ast-global-header-display":"","ast-banner-title-visibility":"","ast-main-header-display":"","ast-hfb-above-header-display":"","ast-hfb-below-header-display":"","ast-hfb-mobile-header-display":"","site-post-title":"","ast-breadcrumbs-content":"","ast-featured-img":"","footer-sml-layout":"","theme-transparent-header-meta":"","adv-header-id-meta":"","stick-header-meta":"","header-above-stick-meta":"","header-main-stick-meta":"","header-below-stick-meta":"","astra-migrate-meta-layouts":"default","ast-page-background-enabled":"default","ast-page-background-meta":{"desktop":{"background-color":"var(--ast-global-color-4)","background-image":"","background-repeat":"repeat","background-position":"center center","background-size":"auto","background-attachment":"scroll","background-type":"","background-media":"","overlay-type":"","overlay-color":"","overlay-opacity":"","overlay-gradient":""},"tablet":{"background-color":"","background-image":"","background-repeat":"repeat","background-position":"center center","background-size":"auto","background-attachment":"scroll","background-type":"","background-media":"","overlay-type":"","overlay-color":"","overlay-opacity":"","overlay-gradient":""},"mobile":{"background-color":"","background-image":"","background-repeat":"repeat","background-position":"center center","background-size":"auto","background-attachment":"scroll","background-type":"","background-media":"","overlay-type":"","overlay-color":"","overlay-opacity":"","overlay-gradient":""}},"ast-content-background-meta":{"desktop":{"background-color":"var(--ast-global-color-5)","background-image":"","background-repeat":"repeat","background-position":"center center","background-size":"auto","background-attachment":"scroll","background-type":"","background-media":"","overlay-type":"","overlay-color":"","overlay-opacity":"","overlay-gradient":""},"tablet":{"background-color":"var(--ast-global-color-5)","background-image":"","background-repeat":"repeat","background-position":"center center","background-size":"auto","background-attachment":"scroll","background-type":"","background-media":"","overlay-type":"","overlay-color":"","overlay-opacity":"","overlay-gradient":""},"mobile":{"background-color":"var(--ast-global-color-5)","background-image":"","background-repeat":"repeat","background-position":"center center","background-size":"auto","background-attachment":"scroll","background-type":"","background-media":"","overlay-type":"","overlay-color":"","overlay-opacity":"","overlay-gradient":""}},"footnotes":""},"categories":[5],"tags":[],"class_list":["post-37639","post","type-post","status-publish","format-standard","has-post-thumbnail","hentry","category-cultura-e-entretenimento"],"yoast_head":"<!-- This site is optimized with the Yoast SEO plugin v24.1 - https:\/\/yoast.com\/wordpress\/plugins\/seo\/ -->\n<title>Rock in Rio vai contar com refor\u00e7o no transporte e na seguran\u00e7a - Julias Magazine<\/title>\n<meta name=\"robots\" content=\"index, follow, max-snippet:-1, max-image-preview:large, max-video-preview:-1\" \/>\n<link rel=\"canonical\" href=\"https:\/\/juliasmagazine.com.br\/?p=37639\" \/>\n<meta property=\"og:locale\" content=\"pt_BR\" \/>\n<meta property=\"og:type\" content=\"article\" \/>\n<meta property=\"og:title\" content=\"Rock in Rio vai contar com refor\u00e7o no transporte e na seguran\u00e7a - Julias Magazine\" \/>\n<meta property=\"og:description\" content=\"Com a expectativa de receber cerca de 100 mil pessoas por dia, o Rock in Rio 2026 come\u00e7a nesta sexta-feira (4) com um grande esquema de tr\u00e2nsito durante os dias do evento. A Secretaria de Transporte e Mobilidade Urbana do Estado orienta os participantes a planejar seus deslocamentos. Trilhos e rodas Os trens e metr\u00f4s [&hellip;]\" \/>\n<meta property=\"og:url\" content=\"https:\/\/juliasmagazine.com.br\/?p=37639\" \/>\n<meta property=\"og:site_name\" content=\"Julias Magazine\" \/>\n<meta property=\"article:published_time\" content=\"2026-09-03T22:36:55+00:00\" \/>\n<meta property=\"og:image\" content=\"https:\/\/agenciabrasil.ebc.com.br\/ebc.png?id=1701484&o=rss\" \/>\n<meta name=\"author\" content=\"Carolina Pessoa - reporter da Radio Nacional\" \/>\n<meta name=\"twitter:card\" content=\"summary_large_image\" \/>\n<meta name=\"twitter:label1\" content=\"Escrito por\" \/>\n\t<meta name=\"twitter:data1\" content=\"Carolina Pessoa - reporter da Radio Nacional\" \/>\n\t<meta name=\"twitter:label2\" content=\"Est. tempo de leitura\" \/>\n\t<meta name=\"twitter:data2\" content=\"2 minutos\" \/>\n<script type=\"application\/ld+json\" class=\"yoast-schema-graph\">{\"@context\":\"https:\/\/schema.org\",\"@graph\":[{\"@type\":\"Article\",\"@id\":\"https:\/\/juliasmagazine.com.br\/?p=37639#article\",\"isPartOf\":{\"@id\":\"https:\/\/juliasmagazine.com.br\/?p=37639\"},\"author\":{\"name\":\"Carolina Pessoa - reporter da Radio Nacional\",\"@id\":\"https:\/\/juliasmagazine.com.br\/#\/schema\/person\/cef403d1661b713ef92a579ef9d23c07\"},\"headline\":\"Rock in Rio vai contar com refor\u00e7o no transporte e na seguran\u00e7a\",\"datePublished\":\"2026-09-03T22:36:55+00:00\",\"dateModified\":\"2026-09-03T22:36:55+00:00\",\"mainEntityOfPage\":{\"@id\":\"https:\/\/juliasmagazine.com.br\/?p=37639\"},\"wordCount\":362,\"commentCount\":0,\"publisher\":{\"@id\":\"https:\/\/juliasmagazine.com.br\/#organization\"},\"image\":{\"@id\":\"https:\/\/juliasmagazine.com.br\/?p=37639#primaryimage\"},\"thumbnailUrl\":\"https:\/\/juliasmagazine.com.br\/wp-content\/uploads\/2026\/09\/37639-rock-in-rio-vai-contar-com-reforco-no-transporte-e-na-seguranca.jpg\",\"articleSection\":[\"Cultura e Entretenimento\"],\"inLanguage\":\"pt-BR\",\"potentialAction\":[{\"@type\":\"CommentAction\",\"name\":\"Comment\",\"target\":[\"https:\/\/juliasmagazine.com.br\/?p=37639#respond\"]}]},{\"@type\":\"WebPage\",\"@id\":\"https:\/\/juliasmagazine.com.br\/?p=37639\",\"url\":\"https:\/\/juliasmagazine.com.br\/?p=37639\",\"name\":\"Rock in Rio vai contar com refor\u00e7o no transporte e na seguran\u00e7a - Julias Magazine\",\"isPartOf\":{\"@id\":\"https:\/\/juliasmagazine.com.br\/#website\"},\"primaryImageOfPage\":{\"@id\":\"https:\/\/juliasmagazine.com.br\/?p=37639#primaryimage\"},\"image\":{\"@id\":\"https:\/\/juliasmagazine.com.br\/?p=37639#primaryimage\"},\"thumbnailUrl\":\"https:\/\/juliasmagazine.com.br\/wp-content\/uploads\/2026\/09\/37639-rock-in-rio-vai-contar-com-reforco-no-transporte-e-na-seguranca.jpg\",\"datePublished\":\"2026-09-03T22:36:55+00:00\",\"dateModified\":\"2026-09-03T22:36:55+00:00\",\"breadcrumb\":{\"@id\":\"https:\/\/juliasmagazine.com.br\/?p=37639#breadcrumb\"},\"inLanguage\":\"pt-BR\",\"potentialAction\":[{\"@type\":\"ReadAction\",\"target\":[\"https:\/\/juliasmagazine.com.br\/?p=37639\"]}]},{\"@type\":\"ImageObject\",\"inLanguage\":\"pt-BR\",\"@id\":\"https:\/\/juliasmagazine.com.br\/?p=37639#primaryimage\",\"url\":\"https:\/\/juliasmagazine.com.br\/wp-content\/uploads\/2026\/09\/37639-rock-in-rio-vai-contar-com-reforco-no-transporte-e-na-seguranca.jpg\",\"contentUrl\":\"https:\/\/juliasmagazine.com.br\/wp-content\/uploads\/2026\/09\/37639-rock-in-rio-vai-contar-com-reforco-no-transporte-e-na-seguranca.jpg\",\"width\":1600,\"height\":800,\"caption\":\"Rock in Rio vai contar com refor\u00e7o no transporte e na seguran\u00e7a\"},{\"@type\":\"BreadcrumbList\",\"@id\":\"https:\/\/juliasmagazine.com.br\/?p=37639#breadcrumb\",\"itemListElement\":[{\"@type\":\"ListItem\",\"position\":1,\"name\":\"In\u00edcio\",\"item\":\"https:\/\/juliasmagazine.com.br\/\"},{\"@type\":\"ListItem\",\"position\":2,\"name\":\"Rock in Rio vai contar com refor\u00e7o no transporte e na seguran\u00e7a\"}]},{\"@type\":\"WebSite\",\"@id\":\"https:\/\/juliasmagazine.com.br\/#website\",\"url\":\"https:\/\/juliasmagazine.com.br\/\",\"name\":\"Julias Magazine\",\"description\":\"A Sua revista eletr\u00f4nica de moda,politica ,viagens ,cultura ,gastronomia e finan\u00e7as. .\",\"publisher\":{\"@id\":\"https:\/\/juliasmagazine.com.br\/#organization\"},\"potentialAction\":[{\"@type\":\"SearchAction\",\"target\":{\"@type\":\"EntryPoint\",\"urlTemplate\":\"https:\/\/juliasmagazine.com.br\/?s={search_term_string}\"},\"query-input\":{\"@type\":\"PropertyValueSpecification\",\"valueRequired\":true,\"valueName\":\"search_term_string\"}}],\"inLanguage\":\"pt-BR\"},{\"@type\":\"Organization\",\"@id\":\"https:\/\/juliasmagazine.com.br\/#organization\",\"name\":\"Julias Magazine\",\"url\":\"https:\/\/juliasmagazine.com.br\/\",\"logo\":{\"@type\":\"ImageObject\",\"inLanguage\":\"pt-BR\",\"@id\":\"https:\/\/juliasmagazine.com.br\/#\/schema\/logo\/image\/\",\"url\":\"https:\/\/oquefazerembalneariocamboriu.com\/wp-content\/uploads\/2023\/02\/o-que-fazer-em-balneario-camboriu.jpg\",\"contentUrl\":\"https:\/\/oquefazerembalneariocamboriu.com\/wp-content\/uploads\/2023\/02\/o-que-fazer-em-balneario-camboriu.jpg\",\"width\":1200,\"height\":675,\"caption\":\"Julias Magazine\"},\"image\":{\"@id\":\"https:\/\/juliasmagazine.com.br\/#\/schema\/logo\/image\/\"}},{\"@type\":\"Person\",\"@id\":\"https:\/\/juliasmagazine.com.br\/#\/schema\/person\/cef403d1661b713ef92a579ef9d23c07\",\"name\":\"Carolina Pessoa - reporter da Radio Nacional\",\"image\":{\"@type\":\"ImageObject\",\"inLanguage\":\"pt-BR\",\"@id\":\"https:\/\/juliasmagazine.com.br\/#\/schema\/person\/image\/\",\"url\":\"https:\/\/secure.gravatar.com\/avatar\/c92522cb6d4e65c8933883fd2531c27ec87edc035141b24662517cca34bcdfbd?s=96&d=mm&r=g\",\"contentUrl\":\"https:\/\/secure.gravatar.com\/avatar\/c92522cb6d4e65c8933883fd2531c27ec87edc035141b24662517cca34bcdfbd?s=96&d=mm&r=g\",\"caption\":\"Carolina Pessoa - reporter da Radio Nacional\"},\"url\":\"https:\/\/juliasmagazine.com.br\/?author=181\"}]}<\/script>\n<!-- \/ Yoast SEO plugin. -->","yoast_head_json":{"title":"Rock in Rio vai contar com refor\u00e7o no transporte e na seguran\u00e7a - Julias Magazine","robots":{"index":"index","follow":"follow","max-snippet":"max-snippet:-1","max-image-preview":"max-image-preview:large","max-video-preview":"max-video-preview:-1"},"canonical":"https:\/\/juliasmagazine.com.br\/?p=37639","og_locale":"pt_BR","og_type":"article","og_title":"Rock in Rio vai contar com refor\u00e7o no transporte e na seguran\u00e7a - Julias Magazine","og_description":"Com a expectativa de receber cerca de 100 mil pessoas por dia, o Rock in Rio 2026 come\u00e7a nesta sexta-feira (4) com um grande esquema de tr\u00e2nsito durante os dias do evento. A Secretaria de Transporte e Mobilidade Urbana do Estado orienta os participantes a planejar seus deslocamentos. Trilhos e rodas Os trens e metr\u00f4s [&hellip;]","og_url":"https:\/\/juliasmagazine.com.br\/?p=37639","og_site_name":"Julias Magazine","article_published_time":"2026-09-03T22:36:55+00:00","og_image":[{"url":"https:\/\/agenciabrasil.ebc.com.br\/ebc.png?id=1701484&o=rss","type":"","width":"","height":""}],"author":"Carolina Pessoa - reporter da Radio Nacional","twitter_card":"summary_large_image","twitter_misc":{"Escrito por":"Carolina Pessoa - reporter da Radio Nacional","Est. tempo de leitura":"2 minutos"},"schema":{"@context":"https:\/\/schema.org","@graph":[{"@type":"Article","@id":"https:\/\/juliasmagazine.com.br\/?p=37639#article","isPartOf":{"@id":"https:\/\/juliasmagazine.com.br\/?p=37639"},"author":{"name":"Carolina Pessoa - reporter da Radio Nacional","@id":"https:\/\/juliasmagazine.com.br\/#\/schema\/person\/cef403d1661b713ef92a579ef9d23c07"},"headline":"Rock in Rio vai contar com refor\u00e7o no transporte e na seguran\u00e7a","datePublished":"2026-09-03T22:36:55+00:00","dateModified":"2026-09-03T22:36:55+00:00","mainEntityOfPage":{"@id":"https:\/\/juliasmagazine.com.br\/?p=37639"},"wordCount":362,"commentCount":0,"publisher":{"@id":"https:\/\/juliasmagazine.com.br\/#organization"},"image":{"@id":"https:\/\/juliasmagazine.com.br\/?p=37639#primaryimage"},"thumbnailUrl":"https:\/\/juliasmagazine.com.br\/wp-content\/uploads\/2026\/09\/37639-rock-in-rio-vai-contar-com-reforco-no-transporte-e-na-seguranca.jpg","articleSection":["Cultura e Entretenimento"],"inLanguage":"pt-BR","potentialAction":[{"@type":"CommentAction","name":"Comment","target":["https:\/\/juliasmagazine.com.br\/?p=37639#respond"]}]},{"@type":"WebPage","@id":"https:\/\/juliasmagazine.com.br\/?p=37639","url":"https:\/\/juliasmagazine.com.br\/?p=37639","name":"Rock in Rio vai contar com refor\u00e7o no transporte e na seguran\u00e7a - Julias Magazine","isPartOf":{"@id":"https:\/\/juliasmagazine.com.br\/#website"},"primaryImageOfPage":{"@id":"https:\/\/juliasmagazine.com.br\/?p=37639#primaryimage"},"image":{"@id":"https:\/\/juliasmagazine.com.br\/?p=37639#primaryimage"},"thumbnailUrl":"https:\/\/juliasmagazine.com.br\/wp-content\/uploads\/2026\/09\/37639-rock-in-rio-vai-contar-com-reforco-no-transporte-e-na-seguranca.jpg","datePublished":"2026-09-03T22:36:55+00:00","dateModified":"2026-09-03T22:36:55+00:00","breadcrumb":{"@id":"https:\/\/juliasmagazine.com.br\/?p=37639#breadcrumb"},"inLanguage":"pt-BR","potentialAction":[{"@type":"ReadAction","target":["https:\/\/juliasmagazine.com.br\/?p=37639"]}]},{"@type":"ImageObject","inLanguage":"pt-BR","@id":"https:\/\/juliasmagazine.com.br\/?p=37639#primaryimage","url":"https:\/\/juliasmagazine.com.br\/wp-content\/uploads\/2026\/09\/37639-rock-in-rio-vai-contar-com-reforco-no-transporte-e-na-seguranca.jpg","contentUrl":"https:\/\/juliasmagazine.com.br\/wp-content\/uploads\/2026\/09\/37639-rock-in-rio-vai-contar-com-reforco-no-transporte-e-na-seguranca.jpg","width":1600,"height":800,"caption":"Rock in Rio vai contar com refor\u00e7o no transporte e na seguran\u00e7a"},{"@type":"BreadcrumbList","@id":"https:\/\/juliasmagazine.com.br\/?p=37639#breadcrumb","itemListElement":[{"@type":"ListItem","position":1,"name":"In\u00edcio","item":"https:\/\/juliasmagazine.com.br\/"},{"@type":"ListItem","position":2,"name":"Rock in Rio vai contar com refor\u00e7o no transporte e na seguran\u00e7a"}]},{"@type":"WebSite","@id":"https:\/\/juliasmagazine.com.br\/#website","url":"https:\/\/juliasmagazine.com.br\/","name":"Julias Magazine","description":"A Sua revista eletr\u00f4nica de moda,politica ,viagens ,cultura ,gastronomia e finan\u00e7as. .","publisher":{"@id":"https:\/\/juliasmagazine.com.br\/#organization"},"potentialAction":[{"@type":"SearchAction","target":{"@type":"EntryPoint","urlTemplate":"https:\/\/juliasmagazine.com.br\/?s={search_term_string}"},"query-input":{"@type":"PropertyValueSpecification","valueRequired":true,"valueName":"search_term_string"}}],"inLanguage":"pt-BR"},{"@type":"Organization","@id":"https:\/\/juliasmagazine.com.br\/#organization","name":"Julias Magazine","url":"https:\/\/juliasmagazine.com.br\/","logo":{"@type":"ImageObject","inLanguage":"pt-BR","@id":"https:\/\/juliasmagazine.com.br\/#\/schema\/logo\/image\/","url":"https:\/\/oquefazerembalneariocamboriu.com\/wp-content\/uploads\/2023\/02\/o-que-fazer-em-balneario-camboriu.jpg","contentUrl":"https:\/\/oquefazerembalneariocamboriu.com\/wp-content\/uploads\/2023\/02\/o-que-fazer-em-balneario-camboriu.jpg","width":1200,"height":675,"caption":"Julias Magazine"},"image":{"@id":"https:\/\/juliasmagazine.com.br\/#\/schema\/logo\/image\/"}},{"@type":"Person","@id":"https:\/\/juliasmagazine.com.br\/#\/schema\/person\/cef403d1661b713ef92a579ef9d23c07","name":"Carolina Pessoa - reporter da Radio Nacional","image":{"@type":"ImageObject","inLanguage":"pt-BR","@id":"https:\/\/juliasmagazine.com.br\/#\/schema\/person\/image\/","url":"https:\/\/secure.gravatar.com\/avatar\/c92522cb6d4e65c8933883fd2531c27ec87edc035141b24662517cca34bcdfbd?s=96&d=mm&r=g","contentUrl":"https:\/\/secure.gravatar.com\/avatar\/c92522cb6d4e65c8933883fd2531c27ec87edc035141b24662517cca34bcdfbd?s=96&d=mm&r=g","caption":"Carolina Pessoa - reporter da Radio Nacional"},"url":"https:\/\/juliasmagazine.com.br\/?author=181"}]}},"_links":{"self":[{"href":"https:\/\/juliasmagazine.com.br\/index.php?rest_route=\/wp\/v2\/posts\/37639","targetHints":{"allow":["GET"]}}],"collection":[{"href":"https:\/\/juliasmagazine.com.br\/index.php?rest_route=\/wp\/v2\/posts"}],"about":[{"href":"https:\/\/juliasmagazine.com.br\/index.php?rest_route=\/wp\/v2\/types\/post"}],"author":[{"embeddable":true,"href":"https:\/\/juliasmagazine.com.br\/index.php?rest_route=\/wp\/v2\/users\/181"}],"replies":[{"embeddable":true,"href":"https:\/\/juliasmagazine.com.br\/index.php?rest_route=%2Fwp%2Fv2%2Fcomments&post=37639"}],"version-history":[{"count":0,"href":"https:\/\/juliasmagazine.com.br\/index.php?rest_route=\/wp\/v2\/posts\/37639\/revisions"}],"wp:featuredmedia":[{"embeddable":true,"href":"https:\/\/juliasmagazine.com.br\/index.php?rest_route=\/wp\/v2\/media\/37640"}],"wp:attachment":[{"href":"https:\/\/juliasmagazine.com.br\/index.php?rest_route=%2Fwp%2Fv2%2Fmedia&parent=37639"}],"wp:term":[{"taxonomy":"category","embeddable":true,"href":"https:\/\/juliasmagazine.com.br\/index.php?rest_route=%2Fwp%2Fv2%2Fcategories&post=37639"},{"taxonomy":"post_tag","embeddable":true,"href":"https:\/\/juliasmagazine.com.br\/index.php?rest_route=%2Fwp%2Fv2%2Ftags&post=37639"}],"curies":[{"name":"wp","href":"https:\/\/api.w.org\/{rel}","templated":true}]}}