{"id":37627,"date":"2026-09-03T18:34:27","date_gmt":"2026-09-03T21:34:27","guid":{"rendered":"https:\/\/juliasmagazine.com.br\/?p=37627"},"modified":"2026-09-03T18:34:27","modified_gmt":"2026-09-03T21:34:27","slug":"palco-brasil-festival-reune-grandes-nomes-da-mpb-em-fortaleza","status":"publish","type":"post","link":"https:\/\/juliasmagazine.com.br\/?p=37627","title":{"rendered":"Palco Brasil: Festival re\u00fane grandes nomes da MPB em Fortaleza"},"content":{"rendered":"<p>A Caixa Cultural Fortaleza recebe, a partir desta quinta-feira (3), a 3\u00aa edi\u00e7\u00e3o do <strong>Festival Palco Brasil<\/strong>, que re\u00fane grandes nomes da <strong>M\u00fasica Popular Brasileira<\/strong>\u00a0em uma s\u00e9rie de apresenta\u00e7\u00f5es. Os artistas participantes s\u00e3o Rachel Reis, Sandra S\u00e1, Chico C\u00e9sar e Mariana Aydar.<img decoding=\"async\" src=\"https:\/\/agenciabrasil.ebc.com.br\/ebc.png?id=1701476&#038;o=rss\"><img decoding=\"async\" src=\"https:\/\/agenciabrasil.ebc.com.br\/ebc.gif?id=1701476&#038;o=rss\"><\/p>\n<p>O evento privilegia a diversidade de ritmos, refer\u00eancias e sotaques que fazem parte da m\u00fasica brasileira.<\/p>\n<p>O formato das apresenta\u00e7\u00f5es \u00e9 intimista, com destaque para os diferentes momentos das trajet\u00f3rias dos cantores. <strong>Rachel Reis<\/strong> abre o Festival, com o show de Divina Casca, seu segundo \u00e1lbum de est\u00fadio, al\u00e9m de m\u00fasicas dos trabalhos Meu Esquema e No Seu Radinho.<\/p>\n<p>Sexta e s\u00e1bado s\u00e3o os dias de <strong>Sandra S\u00e1<\/strong>, considerada uma das grandes vozes brasileiras. Dona de um repert\u00f3rio variado, com sucessos de seus quarenta anos de carreira, como \u201cBye Bye Tristeza\u201d e \u201cOlhos Coloridos\u201d. ela vai misturar ritmos como MPB, soul, samba e funk.<\/p>\n<p>Na quinta e sexta-feira da semana que vem, quem sobe aos palcos \u00e9 o cantor <strong>Chico C\u00e9sar<\/strong>, trazendo m\u00fasicas do \u00e1lbum FOFO, o 11\u00ba de sua carreira. O artista vai revisitar ainda sucessos de sua trajet\u00f3ria e cantar m\u00fasicas in\u00e9ditas, em um show diversificado.<\/p>\n<p>Encerrando o Palco Brasil, no s\u00e1bado, \u00e9 a vez de <strong>Mariana Aydar<\/strong>, com o show Forrozin. A cantora, compositora e\u200b\u200b instrumentista apresenta uma celebra\u00e7\u00e3o da diversidade musical do Nordeste, reunindo forr\u00f3, xote, maracatu, afox\u00e9, ax\u00e9 e arrocha. O repert\u00f3rio faz refer\u00eancia a importantes nomes, como Dominguinhos e Geraldo Azevedo, e dialoga com momentos da m\u00fasica brasileira.<\/p>\n<p>As apresenta\u00e7\u00f5es acontecem sempre \u00e0s 19h, com ingressos a R$ 30. A Caixa\u00a0Cultural Fortaleza\u00a0est\u00e1 localizada na Praia de Iracema, no corredor cultural e tur\u00edstico da capital cearense.<\/p>\n<p>  <span class=\"hms hms-format-m-ss\">1:53<\/span><\/p>\n","protected":false},"excerpt":{"rendered":"<p>A Caixa Cultural Fortaleza recebe, a partir desta quinta-feira (3), a 3\u00aa edi\u00e7\u00e3o do Festival Palco Brasil, que re\u00fane grandes nomes da M\u00fasica Popular Brasileira\u00a0em uma s\u00e9rie de apresenta\u00e7\u00f5es. Os artistas participantes s\u00e3o Rachel Reis, Sandra S\u00e1, Chico C\u00e9sar e Mariana Aydar. O evento privilegia a diversidade de ritmos, refer\u00eancias e sotaques que fazem parte [&hellip;]<\/p>\n","protected":false},"author":181,"featured_media":37628,"comment_status":"open","ping_status":"open","sticky":false,"template":"","format":"standard","meta":{"site-sidebar-layout":"default","site-content-layout":"","ast-site-content-layout":"","site-content-style":"default","site-sidebar-style":"default","ast-global-header-display":"","ast-banner-title-visibility":"","ast-main-header-display":"","ast-hfb-above-header-display":"","ast-hfb-below-header-display":"","ast-hfb-mobile-header-display":"","site-post-title":"","ast-breadcrumbs-content":"","ast-featured-img":"","footer-sml-layout":"","theme-transparent-header-meta":"","adv-header-id-meta":"","stick-header-meta":"","header-above-stick-meta":"","header-main-stick-meta":"","header-below-stick-meta":"","astra-migrate-meta-layouts":"default","ast-page-background-enabled":"default","ast-page-background-meta":{"desktop":{"background-color":"var(--ast-global-color-4)","background-image":"","background-repeat":"repeat","background-position":"center center","background-size":"auto","background-attachment":"scroll","background-type":"","background-media":"","overlay-type":"","overlay-color":"","overlay-opacity":"","overlay-gradient":""},"tablet":{"background-color":"","background-image":"","background-repeat":"repeat","background-position":"center center","background-size":"auto","background-attachment":"scroll","background-type":"","background-media":"","overlay-type":"","overlay-color":"","overlay-opacity":"","overlay-gradient":""},"mobile":{"background-color":"","background-image":"","background-repeat":"repeat","background-position":"center center","background-size":"auto","background-attachment":"scroll","background-type":"","background-media":"","overlay-type":"","overlay-color":"","overlay-opacity":"","overlay-gradient":""}},"ast-content-background-meta":{"desktop":{"background-color":"var(--ast-global-color-5)","background-image":"","background-repeat":"repeat","background-position":"center center","background-size":"auto","background-attachment":"scroll","background-type":"","background-media":"","overlay-type":"","overlay-color":"","overlay-opacity":"","overlay-gradient":""},"tablet":{"background-color":"var(--ast-global-color-5)","background-image":"","background-repeat":"repeat","background-position":"center center","background-size":"auto","background-attachment":"scroll","background-type":"","background-media":"","overlay-type":"","overlay-color":"","overlay-opacity":"","overlay-gradient":""},"mobile":{"background-color":"var(--ast-global-color-5)","background-image":"","background-repeat":"repeat","background-position":"center center","background-size":"auto","background-attachment":"scroll","background-type":"","background-media":"","overlay-type":"","overlay-color":"","overlay-opacity":"","overlay-gradient":""}},"footnotes":""},"categories":[5],"tags":[],"class_list":["post-37627","post","type-post","status-publish","format-standard","has-post-thumbnail","hentry","category-cultura-e-entretenimento"],"yoast_head":"<!-- This site is optimized with the Yoast SEO plugin v24.1 - https:\/\/yoast.com\/wordpress\/plugins\/seo\/ -->\n<title>Palco Brasil: Festival re\u00fane grandes nomes da MPB em Fortaleza - Julias Magazine<\/title>\n<meta name=\"robots\" content=\"index, follow, max-snippet:-1, max-image-preview:large, max-video-preview:-1\" \/>\n<link rel=\"canonical\" href=\"https:\/\/juliasmagazine.com.br\/?p=37627\" \/>\n<meta property=\"og:locale\" content=\"pt_BR\" \/>\n<meta property=\"og:type\" content=\"article\" \/>\n<meta property=\"og:title\" content=\"Palco Brasil: Festival re\u00fane grandes nomes da MPB em Fortaleza - Julias Magazine\" \/>\n<meta property=\"og:description\" content=\"A Caixa Cultural Fortaleza recebe, a partir desta quinta-feira (3), a 3\u00aa edi\u00e7\u00e3o do Festival Palco Brasil, que re\u00fane grandes nomes da M\u00fasica Popular Brasileira\u00a0em uma s\u00e9rie de apresenta\u00e7\u00f5es. Os artistas participantes s\u00e3o Rachel Reis, Sandra S\u00e1, Chico C\u00e9sar e Mariana Aydar. O evento privilegia a diversidade de ritmos, refer\u00eancias e sotaques que fazem parte [&hellip;]\" \/>\n<meta property=\"og:url\" content=\"https:\/\/juliasmagazine.com.br\/?p=37627\" \/>\n<meta property=\"og:site_name\" content=\"Julias Magazine\" \/>\n<meta property=\"article:published_time\" content=\"2026-09-03T21:34:27+00:00\" \/>\n<meta property=\"og:image\" content=\"https:\/\/agenciabrasil.ebc.com.br\/ebc.png?id=1701476&o=rss\" \/>\n<meta name=\"author\" content=\"Carolina Pessoa - reporter da Radio Nacional\" \/>\n<meta name=\"twitter:card\" content=\"summary_large_image\" \/>\n<meta name=\"twitter:label1\" content=\"Escrito por\" \/>\n\t<meta name=\"twitter:data1\" content=\"Carolina Pessoa - reporter da Radio Nacional\" \/>\n\t<meta name=\"twitter:label2\" content=\"Est. tempo de leitura\" \/>\n\t<meta name=\"twitter:data2\" content=\"1 minuto\" \/>\n<script type=\"application\/ld+json\" class=\"yoast-schema-graph\">{\"@context\":\"https:\/\/schema.org\",\"@graph\":[{\"@type\":\"Article\",\"@id\":\"https:\/\/juliasmagazine.com.br\/?p=37627#article\",\"isPartOf\":{\"@id\":\"https:\/\/juliasmagazine.com.br\/?p=37627\"},\"author\":{\"name\":\"Carolina Pessoa - reporter da Radio Nacional\",\"@id\":\"https:\/\/juliasmagazine.com.br\/#\/schema\/person\/cef403d1661b713ef92a579ef9d23c07\"},\"headline\":\"Palco Brasil: Festival re\u00fane grandes nomes da MPB em Fortaleza\",\"datePublished\":\"2026-09-03T21:34:27+00:00\",\"dateModified\":\"2026-09-03T21:34:27+00:00\",\"mainEntityOfPage\":{\"@id\":\"https:\/\/juliasmagazine.com.br\/?p=37627\"},\"wordCount\":309,\"commentCount\":0,\"publisher\":{\"@id\":\"https:\/\/juliasmagazine.com.br\/#organization\"},\"image\":{\"@id\":\"https:\/\/juliasmagazine.com.br\/?p=37627#primaryimage\"},\"thumbnailUrl\":\"https:\/\/juliasmagazine.com.br\/wp-content\/uploads\/2026\/09\/37627-palco-brasil-festival-reune-grandes-nomes-da-mpb-em-fortaleza.jpg\",\"articleSection\":[\"Cultura e Entretenimento\"],\"inLanguage\":\"pt-BR\",\"potentialAction\":[{\"@type\":\"CommentAction\",\"name\":\"Comment\",\"target\":[\"https:\/\/juliasmagazine.com.br\/?p=37627#respond\"]}]},{\"@type\":\"WebPage\",\"@id\":\"https:\/\/juliasmagazine.com.br\/?p=37627\",\"url\":\"https:\/\/juliasmagazine.com.br\/?p=37627\",\"name\":\"Palco Brasil: Festival re\u00fane grandes nomes da MPB em Fortaleza - Julias Magazine\",\"isPartOf\":{\"@id\":\"https:\/\/juliasmagazine.com.br\/#website\"},\"primaryImageOfPage\":{\"@id\":\"https:\/\/juliasmagazine.com.br\/?p=37627#primaryimage\"},\"image\":{\"@id\":\"https:\/\/juliasmagazine.com.br\/?p=37627#primaryimage\"},\"thumbnailUrl\":\"https:\/\/juliasmagazine.com.br\/wp-content\/uploads\/2026\/09\/37627-palco-brasil-festival-reune-grandes-nomes-da-mpb-em-fortaleza.jpg\",\"datePublished\":\"2026-09-03T21:34:27+00:00\",\"dateModified\":\"2026-09-03T21:34:27+00:00\",\"breadcrumb\":{\"@id\":\"https:\/\/juliasmagazine.com.br\/?p=37627#breadcrumb\"},\"inLanguage\":\"pt-BR\",\"potentialAction\":[{\"@type\":\"ReadAction\",\"target\":[\"https:\/\/juliasmagazine.com.br\/?p=37627\"]}]},{\"@type\":\"ImageObject\",\"inLanguage\":\"pt-BR\",\"@id\":\"https:\/\/juliasmagazine.com.br\/?p=37627#primaryimage\",\"url\":\"https:\/\/juliasmagazine.com.br\/wp-content\/uploads\/2026\/09\/37627-palco-brasil-festival-reune-grandes-nomes-da-mpb-em-fortaleza.jpg\",\"contentUrl\":\"https:\/\/juliasmagazine.com.br\/wp-content\/uploads\/2026\/09\/37627-palco-brasil-festival-reune-grandes-nomes-da-mpb-em-fortaleza.jpg\",\"width\":1600,\"height\":800,\"caption\":\"Palco Brasil: Festival re\u00fane grandes nomes da MPB em Fortaleza\"},{\"@type\":\"BreadcrumbList\",\"@id\":\"https:\/\/juliasmagazine.com.br\/?p=37627#breadcrumb\",\"itemListElement\":[{\"@type\":\"ListItem\",\"position\":1,\"name\":\"In\u00edcio\",\"item\":\"https:\/\/juliasmagazine.com.br\/\"},{\"@type\":\"ListItem\",\"position\":2,\"name\":\"Palco Brasil: Festival re\u00fane grandes nomes da MPB em Fortaleza\"}]},{\"@type\":\"WebSite\",\"@id\":\"https:\/\/juliasmagazine.com.br\/#website\",\"url\":\"https:\/\/juliasmagazine.com.br\/\",\"name\":\"Julias Magazine\",\"description\":\"A Sua revista eletr\u00f4nica de moda,politica ,viagens ,cultura ,gastronomia e finan\u00e7as. .\",\"publisher\":{\"@id\":\"https:\/\/juliasmagazine.com.br\/#organization\"},\"potentialAction\":[{\"@type\":\"SearchAction\",\"target\":{\"@type\":\"EntryPoint\",\"urlTemplate\":\"https:\/\/juliasmagazine.com.br\/?s={search_term_string}\"},\"query-input\":{\"@type\":\"PropertyValueSpecification\",\"valueRequired\":true,\"valueName\":\"search_term_string\"}}],\"inLanguage\":\"pt-BR\"},{\"@type\":\"Organization\",\"@id\":\"https:\/\/juliasmagazine.com.br\/#organization\",\"name\":\"Julias Magazine\",\"url\":\"https:\/\/juliasmagazine.com.br\/\",\"logo\":{\"@type\":\"ImageObject\",\"inLanguage\":\"pt-BR\",\"@id\":\"https:\/\/juliasmagazine.com.br\/#\/schema\/logo\/image\/\",\"url\":\"https:\/\/oquefazerembalneariocamboriu.com\/wp-content\/uploads\/2023\/02\/o-que-fazer-em-balneario-camboriu.jpg\",\"contentUrl\":\"https:\/\/oquefazerembalneariocamboriu.com\/wp-content\/uploads\/2023\/02\/o-que-fazer-em-balneario-camboriu.jpg\",\"width\":1200,\"height\":675,\"caption\":\"Julias Magazine\"},\"image\":{\"@id\":\"https:\/\/juliasmagazine.com.br\/#\/schema\/logo\/image\/\"}},{\"@type\":\"Person\",\"@id\":\"https:\/\/juliasmagazine.com.br\/#\/schema\/person\/cef403d1661b713ef92a579ef9d23c07\",\"name\":\"Carolina Pessoa - reporter da Radio Nacional\",\"image\":{\"@type\":\"ImageObject\",\"inLanguage\":\"pt-BR\",\"@id\":\"https:\/\/juliasmagazine.com.br\/#\/schema\/person\/image\/\",\"url\":\"https:\/\/secure.gravatar.com\/avatar\/c92522cb6d4e65c8933883fd2531c27ec87edc035141b24662517cca34bcdfbd?s=96&d=mm&r=g\",\"contentUrl\":\"https:\/\/secure.gravatar.com\/avatar\/c92522cb6d4e65c8933883fd2531c27ec87edc035141b24662517cca34bcdfbd?s=96&d=mm&r=g\",\"caption\":\"Carolina Pessoa - reporter da Radio Nacional\"},\"url\":\"https:\/\/juliasmagazine.com.br\/?author=181\"}]}<\/script>\n<!-- \/ Yoast SEO plugin. -->","yoast_head_json":{"title":"Palco Brasil: Festival re\u00fane grandes nomes da MPB em Fortaleza - Julias Magazine","robots":{"index":"index","follow":"follow","max-snippet":"max-snippet:-1","max-image-preview":"max-image-preview:large","max-video-preview":"max-video-preview:-1"},"canonical":"https:\/\/juliasmagazine.com.br\/?p=37627","og_locale":"pt_BR","og_type":"article","og_title":"Palco Brasil: Festival re\u00fane grandes nomes da MPB em Fortaleza - Julias Magazine","og_description":"A Caixa Cultural Fortaleza recebe, a partir desta quinta-feira (3), a 3\u00aa edi\u00e7\u00e3o do Festival Palco Brasil, que re\u00fane grandes nomes da M\u00fasica Popular Brasileira\u00a0em uma s\u00e9rie de apresenta\u00e7\u00f5es. Os artistas participantes s\u00e3o Rachel Reis, Sandra S\u00e1, Chico C\u00e9sar e Mariana Aydar. O evento privilegia a diversidade de ritmos, refer\u00eancias e sotaques que fazem parte [&hellip;]","og_url":"https:\/\/juliasmagazine.com.br\/?p=37627","og_site_name":"Julias Magazine","article_published_time":"2026-09-03T21:34:27+00:00","og_image":[{"url":"https:\/\/agenciabrasil.ebc.com.br\/ebc.png?id=1701476&o=rss","type":"","width":"","height":""}],"author":"Carolina Pessoa - reporter da Radio Nacional","twitter_card":"summary_large_image","twitter_misc":{"Escrito por":"Carolina Pessoa - reporter da Radio Nacional","Est. tempo de leitura":"1 minuto"},"schema":{"@context":"https:\/\/schema.org","@graph":[{"@type":"Article","@id":"https:\/\/juliasmagazine.com.br\/?p=37627#article","isPartOf":{"@id":"https:\/\/juliasmagazine.com.br\/?p=37627"},"author":{"name":"Carolina Pessoa - reporter da Radio Nacional","@id":"https:\/\/juliasmagazine.com.br\/#\/schema\/person\/cef403d1661b713ef92a579ef9d23c07"},"headline":"Palco Brasil: Festival re\u00fane grandes nomes da MPB em Fortaleza","datePublished":"2026-09-03T21:34:27+00:00","dateModified":"2026-09-03T21:34:27+00:00","mainEntityOfPage":{"@id":"https:\/\/juliasmagazine.com.br\/?p=37627"},"wordCount":309,"commentCount":0,"publisher":{"@id":"https:\/\/juliasmagazine.com.br\/#organization"},"image":{"@id":"https:\/\/juliasmagazine.com.br\/?p=37627#primaryimage"},"thumbnailUrl":"https:\/\/juliasmagazine.com.br\/wp-content\/uploads\/2026\/09\/37627-palco-brasil-festival-reune-grandes-nomes-da-mpb-em-fortaleza.jpg","articleSection":["Cultura e Entretenimento"],"inLanguage":"pt-BR","potentialAction":[{"@type":"CommentAction","name":"Comment","target":["https:\/\/juliasmagazine.com.br\/?p=37627#respond"]}]},{"@type":"WebPage","@id":"https:\/\/juliasmagazine.com.br\/?p=37627","url":"https:\/\/juliasmagazine.com.br\/?p=37627","name":"Palco Brasil: Festival re\u00fane grandes nomes da MPB em Fortaleza - Julias Magazine","isPartOf":{"@id":"https:\/\/juliasmagazine.com.br\/#website"},"primaryImageOfPage":{"@id":"https:\/\/juliasmagazine.com.br\/?p=37627#primaryimage"},"image":{"@id":"https:\/\/juliasmagazine.com.br\/?p=37627#primaryimage"},"thumbnailUrl":"https:\/\/juliasmagazine.com.br\/wp-content\/uploads\/2026\/09\/37627-palco-brasil-festival-reune-grandes-nomes-da-mpb-em-fortaleza.jpg","datePublished":"2026-09-03T21:34:27+00:00","dateModified":"2026-09-03T21:34:27+00:00","breadcrumb":{"@id":"https:\/\/juliasmagazine.com.br\/?p=37627#breadcrumb"},"inLanguage":"pt-BR","potentialAction":[{"@type":"ReadAction","target":["https:\/\/juliasmagazine.com.br\/?p=37627"]}]},{"@type":"ImageObject","inLanguage":"pt-BR","@id":"https:\/\/juliasmagazine.com.br\/?p=37627#primaryimage","url":"https:\/\/juliasmagazine.com.br\/wp-content\/uploads\/2026\/09\/37627-palco-brasil-festival-reune-grandes-nomes-da-mpb-em-fortaleza.jpg","contentUrl":"https:\/\/juliasmagazine.com.br\/wp-content\/uploads\/2026\/09\/37627-palco-brasil-festival-reune-grandes-nomes-da-mpb-em-fortaleza.jpg","width":1600,"height":800,"caption":"Palco Brasil: Festival re\u00fane grandes nomes da MPB em Fortaleza"},{"@type":"BreadcrumbList","@id":"https:\/\/juliasmagazine.com.br\/?p=37627#breadcrumb","itemListElement":[{"@type":"ListItem","position":1,"name":"In\u00edcio","item":"https:\/\/juliasmagazine.com.br\/"},{"@type":"ListItem","position":2,"name":"Palco Brasil: Festival re\u00fane grandes nomes da MPB em Fortaleza"}]},{"@type":"WebSite","@id":"https:\/\/juliasmagazine.com.br\/#website","url":"https:\/\/juliasmagazine.com.br\/","name":"Julias Magazine","description":"A Sua revista eletr\u00f4nica de moda,politica ,viagens ,cultura ,gastronomia e finan\u00e7as. .","publisher":{"@id":"https:\/\/juliasmagazine.com.br\/#organization"},"potentialAction":[{"@type":"SearchAction","target":{"@type":"EntryPoint","urlTemplate":"https:\/\/juliasmagazine.com.br\/?s={search_term_string}"},"query-input":{"@type":"PropertyValueSpecification","valueRequired":true,"valueName":"search_term_string"}}],"inLanguage":"pt-BR"},{"@type":"Organization","@id":"https:\/\/juliasmagazine.com.br\/#organization","name":"Julias Magazine","url":"https:\/\/juliasmagazine.com.br\/","logo":{"@type":"ImageObject","inLanguage":"pt-BR","@id":"https:\/\/juliasmagazine.com.br\/#\/schema\/logo\/image\/","url":"https:\/\/oquefazerembalneariocamboriu.com\/wp-content\/uploads\/2023\/02\/o-que-fazer-em-balneario-camboriu.jpg","contentUrl":"https:\/\/oquefazerembalneariocamboriu.com\/wp-content\/uploads\/2023\/02\/o-que-fazer-em-balneario-camboriu.jpg","width":1200,"height":675,"caption":"Julias Magazine"},"image":{"@id":"https:\/\/juliasmagazine.com.br\/#\/schema\/logo\/image\/"}},{"@type":"Person","@id":"https:\/\/juliasmagazine.com.br\/#\/schema\/person\/cef403d1661b713ef92a579ef9d23c07","name":"Carolina Pessoa - reporter da Radio Nacional","image":{"@type":"ImageObject","inLanguage":"pt-BR","@id":"https:\/\/juliasmagazine.com.br\/#\/schema\/person\/image\/","url":"https:\/\/secure.gravatar.com\/avatar\/c92522cb6d4e65c8933883fd2531c27ec87edc035141b24662517cca34bcdfbd?s=96&d=mm&r=g","contentUrl":"https:\/\/secure.gravatar.com\/avatar\/c92522cb6d4e65c8933883fd2531c27ec87edc035141b24662517cca34bcdfbd?s=96&d=mm&r=g","caption":"Carolina Pessoa - reporter da Radio Nacional"},"url":"https:\/\/juliasmagazine.com.br\/?author=181"}]}},"_links":{"self":[{"href":"https:\/\/juliasmagazine.com.br\/index.php?rest_route=\/wp\/v2\/posts\/37627","targetHints":{"allow":["GET"]}}],"collection":[{"href":"https:\/\/juliasmagazine.com.br\/index.php?rest_route=\/wp\/v2\/posts"}],"about":[{"href":"https:\/\/juliasmagazine.com.br\/index.php?rest_route=\/wp\/v2\/types\/post"}],"author":[{"embeddable":true,"href":"https:\/\/juliasmagazine.com.br\/index.php?rest_route=\/wp\/v2\/users\/181"}],"replies":[{"embeddable":true,"href":"https:\/\/juliasmagazine.com.br\/index.php?rest_route=%2Fwp%2Fv2%2Fcomments&post=37627"}],"version-history":[{"count":0,"href":"https:\/\/juliasmagazine.com.br\/index.php?rest_route=\/wp\/v2\/posts\/37627\/revisions"}],"wp:featuredmedia":[{"embeddable":true,"href":"https:\/\/juliasmagazine.com.br\/index.php?rest_route=\/wp\/v2\/media\/37628"}],"wp:attachment":[{"href":"https:\/\/juliasmagazine.com.br\/index.php?rest_route=%2Fwp%2Fv2%2Fmedia&parent=37627"}],"wp:term":[{"taxonomy":"category","embeddable":true,"href":"https:\/\/juliasmagazine.com.br\/index.php?rest_route=%2Fwp%2Fv2%2Fcategories&post=37627"},{"taxonomy":"post_tag","embeddable":true,"href":"https:\/\/juliasmagazine.com.br\/index.php?rest_route=%2Fwp%2Fv2%2Ftags&post=37627"}],"curies":[{"name":"wp","href":"https:\/\/api.w.org\/{rel}","templated":true}]}}