{"id":37621,"date":"2026-09-03T15:34:41","date_gmt":"2026-09-03T18:34:41","guid":{"rendered":"https:\/\/juliasmagazine.com.br\/?p=37621"},"modified":"2026-09-03T15:34:41","modified_gmt":"2026-09-03T18:34:41","slug":"festival-internacional-de-danca-do-recife-tem-mais-de-30-atividades","status":"publish","type":"post","link":"https:\/\/juliasmagazine.com.br\/?p=37621","title":{"rendered":"Festival Internacional de Dan\u00e7a do Recife tem mais de 30 atividades"},"content":{"rendered":"<p>A partir desta quinta-feira (3) at\u00e9 o dia 13 de setembro, a <strong>cidade do Recife recebe mais de 30 atividades dedicadas \u00e0 dan\u00e7a<\/strong>. \u00c9 o <strong>Festival Internacional de Dan\u00e7a do Recife<\/strong>, que tamb\u00e9m tem cinema, graffiti e apresenta\u00e7\u00f5es de rua.<img decoding=\"async\" src=\"https:\/\/agenciabrasil.ebc.com.br\/ebc.png?id=1701469&#038;o=rss\"><img decoding=\"async\" src=\"https:\/\/agenciabrasil.ebc.com.br\/ebc.gif?id=1701469&#038;o=rss\"><\/p>\n<p>Todas as atra\u00e7\u00f5es s\u00e3o de gra\u00e7a. O p\u00fablico pode colaborar, de forma solid\u00e1ria, com a doa\u00e7\u00e3o de alimentos n\u00e3o perec\u00edveis.<\/p>\n<p>O festival come\u00e7a\u00a0nesta quinta, \u00e0s 20h30, na Rua do Observat\u00f3rio, com o espet\u00e1culo Nosso Baile, criado pelo core\u00f3grafo goiano Henrique Rodovalho.<\/p>\n<p>No s\u00e1bado, a Avenida Rio Branco recebe o CarnaBall do Futuro, uma batalha de dan\u00e7a para o p\u00fablico LGBTQIAPN+ que celebra as tradi\u00e7\u00f5es do carnaval.<\/p>\n<p>Com o tema &#8220;Corpo\/Escola &#8211; Forma\u00e7\u00e3o que Move&#8221;, o <strong>festival homenageia duas refer\u00eancias da dan\u00e7a pernambucana: Airton Ten\u00f3rio<\/strong>, core\u00f3grafo que ajudou a formar gera\u00e7\u00f5es de artistas, falecido no m\u00eas de julho; e a <strong>Escola de Frevo do Recife<\/strong>, com 30 anos de exist\u00eancia, estreando o espet\u00e1culo O Frevo da Meia-Noite\u00a0na quarta-feira da pr\u00f3xima semana.<\/p>\n<p>Nesse mesmo dia, o<strong> grupo espanhol Iron Skulls se apresenta, pela primeira vez na Am\u00e9rica Latina<\/strong> com o espet\u00e1culo Famulus 4.0, uma mistura de dan\u00e7a e tecnologia, com a participa\u00e7\u00e3o de um rob\u00f4 no palco. A apresenta\u00e7\u00e3o ser\u00e1 no Teatro do Parque, Centro do Recife.<\/p>\n<p>O festival tamb\u00e9m conta com o projeto Primeira Cena, para novos grupos de dan\u00e7a mostrarem seus trabalhos; al\u00e9m de uma s\u00e9rie de oficinas de forma\u00e7\u00e3o art\u00edstica.<\/p>\n<p>A programa\u00e7\u00e3o completa do Festival Internacional de Dan\u00e7a est\u00e1 no <a href=\"https:\/\/www2.recife.pe.gov.br\/noticias\/31\/08\/2026\/29o-festival-internacional-de-danca-do-recife-movimenta-cidade-partir-desta\" target=\"_blank\">site da prefeitura do Recife<\/a>.<\/p>\n<p>  <span class=\"hms hms-format-m-ss\">1:37<\/span><\/p>\n","protected":false},"excerpt":{"rendered":"<p>A partir desta quinta-feira (3) at\u00e9 o dia 13 de setembro, a cidade do Recife recebe mais de 30 atividades dedicadas \u00e0 dan\u00e7a. \u00c9 o Festival Internacional de Dan\u00e7a do Recife, que tamb\u00e9m tem cinema, graffiti e apresenta\u00e7\u00f5es de rua. Todas as atra\u00e7\u00f5es s\u00e3o de gra\u00e7a. O p\u00fablico pode colaborar, de forma solid\u00e1ria, com a [&hellip;]<\/p>\n","protected":false},"author":196,"featured_media":37622,"comment_status":"open","ping_status":"open","sticky":false,"template":"","format":"standard","meta":{"site-sidebar-layout":"default","site-content-layout":"","ast-site-content-layout":"","site-content-style":"default","site-sidebar-style":"default","ast-global-header-display":"","ast-banner-title-visibility":"","ast-main-header-display":"","ast-hfb-above-header-display":"","ast-hfb-below-header-display":"","ast-hfb-mobile-header-display":"","site-post-title":"","ast-breadcrumbs-content":"","ast-featured-img":"","footer-sml-layout":"","theme-transparent-header-meta":"","adv-header-id-meta":"","stick-header-meta":"","header-above-stick-meta":"","header-main-stick-meta":"","header-below-stick-meta":"","astra-migrate-meta-layouts":"default","ast-page-background-enabled":"default","ast-page-background-meta":{"desktop":{"background-color":"var(--ast-global-color-4)","background-image":"","background-repeat":"repeat","background-position":"center center","background-size":"auto","background-attachment":"scroll","background-type":"","background-media":"","overlay-type":"","overlay-color":"","overlay-opacity":"","overlay-gradient":""},"tablet":{"background-color":"","background-image":"","background-repeat":"repeat","background-position":"center center","background-size":"auto","background-attachment":"scroll","background-type":"","background-media":"","overlay-type":"","overlay-color":"","overlay-opacity":"","overlay-gradient":""},"mobile":{"background-color":"","background-image":"","background-repeat":"repeat","background-position":"center center","background-size":"auto","background-attachment":"scroll","background-type":"","background-media":"","overlay-type":"","overlay-color":"","overlay-opacity":"","overlay-gradient":""}},"ast-content-background-meta":{"desktop":{"background-color":"var(--ast-global-color-5)","background-image":"","background-repeat":"repeat","background-position":"center center","background-size":"auto","background-attachment":"scroll","background-type":"","background-media":"","overlay-type":"","overlay-color":"","overlay-opacity":"","overlay-gradient":""},"tablet":{"background-color":"var(--ast-global-color-5)","background-image":"","background-repeat":"repeat","background-position":"center center","background-size":"auto","background-attachment":"scroll","background-type":"","background-media":"","overlay-type":"","overlay-color":"","overlay-opacity":"","overlay-gradient":""},"mobile":{"background-color":"var(--ast-global-color-5)","background-image":"","background-repeat":"repeat","background-position":"center center","background-size":"auto","background-attachment":"scroll","background-type":"","background-media":"","overlay-type":"","overlay-color":"","overlay-opacity":"","overlay-gradient":""}},"footnotes":""},"categories":[5],"tags":[],"class_list":["post-37621","post","type-post","status-publish","format-standard","has-post-thumbnail","hentry","category-cultura-e-entretenimento"],"yoast_head":"<!-- This site is optimized with the Yoast SEO plugin v24.1 - https:\/\/yoast.com\/wordpress\/plugins\/seo\/ -->\n<title>Festival Internacional de Dan\u00e7a do Recife tem mais de 30 atividades - Julias Magazine<\/title>\n<meta name=\"robots\" content=\"index, follow, max-snippet:-1, max-image-preview:large, max-video-preview:-1\" \/>\n<link rel=\"canonical\" href=\"https:\/\/juliasmagazine.com.br\/?p=37621\" \/>\n<meta property=\"og:locale\" content=\"pt_BR\" \/>\n<meta property=\"og:type\" content=\"article\" \/>\n<meta property=\"og:title\" content=\"Festival Internacional de Dan\u00e7a do Recife tem mais de 30 atividades - Julias Magazine\" \/>\n<meta property=\"og:description\" content=\"A partir desta quinta-feira (3) at\u00e9 o dia 13 de setembro, a cidade do Recife recebe mais de 30 atividades dedicadas \u00e0 dan\u00e7a. \u00c9 o Festival Internacional de Dan\u00e7a do Recife, que tamb\u00e9m tem cinema, graffiti e apresenta\u00e7\u00f5es de rua. Todas as atra\u00e7\u00f5es s\u00e3o de gra\u00e7a. O p\u00fablico pode colaborar, de forma solid\u00e1ria, com a [&hellip;]\" \/>\n<meta property=\"og:url\" content=\"https:\/\/juliasmagazine.com.br\/?p=37621\" \/>\n<meta property=\"og:site_name\" content=\"Julias Magazine\" \/>\n<meta property=\"article:published_time\" content=\"2026-09-03T18:34:41+00:00\" \/>\n<meta property=\"og:image\" content=\"https:\/\/agenciabrasil.ebc.com.br\/ebc.png?id=1701469&o=rss\" \/>\n<meta name=\"author\" content=\"Gabriel Correa - Reporter da Radio Nacional\" \/>\n<meta name=\"twitter:card\" content=\"summary_large_image\" \/>\n<meta name=\"twitter:label1\" content=\"Escrito por\" \/>\n\t<meta name=\"twitter:data1\" content=\"Gabriel Correa - Reporter da Radio Nacional\" \/>\n\t<meta name=\"twitter:label2\" content=\"Est. tempo de leitura\" \/>\n\t<meta name=\"twitter:data2\" content=\"1 minuto\" \/>\n<script type=\"application\/ld+json\" class=\"yoast-schema-graph\">{\"@context\":\"https:\/\/schema.org\",\"@graph\":[{\"@type\":\"Article\",\"@id\":\"https:\/\/juliasmagazine.com.br\/?p=37621#article\",\"isPartOf\":{\"@id\":\"https:\/\/juliasmagazine.com.br\/?p=37621\"},\"author\":{\"name\":\"Gabriel Correa - Reporter da Radio Nacional\",\"@id\":\"https:\/\/juliasmagazine.com.br\/#\/schema\/person\/2d68edfe3565cf7cf1eeff466f0e4d79\"},\"headline\":\"Festival Internacional de Dan\u00e7a do Recife tem mais de 30 atividades\",\"datePublished\":\"2026-09-03T18:34:41+00:00\",\"dateModified\":\"2026-09-03T18:34:41+00:00\",\"mainEntityOfPage\":{\"@id\":\"https:\/\/juliasmagazine.com.br\/?p=37621\"},\"wordCount\":296,\"commentCount\":0,\"publisher\":{\"@id\":\"https:\/\/juliasmagazine.com.br\/#organization\"},\"image\":{\"@id\":\"https:\/\/juliasmagazine.com.br\/?p=37621#primaryimage\"},\"thumbnailUrl\":\"https:\/\/juliasmagazine.com.br\/wp-content\/uploads\/2026\/09\/37621-festival-internacional-de-danca-do-recife-tem-mais-de-30-atividades.jpg\",\"articleSection\":[\"Cultura e Entretenimento\"],\"inLanguage\":\"pt-BR\",\"potentialAction\":[{\"@type\":\"CommentAction\",\"name\":\"Comment\",\"target\":[\"https:\/\/juliasmagazine.com.br\/?p=37621#respond\"]}]},{\"@type\":\"WebPage\",\"@id\":\"https:\/\/juliasmagazine.com.br\/?p=37621\",\"url\":\"https:\/\/juliasmagazine.com.br\/?p=37621\",\"name\":\"Festival Internacional de Dan\u00e7a do Recife tem mais de 30 atividades - Julias Magazine\",\"isPartOf\":{\"@id\":\"https:\/\/juliasmagazine.com.br\/#website\"},\"primaryImageOfPage\":{\"@id\":\"https:\/\/juliasmagazine.com.br\/?p=37621#primaryimage\"},\"image\":{\"@id\":\"https:\/\/juliasmagazine.com.br\/?p=37621#primaryimage\"},\"thumbnailUrl\":\"https:\/\/juliasmagazine.com.br\/wp-content\/uploads\/2026\/09\/37621-festival-internacional-de-danca-do-recife-tem-mais-de-30-atividades.jpg\",\"datePublished\":\"2026-09-03T18:34:41+00:00\",\"dateModified\":\"2026-09-03T18:34:41+00:00\",\"breadcrumb\":{\"@id\":\"https:\/\/juliasmagazine.com.br\/?p=37621#breadcrumb\"},\"inLanguage\":\"pt-BR\",\"potentialAction\":[{\"@type\":\"ReadAction\",\"target\":[\"https:\/\/juliasmagazine.com.br\/?p=37621\"]}]},{\"@type\":\"ImageObject\",\"inLanguage\":\"pt-BR\",\"@id\":\"https:\/\/juliasmagazine.com.br\/?p=37621#primaryimage\",\"url\":\"https:\/\/juliasmagazine.com.br\/wp-content\/uploads\/2026\/09\/37621-festival-internacional-de-danca-do-recife-tem-mais-de-30-atividades.jpg\",\"contentUrl\":\"https:\/\/juliasmagazine.com.br\/wp-content\/uploads\/2026\/09\/37621-festival-internacional-de-danca-do-recife-tem-mais-de-30-atividades.jpg\",\"width\":1600,\"height\":800,\"caption\":\"Festival Internacional de Dan\u00e7a do Recife tem mais de 30 atividades\"},{\"@type\":\"BreadcrumbList\",\"@id\":\"https:\/\/juliasmagazine.com.br\/?p=37621#breadcrumb\",\"itemListElement\":[{\"@type\":\"ListItem\",\"position\":1,\"name\":\"In\u00edcio\",\"item\":\"https:\/\/juliasmagazine.com.br\/\"},{\"@type\":\"ListItem\",\"position\":2,\"name\":\"Festival Internacional de Dan\u00e7a do Recife tem mais de 30 atividades\"}]},{\"@type\":\"WebSite\",\"@id\":\"https:\/\/juliasmagazine.com.br\/#website\",\"url\":\"https:\/\/juliasmagazine.com.br\/\",\"name\":\"Julias Magazine\",\"description\":\"A Sua revista eletr\u00f4nica de moda,politica ,viagens ,cultura ,gastronomia e finan\u00e7as. .\",\"publisher\":{\"@id\":\"https:\/\/juliasmagazine.com.br\/#organization\"},\"potentialAction\":[{\"@type\":\"SearchAction\",\"target\":{\"@type\":\"EntryPoint\",\"urlTemplate\":\"https:\/\/juliasmagazine.com.br\/?s={search_term_string}\"},\"query-input\":{\"@type\":\"PropertyValueSpecification\",\"valueRequired\":true,\"valueName\":\"search_term_string\"}}],\"inLanguage\":\"pt-BR\"},{\"@type\":\"Organization\",\"@id\":\"https:\/\/juliasmagazine.com.br\/#organization\",\"name\":\"Julias Magazine\",\"url\":\"https:\/\/juliasmagazine.com.br\/\",\"logo\":{\"@type\":\"ImageObject\",\"inLanguage\":\"pt-BR\",\"@id\":\"https:\/\/juliasmagazine.com.br\/#\/schema\/logo\/image\/\",\"url\":\"https:\/\/oquefazerembalneariocamboriu.com\/wp-content\/uploads\/2023\/02\/o-que-fazer-em-balneario-camboriu.jpg\",\"contentUrl\":\"https:\/\/oquefazerembalneariocamboriu.com\/wp-content\/uploads\/2023\/02\/o-que-fazer-em-balneario-camboriu.jpg\",\"width\":1200,\"height\":675,\"caption\":\"Julias Magazine\"},\"image\":{\"@id\":\"https:\/\/juliasmagazine.com.br\/#\/schema\/logo\/image\/\"}},{\"@type\":\"Person\",\"@id\":\"https:\/\/juliasmagazine.com.br\/#\/schema\/person\/2d68edfe3565cf7cf1eeff466f0e4d79\",\"name\":\"Gabriel Correa - Reporter da Radio Nacional\",\"image\":{\"@type\":\"ImageObject\",\"inLanguage\":\"pt-BR\",\"@id\":\"https:\/\/juliasmagazine.com.br\/#\/schema\/person\/image\/\",\"url\":\"https:\/\/secure.gravatar.com\/avatar\/4202d32543d8330b771adccbbcb8a74bf0384a71411114fd3f35000e3fb5d4d9?s=96&d=mm&r=g\",\"contentUrl\":\"https:\/\/secure.gravatar.com\/avatar\/4202d32543d8330b771adccbbcb8a74bf0384a71411114fd3f35000e3fb5d4d9?s=96&d=mm&r=g\",\"caption\":\"Gabriel Correa - Reporter da Radio Nacional\"},\"url\":\"https:\/\/juliasmagazine.com.br\/?author=196\"}]}<\/script>\n<!-- \/ Yoast SEO plugin. -->","yoast_head_json":{"title":"Festival Internacional de Dan\u00e7a do Recife tem mais de 30 atividades - Julias Magazine","robots":{"index":"index","follow":"follow","max-snippet":"max-snippet:-1","max-image-preview":"max-image-preview:large","max-video-preview":"max-video-preview:-1"},"canonical":"https:\/\/juliasmagazine.com.br\/?p=37621","og_locale":"pt_BR","og_type":"article","og_title":"Festival Internacional de Dan\u00e7a do Recife tem mais de 30 atividades - Julias Magazine","og_description":"A partir desta quinta-feira (3) at\u00e9 o dia 13 de setembro, a cidade do Recife recebe mais de 30 atividades dedicadas \u00e0 dan\u00e7a. \u00c9 o Festival Internacional de Dan\u00e7a do Recife, que tamb\u00e9m tem cinema, graffiti e apresenta\u00e7\u00f5es de rua. Todas as atra\u00e7\u00f5es s\u00e3o de gra\u00e7a. O p\u00fablico pode colaborar, de forma solid\u00e1ria, com a [&hellip;]","og_url":"https:\/\/juliasmagazine.com.br\/?p=37621","og_site_name":"Julias Magazine","article_published_time":"2026-09-03T18:34:41+00:00","og_image":[{"url":"https:\/\/agenciabrasil.ebc.com.br\/ebc.png?id=1701469&o=rss","type":"","width":"","height":""}],"author":"Gabriel Correa - Reporter da Radio Nacional","twitter_card":"summary_large_image","twitter_misc":{"Escrito por":"Gabriel Correa - Reporter da Radio Nacional","Est. tempo de leitura":"1 minuto"},"schema":{"@context":"https:\/\/schema.org","@graph":[{"@type":"Article","@id":"https:\/\/juliasmagazine.com.br\/?p=37621#article","isPartOf":{"@id":"https:\/\/juliasmagazine.com.br\/?p=37621"},"author":{"name":"Gabriel Correa - Reporter da Radio Nacional","@id":"https:\/\/juliasmagazine.com.br\/#\/schema\/person\/2d68edfe3565cf7cf1eeff466f0e4d79"},"headline":"Festival Internacional de Dan\u00e7a do Recife tem mais de 30 atividades","datePublished":"2026-09-03T18:34:41+00:00","dateModified":"2026-09-03T18:34:41+00:00","mainEntityOfPage":{"@id":"https:\/\/juliasmagazine.com.br\/?p=37621"},"wordCount":296,"commentCount":0,"publisher":{"@id":"https:\/\/juliasmagazine.com.br\/#organization"},"image":{"@id":"https:\/\/juliasmagazine.com.br\/?p=37621#primaryimage"},"thumbnailUrl":"https:\/\/juliasmagazine.com.br\/wp-content\/uploads\/2026\/09\/37621-festival-internacional-de-danca-do-recife-tem-mais-de-30-atividades.jpg","articleSection":["Cultura e Entretenimento"],"inLanguage":"pt-BR","potentialAction":[{"@type":"CommentAction","name":"Comment","target":["https:\/\/juliasmagazine.com.br\/?p=37621#respond"]}]},{"@type":"WebPage","@id":"https:\/\/juliasmagazine.com.br\/?p=37621","url":"https:\/\/juliasmagazine.com.br\/?p=37621","name":"Festival Internacional de Dan\u00e7a do Recife tem mais de 30 atividades - Julias Magazine","isPartOf":{"@id":"https:\/\/juliasmagazine.com.br\/#website"},"primaryImageOfPage":{"@id":"https:\/\/juliasmagazine.com.br\/?p=37621#primaryimage"},"image":{"@id":"https:\/\/juliasmagazine.com.br\/?p=37621#primaryimage"},"thumbnailUrl":"https:\/\/juliasmagazine.com.br\/wp-content\/uploads\/2026\/09\/37621-festival-internacional-de-danca-do-recife-tem-mais-de-30-atividades.jpg","datePublished":"2026-09-03T18:34:41+00:00","dateModified":"2026-09-03T18:34:41+00:00","breadcrumb":{"@id":"https:\/\/juliasmagazine.com.br\/?p=37621#breadcrumb"},"inLanguage":"pt-BR","potentialAction":[{"@type":"ReadAction","target":["https:\/\/juliasmagazine.com.br\/?p=37621"]}]},{"@type":"ImageObject","inLanguage":"pt-BR","@id":"https:\/\/juliasmagazine.com.br\/?p=37621#primaryimage","url":"https:\/\/juliasmagazine.com.br\/wp-content\/uploads\/2026\/09\/37621-festival-internacional-de-danca-do-recife-tem-mais-de-30-atividades.jpg","contentUrl":"https:\/\/juliasmagazine.com.br\/wp-content\/uploads\/2026\/09\/37621-festival-internacional-de-danca-do-recife-tem-mais-de-30-atividades.jpg","width":1600,"height":800,"caption":"Festival Internacional de Dan\u00e7a do Recife tem mais de 30 atividades"},{"@type":"BreadcrumbList","@id":"https:\/\/juliasmagazine.com.br\/?p=37621#breadcrumb","itemListElement":[{"@type":"ListItem","position":1,"name":"In\u00edcio","item":"https:\/\/juliasmagazine.com.br\/"},{"@type":"ListItem","position":2,"name":"Festival Internacional de Dan\u00e7a do Recife tem mais de 30 atividades"}]},{"@type":"WebSite","@id":"https:\/\/juliasmagazine.com.br\/#website","url":"https:\/\/juliasmagazine.com.br\/","name":"Julias Magazine","description":"A Sua revista eletr\u00f4nica de moda,politica ,viagens ,cultura ,gastronomia e finan\u00e7as. .","publisher":{"@id":"https:\/\/juliasmagazine.com.br\/#organization"},"potentialAction":[{"@type":"SearchAction","target":{"@type":"EntryPoint","urlTemplate":"https:\/\/juliasmagazine.com.br\/?s={search_term_string}"},"query-input":{"@type":"PropertyValueSpecification","valueRequired":true,"valueName":"search_term_string"}}],"inLanguage":"pt-BR"},{"@type":"Organization","@id":"https:\/\/juliasmagazine.com.br\/#organization","name":"Julias Magazine","url":"https:\/\/juliasmagazine.com.br\/","logo":{"@type":"ImageObject","inLanguage":"pt-BR","@id":"https:\/\/juliasmagazine.com.br\/#\/schema\/logo\/image\/","url":"https:\/\/oquefazerembalneariocamboriu.com\/wp-content\/uploads\/2023\/02\/o-que-fazer-em-balneario-camboriu.jpg","contentUrl":"https:\/\/oquefazerembalneariocamboriu.com\/wp-content\/uploads\/2023\/02\/o-que-fazer-em-balneario-camboriu.jpg","width":1200,"height":675,"caption":"Julias Magazine"},"image":{"@id":"https:\/\/juliasmagazine.com.br\/#\/schema\/logo\/image\/"}},{"@type":"Person","@id":"https:\/\/juliasmagazine.com.br\/#\/schema\/person\/2d68edfe3565cf7cf1eeff466f0e4d79","name":"Gabriel Correa - Reporter da Radio Nacional","image":{"@type":"ImageObject","inLanguage":"pt-BR","@id":"https:\/\/juliasmagazine.com.br\/#\/schema\/person\/image\/","url":"https:\/\/secure.gravatar.com\/avatar\/4202d32543d8330b771adccbbcb8a74bf0384a71411114fd3f35000e3fb5d4d9?s=96&d=mm&r=g","contentUrl":"https:\/\/secure.gravatar.com\/avatar\/4202d32543d8330b771adccbbcb8a74bf0384a71411114fd3f35000e3fb5d4d9?s=96&d=mm&r=g","caption":"Gabriel Correa - Reporter da Radio Nacional"},"url":"https:\/\/juliasmagazine.com.br\/?author=196"}]}},"_links":{"self":[{"href":"https:\/\/juliasmagazine.com.br\/index.php?rest_route=\/wp\/v2\/posts\/37621","targetHints":{"allow":["GET"]}}],"collection":[{"href":"https:\/\/juliasmagazine.com.br\/index.php?rest_route=\/wp\/v2\/posts"}],"about":[{"href":"https:\/\/juliasmagazine.com.br\/index.php?rest_route=\/wp\/v2\/types\/post"}],"author":[{"embeddable":true,"href":"https:\/\/juliasmagazine.com.br\/index.php?rest_route=\/wp\/v2\/users\/196"}],"replies":[{"embeddable":true,"href":"https:\/\/juliasmagazine.com.br\/index.php?rest_route=%2Fwp%2Fv2%2Fcomments&post=37621"}],"version-history":[{"count":0,"href":"https:\/\/juliasmagazine.com.br\/index.php?rest_route=\/wp\/v2\/posts\/37621\/revisions"}],"wp:featuredmedia":[{"embeddable":true,"href":"https:\/\/juliasmagazine.com.br\/index.php?rest_route=\/wp\/v2\/media\/37622"}],"wp:attachment":[{"href":"https:\/\/juliasmagazine.com.br\/index.php?rest_route=%2Fwp%2Fv2%2Fmedia&parent=37621"}],"wp:term":[{"taxonomy":"category","embeddable":true,"href":"https:\/\/juliasmagazine.com.br\/index.php?rest_route=%2Fwp%2Fv2%2Fcategories&post=37621"},{"taxonomy":"post_tag","embeddable":true,"href":"https:\/\/juliasmagazine.com.br\/index.php?rest_route=%2Fwp%2Fv2%2Ftags&post=37621"}],"curies":[{"name":"wp","href":"https:\/\/api.w.org\/{rel}","templated":true}]}}