{"id":37603,"date":"2026-09-03T09:55:09","date_gmt":"2026-09-03T12:55:09","guid":{"rendered":"https:\/\/juliasmagazine.com.br\/?p=37603"},"modified":"2026-09-03T09:55:09","modified_gmt":"2026-09-03T12:55:09","slug":"procurador-defende-asfixia-financeira-no-combate-ao-crime-organizado","status":"publish","type":"post","link":"https:\/\/juliasmagazine.com.br\/?p=37603","title":{"rendered":"Procurador defende asfixia financeira no combate ao crime organizado"},"content":{"rendered":"<\/p>\n<p><a class=\"\" href=\"https:\/\/agenciabrasil.ebc.com.br\/justica\/noticia\/2026-09\/procurador-defende-asfixia-financeira-no-combate-ao-crime-organizado\"><br \/>\n                    <img decoding=\"async\" src=\"https:\/\/cdn.jsdelivr.net\/gh\/sergiosdlima\/assets-ebc@1.0.0\/abr\/assets\/images\/logo-agenciabrasil.svg\" alt=\"Logo Ag\u00eancia Brasil\"><br \/>\n\t\t\t\t<\/a><\/p>\n<p>O procurador-geral de Justi\u00e7a do Rio, Ant\u00f4nio Jos\u00e9 Campos Moreira, disse nessa quarta-feira (2), durante encontro com empres\u00e1rios promovido pelo Grupo de L\u00edderes Empresariais (Lide), que \u00e9 preciso identificar o crime como atividade empresarial, que concorre com todos.<img decoding=\"async\" src=\"https:\/\/agenciabrasil.ebc.com.br\/ebc.png?id=1701422&#038;o=rss\"><img decoding=\"async\" src=\"https:\/\/agenciabrasil.ebc.com.br\/ebc.gif?id=1701422&#038;o=rss\"><\/p>\n<p><strong>Ao abordar os reflexos da criminalidade na ordem econ\u00f4mica e financeira, o procurador afirmou que o enfrentamento \u00e0s organiza\u00e7\u00f5es criminosas deve avan\u00e7ar sobre seu patrim\u00f4nio e seus fluxos financeiros, com prioridade para a investiga\u00e7\u00e3o patrimonial e a recupera\u00e7\u00e3o de ativos.<\/strong><\/p>\n<blockquote>\n<h3>Not\u00edcias relacionadas:<\/h3>\n<ul>\n<li><a href=\"https:\/\/agenciabrasil.ebc.com.br\/justica\/noticia\/2026-08\/moraes-crime-organizado-nao-se-combate-apenas-com-penas-maiores\">Crime organizado n\u00e3o se combate apenas com penas maiores, diz Moraes.<\/a><\/li>\n<li><a href=\"https:\/\/agenciabrasil.ebc.com.br\/politica\/noticia\/2026-05\/saiba-como-vai-funcionar-programa-federal-contra-o-crime-organizado\">Saiba como vai funcionar programa federal contra o crime organizado .<\/a><\/li>\n<li><a href=\"https:\/\/agenciabrasil.ebc.com.br\/justica\/noticia\/2026-07\/justica-articula-acoes-contra-crime-organizado-em-combustiveis\">Justi\u00e7a articula a\u00e7\u00f5es contra crime organizado em combust\u00edveis.<\/a><\/li>\n<\/ul>\n<p>&#8220;Prender, ainda que prender lideran\u00e7as, n\u00e3o \u00e9 suficiente&#8221;. \u00a0disse Ant\u00f4nio Jos\u00e9 durante o debate. \u201cInvestigar, processar, condenar e prender permanece indispens\u00e1vel, mas precisa ser acompanhado de estrat\u00e9gias capazes de atingir a estrutura econ\u00f4mica das organiza\u00e7\u00f5es criminosas\u201d.\n<\/p><\/blockquote>\n<p><strong>O procurador-geral de Justi\u00e7a explicou que o Minist\u00e9rio P\u00fablico do Rio de Janeiro (MPRJ) vem direcionando sua atua\u00e7\u00e3o para a investiga\u00e7\u00e3o patrimonial e a recupera\u00e7\u00e3o de ativos, com o objetivo de asfixiar financeiramente esses grupos.<\/strong><\/p>\n<blockquote>\n<p>&#8220;A investiga\u00e7\u00e3o patrimonial e a recupera\u00e7\u00e3o de ativos s\u00e3o, para n\u00f3s, o norte do enfrentamento da criminalidade organizada&#8221;.<\/p>\n<\/blockquote>\n<p><strong>Ant\u00f4nio Jos\u00e9 afirmou ainda que a expans\u00e3o das fac\u00e7\u00f5es criminosas ultrapassou os limites da seguran\u00e7a p\u00fablica.<\/strong><\/p>\n<blockquote>\n<p>&#8220;O Rio de Janeiro \u00e9 um estado fatiado, dividido e dominado territorialmente por fac\u00e7\u00f5es criminosas. \u00c9 um problema de seguran\u00e7a p\u00fablica, mas que transcende, que ultrapassa a seguran\u00e7a p\u00fablica. \u00c9 um problema de soberania&#8221;, acrescentou.<\/p>\n<\/blockquote>\n<p><strong>Para ele, o dom\u00ednio territorial permitiu \u00e0s organiza\u00e7\u00f5es criminosas diversificar suas fontes de receita e avan\u00e7ar sobre atividades econ\u00f4micas l\u00edcitas.<\/strong> Na sua opini\u00e3o,\u00a0o tr\u00e1fico de drogas tornou-se uma atividade econ\u00f4mica secund\u00e1ria no Rio diante da diversifica\u00e7\u00e3o dos neg\u00f3cios controlados pelas fac\u00e7\u00f5es.<\/p>\n<p>&#8220;Os impactos econ\u00f4micos e financeiros s\u00e3o enormes. S\u00e3o tributos que o Estado e os munic\u00edpios deixam de arrecadar. S\u00e3o empres\u00e1rios que poderiam estar empreendendo,\u00a0trabalhando&#8221;.<\/p>\n","protected":false},"excerpt":{"rendered":"<p>O procurador-geral de Justi\u00e7a do Rio, Ant\u00f4nio Jos\u00e9 Campos Moreira, disse nessa quarta-feira (2), durante encontro com empres\u00e1rios promovido pelo Grupo de L\u00edderes Empresariais (Lide), que \u00e9 preciso identificar o crime como atividade empresarial, que concorre com todos. Ao abordar os reflexos da criminalidade na ordem econ\u00f4mica e financeira, o procurador afirmou que o enfrentamento [&hellip;]<\/p>\n","protected":false},"author":31,"featured_media":37604,"comment_status":"open","ping_status":"open","sticky":false,"template":"","format":"standard","meta":{"site-sidebar-layout":"default","site-content-layout":"","ast-site-content-layout":"","site-content-style":"default","site-sidebar-style":"default","ast-global-header-display":"","ast-banner-title-visibility":"","ast-main-header-display":"","ast-hfb-above-header-display":"","ast-hfb-below-header-display":"","ast-hfb-mobile-header-display":"","site-post-title":"","ast-breadcrumbs-content":"","ast-featured-img":"","footer-sml-layout":"","theme-transparent-header-meta":"","adv-header-id-meta":"","stick-header-meta":"","header-above-stick-meta":"","header-main-stick-meta":"","header-below-stick-meta":"","astra-migrate-meta-layouts":"default","ast-page-background-enabled":"default","ast-page-background-meta":{"desktop":{"background-color":"var(--ast-global-color-4)","background-image":"","background-repeat":"repeat","background-position":"center center","background-size":"auto","background-attachment":"scroll","background-type":"","background-media":"","overlay-type":"","overlay-color":"","overlay-opacity":"","overlay-gradient":""},"tablet":{"background-color":"","background-image":"","background-repeat":"repeat","background-position":"center center","background-size":"auto","background-attachment":"scroll","background-type":"","background-media":"","overlay-type":"","overlay-color":"","overlay-opacity":"","overlay-gradient":""},"mobile":{"background-color":"","background-image":"","background-repeat":"repeat","background-position":"center center","background-size":"auto","background-attachment":"scroll","background-type":"","background-media":"","overlay-type":"","overlay-color":"","overlay-opacity":"","overlay-gradient":""}},"ast-content-background-meta":{"desktop":{"background-color":"var(--ast-global-color-5)","background-image":"","background-repeat":"repeat","background-position":"center center","background-size":"auto","background-attachment":"scroll","background-type":"","background-media":"","overlay-type":"","overlay-color":"","overlay-opacity":"","overlay-gradient":""},"tablet":{"background-color":"var(--ast-global-color-5)","background-image":"","background-repeat":"repeat","background-position":"center center","background-size":"auto","background-attachment":"scroll","background-type":"","background-media":"","overlay-type":"","overlay-color":"","overlay-opacity":"","overlay-gradient":""},"mobile":{"background-color":"var(--ast-global-color-5)","background-image":"","background-repeat":"repeat","background-position":"center center","background-size":"auto","background-attachment":"scroll","background-type":"","background-media":"","overlay-type":"","overlay-color":"","overlay-opacity":"","overlay-gradient":""}},"footnotes":""},"categories":[3],"tags":[],"class_list":["post-37603","post","type-post","status-publish","format-standard","has-post-thumbnail","hentry","category-seguranca-e-justica"],"yoast_head":"<!-- This site is optimized with the Yoast SEO plugin v24.1 - https:\/\/yoast.com\/wordpress\/plugins\/seo\/ -->\n<title>Procurador defende asfixia financeira no combate ao crime organizado - Julias Magazine<\/title>\n<meta name=\"robots\" content=\"index, follow, max-snippet:-1, max-image-preview:large, max-video-preview:-1\" \/>\n<link rel=\"canonical\" href=\"https:\/\/juliasmagazine.com.br\/?p=37603\" \/>\n<meta property=\"og:locale\" content=\"pt_BR\" \/>\n<meta property=\"og:type\" content=\"article\" \/>\n<meta property=\"og:title\" content=\"Procurador defende asfixia financeira no combate ao crime organizado - Julias Magazine\" \/>\n<meta property=\"og:description\" content=\"O procurador-geral de Justi\u00e7a do Rio, Ant\u00f4nio Jos\u00e9 Campos Moreira, disse nessa quarta-feira (2), durante encontro com empres\u00e1rios promovido pelo Grupo de L\u00edderes Empresariais (Lide), que \u00e9 preciso identificar o crime como atividade empresarial, que concorre com todos. Ao abordar os reflexos da criminalidade na ordem econ\u00f4mica e financeira, o procurador afirmou que o enfrentamento [&hellip;]\" \/>\n<meta property=\"og:url\" content=\"https:\/\/juliasmagazine.com.br\/?p=37603\" \/>\n<meta property=\"og:site_name\" content=\"Julias Magazine\" \/>\n<meta property=\"article:published_time\" content=\"2026-09-03T12:55:09+00:00\" \/>\n<meta property=\"og:image\" content=\"https:\/\/cdn.jsdelivr.net\/gh\/sergiosdlima\/assets-ebc@1.0.0\/abr\/assets\/images\/logo-agenciabrasil.svg\" \/>\n<meta name=\"author\" content=\"Douglas Correa - Reporter da Agencia Brasil\" \/>\n<meta name=\"twitter:card\" content=\"summary_large_image\" \/>\n<meta name=\"twitter:label1\" content=\"Escrito por\" \/>\n\t<meta name=\"twitter:data1\" content=\"Douglas Correa - Reporter da Agencia Brasil\" \/>\n\t<meta name=\"twitter:label2\" content=\"Est. tempo de leitura\" \/>\n\t<meta name=\"twitter:data2\" content=\"2 minutos\" \/>\n<script type=\"application\/ld+json\" class=\"yoast-schema-graph\">{\"@context\":\"https:\/\/schema.org\",\"@graph\":[{\"@type\":\"Article\",\"@id\":\"https:\/\/juliasmagazine.com.br\/?p=37603#article\",\"isPartOf\":{\"@id\":\"https:\/\/juliasmagazine.com.br\/?p=37603\"},\"author\":{\"name\":\"Douglas Correa - Reporter da Agencia Brasil\",\"@id\":\"https:\/\/juliasmagazine.com.br\/#\/schema\/person\/1b971d6b59e523d662f9aa6bf93bfc7f\"},\"headline\":\"Procurador defende asfixia financeira no combate ao crime organizado\",\"datePublished\":\"2026-09-03T12:55:09+00:00\",\"dateModified\":\"2026-09-03T12:55:09+00:00\",\"mainEntityOfPage\":{\"@id\":\"https:\/\/juliasmagazine.com.br\/?p=37603\"},\"wordCount\":379,\"commentCount\":0,\"publisher\":{\"@id\":\"https:\/\/juliasmagazine.com.br\/#organization\"},\"image\":{\"@id\":\"https:\/\/juliasmagazine.com.br\/?p=37603#primaryimage\"},\"thumbnailUrl\":\"https:\/\/juliasmagazine.com.br\/wp-content\/uploads\/2026\/09\/37603-procurador-defende-asfixia-financeira-no-combate-ao-crime-organizado.jpg\",\"articleSection\":[\"Seguran\u00e7a e Justi\u00e7a\"],\"inLanguage\":\"pt-BR\",\"potentialAction\":[{\"@type\":\"CommentAction\",\"name\":\"Comment\",\"target\":[\"https:\/\/juliasmagazine.com.br\/?p=37603#respond\"]}]},{\"@type\":\"WebPage\",\"@id\":\"https:\/\/juliasmagazine.com.br\/?p=37603\",\"url\":\"https:\/\/juliasmagazine.com.br\/?p=37603\",\"name\":\"Procurador defende asfixia financeira no combate ao crime organizado - Julias Magazine\",\"isPartOf\":{\"@id\":\"https:\/\/juliasmagazine.com.br\/#website\"},\"primaryImageOfPage\":{\"@id\":\"https:\/\/juliasmagazine.com.br\/?p=37603#primaryimage\"},\"image\":{\"@id\":\"https:\/\/juliasmagazine.com.br\/?p=37603#primaryimage\"},\"thumbnailUrl\":\"https:\/\/juliasmagazine.com.br\/wp-content\/uploads\/2026\/09\/37603-procurador-defende-asfixia-financeira-no-combate-ao-crime-organizado.jpg\",\"datePublished\":\"2026-09-03T12:55:09+00:00\",\"dateModified\":\"2026-09-03T12:55:09+00:00\",\"breadcrumb\":{\"@id\":\"https:\/\/juliasmagazine.com.br\/?p=37603#breadcrumb\"},\"inLanguage\":\"pt-BR\",\"potentialAction\":[{\"@type\":\"ReadAction\",\"target\":[\"https:\/\/juliasmagazine.com.br\/?p=37603\"]}]},{\"@type\":\"ImageObject\",\"inLanguage\":\"pt-BR\",\"@id\":\"https:\/\/juliasmagazine.com.br\/?p=37603#primaryimage\",\"url\":\"https:\/\/juliasmagazine.com.br\/wp-content\/uploads\/2026\/09\/37603-procurador-defende-asfixia-financeira-no-combate-ao-crime-organizado.jpg\",\"contentUrl\":\"https:\/\/juliasmagazine.com.br\/wp-content\/uploads\/2026\/09\/37603-procurador-defende-asfixia-financeira-no-combate-ao-crime-organizado.jpg\",\"width\":1600,\"height\":800,\"caption\":\"Procurador defende asfixia financeira no combate ao crime organizado\"},{\"@type\":\"BreadcrumbList\",\"@id\":\"https:\/\/juliasmagazine.com.br\/?p=37603#breadcrumb\",\"itemListElement\":[{\"@type\":\"ListItem\",\"position\":1,\"name\":\"In\u00edcio\",\"item\":\"https:\/\/juliasmagazine.com.br\/\"},{\"@type\":\"ListItem\",\"position\":2,\"name\":\"Procurador defende asfixia financeira no combate ao crime organizado\"}]},{\"@type\":\"WebSite\",\"@id\":\"https:\/\/juliasmagazine.com.br\/#website\",\"url\":\"https:\/\/juliasmagazine.com.br\/\",\"name\":\"Julias Magazine\",\"description\":\"A Sua revista eletr\u00f4nica de moda,politica ,viagens ,cultura ,gastronomia e finan\u00e7as. .\",\"publisher\":{\"@id\":\"https:\/\/juliasmagazine.com.br\/#organization\"},\"potentialAction\":[{\"@type\":\"SearchAction\",\"target\":{\"@type\":\"EntryPoint\",\"urlTemplate\":\"https:\/\/juliasmagazine.com.br\/?s={search_term_string}\"},\"query-input\":{\"@type\":\"PropertyValueSpecification\",\"valueRequired\":true,\"valueName\":\"search_term_string\"}}],\"inLanguage\":\"pt-BR\"},{\"@type\":\"Organization\",\"@id\":\"https:\/\/juliasmagazine.com.br\/#organization\",\"name\":\"Julias Magazine\",\"url\":\"https:\/\/juliasmagazine.com.br\/\",\"logo\":{\"@type\":\"ImageObject\",\"inLanguage\":\"pt-BR\",\"@id\":\"https:\/\/juliasmagazine.com.br\/#\/schema\/logo\/image\/\",\"url\":\"https:\/\/oquefazerembalneariocamboriu.com\/wp-content\/uploads\/2023\/02\/o-que-fazer-em-balneario-camboriu.jpg\",\"contentUrl\":\"https:\/\/oquefazerembalneariocamboriu.com\/wp-content\/uploads\/2023\/02\/o-que-fazer-em-balneario-camboriu.jpg\",\"width\":1200,\"height\":675,\"caption\":\"Julias Magazine\"},\"image\":{\"@id\":\"https:\/\/juliasmagazine.com.br\/#\/schema\/logo\/image\/\"}},{\"@type\":\"Person\",\"@id\":\"https:\/\/juliasmagazine.com.br\/#\/schema\/person\/1b971d6b59e523d662f9aa6bf93bfc7f\",\"name\":\"Douglas Correa - Reporter da Agencia Brasil\",\"image\":{\"@type\":\"ImageObject\",\"inLanguage\":\"pt-BR\",\"@id\":\"https:\/\/juliasmagazine.com.br\/#\/schema\/person\/image\/\",\"url\":\"https:\/\/secure.gravatar.com\/avatar\/c02bf475f0415e10e5afa547e81d79d97f6acf4d00377019219c2586a6469f37?s=96&d=mm&r=g\",\"contentUrl\":\"https:\/\/secure.gravatar.com\/avatar\/c02bf475f0415e10e5afa547e81d79d97f6acf4d00377019219c2586a6469f37?s=96&d=mm&r=g\",\"caption\":\"Douglas Correa - Reporter da Agencia Brasil\"},\"url\":\"https:\/\/juliasmagazine.com.br\/?author=31\"}]}<\/script>\n<!-- \/ Yoast SEO plugin. -->","yoast_head_json":{"title":"Procurador defende asfixia financeira no combate ao crime organizado - Julias Magazine","robots":{"index":"index","follow":"follow","max-snippet":"max-snippet:-1","max-image-preview":"max-image-preview:large","max-video-preview":"max-video-preview:-1"},"canonical":"https:\/\/juliasmagazine.com.br\/?p=37603","og_locale":"pt_BR","og_type":"article","og_title":"Procurador defende asfixia financeira no combate ao crime organizado - Julias Magazine","og_description":"O procurador-geral de Justi\u00e7a do Rio, Ant\u00f4nio Jos\u00e9 Campos Moreira, disse nessa quarta-feira (2), durante encontro com empres\u00e1rios promovido pelo Grupo de L\u00edderes Empresariais (Lide), que \u00e9 preciso identificar o crime como atividade empresarial, que concorre com todos. Ao abordar os reflexos da criminalidade na ordem econ\u00f4mica e financeira, o procurador afirmou que o enfrentamento [&hellip;]","og_url":"https:\/\/juliasmagazine.com.br\/?p=37603","og_site_name":"Julias Magazine","article_published_time":"2026-09-03T12:55:09+00:00","og_image":[{"url":"https:\/\/cdn.jsdelivr.net\/gh\/sergiosdlima\/assets-ebc@1.0.0\/abr\/assets\/images\/logo-agenciabrasil.svg","type":"","width":"","height":""}],"author":"Douglas Correa - Reporter da Agencia Brasil","twitter_card":"summary_large_image","twitter_misc":{"Escrito por":"Douglas Correa - Reporter da Agencia Brasil","Est. tempo de leitura":"2 minutos"},"schema":{"@context":"https:\/\/schema.org","@graph":[{"@type":"Article","@id":"https:\/\/juliasmagazine.com.br\/?p=37603#article","isPartOf":{"@id":"https:\/\/juliasmagazine.com.br\/?p=37603"},"author":{"name":"Douglas Correa - Reporter da Agencia Brasil","@id":"https:\/\/juliasmagazine.com.br\/#\/schema\/person\/1b971d6b59e523d662f9aa6bf93bfc7f"},"headline":"Procurador defende asfixia financeira no combate ao crime organizado","datePublished":"2026-09-03T12:55:09+00:00","dateModified":"2026-09-03T12:55:09+00:00","mainEntityOfPage":{"@id":"https:\/\/juliasmagazine.com.br\/?p=37603"},"wordCount":379,"commentCount":0,"publisher":{"@id":"https:\/\/juliasmagazine.com.br\/#organization"},"image":{"@id":"https:\/\/juliasmagazine.com.br\/?p=37603#primaryimage"},"thumbnailUrl":"https:\/\/juliasmagazine.com.br\/wp-content\/uploads\/2026\/09\/37603-procurador-defende-asfixia-financeira-no-combate-ao-crime-organizado.jpg","articleSection":["Seguran\u00e7a e Justi\u00e7a"],"inLanguage":"pt-BR","potentialAction":[{"@type":"CommentAction","name":"Comment","target":["https:\/\/juliasmagazine.com.br\/?p=37603#respond"]}]},{"@type":"WebPage","@id":"https:\/\/juliasmagazine.com.br\/?p=37603","url":"https:\/\/juliasmagazine.com.br\/?p=37603","name":"Procurador defende asfixia financeira no combate ao crime organizado - Julias Magazine","isPartOf":{"@id":"https:\/\/juliasmagazine.com.br\/#website"},"primaryImageOfPage":{"@id":"https:\/\/juliasmagazine.com.br\/?p=37603#primaryimage"},"image":{"@id":"https:\/\/juliasmagazine.com.br\/?p=37603#primaryimage"},"thumbnailUrl":"https:\/\/juliasmagazine.com.br\/wp-content\/uploads\/2026\/09\/37603-procurador-defende-asfixia-financeira-no-combate-ao-crime-organizado.jpg","datePublished":"2026-09-03T12:55:09+00:00","dateModified":"2026-09-03T12:55:09+00:00","breadcrumb":{"@id":"https:\/\/juliasmagazine.com.br\/?p=37603#breadcrumb"},"inLanguage":"pt-BR","potentialAction":[{"@type":"ReadAction","target":["https:\/\/juliasmagazine.com.br\/?p=37603"]}]},{"@type":"ImageObject","inLanguage":"pt-BR","@id":"https:\/\/juliasmagazine.com.br\/?p=37603#primaryimage","url":"https:\/\/juliasmagazine.com.br\/wp-content\/uploads\/2026\/09\/37603-procurador-defende-asfixia-financeira-no-combate-ao-crime-organizado.jpg","contentUrl":"https:\/\/juliasmagazine.com.br\/wp-content\/uploads\/2026\/09\/37603-procurador-defende-asfixia-financeira-no-combate-ao-crime-organizado.jpg","width":1600,"height":800,"caption":"Procurador defende asfixia financeira no combate ao crime organizado"},{"@type":"BreadcrumbList","@id":"https:\/\/juliasmagazine.com.br\/?p=37603#breadcrumb","itemListElement":[{"@type":"ListItem","position":1,"name":"In\u00edcio","item":"https:\/\/juliasmagazine.com.br\/"},{"@type":"ListItem","position":2,"name":"Procurador defende asfixia financeira no combate ao crime organizado"}]},{"@type":"WebSite","@id":"https:\/\/juliasmagazine.com.br\/#website","url":"https:\/\/juliasmagazine.com.br\/","name":"Julias Magazine","description":"A Sua revista eletr\u00f4nica de moda,politica ,viagens ,cultura ,gastronomia e finan\u00e7as. .","publisher":{"@id":"https:\/\/juliasmagazine.com.br\/#organization"},"potentialAction":[{"@type":"SearchAction","target":{"@type":"EntryPoint","urlTemplate":"https:\/\/juliasmagazine.com.br\/?s={search_term_string}"},"query-input":{"@type":"PropertyValueSpecification","valueRequired":true,"valueName":"search_term_string"}}],"inLanguage":"pt-BR"},{"@type":"Organization","@id":"https:\/\/juliasmagazine.com.br\/#organization","name":"Julias Magazine","url":"https:\/\/juliasmagazine.com.br\/","logo":{"@type":"ImageObject","inLanguage":"pt-BR","@id":"https:\/\/juliasmagazine.com.br\/#\/schema\/logo\/image\/","url":"https:\/\/oquefazerembalneariocamboriu.com\/wp-content\/uploads\/2023\/02\/o-que-fazer-em-balneario-camboriu.jpg","contentUrl":"https:\/\/oquefazerembalneariocamboriu.com\/wp-content\/uploads\/2023\/02\/o-que-fazer-em-balneario-camboriu.jpg","width":1200,"height":675,"caption":"Julias Magazine"},"image":{"@id":"https:\/\/juliasmagazine.com.br\/#\/schema\/logo\/image\/"}},{"@type":"Person","@id":"https:\/\/juliasmagazine.com.br\/#\/schema\/person\/1b971d6b59e523d662f9aa6bf93bfc7f","name":"Douglas Correa - Reporter da Agencia Brasil","image":{"@type":"ImageObject","inLanguage":"pt-BR","@id":"https:\/\/juliasmagazine.com.br\/#\/schema\/person\/image\/","url":"https:\/\/secure.gravatar.com\/avatar\/c02bf475f0415e10e5afa547e81d79d97f6acf4d00377019219c2586a6469f37?s=96&d=mm&r=g","contentUrl":"https:\/\/secure.gravatar.com\/avatar\/c02bf475f0415e10e5afa547e81d79d97f6acf4d00377019219c2586a6469f37?s=96&d=mm&r=g","caption":"Douglas Correa - Reporter da Agencia Brasil"},"url":"https:\/\/juliasmagazine.com.br\/?author=31"}]}},"_links":{"self":[{"href":"https:\/\/juliasmagazine.com.br\/index.php?rest_route=\/wp\/v2\/posts\/37603","targetHints":{"allow":["GET"]}}],"collection":[{"href":"https:\/\/juliasmagazine.com.br\/index.php?rest_route=\/wp\/v2\/posts"}],"about":[{"href":"https:\/\/juliasmagazine.com.br\/index.php?rest_route=\/wp\/v2\/types\/post"}],"author":[{"embeddable":true,"href":"https:\/\/juliasmagazine.com.br\/index.php?rest_route=\/wp\/v2\/users\/31"}],"replies":[{"embeddable":true,"href":"https:\/\/juliasmagazine.com.br\/index.php?rest_route=%2Fwp%2Fv2%2Fcomments&post=37603"}],"version-history":[{"count":0,"href":"https:\/\/juliasmagazine.com.br\/index.php?rest_route=\/wp\/v2\/posts\/37603\/revisions"}],"wp:featuredmedia":[{"embeddable":true,"href":"https:\/\/juliasmagazine.com.br\/index.php?rest_route=\/wp\/v2\/media\/37604"}],"wp:attachment":[{"href":"https:\/\/juliasmagazine.com.br\/index.php?rest_route=%2Fwp%2Fv2%2Fmedia&parent=37603"}],"wp:term":[{"taxonomy":"category","embeddable":true,"href":"https:\/\/juliasmagazine.com.br\/index.php?rest_route=%2Fwp%2Fv2%2Fcategories&post=37603"},{"taxonomy":"post_tag","embeddable":true,"href":"https:\/\/juliasmagazine.com.br\/index.php?rest_route=%2Fwp%2Fv2%2Ftags&post=37603"}],"curies":[{"name":"wp","href":"https:\/\/api.w.org\/{rel}","templated":true}]}}