{"id":37597,"date":"2026-09-03T07:47:24","date_gmt":"2026-09-03T10:47:24","guid":{"rendered":"https:\/\/juliasmagazine.com.br\/?p=37597"},"modified":"2026-09-03T07:47:24","modified_gmt":"2026-09-03T10:47:24","slug":"viva-maria-lenda-amazonica-ganha-vida-em-animacao-infantil","status":"publish","type":"post","link":"https:\/\/juliasmagazine.com.br\/?p=37597","title":{"rendered":"Viva Maria: lenda amaz\u00f4nica ganha vida em anima\u00e7\u00e3o infantil"},"content":{"rendered":"<p>Sauda\u00e7\u00f5es amaz\u00f4nicas para todo mundo que, atrav\u00e9s deste nosso programa, acompanha os preparativos para o 5 de Setembro \u2014 uma data que foi criada para nos conscientizar sobre a import\u00e2ncia da maior floresta tropical do planeta, bem como de sua biodiversidade. E n\u00e3o por acaso, 5 de Setembro tamb\u00e9m \u00e9 o Dia Internacional das Mulheres Ind\u00edgenas na Am\u00e9rica Latina.<img decoding=\"async\" src=\"https:\/\/agenciabrasil.ebc.com.br\/ebc.png?id=1701420&#038;o=rss\"><img decoding=\"async\" src=\"https:\/\/agenciabrasil.ebc.com.br\/ebc.gif?id=1701420&#038;o=rss\"><\/p>\n<p>Viva Maria! Viva a nossa Amaz\u00f4nia, que nos chama \u00e0 reflex\u00e3o sobre o clima, j\u00e1 que ela \u00e9 essencial para o equil\u00edbrio clim\u00e1tico global e o regime das chuvas. Mas, para muito al\u00e9m disso, o 5 de Setembro destaca a import\u00e2ncia do bioma e tamb\u00e9m serve de palco para a valoriza\u00e7\u00e3o da rica heran\u00e7a cultural com os seus saberes e as suas lendas!<\/p>\n<p>E n\u00e3o por acaso, nesta edi\u00e7\u00e3o, n\u00f3s estamos contando aqui com o diretor de cinema Yago de Almeida! Ele \u00e9 do Par\u00e1, salve, salve! \u00c9 com ele que n\u00f3s vamos saber os detalhes sobre a sua mais recente produ\u00e7\u00e3o: um trabalho que fala sobre &#8220;Os Guardi\u00f5es da Cobra Grande&#8221;. E olha, o melhor de tudo \u00e9 que esse filme foi selecionado para a 9\u00aa Mostra Sesc de Cinema, na categoria infantojuvenil. Parab\u00e9ns, Yago, que prazer t\u00ea-lo aqui no nosso programa!<\/p>\n<p>Ent\u00e3o, como \u00e9 que voc\u00ea se sente diante dessa indica\u00e7\u00e3o para que seu filme n\u00e3o demore a ganhar as telas nessa grande mostra do Sesc de Cinema?<\/p>\n<blockquote>\n<p>Olha, \u00e9 uma grande honra mesmo, porque, como o geral sabe, a import\u00e2ncia, n\u00e9, que tem o Sesc em \u00e2mbito regional e nacional&#8230; Ent\u00e3o, ter o meu trabalho nessa mostra, n\u00e9, poder chegar a v\u00e1rias pessoas, n\u00e9, pelo Brasil inteiro, \u00e9 uma alegria muito grande, n\u00e9? \u00c9 algo assim que n\u00e3o tem nem tamanho assim para quantificar.<\/p>\n<\/blockquote>\n<p>\u00a0\u00c9 a primeira vez que voc\u00ea inscreve um trabalho seu para essa mostra ou voc\u00ea j\u00e1 tinha tido experi\u00eancias anteriores?<\/p>\n<blockquote>\n<p>Foi a primeira vez.<\/p>\n<\/blockquote>\n<p>Opa, e j\u00e1 conseguiu ser selecionado, n\u00e9? Mas vamos falar dessa Cobra Grande! Voc\u00ea, como um menino que nasceu no Par\u00e1, certamente ouviu muita gente contar essa lenda para voc\u00ea, n\u00e3o?<\/p>\n<blockquote>\n<p>Sim, com certeza. Essa hist\u00f3ria da Cobra Grande, eu acho que ela faz parte da inf\u00e2ncia e da vida de muita gente daqui, n\u00e9, da nossa regi\u00e3o, do Par\u00e1. \u00c9&#8230; sempre ouvi diversas hist\u00f3rias sobre ela, n\u00e9? Que a mais conhecida \u00e9 de que ela vive no subterr\u00e1neo, n\u00e9, da cidade de Bel\u00e9m, e que em determinado momento ela pode acordar e afundar a cidade, n\u00e9? At\u00e9 faziam a liga\u00e7\u00e3o com o C\u00edrio, n\u00e9? Que quando n\u00e3o tivesse C\u00edrio ela ia acordar e tal. Ent\u00e3o \u00e9 uma hist\u00f3ria assim que faz muita parte da nossa inf\u00e2ncia, da nossa cultura no geral, n\u00e9?<\/p>\n<\/blockquote>\n<p>Pois \u00e9. E como \u00e9 que foi para voc\u00ea encenar a Cobra Grande? E eu quero tamb\u00e9m que voc\u00ea nos diga quem s\u00e3o, afinal, os guardi\u00f5es dessa Cobra Grande?<\/p>\n<blockquote>\n<p>Bom, essa hist\u00f3ria da Cobra Grande, ela n\u00e3o nasceu assim s\u00f3 de mim. Eu fa\u00e7o parte de um coletivo de anima\u00e7\u00e3o chamado Lusco-Fusco, e \u00e9 um conjunto de amigos que s\u00e3o profissionais da anima\u00e7\u00e3o j\u00e1 h\u00e1 muitos anos e que a gente se juntou para trabalhar. E da\u00ed desse conv\u00edvio veio essa hist\u00f3ria, n\u00e9? A gente come\u00e7ou a pesquisar as diversas hist\u00f3rias que tem da Cobra Grande e a gente criou a nossa pr\u00f3pria hist\u00f3ria, n\u00e9, adaptando ali \u00e0quela hist\u00f3ria que j\u00e1 era conhecida.<\/p>\n<\/blockquote>\n<p>Ent\u00e3o uma nova vers\u00e3o voc\u00eas fizeram para essa lenda que j\u00e1 \u00e9 muito conhecida Brasil afora e at\u00e9 internacionalmente, n\u00e9? Porque as lendas amaz\u00f4nicas t\u00eam sempre um fasc\u00ednio, n\u00e3o \u00e9? Mas me diga, e como \u00e9 que foi essa produ\u00e7\u00e3o?<\/p>\n<blockquote>\n<p>A hist\u00f3ria surgiu justamente de relatos da inf\u00e2ncia, n\u00e9, nossa, ali do coletivo. At\u00e9 um dos membros falava que a av\u00f3 dele dizia que de tarde n\u00e3o era para fazer barulho, se n\u00e3o acordava a Cobra Grande&#8230; que \u00e9 justamente naquela hora da soneca, n\u00e9? A\u00ed fazia essa brincadeira. A\u00ed, como a gente gosta muito assim de aventura, das obras assim de a\u00e7\u00e3o e tal, a gente foi pensando como \u00e9 que a gente poderia incrementar e criando a nossa vers\u00e3o.<\/p>\n<\/blockquote>\n<blockquote>\n<p>A\u00ed veio essa ideia de pensar: e se tivesse ali pessoas, guardi\u00f5es, guerreiros que tivessem protegendo o sono da Cobra Grande? Como \u00e9 que seria isso? A\u00ed foi assim que a gente veio pensando na hist\u00f3ria, a gente pensou no protagonista ali, de como \u00e9 que ele iria interagir nesse trabalho, n\u00e9, de proteger o sono daquele ser milenar que \u00e9 t\u00e3o importante ali para aquele universo, n\u00e9, que a gente estava criando.<\/p>\n<\/blockquote>\n<p>Nossa! Pois \u00e9, eu j\u00e1 estou aqui supercuriosa, mas quero saber se eu poderia levar meus netinhos para o cinema para assistirem esses &#8220;Guardi\u00f5es da Cobra Grande&#8221;. Yago, me diga: \u00e9 uma hist\u00f3ria que d\u00e1 medo?<\/p>\n<blockquote>\n<p>Olha, com certeza tem tens\u00e3o na hist\u00f3ria, tem divers\u00e3o, tem aventura, mas \u00e9 sem preocupa\u00e7\u00e3o, pode levar a crian\u00e7a, todo mundo pode assistir. E geralmente faz muito sucesso entre as crian\u00e7as, entre os jovens, justamente que eles gostam muito de aventura e de coisas desse tipo, n\u00e9? Ent\u00e3o tem tudo isso dentro da&#8230;<\/p>\n<\/blockquote>\n<p>\u00c9 uma anima\u00e7\u00e3o, n\u00e9? Voc\u00eas fizeram muitos desenhos at\u00e9 chegar ao trabalho final?<\/p>\n<blockquote>\n<p>Com certeza. Teve v\u00e1rios dos desenhos que a gente fez antes mesmo da produ\u00e7\u00e3o, que \u00e9 na etapa de pr\u00e9-produ\u00e7\u00e3o, quando a gente ainda estava pensando em como criar os personagens, que cara eles iam ter, n\u00e9? E de in\u00edcio a gente at\u00e9 puxava assim muita refer\u00eancia de obras de fora, n\u00e9, que a gente tinha, que tinha trabalhado. A\u00ed aos poucos a gente foi modificando para ficar um pouco mais com a nossa cara mesmo, n\u00e9? Nossa cara assim de pessoas daqui mesmo, n\u00e9, e o nosso estilo. E na pr\u00f3pria produ\u00e7\u00e3o, esses desenhos v\u00e3o s\u00f3 aumentando, n\u00e9?<\/p>\n<\/blockquote>\n<blockquote>\n<p>Porque, para ter uma no\u00e7\u00e3o, na anima\u00e7\u00e3o s\u00e3o muitos desenhos que se fazem para ter um segundo de anima\u00e7\u00e3o, por exemplo, n\u00e9? Imagina para um curta ali de quase 10 minutos. \u00c9&#8230; ent\u00e3o \u00e9 muita coisa envolvida, muita gente profissional, cada um com a sua fun\u00e7\u00e3o. Ent\u00e3o a produ\u00e7\u00e3o \u00e9 sempre algo muito coletivo, n\u00e9? Um depende ali do outro, ent\u00e3o foi muito importante ter essa intera\u00e7\u00e3o, n\u00e9, durante o processo todinho.<\/p>\n<\/blockquote>\n<p>\u00d4, que maravilha, n\u00e9? Agora \u00e9 esperar a apresenta\u00e7\u00e3o, n\u00e9, dos &#8220;Guardi\u00f5es da Cobra Grande&#8221; nessa mostra do Sesc, que \u00e9 a nona. E eu queria at\u00e9 saber se voc\u00eas est\u00e3o planejando ampliar essa apresenta\u00e7\u00e3o a\u00ed na capital, Bel\u00e9m, ou qualquer outra comunidade?<\/p>\n<blockquote>\n<p>Sim, a gente est\u00e1 sempre querendo exibir o m\u00e1ximo que a gente puder, n\u00e9, esse curta para todo mundo conhecer. Ainda est\u00e1 nesse processo de passar por festivais, por mostras e tal, mas j\u00e1 teve outros que foram exibidos aqui mesmo em Bel\u00e9m, e a gente est\u00e1 o tempo todo aberto para os eventos que tiverem, mais festivais, a gente est\u00e1 inscrevendo&#8230; O importante \u00e9 que o maior p\u00fablico poss\u00edvel possa assistir e conhecer o nosso trabalho, n\u00e9?<\/p>\n<\/blockquote>\n<p>Pois \u00e9, assistir e aplaudir! E eu queria saber se at\u00e9 o finalzinho desse m\u00eas de setembro, que est\u00e1 s\u00f3 come\u00e7ando, voc\u00eas j\u00e1 estar\u00e3o apresentando o &#8220;Guardi\u00f5es da Cobra Grande&#8221; na 9\u00aa Mostra Sesc de Cinema?<\/p>\n<blockquote>\n<p>\u00a0Sim, com certeza. O nosso curta, &#8220;Guardi\u00f5es da Cobra Grande&#8221;, vai estar em exibi\u00e7\u00e3o no&#8230; na Mostra Sesc, a\u00ed vai ser poss\u00edvel todo o p\u00fablico ali assistir, n\u00e9, ao longo de toda essa&#8230; essa programa\u00e7\u00e3o ali do&#8230; do Sesc.<\/p>\n<\/blockquote>\n<p>Certo. Mas tem datas j\u00e1 marcadas?<\/p>\n<blockquote>\n<p>A Mostra Sesc, ela vai acontecer, se n\u00e3o me engano, entre o dia 29 de setembro e 2 de outubro. Vai ser nesse per\u00edodo.<\/p>\n<\/blockquote>\n<p>\u00a0Oh, \u00e9 o m\u00eas das crian\u00e7as, outubro! Mais um motivo, n\u00e9, para a crian\u00e7ada ficar ligada! Ali\u00e1s, para a crian\u00e7ada ir ao cinema. Muito importante voc\u00eas estarem a\u00ed preocupados em garantir uma audi\u00eancia infantojuvenil para que a imagina\u00e7\u00e3o, principalmente em torno dos seres da floresta, possa contribuir com o amadurecimento e o crescimento dessas crian\u00e7as, n\u00e9, sobre a import\u00e2ncia da nossa Amaz\u00f4nia, que j\u00e1 no pr\u00f3ximo s\u00e1bado estar\u00e1 sendo celebrada em todo o Brasil. Ent\u00e3o, fica aqui o meu abra\u00e7o a voc\u00ea, \u00e0 equipe do coletivo Lusco-Fusco. Quero ainda agradecer \u00e0 Fernanda Misaelides, respons\u00e1vel pela produ\u00e7\u00e3o dessa nossa entrevista. E sucesso cada vez maior para todos voc\u00eas que est\u00e3o a\u00ed fazendo com que as lendas amaz\u00f4nicas continuem povoando o imagin\u00e1rio dos jovens de 8 a 80 anos, t\u00e1 certo, querido? Um grande abra\u00e7o, Yago!<\/p>\n<p>  <span class=\"hms hms-format-m-ss\">9:51<\/span><\/p>\n","protected":false},"excerpt":{"rendered":"<p>Sauda\u00e7\u00f5es amaz\u00f4nicas para todo mundo que, atrav\u00e9s deste nosso programa, acompanha os preparativos para o 5 de Setembro \u2014 uma data que foi criada para nos conscientizar sobre a import\u00e2ncia da maior floresta tropical do planeta, bem como de sua biodiversidade. E n\u00e3o por acaso, 5 de Setembro tamb\u00e9m \u00e9 o Dia Internacional das Mulheres [&hellip;]<\/p>\n","protected":false},"author":193,"featured_media":37598,"comment_status":"open","ping_status":"open","sticky":false,"template":"","format":"standard","meta":{"site-sidebar-layout":"default","site-content-layout":"","ast-site-content-layout":"","site-content-style":"default","site-sidebar-style":"default","ast-global-header-display":"","ast-banner-title-visibility":"","ast-main-header-display":"","ast-hfb-above-header-display":"","ast-hfb-below-header-display":"","ast-hfb-mobile-header-display":"","site-post-title":"","ast-breadcrumbs-content":"","ast-featured-img":"","footer-sml-layout":"","theme-transparent-header-meta":"","adv-header-id-meta":"","stick-header-meta":"","header-above-stick-meta":"","header-main-stick-meta":"","header-below-stick-meta":"","astra-migrate-meta-layouts":"default","ast-page-background-enabled":"default","ast-page-background-meta":{"desktop":{"background-color":"var(--ast-global-color-4)","background-image":"","background-repeat":"repeat","background-position":"center center","background-size":"auto","background-attachment":"scroll","background-type":"","background-media":"","overlay-type":"","overlay-color":"","overlay-opacity":"","overlay-gradient":""},"tablet":{"background-color":"","background-image":"","background-repeat":"repeat","background-position":"center center","background-size":"auto","background-attachment":"scroll","background-type":"","background-media":"","overlay-type":"","overlay-color":"","overlay-opacity":"","overlay-gradient":""},"mobile":{"background-color":"","background-image":"","background-repeat":"repeat","background-position":"center center","background-size":"auto","background-attachment":"scroll","background-type":"","background-media":"","overlay-type":"","overlay-color":"","overlay-opacity":"","overlay-gradient":""}},"ast-content-background-meta":{"desktop":{"background-color":"var(--ast-global-color-5)","background-image":"","background-repeat":"repeat","background-position":"center center","background-size":"auto","background-attachment":"scroll","background-type":"","background-media":"","overlay-type":"","overlay-color":"","overlay-opacity":"","overlay-gradient":""},"tablet":{"background-color":"var(--ast-global-color-5)","background-image":"","background-repeat":"repeat","background-position":"center center","background-size":"auto","background-attachment":"scroll","background-type":"","background-media":"","overlay-type":"","overlay-color":"","overlay-opacity":"","overlay-gradient":""},"mobile":{"background-color":"var(--ast-global-color-5)","background-image":"","background-repeat":"repeat","background-position":"center center","background-size":"auto","background-attachment":"scroll","background-type":"","background-media":"","overlay-type":"","overlay-color":"","overlay-opacity":"","overlay-gradient":""}},"footnotes":""},"categories":[5],"tags":[],"class_list":["post-37597","post","type-post","status-publish","format-standard","has-post-thumbnail","hentry","category-cultura-e-entretenimento"],"yoast_head":"<!-- This site is optimized with the Yoast SEO plugin v24.1 - https:\/\/yoast.com\/wordpress\/plugins\/seo\/ -->\n<title>Viva Maria: lenda amaz\u00f4nica ganha vida em anima\u00e7\u00e3o infantil - Julias Magazine<\/title>\n<meta name=\"robots\" content=\"index, follow, max-snippet:-1, max-image-preview:large, max-video-preview:-1\" \/>\n<link rel=\"canonical\" href=\"https:\/\/juliasmagazine.com.br\/?p=37597\" \/>\n<meta property=\"og:locale\" content=\"pt_BR\" \/>\n<meta property=\"og:type\" content=\"article\" \/>\n<meta property=\"og:title\" content=\"Viva Maria: lenda amaz\u00f4nica ganha vida em anima\u00e7\u00e3o infantil - Julias Magazine\" \/>\n<meta property=\"og:description\" content=\"Sauda\u00e7\u00f5es amaz\u00f4nicas para todo mundo que, atrav\u00e9s deste nosso programa, acompanha os preparativos para o 5 de Setembro \u2014 uma data que foi criada para nos conscientizar sobre a import\u00e2ncia da maior floresta tropical do planeta, bem como de sua biodiversidade. E n\u00e3o por acaso, 5 de Setembro tamb\u00e9m \u00e9 o Dia Internacional das Mulheres [&hellip;]\" \/>\n<meta property=\"og:url\" content=\"https:\/\/juliasmagazine.com.br\/?p=37597\" \/>\n<meta property=\"og:site_name\" content=\"Julias Magazine\" \/>\n<meta property=\"article:published_time\" content=\"2026-09-03T10:47:24+00:00\" \/>\n<meta property=\"og:image\" content=\"https:\/\/agenciabrasil.ebc.com.br\/ebc.png?id=1701420&o=rss\" \/>\n<meta name=\"author\" content=\"Viva Maria\" \/>\n<meta name=\"twitter:card\" content=\"summary_large_image\" \/>\n<meta name=\"twitter:label1\" content=\"Escrito por\" \/>\n\t<meta name=\"twitter:data1\" content=\"Viva Maria\" \/>\n\t<meta name=\"twitter:label2\" content=\"Est. tempo de leitura\" \/>\n\t<meta name=\"twitter:data2\" content=\"7 minutos\" \/>\n<script type=\"application\/ld+json\" class=\"yoast-schema-graph\">{\"@context\":\"https:\/\/schema.org\",\"@graph\":[{\"@type\":\"Article\",\"@id\":\"https:\/\/juliasmagazine.com.br\/?p=37597#article\",\"isPartOf\":{\"@id\":\"https:\/\/juliasmagazine.com.br\/?p=37597\"},\"author\":{\"name\":\"Viva Maria\",\"@id\":\"https:\/\/juliasmagazine.com.br\/#\/schema\/person\/65806801b14514443f685216b05d2fc7\"},\"headline\":\"Viva Maria: lenda amaz\u00f4nica ganha vida em anima\u00e7\u00e3o infantil\",\"datePublished\":\"2026-09-03T10:47:24+00:00\",\"dateModified\":\"2026-09-03T10:47:24+00:00\",\"mainEntityOfPage\":{\"@id\":\"https:\/\/juliasmagazine.com.br\/?p=37597\"},\"wordCount\":1496,\"commentCount\":0,\"publisher\":{\"@id\":\"https:\/\/juliasmagazine.com.br\/#organization\"},\"image\":{\"@id\":\"https:\/\/juliasmagazine.com.br\/?p=37597#primaryimage\"},\"thumbnailUrl\":\"https:\/\/juliasmagazine.com.br\/wp-content\/uploads\/2026\/09\/37597-viva-maria-lenda-amazonica-ganha-vida-em-animacao-infantil.jpg\",\"articleSection\":[\"Cultura e Entretenimento\"],\"inLanguage\":\"pt-BR\",\"potentialAction\":[{\"@type\":\"CommentAction\",\"name\":\"Comment\",\"target\":[\"https:\/\/juliasmagazine.com.br\/?p=37597#respond\"]}]},{\"@type\":\"WebPage\",\"@id\":\"https:\/\/juliasmagazine.com.br\/?p=37597\",\"url\":\"https:\/\/juliasmagazine.com.br\/?p=37597\",\"name\":\"Viva Maria: lenda amaz\u00f4nica ganha vida em anima\u00e7\u00e3o infantil - Julias Magazine\",\"isPartOf\":{\"@id\":\"https:\/\/juliasmagazine.com.br\/#website\"},\"primaryImageOfPage\":{\"@id\":\"https:\/\/juliasmagazine.com.br\/?p=37597#primaryimage\"},\"image\":{\"@id\":\"https:\/\/juliasmagazine.com.br\/?p=37597#primaryimage\"},\"thumbnailUrl\":\"https:\/\/juliasmagazine.com.br\/wp-content\/uploads\/2026\/09\/37597-viva-maria-lenda-amazonica-ganha-vida-em-animacao-infantil.jpg\",\"datePublished\":\"2026-09-03T10:47:24+00:00\",\"dateModified\":\"2026-09-03T10:47:24+00:00\",\"breadcrumb\":{\"@id\":\"https:\/\/juliasmagazine.com.br\/?p=37597#breadcrumb\"},\"inLanguage\":\"pt-BR\",\"potentialAction\":[{\"@type\":\"ReadAction\",\"target\":[\"https:\/\/juliasmagazine.com.br\/?p=37597\"]}]},{\"@type\":\"ImageObject\",\"inLanguage\":\"pt-BR\",\"@id\":\"https:\/\/juliasmagazine.com.br\/?p=37597#primaryimage\",\"url\":\"https:\/\/juliasmagazine.com.br\/wp-content\/uploads\/2026\/09\/37597-viva-maria-lenda-amazonica-ganha-vida-em-animacao-infantil.jpg\",\"contentUrl\":\"https:\/\/juliasmagazine.com.br\/wp-content\/uploads\/2026\/09\/37597-viva-maria-lenda-amazonica-ganha-vida-em-animacao-infantil.jpg\",\"width\":1600,\"height\":800,\"caption\":\"Viva Maria: lenda amaz\u00f4nica ganha vida em anima\u00e7\u00e3o infantil\"},{\"@type\":\"BreadcrumbList\",\"@id\":\"https:\/\/juliasmagazine.com.br\/?p=37597#breadcrumb\",\"itemListElement\":[{\"@type\":\"ListItem\",\"position\":1,\"name\":\"In\u00edcio\",\"item\":\"https:\/\/juliasmagazine.com.br\/\"},{\"@type\":\"ListItem\",\"position\":2,\"name\":\"Viva Maria: lenda amaz\u00f4nica ganha vida em anima\u00e7\u00e3o infantil\"}]},{\"@type\":\"WebSite\",\"@id\":\"https:\/\/juliasmagazine.com.br\/#website\",\"url\":\"https:\/\/juliasmagazine.com.br\/\",\"name\":\"Julias Magazine\",\"description\":\"A Sua revista eletr\u00f4nica de moda,politica ,viagens ,cultura ,gastronomia e finan\u00e7as. .\",\"publisher\":{\"@id\":\"https:\/\/juliasmagazine.com.br\/#organization\"},\"potentialAction\":[{\"@type\":\"SearchAction\",\"target\":{\"@type\":\"EntryPoint\",\"urlTemplate\":\"https:\/\/juliasmagazine.com.br\/?s={search_term_string}\"},\"query-input\":{\"@type\":\"PropertyValueSpecification\",\"valueRequired\":true,\"valueName\":\"search_term_string\"}}],\"inLanguage\":\"pt-BR\"},{\"@type\":\"Organization\",\"@id\":\"https:\/\/juliasmagazine.com.br\/#organization\",\"name\":\"Julias Magazine\",\"url\":\"https:\/\/juliasmagazine.com.br\/\",\"logo\":{\"@type\":\"ImageObject\",\"inLanguage\":\"pt-BR\",\"@id\":\"https:\/\/juliasmagazine.com.br\/#\/schema\/logo\/image\/\",\"url\":\"https:\/\/oquefazerembalneariocamboriu.com\/wp-content\/uploads\/2023\/02\/o-que-fazer-em-balneario-camboriu.jpg\",\"contentUrl\":\"https:\/\/oquefazerembalneariocamboriu.com\/wp-content\/uploads\/2023\/02\/o-que-fazer-em-balneario-camboriu.jpg\",\"width\":1200,\"height\":675,\"caption\":\"Julias Magazine\"},\"image\":{\"@id\":\"https:\/\/juliasmagazine.com.br\/#\/schema\/logo\/image\/\"}},{\"@type\":\"Person\",\"@id\":\"https:\/\/juliasmagazine.com.br\/#\/schema\/person\/65806801b14514443f685216b05d2fc7\",\"name\":\"Viva Maria\",\"image\":{\"@type\":\"ImageObject\",\"inLanguage\":\"pt-BR\",\"@id\":\"https:\/\/juliasmagazine.com.br\/#\/schema\/person\/image\/\",\"url\":\"https:\/\/secure.gravatar.com\/avatar\/768e6fe7cd684240379d6aba4cca8b5045ea2dd4bf79218bca538c8bd5dca006?s=96&d=mm&r=g\",\"contentUrl\":\"https:\/\/secure.gravatar.com\/avatar\/768e6fe7cd684240379d6aba4cca8b5045ea2dd4bf79218bca538c8bd5dca006?s=96&d=mm&r=g\",\"caption\":\"Viva Maria\"},\"url\":\"https:\/\/juliasmagazine.com.br\/?author=193\"}]}<\/script>\n<!-- \/ Yoast SEO plugin. -->","yoast_head_json":{"title":"Viva Maria: lenda amaz\u00f4nica ganha vida em anima\u00e7\u00e3o infantil - Julias Magazine","robots":{"index":"index","follow":"follow","max-snippet":"max-snippet:-1","max-image-preview":"max-image-preview:large","max-video-preview":"max-video-preview:-1"},"canonical":"https:\/\/juliasmagazine.com.br\/?p=37597","og_locale":"pt_BR","og_type":"article","og_title":"Viva Maria: lenda amaz\u00f4nica ganha vida em anima\u00e7\u00e3o infantil - Julias Magazine","og_description":"Sauda\u00e7\u00f5es amaz\u00f4nicas para todo mundo que, atrav\u00e9s deste nosso programa, acompanha os preparativos para o 5 de Setembro \u2014 uma data que foi criada para nos conscientizar sobre a import\u00e2ncia da maior floresta tropical do planeta, bem como de sua biodiversidade. E n\u00e3o por acaso, 5 de Setembro tamb\u00e9m \u00e9 o Dia Internacional das Mulheres [&hellip;]","og_url":"https:\/\/juliasmagazine.com.br\/?p=37597","og_site_name":"Julias Magazine","article_published_time":"2026-09-03T10:47:24+00:00","og_image":[{"url":"https:\/\/agenciabrasil.ebc.com.br\/ebc.png?id=1701420&o=rss","type":"","width":"","height":""}],"author":"Viva Maria","twitter_card":"summary_large_image","twitter_misc":{"Escrito por":"Viva Maria","Est. tempo de leitura":"7 minutos"},"schema":{"@context":"https:\/\/schema.org","@graph":[{"@type":"Article","@id":"https:\/\/juliasmagazine.com.br\/?p=37597#article","isPartOf":{"@id":"https:\/\/juliasmagazine.com.br\/?p=37597"},"author":{"name":"Viva Maria","@id":"https:\/\/juliasmagazine.com.br\/#\/schema\/person\/65806801b14514443f685216b05d2fc7"},"headline":"Viva Maria: lenda amaz\u00f4nica ganha vida em anima\u00e7\u00e3o infantil","datePublished":"2026-09-03T10:47:24+00:00","dateModified":"2026-09-03T10:47:24+00:00","mainEntityOfPage":{"@id":"https:\/\/juliasmagazine.com.br\/?p=37597"},"wordCount":1496,"commentCount":0,"publisher":{"@id":"https:\/\/juliasmagazine.com.br\/#organization"},"image":{"@id":"https:\/\/juliasmagazine.com.br\/?p=37597#primaryimage"},"thumbnailUrl":"https:\/\/juliasmagazine.com.br\/wp-content\/uploads\/2026\/09\/37597-viva-maria-lenda-amazonica-ganha-vida-em-animacao-infantil.jpg","articleSection":["Cultura e Entretenimento"],"inLanguage":"pt-BR","potentialAction":[{"@type":"CommentAction","name":"Comment","target":["https:\/\/juliasmagazine.com.br\/?p=37597#respond"]}]},{"@type":"WebPage","@id":"https:\/\/juliasmagazine.com.br\/?p=37597","url":"https:\/\/juliasmagazine.com.br\/?p=37597","name":"Viva Maria: lenda amaz\u00f4nica ganha vida em anima\u00e7\u00e3o infantil - Julias Magazine","isPartOf":{"@id":"https:\/\/juliasmagazine.com.br\/#website"},"primaryImageOfPage":{"@id":"https:\/\/juliasmagazine.com.br\/?p=37597#primaryimage"},"image":{"@id":"https:\/\/juliasmagazine.com.br\/?p=37597#primaryimage"},"thumbnailUrl":"https:\/\/juliasmagazine.com.br\/wp-content\/uploads\/2026\/09\/37597-viva-maria-lenda-amazonica-ganha-vida-em-animacao-infantil.jpg","datePublished":"2026-09-03T10:47:24+00:00","dateModified":"2026-09-03T10:47:24+00:00","breadcrumb":{"@id":"https:\/\/juliasmagazine.com.br\/?p=37597#breadcrumb"},"inLanguage":"pt-BR","potentialAction":[{"@type":"ReadAction","target":["https:\/\/juliasmagazine.com.br\/?p=37597"]}]},{"@type":"ImageObject","inLanguage":"pt-BR","@id":"https:\/\/juliasmagazine.com.br\/?p=37597#primaryimage","url":"https:\/\/juliasmagazine.com.br\/wp-content\/uploads\/2026\/09\/37597-viva-maria-lenda-amazonica-ganha-vida-em-animacao-infantil.jpg","contentUrl":"https:\/\/juliasmagazine.com.br\/wp-content\/uploads\/2026\/09\/37597-viva-maria-lenda-amazonica-ganha-vida-em-animacao-infantil.jpg","width":1600,"height":800,"caption":"Viva Maria: lenda amaz\u00f4nica ganha vida em anima\u00e7\u00e3o infantil"},{"@type":"BreadcrumbList","@id":"https:\/\/juliasmagazine.com.br\/?p=37597#breadcrumb","itemListElement":[{"@type":"ListItem","position":1,"name":"In\u00edcio","item":"https:\/\/juliasmagazine.com.br\/"},{"@type":"ListItem","position":2,"name":"Viva Maria: lenda amaz\u00f4nica ganha vida em anima\u00e7\u00e3o infantil"}]},{"@type":"WebSite","@id":"https:\/\/juliasmagazine.com.br\/#website","url":"https:\/\/juliasmagazine.com.br\/","name":"Julias Magazine","description":"A Sua revista eletr\u00f4nica de moda,politica ,viagens ,cultura ,gastronomia e finan\u00e7as. .","publisher":{"@id":"https:\/\/juliasmagazine.com.br\/#organization"},"potentialAction":[{"@type":"SearchAction","target":{"@type":"EntryPoint","urlTemplate":"https:\/\/juliasmagazine.com.br\/?s={search_term_string}"},"query-input":{"@type":"PropertyValueSpecification","valueRequired":true,"valueName":"search_term_string"}}],"inLanguage":"pt-BR"},{"@type":"Organization","@id":"https:\/\/juliasmagazine.com.br\/#organization","name":"Julias Magazine","url":"https:\/\/juliasmagazine.com.br\/","logo":{"@type":"ImageObject","inLanguage":"pt-BR","@id":"https:\/\/juliasmagazine.com.br\/#\/schema\/logo\/image\/","url":"https:\/\/oquefazerembalneariocamboriu.com\/wp-content\/uploads\/2023\/02\/o-que-fazer-em-balneario-camboriu.jpg","contentUrl":"https:\/\/oquefazerembalneariocamboriu.com\/wp-content\/uploads\/2023\/02\/o-que-fazer-em-balneario-camboriu.jpg","width":1200,"height":675,"caption":"Julias Magazine"},"image":{"@id":"https:\/\/juliasmagazine.com.br\/#\/schema\/logo\/image\/"}},{"@type":"Person","@id":"https:\/\/juliasmagazine.com.br\/#\/schema\/person\/65806801b14514443f685216b05d2fc7","name":"Viva Maria","image":{"@type":"ImageObject","inLanguage":"pt-BR","@id":"https:\/\/juliasmagazine.com.br\/#\/schema\/person\/image\/","url":"https:\/\/secure.gravatar.com\/avatar\/768e6fe7cd684240379d6aba4cca8b5045ea2dd4bf79218bca538c8bd5dca006?s=96&d=mm&r=g","contentUrl":"https:\/\/secure.gravatar.com\/avatar\/768e6fe7cd684240379d6aba4cca8b5045ea2dd4bf79218bca538c8bd5dca006?s=96&d=mm&r=g","caption":"Viva Maria"},"url":"https:\/\/juliasmagazine.com.br\/?author=193"}]}},"_links":{"self":[{"href":"https:\/\/juliasmagazine.com.br\/index.php?rest_route=\/wp\/v2\/posts\/37597","targetHints":{"allow":["GET"]}}],"collection":[{"href":"https:\/\/juliasmagazine.com.br\/index.php?rest_route=\/wp\/v2\/posts"}],"about":[{"href":"https:\/\/juliasmagazine.com.br\/index.php?rest_route=\/wp\/v2\/types\/post"}],"author":[{"embeddable":true,"href":"https:\/\/juliasmagazine.com.br\/index.php?rest_route=\/wp\/v2\/users\/193"}],"replies":[{"embeddable":true,"href":"https:\/\/juliasmagazine.com.br\/index.php?rest_route=%2Fwp%2Fv2%2Fcomments&post=37597"}],"version-history":[{"count":0,"href":"https:\/\/juliasmagazine.com.br\/index.php?rest_route=\/wp\/v2\/posts\/37597\/revisions"}],"wp:featuredmedia":[{"embeddable":true,"href":"https:\/\/juliasmagazine.com.br\/index.php?rest_route=\/wp\/v2\/media\/37598"}],"wp:attachment":[{"href":"https:\/\/juliasmagazine.com.br\/index.php?rest_route=%2Fwp%2Fv2%2Fmedia&parent=37597"}],"wp:term":[{"taxonomy":"category","embeddable":true,"href":"https:\/\/juliasmagazine.com.br\/index.php?rest_route=%2Fwp%2Fv2%2Fcategories&post=37597"},{"taxonomy":"post_tag","embeddable":true,"href":"https:\/\/juliasmagazine.com.br\/index.php?rest_route=%2Fwp%2Fv2%2Ftags&post=37597"}],"curies":[{"name":"wp","href":"https:\/\/api.w.org\/{rel}","templated":true}]}}