{"id":37593,"date":"2026-09-03T07:47:20","date_gmt":"2026-09-03T10:47:20","guid":{"rendered":"https:\/\/juliasmagazine.com.br\/?p=37593"},"modified":"2026-09-03T07:47:20","modified_gmt":"2026-09-03T10:47:20","slug":"vasco-e-palmeiras-avancam-e-se-enfrentam-na-semi-da-copa-do-brasil","status":"publish","type":"post","link":"https:\/\/juliasmagazine.com.br\/?p=37593","title":{"rendered":"Vasco e Palmeiras avan\u00e7am e se enfrentam na semi da Copa do Brasil"},"content":{"rendered":"<\/p>\n<p><a class=\"\" href=\"https:\/\/agenciabrasil.ebc.com.br\/esportes\/noticia\/2026-09\/vasco-e-palmeiras-avancam-e-se-enfrentam-na-semi-da-copa-do-brasil\"><br \/>\n                    <img decoding=\"async\" src=\"https:\/\/cdn.jsdelivr.net\/gh\/sergiosdlima\/assets-ebc@1.0.0\/abr\/assets\/images\/logo-agenciabrasil.svg\" alt=\"Logo Ag\u00eancia Brasil\"><br \/>\n\t\t\t\t<\/a><\/p>\n<p>A noite dessa quarta-feira (2) definiu um dos confrontos das semifinais da Copa do Brasil: Vasco e Palmeiras. Os jogos est\u00e3o previstos para as duas primeiras semanas de novembro, em datas e hor\u00e1rios que ainda ser\u00e3o definidos pela Confedera\u00e7\u00e3o Brasileira de Futebol (CBF).<img decoding=\"async\" src=\"https:\/\/agenciabrasil.ebc.com.br\/ebc.png?id=1701417&#038;o=rss\"><img decoding=\"async\" src=\"https:\/\/agenciabrasil.ebc.com.br\/ebc.gif?id=1701417&#038;o=rss\"><\/p>\n<p><strong>O Cruzmaltino derrotou o Vit\u00f3ria por 2 a 0 no Barrad\u00e3o, com transmiss\u00e3o da\u00a0R\u00e1dio Nacional. Na Vila Belmiro, o Verd\u00e3o n\u00e3o saiu do zero com o Santos, mas avan\u00e7ou gra\u00e7as ao triunfo no jogo de ida, por 3 a 0, no Nubank Parque, em S\u00e3o Paulo.<\/strong><\/p>\n<\/p>\n<h3>Not\u00edcias relacionadas:<\/h3>\n<ul>\n<li><a href=\"https:\/\/agenciabrasil.ebc.com.br\/esportes\/noticia\/2026-08\/internacional-e-gremio-ficam-no-zero-pelas-quartas-da-copa-do-brasil\">Internacional e Gr\u00eamio ficam no zero pelas quartas da Copa do Brasil.<\/a><\/li>\n<li><a href=\"https:\/\/agenciabrasil.ebc.com.br\/esportes\/noticia\/2026-08\/copa-do-brasil-pode-reunir-somente-campeoes-nas-quartas-de-final\">Copa do Brasil pode reunir somente campe\u00f5es nas quartas de final.<\/a><\/li>\n<\/ul>\n<p><strong>Esta \u00e9 a terceira vez seguida que o Gigante da Colina chega \u00e0s semifinais da Copa do Brasil.<\/strong> Em 2025, a equipe carioca se classificou \u00e0 final eliminando o rival Fluminense. No ano anterior, foi superada pelo Atl\u00e9tico-MG. J\u00e1 o Alviverde n\u00e3o chegava a essa fase desde a campanha de 2020, quando foi campe\u00e3o.<\/p>\n<h2>Vasco segura Vit\u00f3ria<\/h2>\n<p>A etapa inicial em Salvador foi movimentada. O Vit\u00f3ria, tendo que ganhar ap\u00f3s a derrota por 1 a 0 no jogo de ida, h\u00e1 uma semana, em S\u00e3o Janu\u00e1rio, no Rio de Janeiro, foi quem chegou primeiro. Aos sete minutos, na sobra de um cruzamento que o zagueiro Carlos Cuesta n\u00e3o conseguiu afastar, o atacante Renato Kayzer cabeceou com perigo e mandou perto da trave esquerda.<\/p>\n<p>A resposta do Vasco foi ainda mais perigosa. Aos 29, o lateral Lucas Piton cruzou pela esquerda e o atacante Claudio Spinelli, de cabe\u00e7a, carimbou a trave direita.<\/p>\n<p>Os donos da casa fizeram L\u00e9o Jardim trabalhar aos 42 minutos, em cobran\u00e7a de falta do lateral Mateus Silva, da intermedi\u00e1ria pela esquerda. A bola quicou na pequena \u00e1rea e o goleiro vasca\u00edno fez a defesa no reflexo.<\/p>\n<p>No minuto seguinte, o Cruzmaltino ficou no quase com Ramon Rique. Ap\u00f3s cruzamento do lateral Puma Rodriguez pela esquerda, o meia apareceu na pequena \u00e1rea e cabeceou no cantinho, rente \u00e0 trave.<\/p>\n<p>Nos acr\u00e9scimos, aos 46, o atacante Andr\u00e9s G\u00f3mez invadiu a \u00e1rea pela esquerda com liberdade e driblou o zagueiro Cac\u00e1. Na hora da finaliza\u00e7\u00e3o, o equatoriano n\u00e3o pegou bem e mandou \u00e0\u00a0direita da meta rubro-negra.<\/p>\n<p>As redes do Barrad\u00e3o at\u00e9 balan\u00e7aram aos dez minutos, mas o gol foi anulado. O zagueiro Luan C\u00e2ndido, de cabe\u00e7a, completou o cruzamento do atacante Diego Tarzia. O defensor, por\u00e9m, teve a posi\u00e7\u00e3o irregular detectada pela tecnologia do impedimento semiautom\u00e1tico.<\/p>\n<p>O Vit\u00f3ria se lan\u00e7ou com tudo ao ataque, mas quem se deu bem foi o Vasco. Aos 35, G\u00f3mez disparou em contra-ataque, escapou da marca\u00e7\u00e3o do atacante Marinho e de Luan C\u00e2ndido e bateu da entrada da \u00e1rea, no canto esquerdo do goleiro Lucas Arcanjo.<\/p>\n<p>O gol abateu o time da casa, e o Cruzmaltino aproveitou para criar mais oportunidades. Aos 51, veio o golpe de miseric\u00f3rdia: Puma Rodr\u00edguez tabelou com o atacante Facundo Col\u00eddio na \u00e1rea e chutou cruzado para anotar o segundo e definir o confronto.<\/p>\n<h2>Verd\u00e3o controla Peixe<\/h2>\n<p>Precisando diminuir o quanto antes a vantagem do Palmeiras, o Santos se lan\u00e7ou ao ataque, mas n\u00e3o transformou a press\u00e3o em oportunidades claras. A melhor chance veio na bola parada, aos 12 minutos, com Neymar. O atacante cobrou falta com for\u00e7a, da intermedi\u00e1ria, mas o goleiro Carlos Miguel se esticou no canto direito para defender.<\/p>\n<p>Nos contra-ataques, o Palmeiras teve as chances mais perigosas da primeira etapa. Aos 17, Maur\u00edcio recebeu do atacante Flaco L\u00f3pez, quase na pequena \u00e1rea, mas a batida de primeira foi por cima.<\/p>\n<p>Dez minutos depois, ap\u00f3s finaliza\u00e7\u00e3o do lateral Agust\u00edn Giay pela direita, salva pelo goleiro Gabriel Braz\u00e3o, Maur\u00edcio pegou o rebote. Apesar do gol vazio, o meia chutou novamente para fora.<\/p>\n<p><strong>A miss\u00e3o santista ficou mais dif\u00edcil com a sa\u00edda de Neymar. Pouco antes do intervalo, o camisa 10 sentiu dores no posterior da coxa direita. Ele seguiu em campo at\u00e9 o fim do primeiro tempo, mas deu lugar ao atacante Rony na volta para a segunda etapa.<\/strong><\/p>\n<p>Sem que os anfitri\u00f5es conseguissem repetir o \u00edmpeto do in\u00edcio do jogo, o cl\u00e1ssico em Santos (SP) ficou morno. O \u00fanico susto da etapa final ocorreu aos 11 minutos, em cabe\u00e7ada perigosa de Vitor Roque ap\u00f3s cruzamento pela direita do lateral Khellven. O atacante palmeirense mandou \u00e0\u00a0esquerda do gol.<\/p>\n<p><strong>Confort\u00e1vel com a vantagem do jogo de ida, o Palmeiras apenas controlou o empate e festejou a classifica\u00e7\u00e3o. Pela terceira vez (em tr\u00eas confrontos), o Verd\u00e3o leva a melhor sobre o Santos na Copa do Brasil, repetindo 1998 (semifinais) e 2015 (final).<\/strong><\/p>\n<h2>Galo aguarda ga\u00fachos<\/h2>\n<p><strong>O primeiro classificado \u00e0s semifinais foi o Atl\u00e9tico-MG. Na \u00faltima ter\u00e7a-feira (1\u00ba), o Galo bateu o Cruzeiro por 2 a 1, de virada, na Arena MRV.<\/strong> Na semana anterior, os rivais tinham empatado por 1 a 1 no Mineir\u00e3o, tamb\u00e9m em Belo Horizonte.<\/p>\n<p>A Raposa saiu na frente aos 30 minutos do primeiro tempo, em p\u00eanalti convertido pelo atacante Kaio Jorge. Na etapa final, aos 32, o meia Victor Hugo deixou tudo igual. Dez minutos depois, o volante Fred, rec\u00e9m-contratado pelo time alvinegro, fez o gol da vit\u00f3ria.<\/p>\n<p><strong>O advers\u00e1rio do Atl\u00e9tico-MG nas semifinais sai de outro cl\u00e1ssico, Nesta quinta-feira (3), Gr\u00eamio e Internacional se enfrentam em Porto Alegre, na Arena tricolor, \u00e0s 20h (hor\u00e1rio de Bras\u00edlia).<\/strong><\/p>\n","protected":false},"excerpt":{"rendered":"<p>A noite dessa quarta-feira (2) definiu um dos confrontos das semifinais da Copa do Brasil: Vasco e Palmeiras. Os jogos est\u00e3o previstos para as duas primeiras semanas de novembro, em datas e hor\u00e1rios que ainda ser\u00e3o definidos pela Confedera\u00e7\u00e3o Brasileira de Futebol (CBF). O Cruzmaltino derrotou o Vit\u00f3ria por 2 a 0 no Barrad\u00e3o, com [&hellip;]<\/p>\n","protected":false},"author":122,"featured_media":37594,"comment_status":"open","ping_status":"open","sticky":false,"template":"","format":"standard","meta":{"site-sidebar-layout":"default","site-content-layout":"","ast-site-content-layout":"","site-content-style":"default","site-sidebar-style":"default","ast-global-header-display":"","ast-banner-title-visibility":"","ast-main-header-display":"","ast-hfb-above-header-display":"","ast-hfb-below-header-display":"","ast-hfb-mobile-header-display":"","site-post-title":"","ast-breadcrumbs-content":"","ast-featured-img":"","footer-sml-layout":"","theme-transparent-header-meta":"","adv-header-id-meta":"","stick-header-meta":"","header-above-stick-meta":"","header-main-stick-meta":"","header-below-stick-meta":"","astra-migrate-meta-layouts":"default","ast-page-background-enabled":"default","ast-page-background-meta":{"desktop":{"background-color":"var(--ast-global-color-4)","background-image":"","background-repeat":"repeat","background-position":"center center","background-size":"auto","background-attachment":"scroll","background-type":"","background-media":"","overlay-type":"","overlay-color":"","overlay-opacity":"","overlay-gradient":""},"tablet":{"background-color":"","background-image":"","background-repeat":"repeat","background-position":"center center","background-size":"auto","background-attachment":"scroll","background-type":"","background-media":"","overlay-type":"","overlay-color":"","overlay-opacity":"","overlay-gradient":""},"mobile":{"background-color":"","background-image":"","background-repeat":"repeat","background-position":"center center","background-size":"auto","background-attachment":"scroll","background-type":"","background-media":"","overlay-type":"","overlay-color":"","overlay-opacity":"","overlay-gradient":""}},"ast-content-background-meta":{"desktop":{"background-color":"var(--ast-global-color-5)","background-image":"","background-repeat":"repeat","background-position":"center center","background-size":"auto","background-attachment":"scroll","background-type":"","background-media":"","overlay-type":"","overlay-color":"","overlay-opacity":"","overlay-gradient":""},"tablet":{"background-color":"var(--ast-global-color-5)","background-image":"","background-repeat":"repeat","background-position":"center center","background-size":"auto","background-attachment":"scroll","background-type":"","background-media":"","overlay-type":"","overlay-color":"","overlay-opacity":"","overlay-gradient":""},"mobile":{"background-color":"var(--ast-global-color-5)","background-image":"","background-repeat":"repeat","background-position":"center center","background-size":"auto","background-attachment":"scroll","background-type":"","background-media":"","overlay-type":"","overlay-color":"","overlay-opacity":"","overlay-gradient":""}},"footnotes":""},"categories":[40],"tags":[],"class_list":["post-37593","post","type-post","status-publish","format-standard","has-post-thumbnail","hentry","category-esportes"],"yoast_head":"<!-- This site is optimized with the Yoast SEO plugin v24.1 - https:\/\/yoast.com\/wordpress\/plugins\/seo\/ -->\n<title>Vasco e Palmeiras avan\u00e7am e se enfrentam na semi da Copa do Brasil - Julias Magazine<\/title>\n<meta name=\"robots\" content=\"index, follow, max-snippet:-1, max-image-preview:large, max-video-preview:-1\" \/>\n<link rel=\"canonical\" href=\"https:\/\/juliasmagazine.com.br\/?p=37593\" \/>\n<meta property=\"og:locale\" content=\"pt_BR\" \/>\n<meta property=\"og:type\" content=\"article\" \/>\n<meta property=\"og:title\" content=\"Vasco e Palmeiras avan\u00e7am e se enfrentam na semi da Copa do Brasil - Julias Magazine\" \/>\n<meta property=\"og:description\" content=\"A noite dessa quarta-feira (2) definiu um dos confrontos das semifinais da Copa do Brasil: Vasco e Palmeiras. Os jogos est\u00e3o previstos para as duas primeiras semanas de novembro, em datas e hor\u00e1rios que ainda ser\u00e3o definidos pela Confedera\u00e7\u00e3o Brasileira de Futebol (CBF). O Cruzmaltino derrotou o Vit\u00f3ria por 2 a 0 no Barrad\u00e3o, com [&hellip;]\" \/>\n<meta property=\"og:url\" content=\"https:\/\/juliasmagazine.com.br\/?p=37593\" \/>\n<meta property=\"og:site_name\" content=\"Julias Magazine\" \/>\n<meta property=\"article:published_time\" content=\"2026-09-03T10:47:20+00:00\" \/>\n<meta property=\"og:image\" content=\"https:\/\/cdn.jsdelivr.net\/gh\/sergiosdlima\/assets-ebc@1.0.0\/abr\/assets\/images\/logo-agenciabrasil.svg\" \/>\n<meta name=\"author\" content=\"Lincoln Chaves - Reporter da EBC\" \/>\n<meta name=\"twitter:card\" content=\"summary_large_image\" \/>\n<meta name=\"twitter:label1\" content=\"Escrito por\" \/>\n\t<meta name=\"twitter:data1\" content=\"Lincoln Chaves - Reporter da EBC\" \/>\n\t<meta name=\"twitter:label2\" content=\"Est. tempo de leitura\" \/>\n\t<meta name=\"twitter:data2\" content=\"5 minutos\" \/>\n<script type=\"application\/ld+json\" class=\"yoast-schema-graph\">{\"@context\":\"https:\/\/schema.org\",\"@graph\":[{\"@type\":\"Article\",\"@id\":\"https:\/\/juliasmagazine.com.br\/?p=37593#article\",\"isPartOf\":{\"@id\":\"https:\/\/juliasmagazine.com.br\/?p=37593\"},\"author\":{\"name\":\"Lincoln Chaves - Reporter da EBC\",\"@id\":\"https:\/\/juliasmagazine.com.br\/#\/schema\/person\/cac6f6ca8ae14e21ce40de3dcdc2afb3\"},\"headline\":\"Vasco e Palmeiras avan\u00e7am e se enfrentam na semi da Copa do Brasil\",\"datePublished\":\"2026-09-03T10:47:20+00:00\",\"dateModified\":\"2026-09-03T10:47:20+00:00\",\"mainEntityOfPage\":{\"@id\":\"https:\/\/juliasmagazine.com.br\/?p=37593\"},\"wordCount\":950,\"commentCount\":0,\"publisher\":{\"@id\":\"https:\/\/juliasmagazine.com.br\/#organization\"},\"image\":{\"@id\":\"https:\/\/juliasmagazine.com.br\/?p=37593#primaryimage\"},\"thumbnailUrl\":\"https:\/\/juliasmagazine.com.br\/wp-content\/uploads\/2026\/09\/37593-vasco-e-palmeiras-avancam-e-se-enfrentam-na-semi-da-copa-do-brasil.jpg\",\"articleSection\":[\"Esportes\"],\"inLanguage\":\"pt-BR\",\"potentialAction\":[{\"@type\":\"CommentAction\",\"name\":\"Comment\",\"target\":[\"https:\/\/juliasmagazine.com.br\/?p=37593#respond\"]}]},{\"@type\":\"WebPage\",\"@id\":\"https:\/\/juliasmagazine.com.br\/?p=37593\",\"url\":\"https:\/\/juliasmagazine.com.br\/?p=37593\",\"name\":\"Vasco e Palmeiras avan\u00e7am e se enfrentam na semi da Copa do Brasil - Julias Magazine\",\"isPartOf\":{\"@id\":\"https:\/\/juliasmagazine.com.br\/#website\"},\"primaryImageOfPage\":{\"@id\":\"https:\/\/juliasmagazine.com.br\/?p=37593#primaryimage\"},\"image\":{\"@id\":\"https:\/\/juliasmagazine.com.br\/?p=37593#primaryimage\"},\"thumbnailUrl\":\"https:\/\/juliasmagazine.com.br\/wp-content\/uploads\/2026\/09\/37593-vasco-e-palmeiras-avancam-e-se-enfrentam-na-semi-da-copa-do-brasil.jpg\",\"datePublished\":\"2026-09-03T10:47:20+00:00\",\"dateModified\":\"2026-09-03T10:47:20+00:00\",\"breadcrumb\":{\"@id\":\"https:\/\/juliasmagazine.com.br\/?p=37593#breadcrumb\"},\"inLanguage\":\"pt-BR\",\"potentialAction\":[{\"@type\":\"ReadAction\",\"target\":[\"https:\/\/juliasmagazine.com.br\/?p=37593\"]}]},{\"@type\":\"ImageObject\",\"inLanguage\":\"pt-BR\",\"@id\":\"https:\/\/juliasmagazine.com.br\/?p=37593#primaryimage\",\"url\":\"https:\/\/juliasmagazine.com.br\/wp-content\/uploads\/2026\/09\/37593-vasco-e-palmeiras-avancam-e-se-enfrentam-na-semi-da-copa-do-brasil.jpg\",\"contentUrl\":\"https:\/\/juliasmagazine.com.br\/wp-content\/uploads\/2026\/09\/37593-vasco-e-palmeiras-avancam-e-se-enfrentam-na-semi-da-copa-do-brasil.jpg\",\"width\":1600,\"height\":800,\"caption\":\"Vasco e Palmeiras avan\u00e7am e se enfrentam na semi da Copa do Brasil\"},{\"@type\":\"BreadcrumbList\",\"@id\":\"https:\/\/juliasmagazine.com.br\/?p=37593#breadcrumb\",\"itemListElement\":[{\"@type\":\"ListItem\",\"position\":1,\"name\":\"In\u00edcio\",\"item\":\"https:\/\/juliasmagazine.com.br\/\"},{\"@type\":\"ListItem\",\"position\":2,\"name\":\"Vasco e Palmeiras avan\u00e7am e se enfrentam na semi da Copa do Brasil\"}]},{\"@type\":\"WebSite\",\"@id\":\"https:\/\/juliasmagazine.com.br\/#website\",\"url\":\"https:\/\/juliasmagazine.com.br\/\",\"name\":\"Julias Magazine\",\"description\":\"A Sua revista eletr\u00f4nica de moda,politica ,viagens ,cultura ,gastronomia e finan\u00e7as. .\",\"publisher\":{\"@id\":\"https:\/\/juliasmagazine.com.br\/#organization\"},\"potentialAction\":[{\"@type\":\"SearchAction\",\"target\":{\"@type\":\"EntryPoint\",\"urlTemplate\":\"https:\/\/juliasmagazine.com.br\/?s={search_term_string}\"},\"query-input\":{\"@type\":\"PropertyValueSpecification\",\"valueRequired\":true,\"valueName\":\"search_term_string\"}}],\"inLanguage\":\"pt-BR\"},{\"@type\":\"Organization\",\"@id\":\"https:\/\/juliasmagazine.com.br\/#organization\",\"name\":\"Julias Magazine\",\"url\":\"https:\/\/juliasmagazine.com.br\/\",\"logo\":{\"@type\":\"ImageObject\",\"inLanguage\":\"pt-BR\",\"@id\":\"https:\/\/juliasmagazine.com.br\/#\/schema\/logo\/image\/\",\"url\":\"https:\/\/oquefazerembalneariocamboriu.com\/wp-content\/uploads\/2023\/02\/o-que-fazer-em-balneario-camboriu.jpg\",\"contentUrl\":\"https:\/\/oquefazerembalneariocamboriu.com\/wp-content\/uploads\/2023\/02\/o-que-fazer-em-balneario-camboriu.jpg\",\"width\":1200,\"height\":675,\"caption\":\"Julias Magazine\"},\"image\":{\"@id\":\"https:\/\/juliasmagazine.com.br\/#\/schema\/logo\/image\/\"}},{\"@type\":\"Person\",\"@id\":\"https:\/\/juliasmagazine.com.br\/#\/schema\/person\/cac6f6ca8ae14e21ce40de3dcdc2afb3\",\"name\":\"Lincoln Chaves - Reporter da EBC\",\"image\":{\"@type\":\"ImageObject\",\"inLanguage\":\"pt-BR\",\"@id\":\"https:\/\/juliasmagazine.com.br\/#\/schema\/person\/image\/\",\"url\":\"https:\/\/secure.gravatar.com\/avatar\/144b7b3f93de36ec7dc0b9ef7f3c41c22744a3c31b243d137719ee460b39c03e?s=96&d=mm&r=g\",\"contentUrl\":\"https:\/\/secure.gravatar.com\/avatar\/144b7b3f93de36ec7dc0b9ef7f3c41c22744a3c31b243d137719ee460b39c03e?s=96&d=mm&r=g\",\"caption\":\"Lincoln Chaves - Reporter da EBC\"},\"url\":\"https:\/\/juliasmagazine.com.br\/?author=122\"}]}<\/script>\n<!-- \/ Yoast SEO plugin. -->","yoast_head_json":{"title":"Vasco e Palmeiras avan\u00e7am e se enfrentam na semi da Copa do Brasil - Julias Magazine","robots":{"index":"index","follow":"follow","max-snippet":"max-snippet:-1","max-image-preview":"max-image-preview:large","max-video-preview":"max-video-preview:-1"},"canonical":"https:\/\/juliasmagazine.com.br\/?p=37593","og_locale":"pt_BR","og_type":"article","og_title":"Vasco e Palmeiras avan\u00e7am e se enfrentam na semi da Copa do Brasil - Julias Magazine","og_description":"A noite dessa quarta-feira (2) definiu um dos confrontos das semifinais da Copa do Brasil: Vasco e Palmeiras. Os jogos est\u00e3o previstos para as duas primeiras semanas de novembro, em datas e hor\u00e1rios que ainda ser\u00e3o definidos pela Confedera\u00e7\u00e3o Brasileira de Futebol (CBF). O Cruzmaltino derrotou o Vit\u00f3ria por 2 a 0 no Barrad\u00e3o, com [&hellip;]","og_url":"https:\/\/juliasmagazine.com.br\/?p=37593","og_site_name":"Julias Magazine","article_published_time":"2026-09-03T10:47:20+00:00","og_image":[{"url":"https:\/\/cdn.jsdelivr.net\/gh\/sergiosdlima\/assets-ebc@1.0.0\/abr\/assets\/images\/logo-agenciabrasil.svg","type":"","width":"","height":""}],"author":"Lincoln Chaves - Reporter da EBC","twitter_card":"summary_large_image","twitter_misc":{"Escrito por":"Lincoln Chaves - Reporter da EBC","Est. tempo de leitura":"5 minutos"},"schema":{"@context":"https:\/\/schema.org","@graph":[{"@type":"Article","@id":"https:\/\/juliasmagazine.com.br\/?p=37593#article","isPartOf":{"@id":"https:\/\/juliasmagazine.com.br\/?p=37593"},"author":{"name":"Lincoln Chaves - Reporter da EBC","@id":"https:\/\/juliasmagazine.com.br\/#\/schema\/person\/cac6f6ca8ae14e21ce40de3dcdc2afb3"},"headline":"Vasco e Palmeiras avan\u00e7am e se enfrentam na semi da Copa do Brasil","datePublished":"2026-09-03T10:47:20+00:00","dateModified":"2026-09-03T10:47:20+00:00","mainEntityOfPage":{"@id":"https:\/\/juliasmagazine.com.br\/?p=37593"},"wordCount":950,"commentCount":0,"publisher":{"@id":"https:\/\/juliasmagazine.com.br\/#organization"},"image":{"@id":"https:\/\/juliasmagazine.com.br\/?p=37593#primaryimage"},"thumbnailUrl":"https:\/\/juliasmagazine.com.br\/wp-content\/uploads\/2026\/09\/37593-vasco-e-palmeiras-avancam-e-se-enfrentam-na-semi-da-copa-do-brasil.jpg","articleSection":["Esportes"],"inLanguage":"pt-BR","potentialAction":[{"@type":"CommentAction","name":"Comment","target":["https:\/\/juliasmagazine.com.br\/?p=37593#respond"]}]},{"@type":"WebPage","@id":"https:\/\/juliasmagazine.com.br\/?p=37593","url":"https:\/\/juliasmagazine.com.br\/?p=37593","name":"Vasco e Palmeiras avan\u00e7am e se enfrentam na semi da Copa do Brasil - Julias Magazine","isPartOf":{"@id":"https:\/\/juliasmagazine.com.br\/#website"},"primaryImageOfPage":{"@id":"https:\/\/juliasmagazine.com.br\/?p=37593#primaryimage"},"image":{"@id":"https:\/\/juliasmagazine.com.br\/?p=37593#primaryimage"},"thumbnailUrl":"https:\/\/juliasmagazine.com.br\/wp-content\/uploads\/2026\/09\/37593-vasco-e-palmeiras-avancam-e-se-enfrentam-na-semi-da-copa-do-brasil.jpg","datePublished":"2026-09-03T10:47:20+00:00","dateModified":"2026-09-03T10:47:20+00:00","breadcrumb":{"@id":"https:\/\/juliasmagazine.com.br\/?p=37593#breadcrumb"},"inLanguage":"pt-BR","potentialAction":[{"@type":"ReadAction","target":["https:\/\/juliasmagazine.com.br\/?p=37593"]}]},{"@type":"ImageObject","inLanguage":"pt-BR","@id":"https:\/\/juliasmagazine.com.br\/?p=37593#primaryimage","url":"https:\/\/juliasmagazine.com.br\/wp-content\/uploads\/2026\/09\/37593-vasco-e-palmeiras-avancam-e-se-enfrentam-na-semi-da-copa-do-brasil.jpg","contentUrl":"https:\/\/juliasmagazine.com.br\/wp-content\/uploads\/2026\/09\/37593-vasco-e-palmeiras-avancam-e-se-enfrentam-na-semi-da-copa-do-brasil.jpg","width":1600,"height":800,"caption":"Vasco e Palmeiras avan\u00e7am e se enfrentam na semi da Copa do Brasil"},{"@type":"BreadcrumbList","@id":"https:\/\/juliasmagazine.com.br\/?p=37593#breadcrumb","itemListElement":[{"@type":"ListItem","position":1,"name":"In\u00edcio","item":"https:\/\/juliasmagazine.com.br\/"},{"@type":"ListItem","position":2,"name":"Vasco e Palmeiras avan\u00e7am e se enfrentam na semi da Copa do Brasil"}]},{"@type":"WebSite","@id":"https:\/\/juliasmagazine.com.br\/#website","url":"https:\/\/juliasmagazine.com.br\/","name":"Julias Magazine","description":"A Sua revista eletr\u00f4nica de moda,politica ,viagens ,cultura ,gastronomia e finan\u00e7as. .","publisher":{"@id":"https:\/\/juliasmagazine.com.br\/#organization"},"potentialAction":[{"@type":"SearchAction","target":{"@type":"EntryPoint","urlTemplate":"https:\/\/juliasmagazine.com.br\/?s={search_term_string}"},"query-input":{"@type":"PropertyValueSpecification","valueRequired":true,"valueName":"search_term_string"}}],"inLanguage":"pt-BR"},{"@type":"Organization","@id":"https:\/\/juliasmagazine.com.br\/#organization","name":"Julias Magazine","url":"https:\/\/juliasmagazine.com.br\/","logo":{"@type":"ImageObject","inLanguage":"pt-BR","@id":"https:\/\/juliasmagazine.com.br\/#\/schema\/logo\/image\/","url":"https:\/\/oquefazerembalneariocamboriu.com\/wp-content\/uploads\/2023\/02\/o-que-fazer-em-balneario-camboriu.jpg","contentUrl":"https:\/\/oquefazerembalneariocamboriu.com\/wp-content\/uploads\/2023\/02\/o-que-fazer-em-balneario-camboriu.jpg","width":1200,"height":675,"caption":"Julias Magazine"},"image":{"@id":"https:\/\/juliasmagazine.com.br\/#\/schema\/logo\/image\/"}},{"@type":"Person","@id":"https:\/\/juliasmagazine.com.br\/#\/schema\/person\/cac6f6ca8ae14e21ce40de3dcdc2afb3","name":"Lincoln Chaves - Reporter da EBC","image":{"@type":"ImageObject","inLanguage":"pt-BR","@id":"https:\/\/juliasmagazine.com.br\/#\/schema\/person\/image\/","url":"https:\/\/secure.gravatar.com\/avatar\/144b7b3f93de36ec7dc0b9ef7f3c41c22744a3c31b243d137719ee460b39c03e?s=96&d=mm&r=g","contentUrl":"https:\/\/secure.gravatar.com\/avatar\/144b7b3f93de36ec7dc0b9ef7f3c41c22744a3c31b243d137719ee460b39c03e?s=96&d=mm&r=g","caption":"Lincoln Chaves - Reporter da EBC"},"url":"https:\/\/juliasmagazine.com.br\/?author=122"}]}},"_links":{"self":[{"href":"https:\/\/juliasmagazine.com.br\/index.php?rest_route=\/wp\/v2\/posts\/37593","targetHints":{"allow":["GET"]}}],"collection":[{"href":"https:\/\/juliasmagazine.com.br\/index.php?rest_route=\/wp\/v2\/posts"}],"about":[{"href":"https:\/\/juliasmagazine.com.br\/index.php?rest_route=\/wp\/v2\/types\/post"}],"author":[{"embeddable":true,"href":"https:\/\/juliasmagazine.com.br\/index.php?rest_route=\/wp\/v2\/users\/122"}],"replies":[{"embeddable":true,"href":"https:\/\/juliasmagazine.com.br\/index.php?rest_route=%2Fwp%2Fv2%2Fcomments&post=37593"}],"version-history":[{"count":0,"href":"https:\/\/juliasmagazine.com.br\/index.php?rest_route=\/wp\/v2\/posts\/37593\/revisions"}],"wp:featuredmedia":[{"embeddable":true,"href":"https:\/\/juliasmagazine.com.br\/index.php?rest_route=\/wp\/v2\/media\/37594"}],"wp:attachment":[{"href":"https:\/\/juliasmagazine.com.br\/index.php?rest_route=%2Fwp%2Fv2%2Fmedia&parent=37593"}],"wp:term":[{"taxonomy":"category","embeddable":true,"href":"https:\/\/juliasmagazine.com.br\/index.php?rest_route=%2Fwp%2Fv2%2Fcategories&post=37593"},{"taxonomy":"post_tag","embeddable":true,"href":"https:\/\/juliasmagazine.com.br\/index.php?rest_route=%2Fwp%2Fv2%2Ftags&post=37593"}],"curies":[{"name":"wp","href":"https:\/\/api.w.org\/{rel}","templated":true}]}}