{"id":37591,"date":"2026-09-03T00:35:16","date_gmt":"2026-09-03T03:35:16","guid":{"rendered":"https:\/\/juliasmagazine.com.br\/?p=37591"},"modified":"2026-09-03T00:35:16","modified_gmt":"2026-09-03T03:35:16","slug":"pgr-defende-arquivamento-de-depoimento-sobre-suposta-ameaca-a-vorcaro","status":"publish","type":"post","link":"https:\/\/juliasmagazine.com.br\/?p=37591","title":{"rendered":"PGR defende arquivamento de depoimento sobre suposta amea\u00e7a a Vorcaro"},"content":{"rendered":"<\/p>\n<p><a class=\"\" href=\"https:\/\/agenciabrasil.ebc.com.br\/justica\/noticia\/2026-09\/pgr-defende-arquivamento-de-depoimento-sobre-suposta-ameaca-vorcaro\"><br \/>\n                    <img decoding=\"async\" src=\"https:\/\/cdn.jsdelivr.net\/gh\/sergiosdlima\/assets-ebc@1.0.0\/abr\/assets\/images\/logo-agenciabrasil.svg\" alt=\"Logo Ag\u00eancia Brasil\"><br \/>\n\t\t\t\t<\/a><\/p>\n<p><strong>A Procuradoria-Geral da Rep\u00fablica (PGR) defendeu nesta quarta-feira (2) o arquivamento do depoimento no qual o ex-banqueiro Daniel Vorcaro relatou ter sofrido &#8220;graves intimida\u00e7\u00f5es&#8221; durante as tratativas para obter um acordo de dela\u00e7\u00e3o premiada.\u00a0<\/strong><img decoding=\"async\" src=\"https:\/\/agenciabrasil.ebc.com.br\/ebc.png?id=1701411&#038;o=rss\"><img decoding=\"async\" src=\"https:\/\/agenciabrasil.ebc.com.br\/ebc.gif?id=1701411&#038;o=rss\"><\/p>\n<p>O depoimento de Vorcaro, que est\u00e1 preso, foi tomado na semana passada por um juiz auxiliar do ministro do Supremo Tribunal Federal (STF) Andr\u00e9 Mendon\u00e7a, relator do caso Master, ap\u00f3s requerimento da defesa.<\/p>\n<\/p>\n<h3>Not\u00edcias relacionadas:<\/h3>\n<ul>\n<li><a href=\"https:\/\/agenciabrasil.ebc.com.br\/justica\/noticia\/2026-09\/discord-tera-dez-dias-para-apresentar-proposta-de-protecao-usuarios\">Discord ter\u00e1 dez dias para apresentar proposta de prote\u00e7\u00e3o a usu\u00e1rios.<\/a><\/li>\n<li><a href=\"https:\/\/agenciabrasil.ebc.com.br\/justica\/noticia\/2026-09\/mendonca-confirma-depoimento-de-vorcaro-em-seu-gabinete\">Mendon\u00e7a confirma depoimento de Vorcaro em seu gabinete.<\/a><\/li>\n<li><a href=\"https:\/\/agenciabrasil.ebc.com.br\/justica\/noticia\/2026-09\/tse-manda-eduardo-bolsonaro-retirar-posts-de-desinformacao-sobre-urnas\">TSE manda Eduardo Bolsonaro retirar posts de desinforma\u00e7\u00e3o sobre urnas.<\/a><\/li>\n<\/ul>\n<p><strong>No parecer enviado ao Supremo, a procuradoria disse que Vorcaro n\u00e3o apresentou provas das supostas amea\u00e7as.\u00a0<\/strong><\/p>\n<p>O ex-banqueiro busca retomar as tratativas para assinar um acordo de dela\u00e7\u00e3o premiada, j\u00e1 rejeitado duas vezes pela Pol\u00edcia Federal (PF) e pela Procuradoria-Geral da Rep\u00fablica (PGR).<\/p>\n<p>Os investigadores entenderam que o ex-banqueiro n\u00e3o apresentou novidades em rela\u00e7\u00e3o ao material que j\u00e1 foi apreendido e n\u00e3o assumiu que cometeu crimes.\u00a0<\/p>\n<h2>Moraes<\/h2>\n<p>Nesta ter\u00e7a-feira, a <a href=\"https:\/\/agenciabrasil.ebc.com.br\/justica\/noticia\/2026-09\/pgr-pede-anulacao-de-investigacao-sobre-conversas-de-moraes-e-vorcaro\" target=\"_blank\">PGR defendeu a anula\u00e7\u00e3o do relat\u00f3rio da PF<\/a> que encontrou as mensagens trocadas entre Vorcaro e o ministro Alexandre de Moraes.<\/p>\n<p>Na manifesta\u00e7\u00e3o enviada \u00e0 Corte, o procurador-geral, Paulo Gonet, disse que Mendon\u00e7a investigou Moraes ilegalmente ao determinar o aprofundamento da investiga\u00e7\u00e3o sobre o caso Master para esmiu\u00e7ar as<a href=\"https:\/\/agenciabrasil.ebc.com.br\/justica\/noticia\/2026-09\/mendonca-que-levar-ao-plenario-conversas-atribuidas-vorcaro-e-moraes\" target=\"_blank\"> conversas envolvendo Moraes e o ex-banqueiro.<\/a><\/p>\n<p>No entendimento do procurador, o aprofundamento da apura\u00e7\u00e3o s\u00f3 poderia ocorrer ap\u00f3s autoriza\u00e7\u00e3o do plen\u00e1rio da Corte.<\/p>\n<p>O caso deve ser analisado pelo plen\u00e1rio do STF. A data ainda n\u00e3o foi definida.\u00a0<\/p>\n","protected":false},"excerpt":{"rendered":"<p>A Procuradoria-Geral da Rep\u00fablica (PGR) defendeu nesta quarta-feira (2) o arquivamento do depoimento no qual o ex-banqueiro Daniel Vorcaro relatou ter sofrido &#8220;graves intimida\u00e7\u00f5es&#8221; durante as tratativas para obter um acordo de dela\u00e7\u00e3o premiada.\u00a0 O depoimento de Vorcaro, que est\u00e1 preso, foi tomado na semana passada por um juiz auxiliar do ministro do Supremo Tribunal [&hellip;]<\/p>\n","protected":false},"author":45,"featured_media":37592,"comment_status":"open","ping_status":"open","sticky":false,"template":"","format":"standard","meta":{"site-sidebar-layout":"default","site-content-layout":"","ast-site-content-layout":"","site-content-style":"default","site-sidebar-style":"default","ast-global-header-display":"","ast-banner-title-visibility":"","ast-main-header-display":"","ast-hfb-above-header-display":"","ast-hfb-below-header-display":"","ast-hfb-mobile-header-display":"","site-post-title":"","ast-breadcrumbs-content":"","ast-featured-img":"","footer-sml-layout":"","theme-transparent-header-meta":"","adv-header-id-meta":"","stick-header-meta":"","header-above-stick-meta":"","header-main-stick-meta":"","header-below-stick-meta":"","astra-migrate-meta-layouts":"default","ast-page-background-enabled":"default","ast-page-background-meta":{"desktop":{"background-color":"var(--ast-global-color-4)","background-image":"","background-repeat":"repeat","background-position":"center center","background-size":"auto","background-attachment":"scroll","background-type":"","background-media":"","overlay-type":"","overlay-color":"","overlay-opacity":"","overlay-gradient":""},"tablet":{"background-color":"","background-image":"","background-repeat":"repeat","background-position":"center center","background-size":"auto","background-attachment":"scroll","background-type":"","background-media":"","overlay-type":"","overlay-color":"","overlay-opacity":"","overlay-gradient":""},"mobile":{"background-color":"","background-image":"","background-repeat":"repeat","background-position":"center center","background-size":"auto","background-attachment":"scroll","background-type":"","background-media":"","overlay-type":"","overlay-color":"","overlay-opacity":"","overlay-gradient":""}},"ast-content-background-meta":{"desktop":{"background-color":"var(--ast-global-color-5)","background-image":"","background-repeat":"repeat","background-position":"center center","background-size":"auto","background-attachment":"scroll","background-type":"","background-media":"","overlay-type":"","overlay-color":"","overlay-opacity":"","overlay-gradient":""},"tablet":{"background-color":"var(--ast-global-color-5)","background-image":"","background-repeat":"repeat","background-position":"center center","background-size":"auto","background-attachment":"scroll","background-type":"","background-media":"","overlay-type":"","overlay-color":"","overlay-opacity":"","overlay-gradient":""},"mobile":{"background-color":"var(--ast-global-color-5)","background-image":"","background-repeat":"repeat","background-position":"center center","background-size":"auto","background-attachment":"scroll","background-type":"","background-media":"","overlay-type":"","overlay-color":"","overlay-opacity":"","overlay-gradient":""}},"footnotes":""},"categories":[3],"tags":[],"class_list":["post-37591","post","type-post","status-publish","format-standard","has-post-thumbnail","hentry","category-seguranca-e-justica"],"yoast_head":"<!-- This site is optimized with the Yoast SEO plugin v24.1 - https:\/\/yoast.com\/wordpress\/plugins\/seo\/ -->\n<title>PGR defende arquivamento de depoimento sobre suposta amea\u00e7a a Vorcaro - Julias Magazine<\/title>\n<meta name=\"robots\" content=\"index, follow, max-snippet:-1, max-image-preview:large, max-video-preview:-1\" \/>\n<link rel=\"canonical\" href=\"https:\/\/juliasmagazine.com.br\/?p=37591\" \/>\n<meta property=\"og:locale\" content=\"pt_BR\" \/>\n<meta property=\"og:type\" content=\"article\" \/>\n<meta property=\"og:title\" content=\"PGR defende arquivamento de depoimento sobre suposta amea\u00e7a a Vorcaro - Julias Magazine\" \/>\n<meta property=\"og:description\" content=\"A Procuradoria-Geral da Rep\u00fablica (PGR) defendeu nesta quarta-feira (2) o arquivamento do depoimento no qual o ex-banqueiro Daniel Vorcaro relatou ter sofrido &#8220;graves intimida\u00e7\u00f5es&#8221; durante as tratativas para obter um acordo de dela\u00e7\u00e3o premiada.\u00a0 O depoimento de Vorcaro, que est\u00e1 preso, foi tomado na semana passada por um juiz auxiliar do ministro do Supremo Tribunal [&hellip;]\" \/>\n<meta property=\"og:url\" content=\"https:\/\/juliasmagazine.com.br\/?p=37591\" \/>\n<meta property=\"og:site_name\" content=\"Julias Magazine\" \/>\n<meta property=\"article:published_time\" content=\"2026-09-03T03:35:16+00:00\" \/>\n<meta property=\"og:image\" content=\"https:\/\/cdn.jsdelivr.net\/gh\/sergiosdlima\/assets-ebc@1.0.0\/abr\/assets\/images\/logo-agenciabrasil.svg\" \/>\n<meta name=\"author\" content=\"Andre Richter - Reporter da Agencia Brasil\" \/>\n<meta name=\"twitter:card\" content=\"summary_large_image\" \/>\n<meta name=\"twitter:label1\" content=\"Escrito por\" \/>\n\t<meta name=\"twitter:data1\" content=\"Andre Richter - Reporter da Agencia Brasil\" \/>\n\t<meta name=\"twitter:label2\" content=\"Est. tempo de leitura\" \/>\n\t<meta name=\"twitter:data2\" content=\"1 minuto\" \/>\n<script type=\"application\/ld+json\" class=\"yoast-schema-graph\">{\"@context\":\"https:\/\/schema.org\",\"@graph\":[{\"@type\":\"Article\",\"@id\":\"https:\/\/juliasmagazine.com.br\/?p=37591#article\",\"isPartOf\":{\"@id\":\"https:\/\/juliasmagazine.com.br\/?p=37591\"},\"author\":{\"name\":\"Andre Richter - Reporter da Agencia Brasil\",\"@id\":\"https:\/\/juliasmagazine.com.br\/#\/schema\/person\/7c9b5d397a0285433f7ad22fe79162af\"},\"headline\":\"PGR defende arquivamento de depoimento sobre suposta amea\u00e7a a Vorcaro\",\"datePublished\":\"2026-09-03T03:35:16+00:00\",\"dateModified\":\"2026-09-03T03:35:16+00:00\",\"mainEntityOfPage\":{\"@id\":\"https:\/\/juliasmagazine.com.br\/?p=37591\"},\"wordCount\":295,\"commentCount\":0,\"publisher\":{\"@id\":\"https:\/\/juliasmagazine.com.br\/#organization\"},\"image\":{\"@id\":\"https:\/\/juliasmagazine.com.br\/?p=37591#primaryimage\"},\"thumbnailUrl\":\"https:\/\/juliasmagazine.com.br\/wp-content\/uploads\/2026\/09\/37591-pgr-defende-arquivamento-de-depoimento-sobre-suposta-ameaca-a-vorcaro.jpg\",\"articleSection\":[\"Seguran\u00e7a e Justi\u00e7a\"],\"inLanguage\":\"pt-BR\",\"potentialAction\":[{\"@type\":\"CommentAction\",\"name\":\"Comment\",\"target\":[\"https:\/\/juliasmagazine.com.br\/?p=37591#respond\"]}]},{\"@type\":\"WebPage\",\"@id\":\"https:\/\/juliasmagazine.com.br\/?p=37591\",\"url\":\"https:\/\/juliasmagazine.com.br\/?p=37591\",\"name\":\"PGR defende arquivamento de depoimento sobre suposta amea\u00e7a a Vorcaro - Julias Magazine\",\"isPartOf\":{\"@id\":\"https:\/\/juliasmagazine.com.br\/#website\"},\"primaryImageOfPage\":{\"@id\":\"https:\/\/juliasmagazine.com.br\/?p=37591#primaryimage\"},\"image\":{\"@id\":\"https:\/\/juliasmagazine.com.br\/?p=37591#primaryimage\"},\"thumbnailUrl\":\"https:\/\/juliasmagazine.com.br\/wp-content\/uploads\/2026\/09\/37591-pgr-defende-arquivamento-de-depoimento-sobre-suposta-ameaca-a-vorcaro.jpg\",\"datePublished\":\"2026-09-03T03:35:16+00:00\",\"dateModified\":\"2026-09-03T03:35:16+00:00\",\"breadcrumb\":{\"@id\":\"https:\/\/juliasmagazine.com.br\/?p=37591#breadcrumb\"},\"inLanguage\":\"pt-BR\",\"potentialAction\":[{\"@type\":\"ReadAction\",\"target\":[\"https:\/\/juliasmagazine.com.br\/?p=37591\"]}]},{\"@type\":\"ImageObject\",\"inLanguage\":\"pt-BR\",\"@id\":\"https:\/\/juliasmagazine.com.br\/?p=37591#primaryimage\",\"url\":\"https:\/\/juliasmagazine.com.br\/wp-content\/uploads\/2026\/09\/37591-pgr-defende-arquivamento-de-depoimento-sobre-suposta-ameaca-a-vorcaro.jpg\",\"contentUrl\":\"https:\/\/juliasmagazine.com.br\/wp-content\/uploads\/2026\/09\/37591-pgr-defende-arquivamento-de-depoimento-sobre-suposta-ameaca-a-vorcaro.jpg\",\"width\":1600,\"height\":800,\"caption\":\"PGR defende arquivamento de depoimento sobre suposta amea\u00e7a a Vorcaro\"},{\"@type\":\"BreadcrumbList\",\"@id\":\"https:\/\/juliasmagazine.com.br\/?p=37591#breadcrumb\",\"itemListElement\":[{\"@type\":\"ListItem\",\"position\":1,\"name\":\"In\u00edcio\",\"item\":\"https:\/\/juliasmagazine.com.br\/\"},{\"@type\":\"ListItem\",\"position\":2,\"name\":\"PGR defende arquivamento de depoimento sobre suposta amea\u00e7a a Vorcaro\"}]},{\"@type\":\"WebSite\",\"@id\":\"https:\/\/juliasmagazine.com.br\/#website\",\"url\":\"https:\/\/juliasmagazine.com.br\/\",\"name\":\"Julias Magazine\",\"description\":\"A Sua revista eletr\u00f4nica de moda,politica ,viagens ,cultura ,gastronomia e finan\u00e7as. .\",\"publisher\":{\"@id\":\"https:\/\/juliasmagazine.com.br\/#organization\"},\"potentialAction\":[{\"@type\":\"SearchAction\",\"target\":{\"@type\":\"EntryPoint\",\"urlTemplate\":\"https:\/\/juliasmagazine.com.br\/?s={search_term_string}\"},\"query-input\":{\"@type\":\"PropertyValueSpecification\",\"valueRequired\":true,\"valueName\":\"search_term_string\"}}],\"inLanguage\":\"pt-BR\"},{\"@type\":\"Organization\",\"@id\":\"https:\/\/juliasmagazine.com.br\/#organization\",\"name\":\"Julias Magazine\",\"url\":\"https:\/\/juliasmagazine.com.br\/\",\"logo\":{\"@type\":\"ImageObject\",\"inLanguage\":\"pt-BR\",\"@id\":\"https:\/\/juliasmagazine.com.br\/#\/schema\/logo\/image\/\",\"url\":\"https:\/\/oquefazerembalneariocamboriu.com\/wp-content\/uploads\/2023\/02\/o-que-fazer-em-balneario-camboriu.jpg\",\"contentUrl\":\"https:\/\/oquefazerembalneariocamboriu.com\/wp-content\/uploads\/2023\/02\/o-que-fazer-em-balneario-camboriu.jpg\",\"width\":1200,\"height\":675,\"caption\":\"Julias Magazine\"},\"image\":{\"@id\":\"https:\/\/juliasmagazine.com.br\/#\/schema\/logo\/image\/\"}},{\"@type\":\"Person\",\"@id\":\"https:\/\/juliasmagazine.com.br\/#\/schema\/person\/7c9b5d397a0285433f7ad22fe79162af\",\"name\":\"Andre Richter - Reporter da Agencia Brasil\",\"image\":{\"@type\":\"ImageObject\",\"inLanguage\":\"pt-BR\",\"@id\":\"https:\/\/juliasmagazine.com.br\/#\/schema\/person\/image\/\",\"url\":\"https:\/\/secure.gravatar.com\/avatar\/e61ba048872a7a2fcfccfd0fca637f7ea47de06a7aaf11dfafaf3e8b949880b5?s=96&d=mm&r=g\",\"contentUrl\":\"https:\/\/secure.gravatar.com\/avatar\/e61ba048872a7a2fcfccfd0fca637f7ea47de06a7aaf11dfafaf3e8b949880b5?s=96&d=mm&r=g\",\"caption\":\"Andre Richter - Reporter da Agencia Brasil\"},\"url\":\"https:\/\/juliasmagazine.com.br\/?author=45\"}]}<\/script>\n<!-- \/ Yoast SEO plugin. -->","yoast_head_json":{"title":"PGR defende arquivamento de depoimento sobre suposta amea\u00e7a a Vorcaro - Julias Magazine","robots":{"index":"index","follow":"follow","max-snippet":"max-snippet:-1","max-image-preview":"max-image-preview:large","max-video-preview":"max-video-preview:-1"},"canonical":"https:\/\/juliasmagazine.com.br\/?p=37591","og_locale":"pt_BR","og_type":"article","og_title":"PGR defende arquivamento de depoimento sobre suposta amea\u00e7a a Vorcaro - Julias Magazine","og_description":"A Procuradoria-Geral da Rep\u00fablica (PGR) defendeu nesta quarta-feira (2) o arquivamento do depoimento no qual o ex-banqueiro Daniel Vorcaro relatou ter sofrido &#8220;graves intimida\u00e7\u00f5es&#8221; durante as tratativas para obter um acordo de dela\u00e7\u00e3o premiada.\u00a0 O depoimento de Vorcaro, que est\u00e1 preso, foi tomado na semana passada por um juiz auxiliar do ministro do Supremo Tribunal [&hellip;]","og_url":"https:\/\/juliasmagazine.com.br\/?p=37591","og_site_name":"Julias Magazine","article_published_time":"2026-09-03T03:35:16+00:00","og_image":[{"url":"https:\/\/cdn.jsdelivr.net\/gh\/sergiosdlima\/assets-ebc@1.0.0\/abr\/assets\/images\/logo-agenciabrasil.svg","type":"","width":"","height":""}],"author":"Andre Richter - Reporter da Agencia Brasil","twitter_card":"summary_large_image","twitter_misc":{"Escrito por":"Andre Richter - Reporter da Agencia Brasil","Est. tempo de leitura":"1 minuto"},"schema":{"@context":"https:\/\/schema.org","@graph":[{"@type":"Article","@id":"https:\/\/juliasmagazine.com.br\/?p=37591#article","isPartOf":{"@id":"https:\/\/juliasmagazine.com.br\/?p=37591"},"author":{"name":"Andre Richter - Reporter da Agencia Brasil","@id":"https:\/\/juliasmagazine.com.br\/#\/schema\/person\/7c9b5d397a0285433f7ad22fe79162af"},"headline":"PGR defende arquivamento de depoimento sobre suposta amea\u00e7a a Vorcaro","datePublished":"2026-09-03T03:35:16+00:00","dateModified":"2026-09-03T03:35:16+00:00","mainEntityOfPage":{"@id":"https:\/\/juliasmagazine.com.br\/?p=37591"},"wordCount":295,"commentCount":0,"publisher":{"@id":"https:\/\/juliasmagazine.com.br\/#organization"},"image":{"@id":"https:\/\/juliasmagazine.com.br\/?p=37591#primaryimage"},"thumbnailUrl":"https:\/\/juliasmagazine.com.br\/wp-content\/uploads\/2026\/09\/37591-pgr-defende-arquivamento-de-depoimento-sobre-suposta-ameaca-a-vorcaro.jpg","articleSection":["Seguran\u00e7a e Justi\u00e7a"],"inLanguage":"pt-BR","potentialAction":[{"@type":"CommentAction","name":"Comment","target":["https:\/\/juliasmagazine.com.br\/?p=37591#respond"]}]},{"@type":"WebPage","@id":"https:\/\/juliasmagazine.com.br\/?p=37591","url":"https:\/\/juliasmagazine.com.br\/?p=37591","name":"PGR defende arquivamento de depoimento sobre suposta amea\u00e7a a Vorcaro - Julias Magazine","isPartOf":{"@id":"https:\/\/juliasmagazine.com.br\/#website"},"primaryImageOfPage":{"@id":"https:\/\/juliasmagazine.com.br\/?p=37591#primaryimage"},"image":{"@id":"https:\/\/juliasmagazine.com.br\/?p=37591#primaryimage"},"thumbnailUrl":"https:\/\/juliasmagazine.com.br\/wp-content\/uploads\/2026\/09\/37591-pgr-defende-arquivamento-de-depoimento-sobre-suposta-ameaca-a-vorcaro.jpg","datePublished":"2026-09-03T03:35:16+00:00","dateModified":"2026-09-03T03:35:16+00:00","breadcrumb":{"@id":"https:\/\/juliasmagazine.com.br\/?p=37591#breadcrumb"},"inLanguage":"pt-BR","potentialAction":[{"@type":"ReadAction","target":["https:\/\/juliasmagazine.com.br\/?p=37591"]}]},{"@type":"ImageObject","inLanguage":"pt-BR","@id":"https:\/\/juliasmagazine.com.br\/?p=37591#primaryimage","url":"https:\/\/juliasmagazine.com.br\/wp-content\/uploads\/2026\/09\/37591-pgr-defende-arquivamento-de-depoimento-sobre-suposta-ameaca-a-vorcaro.jpg","contentUrl":"https:\/\/juliasmagazine.com.br\/wp-content\/uploads\/2026\/09\/37591-pgr-defende-arquivamento-de-depoimento-sobre-suposta-ameaca-a-vorcaro.jpg","width":1600,"height":800,"caption":"PGR defende arquivamento de depoimento sobre suposta amea\u00e7a a Vorcaro"},{"@type":"BreadcrumbList","@id":"https:\/\/juliasmagazine.com.br\/?p=37591#breadcrumb","itemListElement":[{"@type":"ListItem","position":1,"name":"In\u00edcio","item":"https:\/\/juliasmagazine.com.br\/"},{"@type":"ListItem","position":2,"name":"PGR defende arquivamento de depoimento sobre suposta amea\u00e7a a Vorcaro"}]},{"@type":"WebSite","@id":"https:\/\/juliasmagazine.com.br\/#website","url":"https:\/\/juliasmagazine.com.br\/","name":"Julias Magazine","description":"A Sua revista eletr\u00f4nica de moda,politica ,viagens ,cultura ,gastronomia e finan\u00e7as. .","publisher":{"@id":"https:\/\/juliasmagazine.com.br\/#organization"},"potentialAction":[{"@type":"SearchAction","target":{"@type":"EntryPoint","urlTemplate":"https:\/\/juliasmagazine.com.br\/?s={search_term_string}"},"query-input":{"@type":"PropertyValueSpecification","valueRequired":true,"valueName":"search_term_string"}}],"inLanguage":"pt-BR"},{"@type":"Organization","@id":"https:\/\/juliasmagazine.com.br\/#organization","name":"Julias Magazine","url":"https:\/\/juliasmagazine.com.br\/","logo":{"@type":"ImageObject","inLanguage":"pt-BR","@id":"https:\/\/juliasmagazine.com.br\/#\/schema\/logo\/image\/","url":"https:\/\/oquefazerembalneariocamboriu.com\/wp-content\/uploads\/2023\/02\/o-que-fazer-em-balneario-camboriu.jpg","contentUrl":"https:\/\/oquefazerembalneariocamboriu.com\/wp-content\/uploads\/2023\/02\/o-que-fazer-em-balneario-camboriu.jpg","width":1200,"height":675,"caption":"Julias Magazine"},"image":{"@id":"https:\/\/juliasmagazine.com.br\/#\/schema\/logo\/image\/"}},{"@type":"Person","@id":"https:\/\/juliasmagazine.com.br\/#\/schema\/person\/7c9b5d397a0285433f7ad22fe79162af","name":"Andre Richter - Reporter da Agencia Brasil","image":{"@type":"ImageObject","inLanguage":"pt-BR","@id":"https:\/\/juliasmagazine.com.br\/#\/schema\/person\/image\/","url":"https:\/\/secure.gravatar.com\/avatar\/e61ba048872a7a2fcfccfd0fca637f7ea47de06a7aaf11dfafaf3e8b949880b5?s=96&d=mm&r=g","contentUrl":"https:\/\/secure.gravatar.com\/avatar\/e61ba048872a7a2fcfccfd0fca637f7ea47de06a7aaf11dfafaf3e8b949880b5?s=96&d=mm&r=g","caption":"Andre Richter - Reporter da Agencia Brasil"},"url":"https:\/\/juliasmagazine.com.br\/?author=45"}]}},"_links":{"self":[{"href":"https:\/\/juliasmagazine.com.br\/index.php?rest_route=\/wp\/v2\/posts\/37591","targetHints":{"allow":["GET"]}}],"collection":[{"href":"https:\/\/juliasmagazine.com.br\/index.php?rest_route=\/wp\/v2\/posts"}],"about":[{"href":"https:\/\/juliasmagazine.com.br\/index.php?rest_route=\/wp\/v2\/types\/post"}],"author":[{"embeddable":true,"href":"https:\/\/juliasmagazine.com.br\/index.php?rest_route=\/wp\/v2\/users\/45"}],"replies":[{"embeddable":true,"href":"https:\/\/juliasmagazine.com.br\/index.php?rest_route=%2Fwp%2Fv2%2Fcomments&post=37591"}],"version-history":[{"count":0,"href":"https:\/\/juliasmagazine.com.br\/index.php?rest_route=\/wp\/v2\/posts\/37591\/revisions"}],"wp:featuredmedia":[{"embeddable":true,"href":"https:\/\/juliasmagazine.com.br\/index.php?rest_route=\/wp\/v2\/media\/37592"}],"wp:attachment":[{"href":"https:\/\/juliasmagazine.com.br\/index.php?rest_route=%2Fwp%2Fv2%2Fmedia&parent=37591"}],"wp:term":[{"taxonomy":"category","embeddable":true,"href":"https:\/\/juliasmagazine.com.br\/index.php?rest_route=%2Fwp%2Fv2%2Fcategories&post=37591"},{"taxonomy":"post_tag","embeddable":true,"href":"https:\/\/juliasmagazine.com.br\/index.php?rest_route=%2Fwp%2Fv2%2Ftags&post=37591"}],"curies":[{"name":"wp","href":"https:\/\/api.w.org\/{rel}","templated":true}]}}