{"id":37579,"date":"2026-09-02T20:38:40","date_gmt":"2026-09-02T23:38:40","guid":{"rendered":"https:\/\/juliasmagazine.com.br\/?p=37579"},"modified":"2026-09-02T20:38:40","modified_gmt":"2026-09-02T23:38:40","slug":"probabilidade-de-o-el-nino-ser-muito-forte-neste-trimestre-e-de-90","status":"publish","type":"post","link":"https:\/\/juliasmagazine.com.br\/?p=37579","title":{"rendered":"Probabilidade de o El Ni\u00f1o ser muito forte neste trimestre \u00e9 de 90%"},"content":{"rendered":"<p>A probabilidade de o El Ni\u00f1o ser muito forte neste trimestre \u00e9 de 90%. A previs\u00e3o \u00e9 do Inmet, Instituto Nacional de Meteorologia. O fen\u00f4meno clim\u00e1tico ocorre quando as \u00e1guas do Oceano Pac\u00edfico ficam mais quentes do que o normal. Esse aquecimento altera os ventos e mexe com o clima em v\u00e1rias partes do mundo, inclusive no Brasil.<img decoding=\"async\" src=\"https:\/\/agenciabrasil.ebc.com.br\/ebc.png?id=1701401&#038;o=rss\"><img decoding=\"async\" src=\"https:\/\/agenciabrasil.ebc.com.br\/ebc.gif?id=1701401&#038;o=rss\"><\/p>\n<p><strong>Com o El Ni\u00f1o muito forte em setembro, outubro e novembro, o Brasil deve sentir mudan\u00e7as importantes no tempo.<\/strong> Foi o que detalhou o meteorologista do Inmet <strong>Melk Duarte<\/strong>:<\/p>\n<blockquote>\n<p>&#8220;Na regi\u00e3o Norte, por exemplo, a tend\u00eancia \u00e9 de menos chuvas do que o normal. J\u00e1 no Sul, deve chover mais do que o habitual. No Sudeste e no Centro-Oeste, incluindo estados como Minas Gerais, Esp\u00edrito Santo, Rio de Janeiro, Goi\u00e1s e parte da Bahia, o clima tende a ficar mais seco, mas as chuvas devem ser mais irregulares. Em rela\u00e7\u00e3o \u00e0s temperaturas, praticamente todo o pa\u00eds deve registrar calor acima da m\u00e9dia.&#8221;<\/p>\n<\/blockquote>\n<h3>Alerta<\/h3>\n<p>Segundo o Inmet, a combina\u00e7\u00e3o de calor intenso e estiagem prolongada nas regi\u00f5es central e norte do pa\u00eds acende um alerta para o poss\u00edvel aumento de queimadas. Isso, especialmente se o in\u00edcio da esta\u00e7\u00e3o chuvosa atrasar, como j\u00e1 \u00e9 considerado prov\u00e1vel pelo instituto.<\/p>\n<p>Diante da for\u00e7a do El Ni\u00f1o, o meteorologista Melk Duarte destaca a principal orienta\u00e7\u00e3o do Inmet:<\/p>\n<blockquote>\n<p>&#8220;O principal conselho \u00e9 seguir sempre as orienta\u00e7\u00f5es e os alertas emitidos pela Defesa Civil. Eles informam sobre os riscos, d\u00e3o recomenda\u00e7\u00f5es espec\u00edficas para cada situa\u00e7\u00e3o e tamb\u00e9m para cada regi\u00e3o, e orientam sobre como agir em casos de emerg\u00eancia.&#8221;<\/p>\n<\/blockquote>\n<p><strong>O Inmet refor\u00e7a aos \u00f3rg\u00e3os p\u00fablicos a necessidade de monitoramento cont\u00ednuo das condi\u00e7\u00f5es do tempo para identificar, com anteced\u00eancia, as \u00e1reas mais vulner\u00e1veis a secas, ondas de calor e inunda\u00e7\u00f5es.<\/strong><\/p>\n<p>  <span class=\"hms hms-format-m-ss\">2:01<\/span><\/p>\n","protected":false},"excerpt":{"rendered":"<p>A probabilidade de o El Ni\u00f1o ser muito forte neste trimestre \u00e9 de 90%. A previs\u00e3o \u00e9 do Inmet, Instituto Nacional de Meteorologia. O fen\u00f4meno clim\u00e1tico ocorre quando as \u00e1guas do Oceano Pac\u00edfico ficam mais quentes do que o normal. Esse aquecimento altera os ventos e mexe com o clima em v\u00e1rias partes do mundo, [&hellip;]<\/p>\n","protected":false},"author":1,"featured_media":37580,"comment_status":"open","ping_status":"open","sticky":false,"template":"","format":"standard","meta":{"site-sidebar-layout":"default","site-content-layout":"","ast-site-content-layout":"","site-content-style":"default","site-sidebar-style":"default","ast-global-header-display":"","ast-banner-title-visibility":"","ast-main-header-display":"","ast-hfb-above-header-display":"","ast-hfb-below-header-display":"","ast-hfb-mobile-header-display":"","site-post-title":"","ast-breadcrumbs-content":"","ast-featured-img":"","footer-sml-layout":"","theme-transparent-header-meta":"","adv-header-id-meta":"","stick-header-meta":"","header-above-stick-meta":"","header-main-stick-meta":"","header-below-stick-meta":"","astra-migrate-meta-layouts":"default","ast-page-background-enabled":"default","ast-page-background-meta":{"desktop":{"background-color":"var(--ast-global-color-4)","background-image":"","background-repeat":"repeat","background-position":"center center","background-size":"auto","background-attachment":"scroll","background-type":"","background-media":"","overlay-type":"","overlay-color":"","overlay-opacity":"","overlay-gradient":""},"tablet":{"background-color":"","background-image":"","background-repeat":"repeat","background-position":"center center","background-size":"auto","background-attachment":"scroll","background-type":"","background-media":"","overlay-type":"","overlay-color":"","overlay-opacity":"","overlay-gradient":""},"mobile":{"background-color":"","background-image":"","background-repeat":"repeat","background-position":"center center","background-size":"auto","background-attachment":"scroll","background-type":"","background-media":"","overlay-type":"","overlay-color":"","overlay-opacity":"","overlay-gradient":""}},"ast-content-background-meta":{"desktop":{"background-color":"var(--ast-global-color-5)","background-image":"","background-repeat":"repeat","background-position":"center center","background-size":"auto","background-attachment":"scroll","background-type":"","background-media":"","overlay-type":"","overlay-color":"","overlay-opacity":"","overlay-gradient":""},"tablet":{"background-color":"var(--ast-global-color-5)","background-image":"","background-repeat":"repeat","background-position":"center center","background-size":"auto","background-attachment":"scroll","background-type":"","background-media":"","overlay-type":"","overlay-color":"","overlay-opacity":"","overlay-gradient":""},"mobile":{"background-color":"var(--ast-global-color-5)","background-image":"","background-repeat":"repeat","background-position":"center center","background-size":"auto","background-attachment":"scroll","background-type":"","background-media":"","overlay-type":"","overlay-color":"","overlay-opacity":"","overlay-gradient":""}},"footnotes":""},"categories":[6],"tags":[],"class_list":["post-37579","post","type-post","status-publish","format-standard","has-post-thumbnail","hentry","category-meio-ambiente-e-sustentabilidade"],"yoast_head":"<!-- This site is optimized with the Yoast SEO plugin v24.1 - https:\/\/yoast.com\/wordpress\/plugins\/seo\/ -->\n<title>Probabilidade de o El Ni\u00f1o ser muito forte neste trimestre \u00e9 de 90% - Julias Magazine<\/title>\n<meta name=\"robots\" content=\"index, follow, max-snippet:-1, max-image-preview:large, max-video-preview:-1\" \/>\n<link rel=\"canonical\" href=\"https:\/\/juliasmagazine.com.br\/?p=37579\" \/>\n<meta property=\"og:locale\" content=\"pt_BR\" \/>\n<meta property=\"og:type\" content=\"article\" \/>\n<meta property=\"og:title\" content=\"Probabilidade de o El Ni\u00f1o ser muito forte neste trimestre \u00e9 de 90% - Julias Magazine\" \/>\n<meta property=\"og:description\" content=\"A probabilidade de o El Ni\u00f1o ser muito forte neste trimestre \u00e9 de 90%. A previs\u00e3o \u00e9 do Inmet, Instituto Nacional de Meteorologia. O fen\u00f4meno clim\u00e1tico ocorre quando as \u00e1guas do Oceano Pac\u00edfico ficam mais quentes do que o normal. Esse aquecimento altera os ventos e mexe com o clima em v\u00e1rias partes do mundo, [&hellip;]\" \/>\n<meta property=\"og:url\" content=\"https:\/\/juliasmagazine.com.br\/?p=37579\" \/>\n<meta property=\"og:site_name\" content=\"Julias Magazine\" \/>\n<meta property=\"article:published_time\" content=\"2026-09-02T23:38:40+00:00\" \/>\n<meta property=\"og:image\" content=\"https:\/\/agenciabrasil.ebc.com.br\/ebc.png?id=1701401&o=rss\" \/>\n<meta name=\"author\" content=\"gestormovie\" \/>\n<meta name=\"twitter:card\" content=\"summary_large_image\" \/>\n<meta name=\"twitter:label1\" content=\"Escrito por\" \/>\n\t<meta name=\"twitter:data1\" content=\"gestormovie\" \/>\n\t<meta name=\"twitter:label2\" content=\"Est. tempo de leitura\" \/>\n\t<meta name=\"twitter:data2\" content=\"2 minutos\" \/>\n<script type=\"application\/ld+json\" class=\"yoast-schema-graph\">{\"@context\":\"https:\/\/schema.org\",\"@graph\":[{\"@type\":\"Article\",\"@id\":\"https:\/\/juliasmagazine.com.br\/?p=37579#article\",\"isPartOf\":{\"@id\":\"https:\/\/juliasmagazine.com.br\/?p=37579\"},\"author\":{\"name\":\"gestormovie\",\"@id\":\"https:\/\/juliasmagazine.com.br\/#\/schema\/person\/4644cc0cefba8afbd17931d23420f787\"},\"headline\":\"Probabilidade de o El Ni\u00f1o ser muito forte neste trimestre \u00e9 de 90%\",\"datePublished\":\"2026-09-02T23:38:40+00:00\",\"dateModified\":\"2026-09-02T23:38:40+00:00\",\"mainEntityOfPage\":{\"@id\":\"https:\/\/juliasmagazine.com.br\/?p=37579\"},\"wordCount\":337,\"commentCount\":0,\"publisher\":{\"@id\":\"https:\/\/juliasmagazine.com.br\/#organization\"},\"image\":{\"@id\":\"https:\/\/juliasmagazine.com.br\/?p=37579#primaryimage\"},\"thumbnailUrl\":\"https:\/\/juliasmagazine.com.br\/wp-content\/uploads\/2026\/09\/37579-probabilidade-de-o-el-nino-ser-muito-forte-neste-trimestre-e-de-90.jpg\",\"articleSection\":[\"Meio Ambiente e Sustentabilidade\"],\"inLanguage\":\"pt-BR\",\"potentialAction\":[{\"@type\":\"CommentAction\",\"name\":\"Comment\",\"target\":[\"https:\/\/juliasmagazine.com.br\/?p=37579#respond\"]}]},{\"@type\":\"WebPage\",\"@id\":\"https:\/\/juliasmagazine.com.br\/?p=37579\",\"url\":\"https:\/\/juliasmagazine.com.br\/?p=37579\",\"name\":\"Probabilidade de o El Ni\u00f1o ser muito forte neste trimestre \u00e9 de 90% - Julias Magazine\",\"isPartOf\":{\"@id\":\"https:\/\/juliasmagazine.com.br\/#website\"},\"primaryImageOfPage\":{\"@id\":\"https:\/\/juliasmagazine.com.br\/?p=37579#primaryimage\"},\"image\":{\"@id\":\"https:\/\/juliasmagazine.com.br\/?p=37579#primaryimage\"},\"thumbnailUrl\":\"https:\/\/juliasmagazine.com.br\/wp-content\/uploads\/2026\/09\/37579-probabilidade-de-o-el-nino-ser-muito-forte-neste-trimestre-e-de-90.jpg\",\"datePublished\":\"2026-09-02T23:38:40+00:00\",\"dateModified\":\"2026-09-02T23:38:40+00:00\",\"breadcrumb\":{\"@id\":\"https:\/\/juliasmagazine.com.br\/?p=37579#breadcrumb\"},\"inLanguage\":\"pt-BR\",\"potentialAction\":[{\"@type\":\"ReadAction\",\"target\":[\"https:\/\/juliasmagazine.com.br\/?p=37579\"]}]},{\"@type\":\"ImageObject\",\"inLanguage\":\"pt-BR\",\"@id\":\"https:\/\/juliasmagazine.com.br\/?p=37579#primaryimage\",\"url\":\"https:\/\/juliasmagazine.com.br\/wp-content\/uploads\/2026\/09\/37579-probabilidade-de-o-el-nino-ser-muito-forte-neste-trimestre-e-de-90.jpg\",\"contentUrl\":\"https:\/\/juliasmagazine.com.br\/wp-content\/uploads\/2026\/09\/37579-probabilidade-de-o-el-nino-ser-muito-forte-neste-trimestre-e-de-90.jpg\",\"width\":1600,\"height\":800,\"caption\":\"Probabilidade de o El Ni\u00f1o ser muito forte neste trimestre \u00e9 de 90%\"},{\"@type\":\"BreadcrumbList\",\"@id\":\"https:\/\/juliasmagazine.com.br\/?p=37579#breadcrumb\",\"itemListElement\":[{\"@type\":\"ListItem\",\"position\":1,\"name\":\"In\u00edcio\",\"item\":\"https:\/\/juliasmagazine.com.br\/\"},{\"@type\":\"ListItem\",\"position\":2,\"name\":\"Probabilidade de o El Ni\u00f1o ser muito forte neste trimestre \u00e9 de 90%\"}]},{\"@type\":\"WebSite\",\"@id\":\"https:\/\/juliasmagazine.com.br\/#website\",\"url\":\"https:\/\/juliasmagazine.com.br\/\",\"name\":\"Julias Magazine\",\"description\":\"A Sua revista eletr\u00f4nica de moda,politica ,viagens ,cultura ,gastronomia e finan\u00e7as. .\",\"publisher\":{\"@id\":\"https:\/\/juliasmagazine.com.br\/#organization\"},\"potentialAction\":[{\"@type\":\"SearchAction\",\"target\":{\"@type\":\"EntryPoint\",\"urlTemplate\":\"https:\/\/juliasmagazine.com.br\/?s={search_term_string}\"},\"query-input\":{\"@type\":\"PropertyValueSpecification\",\"valueRequired\":true,\"valueName\":\"search_term_string\"}}],\"inLanguage\":\"pt-BR\"},{\"@type\":\"Organization\",\"@id\":\"https:\/\/juliasmagazine.com.br\/#organization\",\"name\":\"Julias Magazine\",\"url\":\"https:\/\/juliasmagazine.com.br\/\",\"logo\":{\"@type\":\"ImageObject\",\"inLanguage\":\"pt-BR\",\"@id\":\"https:\/\/juliasmagazine.com.br\/#\/schema\/logo\/image\/\",\"url\":\"https:\/\/oquefazerembalneariocamboriu.com\/wp-content\/uploads\/2023\/02\/o-que-fazer-em-balneario-camboriu.jpg\",\"contentUrl\":\"https:\/\/oquefazerembalneariocamboriu.com\/wp-content\/uploads\/2023\/02\/o-que-fazer-em-balneario-camboriu.jpg\",\"width\":1200,\"height\":675,\"caption\":\"Julias Magazine\"},\"image\":{\"@id\":\"https:\/\/juliasmagazine.com.br\/#\/schema\/logo\/image\/\"}},{\"@type\":\"Person\",\"@id\":\"https:\/\/juliasmagazine.com.br\/#\/schema\/person\/4644cc0cefba8afbd17931d23420f787\",\"name\":\"gestormovie\",\"image\":{\"@type\":\"ImageObject\",\"inLanguage\":\"pt-BR\",\"@id\":\"https:\/\/juliasmagazine.com.br\/#\/schema\/person\/image\/\",\"url\":\"https:\/\/secure.gravatar.com\/avatar\/c07ba4842df2fb5c25da194195cd2cdd8ccc2426824c3276a3f81c597c7a6600?s=96&d=mm&r=g\",\"contentUrl\":\"https:\/\/secure.gravatar.com\/avatar\/c07ba4842df2fb5c25da194195cd2cdd8ccc2426824c3276a3f81c597c7a6600?s=96&d=mm&r=g\",\"caption\":\"gestormovie\"},\"sameAs\":[\"https:\/\/juliasmagazine.com.br\"],\"url\":\"https:\/\/juliasmagazine.com.br\/?author=1\"}]}<\/script>\n<!-- \/ Yoast SEO plugin. -->","yoast_head_json":{"title":"Probabilidade de o El Ni\u00f1o ser muito forte neste trimestre \u00e9 de 90% - Julias Magazine","robots":{"index":"index","follow":"follow","max-snippet":"max-snippet:-1","max-image-preview":"max-image-preview:large","max-video-preview":"max-video-preview:-1"},"canonical":"https:\/\/juliasmagazine.com.br\/?p=37579","og_locale":"pt_BR","og_type":"article","og_title":"Probabilidade de o El Ni\u00f1o ser muito forte neste trimestre \u00e9 de 90% - Julias Magazine","og_description":"A probabilidade de o El Ni\u00f1o ser muito forte neste trimestre \u00e9 de 90%. A previs\u00e3o \u00e9 do Inmet, Instituto Nacional de Meteorologia. O fen\u00f4meno clim\u00e1tico ocorre quando as \u00e1guas do Oceano Pac\u00edfico ficam mais quentes do que o normal. Esse aquecimento altera os ventos e mexe com o clima em v\u00e1rias partes do mundo, [&hellip;]","og_url":"https:\/\/juliasmagazine.com.br\/?p=37579","og_site_name":"Julias Magazine","article_published_time":"2026-09-02T23:38:40+00:00","og_image":[{"url":"https:\/\/agenciabrasil.ebc.com.br\/ebc.png?id=1701401&o=rss","type":"","width":"","height":""}],"author":"gestormovie","twitter_card":"summary_large_image","twitter_misc":{"Escrito por":"gestormovie","Est. tempo de leitura":"2 minutos"},"schema":{"@context":"https:\/\/schema.org","@graph":[{"@type":"Article","@id":"https:\/\/juliasmagazine.com.br\/?p=37579#article","isPartOf":{"@id":"https:\/\/juliasmagazine.com.br\/?p=37579"},"author":{"name":"gestormovie","@id":"https:\/\/juliasmagazine.com.br\/#\/schema\/person\/4644cc0cefba8afbd17931d23420f787"},"headline":"Probabilidade de o El Ni\u00f1o ser muito forte neste trimestre \u00e9 de 90%","datePublished":"2026-09-02T23:38:40+00:00","dateModified":"2026-09-02T23:38:40+00:00","mainEntityOfPage":{"@id":"https:\/\/juliasmagazine.com.br\/?p=37579"},"wordCount":337,"commentCount":0,"publisher":{"@id":"https:\/\/juliasmagazine.com.br\/#organization"},"image":{"@id":"https:\/\/juliasmagazine.com.br\/?p=37579#primaryimage"},"thumbnailUrl":"https:\/\/juliasmagazine.com.br\/wp-content\/uploads\/2026\/09\/37579-probabilidade-de-o-el-nino-ser-muito-forte-neste-trimestre-e-de-90.jpg","articleSection":["Meio Ambiente e Sustentabilidade"],"inLanguage":"pt-BR","potentialAction":[{"@type":"CommentAction","name":"Comment","target":["https:\/\/juliasmagazine.com.br\/?p=37579#respond"]}]},{"@type":"WebPage","@id":"https:\/\/juliasmagazine.com.br\/?p=37579","url":"https:\/\/juliasmagazine.com.br\/?p=37579","name":"Probabilidade de o El Ni\u00f1o ser muito forte neste trimestre \u00e9 de 90% - Julias Magazine","isPartOf":{"@id":"https:\/\/juliasmagazine.com.br\/#website"},"primaryImageOfPage":{"@id":"https:\/\/juliasmagazine.com.br\/?p=37579#primaryimage"},"image":{"@id":"https:\/\/juliasmagazine.com.br\/?p=37579#primaryimage"},"thumbnailUrl":"https:\/\/juliasmagazine.com.br\/wp-content\/uploads\/2026\/09\/37579-probabilidade-de-o-el-nino-ser-muito-forte-neste-trimestre-e-de-90.jpg","datePublished":"2026-09-02T23:38:40+00:00","dateModified":"2026-09-02T23:38:40+00:00","breadcrumb":{"@id":"https:\/\/juliasmagazine.com.br\/?p=37579#breadcrumb"},"inLanguage":"pt-BR","potentialAction":[{"@type":"ReadAction","target":["https:\/\/juliasmagazine.com.br\/?p=37579"]}]},{"@type":"ImageObject","inLanguage":"pt-BR","@id":"https:\/\/juliasmagazine.com.br\/?p=37579#primaryimage","url":"https:\/\/juliasmagazine.com.br\/wp-content\/uploads\/2026\/09\/37579-probabilidade-de-o-el-nino-ser-muito-forte-neste-trimestre-e-de-90.jpg","contentUrl":"https:\/\/juliasmagazine.com.br\/wp-content\/uploads\/2026\/09\/37579-probabilidade-de-o-el-nino-ser-muito-forte-neste-trimestre-e-de-90.jpg","width":1600,"height":800,"caption":"Probabilidade de o El Ni\u00f1o ser muito forte neste trimestre \u00e9 de 90%"},{"@type":"BreadcrumbList","@id":"https:\/\/juliasmagazine.com.br\/?p=37579#breadcrumb","itemListElement":[{"@type":"ListItem","position":1,"name":"In\u00edcio","item":"https:\/\/juliasmagazine.com.br\/"},{"@type":"ListItem","position":2,"name":"Probabilidade de o El Ni\u00f1o ser muito forte neste trimestre \u00e9 de 90%"}]},{"@type":"WebSite","@id":"https:\/\/juliasmagazine.com.br\/#website","url":"https:\/\/juliasmagazine.com.br\/","name":"Julias Magazine","description":"A Sua revista eletr\u00f4nica de moda,politica ,viagens ,cultura ,gastronomia e finan\u00e7as. .","publisher":{"@id":"https:\/\/juliasmagazine.com.br\/#organization"},"potentialAction":[{"@type":"SearchAction","target":{"@type":"EntryPoint","urlTemplate":"https:\/\/juliasmagazine.com.br\/?s={search_term_string}"},"query-input":{"@type":"PropertyValueSpecification","valueRequired":true,"valueName":"search_term_string"}}],"inLanguage":"pt-BR"},{"@type":"Organization","@id":"https:\/\/juliasmagazine.com.br\/#organization","name":"Julias Magazine","url":"https:\/\/juliasmagazine.com.br\/","logo":{"@type":"ImageObject","inLanguage":"pt-BR","@id":"https:\/\/juliasmagazine.com.br\/#\/schema\/logo\/image\/","url":"https:\/\/oquefazerembalneariocamboriu.com\/wp-content\/uploads\/2023\/02\/o-que-fazer-em-balneario-camboriu.jpg","contentUrl":"https:\/\/oquefazerembalneariocamboriu.com\/wp-content\/uploads\/2023\/02\/o-que-fazer-em-balneario-camboriu.jpg","width":1200,"height":675,"caption":"Julias Magazine"},"image":{"@id":"https:\/\/juliasmagazine.com.br\/#\/schema\/logo\/image\/"}},{"@type":"Person","@id":"https:\/\/juliasmagazine.com.br\/#\/schema\/person\/4644cc0cefba8afbd17931d23420f787","name":"gestormovie","image":{"@type":"ImageObject","inLanguage":"pt-BR","@id":"https:\/\/juliasmagazine.com.br\/#\/schema\/person\/image\/","url":"https:\/\/secure.gravatar.com\/avatar\/c07ba4842df2fb5c25da194195cd2cdd8ccc2426824c3276a3f81c597c7a6600?s=96&d=mm&r=g","contentUrl":"https:\/\/secure.gravatar.com\/avatar\/c07ba4842df2fb5c25da194195cd2cdd8ccc2426824c3276a3f81c597c7a6600?s=96&d=mm&r=g","caption":"gestormovie"},"sameAs":["https:\/\/juliasmagazine.com.br"],"url":"https:\/\/juliasmagazine.com.br\/?author=1"}]}},"_links":{"self":[{"href":"https:\/\/juliasmagazine.com.br\/index.php?rest_route=\/wp\/v2\/posts\/37579","targetHints":{"allow":["GET"]}}],"collection":[{"href":"https:\/\/juliasmagazine.com.br\/index.php?rest_route=\/wp\/v2\/posts"}],"about":[{"href":"https:\/\/juliasmagazine.com.br\/index.php?rest_route=\/wp\/v2\/types\/post"}],"author":[{"embeddable":true,"href":"https:\/\/juliasmagazine.com.br\/index.php?rest_route=\/wp\/v2\/users\/1"}],"replies":[{"embeddable":true,"href":"https:\/\/juliasmagazine.com.br\/index.php?rest_route=%2Fwp%2Fv2%2Fcomments&post=37579"}],"version-history":[{"count":0,"href":"https:\/\/juliasmagazine.com.br\/index.php?rest_route=\/wp\/v2\/posts\/37579\/revisions"}],"wp:featuredmedia":[{"embeddable":true,"href":"https:\/\/juliasmagazine.com.br\/index.php?rest_route=\/wp\/v2\/media\/37580"}],"wp:attachment":[{"href":"https:\/\/juliasmagazine.com.br\/index.php?rest_route=%2Fwp%2Fv2%2Fmedia&parent=37579"}],"wp:term":[{"taxonomy":"category","embeddable":true,"href":"https:\/\/juliasmagazine.com.br\/index.php?rest_route=%2Fwp%2Fv2%2Fcategories&post=37579"},{"taxonomy":"post_tag","embeddable":true,"href":"https:\/\/juliasmagazine.com.br\/index.php?rest_route=%2Fwp%2Fv2%2Ftags&post=37579"}],"curies":[{"name":"wp","href":"https:\/\/api.w.org\/{rel}","templated":true}]}}