{"id":37573,"date":"2026-09-02T20:37:59","date_gmt":"2026-09-02T23:37:59","guid":{"rendered":"https:\/\/juliasmagazine.com.br\/?p=37573"},"modified":"2026-09-02T20:37:59","modified_gmt":"2026-09-02T23:37:59","slug":"discord-tera-dez-dias-para-apresentar-proposta-de-protecao-a-usuarios","status":"publish","type":"post","link":"https:\/\/juliasmagazine.com.br\/?p=37573","title":{"rendered":"Discord ter\u00e1 dez dias para apresentar proposta de prote\u00e7\u00e3o a usu\u00e1rios"},"content":{"rendered":"<\/p>\n<p><a class=\"\" href=\"https:\/\/agenciabrasil.ebc.com.br\/justica\/noticia\/2026-09\/discord-tera-dez-dias-para-apresentar-proposta-de-protecao-usuarios\"><br \/>\n                    <img decoding=\"async\" src=\"https:\/\/cdn.jsdelivr.net\/gh\/sergiosdlima\/assets-ebc@1.0.0\/abr\/assets\/images\/logo-agenciabrasil.svg\" alt=\"Logo Ag\u00eancia Brasil\"><br \/>\n\t\t\t\t<\/a><\/p>\n<p><strong>A Justi\u00e7a Federal no Distrito Federal concedeu nesta quarta-feira (2) prazo de dez dias para a plataforma Discord apresentar uma proposta de concilia\u00e7\u00e3o na a\u00e7\u00e3o na qual o governo federal pede que a empresa efetive medidas para proteger mulheres, crian\u00e7as e adolescentes na internet.<\/strong><img decoding=\"async\" src=\"https:\/\/agenciabrasil.ebc.com.br\/ebc.png?id=1701406&#038;o=rss\"><img decoding=\"async\" src=\"https:\/\/agenciabrasil.ebc.com.br\/ebc.gif?id=1701406&#038;o=rss\"><\/p>\n<p>O prazo foi solicitado pela plataforma durante a primeira audi\u00eancia do caso, que tamb\u00e9m envolveu representantes da Advocacia-Geral da Uni\u00e3o (AGU) e do Minist\u00e9rio P\u00fablico Federal (MPF).<\/p>\n<\/p>\n<h3>Not\u00edcias relacionadas:<\/h3>\n<ul>\n<li><a href=\"https:\/\/agenciabrasil.ebc.com.br\/justica\/noticia\/2026-08\/agu-processa-discord-e-pede-r-500-milhoes-por-dano-moral-coletivo\">AGU processa Discord e pede R$ 500 milh\u00f5es por dano moral coletivo .<\/a><\/li>\n<li><a href=\"https:\/\/agenciabrasil.ebc.com.br\/direitos-humanos\/noticia\/2026-08\/entidades-publicam-carta-em-defesa-da-suspensao-de-lives-no-discord\">Entidades publicam carta em defesa da suspens\u00e3o de lives no Discord.<\/a><\/li>\n<\/ul>\n<p><strong>O Discord pretende apresentar um protocolo para receber notifica\u00e7\u00f5es sobre casos de sextors\u00e3o na plataforma, mecanismo de detec\u00e7\u00e3o e modera\u00e7\u00e3o de conte\u00fados sobre maus-tratos e crueldade contra animais, al\u00e9m de medidas para preservar dados de usu\u00e1rios para assegurar eventual requisi\u00e7\u00e3o por investiga\u00e7\u00f5es.<\/strong><\/p>\n<p>Antes de protocolar a a\u00e7\u00e3o na Justi\u00e7a, o governo federal <a href=\"http:\/\/agenciabrasil.ebc.com.br\/direitos-humanos\/noticia\/2026-08\/agu-se-reune-com-discord-e-cobra-protecao-de-criancas-na-plataformas\">tentou fechar acordo<\/a> com a plataforma para que as falhas fossem corrigidas.<\/p>\n<p>Contudo, a AGU informou que as medidas apresentadas anteriormente pela empresa foram consideradas insuficientes para eliminar as falhas apresentadas e <a href=\"http:\/\/agenciabrasil.ebc.com.br\/justica\/noticia\/2026-08\/agu-processa-discord-e-pede-r-500-milhoes-por-dano-moral-coletivo\">protocolou a a\u00e7\u00e3o na Justi\u00e7a<\/a>.\u00a0<\/p>\n<p>O Discord passou a ser cobrado pelo governo ap\u00f3s repercuss\u00e3o do caso de uma adolescente que foi induzida a tirar a pr\u00f3pria vida durante uma live transmitida pela plataforma. O epis\u00f3dio ocorreu em julho.\u00a0<\/p>\n","protected":false},"excerpt":{"rendered":"<p>A Justi\u00e7a Federal no Distrito Federal concedeu nesta quarta-feira (2) prazo de dez dias para a plataforma Discord apresentar uma proposta de concilia\u00e7\u00e3o na a\u00e7\u00e3o na qual o governo federal pede que a empresa efetive medidas para proteger mulheres, crian\u00e7as e adolescentes na internet. O prazo foi solicitado pela plataforma durante a primeira audi\u00eancia do [&hellip;]<\/p>\n","protected":false},"author":45,"featured_media":37574,"comment_status":"open","ping_status":"open","sticky":false,"template":"","format":"standard","meta":{"site-sidebar-layout":"default","site-content-layout":"","ast-site-content-layout":"","site-content-style":"default","site-sidebar-style":"default","ast-global-header-display":"","ast-banner-title-visibility":"","ast-main-header-display":"","ast-hfb-above-header-display":"","ast-hfb-below-header-display":"","ast-hfb-mobile-header-display":"","site-post-title":"","ast-breadcrumbs-content":"","ast-featured-img":"","footer-sml-layout":"","theme-transparent-header-meta":"","adv-header-id-meta":"","stick-header-meta":"","header-above-stick-meta":"","header-main-stick-meta":"","header-below-stick-meta":"","astra-migrate-meta-layouts":"default","ast-page-background-enabled":"default","ast-page-background-meta":{"desktop":{"background-color":"var(--ast-global-color-4)","background-image":"","background-repeat":"repeat","background-position":"center center","background-size":"auto","background-attachment":"scroll","background-type":"","background-media":"","overlay-type":"","overlay-color":"","overlay-opacity":"","overlay-gradient":""},"tablet":{"background-color":"","background-image":"","background-repeat":"repeat","background-position":"center center","background-size":"auto","background-attachment":"scroll","background-type":"","background-media":"","overlay-type":"","overlay-color":"","overlay-opacity":"","overlay-gradient":""},"mobile":{"background-color":"","background-image":"","background-repeat":"repeat","background-position":"center center","background-size":"auto","background-attachment":"scroll","background-type":"","background-media":"","overlay-type":"","overlay-color":"","overlay-opacity":"","overlay-gradient":""}},"ast-content-background-meta":{"desktop":{"background-color":"var(--ast-global-color-5)","background-image":"","background-repeat":"repeat","background-position":"center center","background-size":"auto","background-attachment":"scroll","background-type":"","background-media":"","overlay-type":"","overlay-color":"","overlay-opacity":"","overlay-gradient":""},"tablet":{"background-color":"var(--ast-global-color-5)","background-image":"","background-repeat":"repeat","background-position":"center center","background-size":"auto","background-attachment":"scroll","background-type":"","background-media":"","overlay-type":"","overlay-color":"","overlay-opacity":"","overlay-gradient":""},"mobile":{"background-color":"var(--ast-global-color-5)","background-image":"","background-repeat":"repeat","background-position":"center center","background-size":"auto","background-attachment":"scroll","background-type":"","background-media":"","overlay-type":"","overlay-color":"","overlay-opacity":"","overlay-gradient":""}},"footnotes":""},"categories":[3],"tags":[],"class_list":["post-37573","post","type-post","status-publish","format-standard","has-post-thumbnail","hentry","category-seguranca-e-justica"],"yoast_head":"<!-- This site is optimized with the Yoast SEO plugin v24.1 - https:\/\/yoast.com\/wordpress\/plugins\/seo\/ -->\n<title>Discord ter\u00e1 dez dias para apresentar proposta de prote\u00e7\u00e3o a usu\u00e1rios - Julias Magazine<\/title>\n<meta name=\"robots\" content=\"index, follow, max-snippet:-1, max-image-preview:large, max-video-preview:-1\" \/>\n<link rel=\"canonical\" href=\"https:\/\/juliasmagazine.com.br\/?p=37573\" \/>\n<meta property=\"og:locale\" content=\"pt_BR\" \/>\n<meta property=\"og:type\" content=\"article\" \/>\n<meta property=\"og:title\" content=\"Discord ter\u00e1 dez dias para apresentar proposta de prote\u00e7\u00e3o a usu\u00e1rios - Julias Magazine\" \/>\n<meta property=\"og:description\" content=\"A Justi\u00e7a Federal no Distrito Federal concedeu nesta quarta-feira (2) prazo de dez dias para a plataforma Discord apresentar uma proposta de concilia\u00e7\u00e3o na a\u00e7\u00e3o na qual o governo federal pede que a empresa efetive medidas para proteger mulheres, crian\u00e7as e adolescentes na internet. O prazo foi solicitado pela plataforma durante a primeira audi\u00eancia do [&hellip;]\" \/>\n<meta property=\"og:url\" content=\"https:\/\/juliasmagazine.com.br\/?p=37573\" \/>\n<meta property=\"og:site_name\" content=\"Julias Magazine\" \/>\n<meta property=\"article:published_time\" content=\"2026-09-02T23:37:59+00:00\" \/>\n<meta property=\"og:image\" content=\"https:\/\/cdn.jsdelivr.net\/gh\/sergiosdlima\/assets-ebc@1.0.0\/abr\/assets\/images\/logo-agenciabrasil.svg\" \/>\n<meta name=\"author\" content=\"Andre Richter - Reporter da Agencia Brasil\" \/>\n<meta name=\"twitter:card\" content=\"summary_large_image\" \/>\n<meta name=\"twitter:label1\" content=\"Escrito por\" \/>\n\t<meta name=\"twitter:data1\" content=\"Andre Richter - Reporter da Agencia Brasil\" \/>\n\t<meta name=\"twitter:label2\" content=\"Est. tempo de leitura\" \/>\n\t<meta name=\"twitter:data2\" content=\"1 minuto\" \/>\n<script type=\"application\/ld+json\" class=\"yoast-schema-graph\">{\"@context\":\"https:\/\/schema.org\",\"@graph\":[{\"@type\":\"Article\",\"@id\":\"https:\/\/juliasmagazine.com.br\/?p=37573#article\",\"isPartOf\":{\"@id\":\"https:\/\/juliasmagazine.com.br\/?p=37573\"},\"author\":{\"name\":\"Andre Richter - Reporter da Agencia Brasil\",\"@id\":\"https:\/\/juliasmagazine.com.br\/#\/schema\/person\/7c9b5d397a0285433f7ad22fe79162af\"},\"headline\":\"Discord ter\u00e1 dez dias para apresentar proposta de prote\u00e7\u00e3o a usu\u00e1rios\",\"datePublished\":\"2026-09-02T23:37:59+00:00\",\"dateModified\":\"2026-09-02T23:37:59+00:00\",\"mainEntityOfPage\":{\"@id\":\"https:\/\/juliasmagazine.com.br\/?p=37573\"},\"wordCount\":259,\"commentCount\":0,\"publisher\":{\"@id\":\"https:\/\/juliasmagazine.com.br\/#organization\"},\"image\":{\"@id\":\"https:\/\/juliasmagazine.com.br\/?p=37573#primaryimage\"},\"thumbnailUrl\":\"https:\/\/juliasmagazine.com.br\/wp-content\/uploads\/2026\/09\/37573-discord-tera-dez-dias-para-apresentar-proposta-de-protecao-a-usuarios.jpg\",\"articleSection\":[\"Seguran\u00e7a e Justi\u00e7a\"],\"inLanguage\":\"pt-BR\",\"potentialAction\":[{\"@type\":\"CommentAction\",\"name\":\"Comment\",\"target\":[\"https:\/\/juliasmagazine.com.br\/?p=37573#respond\"]}]},{\"@type\":\"WebPage\",\"@id\":\"https:\/\/juliasmagazine.com.br\/?p=37573\",\"url\":\"https:\/\/juliasmagazine.com.br\/?p=37573\",\"name\":\"Discord ter\u00e1 dez dias para apresentar proposta de prote\u00e7\u00e3o a usu\u00e1rios - Julias Magazine\",\"isPartOf\":{\"@id\":\"https:\/\/juliasmagazine.com.br\/#website\"},\"primaryImageOfPage\":{\"@id\":\"https:\/\/juliasmagazine.com.br\/?p=37573#primaryimage\"},\"image\":{\"@id\":\"https:\/\/juliasmagazine.com.br\/?p=37573#primaryimage\"},\"thumbnailUrl\":\"https:\/\/juliasmagazine.com.br\/wp-content\/uploads\/2026\/09\/37573-discord-tera-dez-dias-para-apresentar-proposta-de-protecao-a-usuarios.jpg\",\"datePublished\":\"2026-09-02T23:37:59+00:00\",\"dateModified\":\"2026-09-02T23:37:59+00:00\",\"breadcrumb\":{\"@id\":\"https:\/\/juliasmagazine.com.br\/?p=37573#breadcrumb\"},\"inLanguage\":\"pt-BR\",\"potentialAction\":[{\"@type\":\"ReadAction\",\"target\":[\"https:\/\/juliasmagazine.com.br\/?p=37573\"]}]},{\"@type\":\"ImageObject\",\"inLanguage\":\"pt-BR\",\"@id\":\"https:\/\/juliasmagazine.com.br\/?p=37573#primaryimage\",\"url\":\"https:\/\/juliasmagazine.com.br\/wp-content\/uploads\/2026\/09\/37573-discord-tera-dez-dias-para-apresentar-proposta-de-protecao-a-usuarios.jpg\",\"contentUrl\":\"https:\/\/juliasmagazine.com.br\/wp-content\/uploads\/2026\/09\/37573-discord-tera-dez-dias-para-apresentar-proposta-de-protecao-a-usuarios.jpg\",\"width\":1600,\"height\":800,\"caption\":\"Discord ter\u00e1 dez dias para apresentar proposta de prote\u00e7\u00e3o a usu\u00e1rios\"},{\"@type\":\"BreadcrumbList\",\"@id\":\"https:\/\/juliasmagazine.com.br\/?p=37573#breadcrumb\",\"itemListElement\":[{\"@type\":\"ListItem\",\"position\":1,\"name\":\"In\u00edcio\",\"item\":\"https:\/\/juliasmagazine.com.br\/\"},{\"@type\":\"ListItem\",\"position\":2,\"name\":\"Discord ter\u00e1 dez dias para apresentar proposta de prote\u00e7\u00e3o a usu\u00e1rios\"}]},{\"@type\":\"WebSite\",\"@id\":\"https:\/\/juliasmagazine.com.br\/#website\",\"url\":\"https:\/\/juliasmagazine.com.br\/\",\"name\":\"Julias Magazine\",\"description\":\"A Sua revista eletr\u00f4nica de moda,politica ,viagens ,cultura ,gastronomia e finan\u00e7as. .\",\"publisher\":{\"@id\":\"https:\/\/juliasmagazine.com.br\/#organization\"},\"potentialAction\":[{\"@type\":\"SearchAction\",\"target\":{\"@type\":\"EntryPoint\",\"urlTemplate\":\"https:\/\/juliasmagazine.com.br\/?s={search_term_string}\"},\"query-input\":{\"@type\":\"PropertyValueSpecification\",\"valueRequired\":true,\"valueName\":\"search_term_string\"}}],\"inLanguage\":\"pt-BR\"},{\"@type\":\"Organization\",\"@id\":\"https:\/\/juliasmagazine.com.br\/#organization\",\"name\":\"Julias Magazine\",\"url\":\"https:\/\/juliasmagazine.com.br\/\",\"logo\":{\"@type\":\"ImageObject\",\"inLanguage\":\"pt-BR\",\"@id\":\"https:\/\/juliasmagazine.com.br\/#\/schema\/logo\/image\/\",\"url\":\"https:\/\/oquefazerembalneariocamboriu.com\/wp-content\/uploads\/2023\/02\/o-que-fazer-em-balneario-camboriu.jpg\",\"contentUrl\":\"https:\/\/oquefazerembalneariocamboriu.com\/wp-content\/uploads\/2023\/02\/o-que-fazer-em-balneario-camboriu.jpg\",\"width\":1200,\"height\":675,\"caption\":\"Julias Magazine\"},\"image\":{\"@id\":\"https:\/\/juliasmagazine.com.br\/#\/schema\/logo\/image\/\"}},{\"@type\":\"Person\",\"@id\":\"https:\/\/juliasmagazine.com.br\/#\/schema\/person\/7c9b5d397a0285433f7ad22fe79162af\",\"name\":\"Andre Richter - Reporter da Agencia Brasil\",\"image\":{\"@type\":\"ImageObject\",\"inLanguage\":\"pt-BR\",\"@id\":\"https:\/\/juliasmagazine.com.br\/#\/schema\/person\/image\/\",\"url\":\"https:\/\/secure.gravatar.com\/avatar\/e61ba048872a7a2fcfccfd0fca637f7ea47de06a7aaf11dfafaf3e8b949880b5?s=96&d=mm&r=g\",\"contentUrl\":\"https:\/\/secure.gravatar.com\/avatar\/e61ba048872a7a2fcfccfd0fca637f7ea47de06a7aaf11dfafaf3e8b949880b5?s=96&d=mm&r=g\",\"caption\":\"Andre Richter - Reporter da Agencia Brasil\"},\"url\":\"https:\/\/juliasmagazine.com.br\/?author=45\"}]}<\/script>\n<!-- \/ Yoast SEO plugin. -->","yoast_head_json":{"title":"Discord ter\u00e1 dez dias para apresentar proposta de prote\u00e7\u00e3o a usu\u00e1rios - Julias Magazine","robots":{"index":"index","follow":"follow","max-snippet":"max-snippet:-1","max-image-preview":"max-image-preview:large","max-video-preview":"max-video-preview:-1"},"canonical":"https:\/\/juliasmagazine.com.br\/?p=37573","og_locale":"pt_BR","og_type":"article","og_title":"Discord ter\u00e1 dez dias para apresentar proposta de prote\u00e7\u00e3o a usu\u00e1rios - Julias Magazine","og_description":"A Justi\u00e7a Federal no Distrito Federal concedeu nesta quarta-feira (2) prazo de dez dias para a plataforma Discord apresentar uma proposta de concilia\u00e7\u00e3o na a\u00e7\u00e3o na qual o governo federal pede que a empresa efetive medidas para proteger mulheres, crian\u00e7as e adolescentes na internet. O prazo foi solicitado pela plataforma durante a primeira audi\u00eancia do [&hellip;]","og_url":"https:\/\/juliasmagazine.com.br\/?p=37573","og_site_name":"Julias Magazine","article_published_time":"2026-09-02T23:37:59+00:00","og_image":[{"url":"https:\/\/cdn.jsdelivr.net\/gh\/sergiosdlima\/assets-ebc@1.0.0\/abr\/assets\/images\/logo-agenciabrasil.svg","type":"","width":"","height":""}],"author":"Andre Richter - Reporter da Agencia Brasil","twitter_card":"summary_large_image","twitter_misc":{"Escrito por":"Andre Richter - Reporter da Agencia Brasil","Est. tempo de leitura":"1 minuto"},"schema":{"@context":"https:\/\/schema.org","@graph":[{"@type":"Article","@id":"https:\/\/juliasmagazine.com.br\/?p=37573#article","isPartOf":{"@id":"https:\/\/juliasmagazine.com.br\/?p=37573"},"author":{"name":"Andre Richter - Reporter da Agencia Brasil","@id":"https:\/\/juliasmagazine.com.br\/#\/schema\/person\/7c9b5d397a0285433f7ad22fe79162af"},"headline":"Discord ter\u00e1 dez dias para apresentar proposta de prote\u00e7\u00e3o a usu\u00e1rios","datePublished":"2026-09-02T23:37:59+00:00","dateModified":"2026-09-02T23:37:59+00:00","mainEntityOfPage":{"@id":"https:\/\/juliasmagazine.com.br\/?p=37573"},"wordCount":259,"commentCount":0,"publisher":{"@id":"https:\/\/juliasmagazine.com.br\/#organization"},"image":{"@id":"https:\/\/juliasmagazine.com.br\/?p=37573#primaryimage"},"thumbnailUrl":"https:\/\/juliasmagazine.com.br\/wp-content\/uploads\/2026\/09\/37573-discord-tera-dez-dias-para-apresentar-proposta-de-protecao-a-usuarios.jpg","articleSection":["Seguran\u00e7a e Justi\u00e7a"],"inLanguage":"pt-BR","potentialAction":[{"@type":"CommentAction","name":"Comment","target":["https:\/\/juliasmagazine.com.br\/?p=37573#respond"]}]},{"@type":"WebPage","@id":"https:\/\/juliasmagazine.com.br\/?p=37573","url":"https:\/\/juliasmagazine.com.br\/?p=37573","name":"Discord ter\u00e1 dez dias para apresentar proposta de prote\u00e7\u00e3o a usu\u00e1rios - Julias Magazine","isPartOf":{"@id":"https:\/\/juliasmagazine.com.br\/#website"},"primaryImageOfPage":{"@id":"https:\/\/juliasmagazine.com.br\/?p=37573#primaryimage"},"image":{"@id":"https:\/\/juliasmagazine.com.br\/?p=37573#primaryimage"},"thumbnailUrl":"https:\/\/juliasmagazine.com.br\/wp-content\/uploads\/2026\/09\/37573-discord-tera-dez-dias-para-apresentar-proposta-de-protecao-a-usuarios.jpg","datePublished":"2026-09-02T23:37:59+00:00","dateModified":"2026-09-02T23:37:59+00:00","breadcrumb":{"@id":"https:\/\/juliasmagazine.com.br\/?p=37573#breadcrumb"},"inLanguage":"pt-BR","potentialAction":[{"@type":"ReadAction","target":["https:\/\/juliasmagazine.com.br\/?p=37573"]}]},{"@type":"ImageObject","inLanguage":"pt-BR","@id":"https:\/\/juliasmagazine.com.br\/?p=37573#primaryimage","url":"https:\/\/juliasmagazine.com.br\/wp-content\/uploads\/2026\/09\/37573-discord-tera-dez-dias-para-apresentar-proposta-de-protecao-a-usuarios.jpg","contentUrl":"https:\/\/juliasmagazine.com.br\/wp-content\/uploads\/2026\/09\/37573-discord-tera-dez-dias-para-apresentar-proposta-de-protecao-a-usuarios.jpg","width":1600,"height":800,"caption":"Discord ter\u00e1 dez dias para apresentar proposta de prote\u00e7\u00e3o a usu\u00e1rios"},{"@type":"BreadcrumbList","@id":"https:\/\/juliasmagazine.com.br\/?p=37573#breadcrumb","itemListElement":[{"@type":"ListItem","position":1,"name":"In\u00edcio","item":"https:\/\/juliasmagazine.com.br\/"},{"@type":"ListItem","position":2,"name":"Discord ter\u00e1 dez dias para apresentar proposta de prote\u00e7\u00e3o a usu\u00e1rios"}]},{"@type":"WebSite","@id":"https:\/\/juliasmagazine.com.br\/#website","url":"https:\/\/juliasmagazine.com.br\/","name":"Julias Magazine","description":"A Sua revista eletr\u00f4nica de moda,politica ,viagens ,cultura ,gastronomia e finan\u00e7as. .","publisher":{"@id":"https:\/\/juliasmagazine.com.br\/#organization"},"potentialAction":[{"@type":"SearchAction","target":{"@type":"EntryPoint","urlTemplate":"https:\/\/juliasmagazine.com.br\/?s={search_term_string}"},"query-input":{"@type":"PropertyValueSpecification","valueRequired":true,"valueName":"search_term_string"}}],"inLanguage":"pt-BR"},{"@type":"Organization","@id":"https:\/\/juliasmagazine.com.br\/#organization","name":"Julias Magazine","url":"https:\/\/juliasmagazine.com.br\/","logo":{"@type":"ImageObject","inLanguage":"pt-BR","@id":"https:\/\/juliasmagazine.com.br\/#\/schema\/logo\/image\/","url":"https:\/\/oquefazerembalneariocamboriu.com\/wp-content\/uploads\/2023\/02\/o-que-fazer-em-balneario-camboriu.jpg","contentUrl":"https:\/\/oquefazerembalneariocamboriu.com\/wp-content\/uploads\/2023\/02\/o-que-fazer-em-balneario-camboriu.jpg","width":1200,"height":675,"caption":"Julias Magazine"},"image":{"@id":"https:\/\/juliasmagazine.com.br\/#\/schema\/logo\/image\/"}},{"@type":"Person","@id":"https:\/\/juliasmagazine.com.br\/#\/schema\/person\/7c9b5d397a0285433f7ad22fe79162af","name":"Andre Richter - Reporter da Agencia Brasil","image":{"@type":"ImageObject","inLanguage":"pt-BR","@id":"https:\/\/juliasmagazine.com.br\/#\/schema\/person\/image\/","url":"https:\/\/secure.gravatar.com\/avatar\/e61ba048872a7a2fcfccfd0fca637f7ea47de06a7aaf11dfafaf3e8b949880b5?s=96&d=mm&r=g","contentUrl":"https:\/\/secure.gravatar.com\/avatar\/e61ba048872a7a2fcfccfd0fca637f7ea47de06a7aaf11dfafaf3e8b949880b5?s=96&d=mm&r=g","caption":"Andre Richter - Reporter da Agencia Brasil"},"url":"https:\/\/juliasmagazine.com.br\/?author=45"}]}},"_links":{"self":[{"href":"https:\/\/juliasmagazine.com.br\/index.php?rest_route=\/wp\/v2\/posts\/37573","targetHints":{"allow":["GET"]}}],"collection":[{"href":"https:\/\/juliasmagazine.com.br\/index.php?rest_route=\/wp\/v2\/posts"}],"about":[{"href":"https:\/\/juliasmagazine.com.br\/index.php?rest_route=\/wp\/v2\/types\/post"}],"author":[{"embeddable":true,"href":"https:\/\/juliasmagazine.com.br\/index.php?rest_route=\/wp\/v2\/users\/45"}],"replies":[{"embeddable":true,"href":"https:\/\/juliasmagazine.com.br\/index.php?rest_route=%2Fwp%2Fv2%2Fcomments&post=37573"}],"version-history":[{"count":0,"href":"https:\/\/juliasmagazine.com.br\/index.php?rest_route=\/wp\/v2\/posts\/37573\/revisions"}],"wp:featuredmedia":[{"embeddable":true,"href":"https:\/\/juliasmagazine.com.br\/index.php?rest_route=\/wp\/v2\/media\/37574"}],"wp:attachment":[{"href":"https:\/\/juliasmagazine.com.br\/index.php?rest_route=%2Fwp%2Fv2%2Fmedia&parent=37573"}],"wp:term":[{"taxonomy":"category","embeddable":true,"href":"https:\/\/juliasmagazine.com.br\/index.php?rest_route=%2Fwp%2Fv2%2Fcategories&post=37573"},{"taxonomy":"post_tag","embeddable":true,"href":"https:\/\/juliasmagazine.com.br\/index.php?rest_route=%2Fwp%2Fv2%2Ftags&post=37573"}],"curies":[{"name":"wp","href":"https:\/\/api.w.org\/{rel}","templated":true}]}}