{"id":37563,"date":"2026-09-02T18:35:47","date_gmt":"2026-09-02T21:35:47","guid":{"rendered":"https:\/\/juliasmagazine.com.br\/?p=37563"},"modified":"2026-09-02T18:35:47","modified_gmt":"2026-09-02T21:35:47","slug":"professores-de-escolas-particulares-do-rio-fazem-greve-de-24-horas","status":"publish","type":"post","link":"https:\/\/juliasmagazine.com.br\/?p=37563","title":{"rendered":"Professores de escolas particulares do Rio fazem greve de 24 horas"},"content":{"rendered":"<\/p>\n<p><a class=\"\" href=\"https:\/\/agenciabrasil.ebc.com.br\/educacao\/noticia\/2026-09\/professores-de-escolas-particulares-no-rio-fazem-greve-de-24-horas\"><br \/>\n                    <img decoding=\"async\" src=\"https:\/\/cdn.jsdelivr.net\/gh\/sergiosdlima\/assets-ebc@1.0.0\/abr\/assets\/images\/logo-agenciabrasil.svg\" alt=\"Logo Ag\u00eancia Brasil\"><br \/>\n\t\t\t\t<\/a><\/p>\n<p>Professores de escolas particulares do Rio de Janeiro cruzaram os bra\u00e7os nesta quarta-feira (2) em reivindica\u00e7\u00e3o por melhores condi\u00e7\u00f5es de trabalho. A luta \u00e9 por reajuste salarial e pela valoriza\u00e7\u00e3o dos profissionais.\u00a0<img decoding=\"async\" src=\"https:\/\/agenciabrasil.ebc.com.br\/ebc.png?id=1701387&#038;o=rss\"><img decoding=\"async\" src=\"https:\/\/agenciabrasil.ebc.com.br\/ebc.gif?id=1701387&#038;o=rss\"><\/p>\n<p><strong>A greve, de 24 horas, foi aprovada em assembleia conduzida pelo Sindicato dos Professores do Munic\u00edpio do Rio de Janeiro e Regi\u00e3o (Sinpro-Rio), no \u00faltimo s\u00e1bado (29), ap\u00f3s rodadas de negocia\u00e7\u00e3o sem acordo<\/strong>.<\/p>\n<\/p>\n<h3>Not\u00edcias relacionadas:<\/h3>\n<ul>\n<li><a href=\"https:\/\/agenciabrasil.ebc.com.br\/politica\/noticia\/2026-07\/senado-aprova-penas-maiores-em-crimes-contra-professores-e-medicos\">Senado aprova penas maiores em crimes contra professores e m\u00e9dicos.<\/a><\/li>\n<li><a href=\"https:\/\/agenciabrasil.ebc.com.br\/politica\/noticia\/2026-07\/professores-da-uerj-suspendem-greve-apos-tres-meses-de-paralisacao\">Professores da Uerj suspendem greve, ap\u00f3s tr\u00eas meses de paralisa\u00e7\u00e3o.<\/a><\/li>\n<li><a href=\"https:\/\/agenciabrasil.ebc.com.br\/educacao\/noticia\/2026-06\/mais-de-10-mil-professores-foram-contratados-com-nota-da-pnd-de-2025\">Mais de 10 mil professores foram contratados com nota da PND de 2025.<\/a><\/li>\n<\/ul>\n<p>Nesta quarta, mobilizados, os professores realizaram um ato no Largo do Machado, no bairro Catete, na zona sul da cidade. Participaram da paralisa\u00e7\u00e3o, de acordo com o sindicato, mais de 1 mil profissionais.\u00a0<\/p>\n<h2>Reivindica\u00e7\u00f5es<\/h2>\n<ul>\n<li><strong>pagamento da hora-atividade, trabalhada\u00a0fora da sala de aula\u00a0em atividades pedag\u00f3gicas; <\/strong><\/li>\n<li><strong>gratifica\u00e7\u00e3o pelo aprimoramento acad\u00eamico; <\/strong><\/li>\n<li><strong>equipara\u00e7\u00e3o salarial entre profissionais da educa\u00e7\u00e3o infantil, do ensino fundamental e do ensino m\u00e9dio; <\/strong><\/li>\n<li><strong>reajuste salarial de ao menos 5,5%.<\/strong><\/li>\n<\/ul>\n<p>De acordo com o diretor jur\u00eddico do SinproRio, F\u00e1bio Conde, o sal\u00e1rio est\u00e1 defasado. Al\u00e9m disso, <strong>principalmente ap\u00f3s a pandemia, o trabalho fora da sala de aula aumentou, com trabalho virtual, uso de plataformas de ensino, adapta\u00e7\u00e3o de materiais, entre outras tarefas<\/strong>.\u00a0<\/p>\n<p>&#8220;A gente vem solicitando que o patronato aceite que a gente inclua uma cl\u00e1usula para remunera\u00e7\u00e3o por essa hora-atividade fora de sala de aula, porque o professor tem trabalhado demais sem receber nada&#8221;, diz.<\/p>\n<blockquote>\n<p>&#8220;O professor est\u00e1 trabalhando na escala 7 por 0, porque ele trabalha todos os dias, ele tem fichas, tem trabalhos para corrigir, ele tem uma s\u00e9rie de coisas para fazer todos os dias, mesmo fora de sala de aula e n\u00e3o tem intervalo&#8221;, acrescenta. &#8220;A quantidade de professores que est\u00e3o afastados por quest\u00f5es mentais \u00e9 muito grande&#8221;.\u00a0<\/p>\n<\/blockquote>\n<p>A <strong>Ag\u00eancia Brasil<\/strong> entrou em contato com o Sindicato dos Esta\u00adbelecimentos de Ensino no Rio de Janeiro (SinepeRio) que optou por n\u00e3o se manifestar, neste momento, sobre o tema.\u00a0<\/p>\n<p>\u00a0<\/p>\n<div class=\"dnd-widget-wrapper context-cheio_8colunas type-image\">\n<div class=\"dnd-atom-rendered\"><!-- scald=473305:cheio_8colunas --><br \/>\n            <img decoding=\"async\" src=\"https:\/\/agenciabrasil.ebc.com.br\/sites\/default\/files\/thumbnails\/image\/loading_v2.gif\" data-echo=\"https:\/\/imagens.ebc.com.br\/Pkx4rdjW-KqMe61x6ykfMKqye20=\/754x0\/smart\/https:\/\/agenciabrasil.ebc.com.br\/sites\/default\/files\/thumbnails\/image\/2026\/09\/02\/_d6a3052_0.jpg?itok=TE2brKv9\" alt=\"Rio de Janeiro (RJ), 02\/09\/2026  \u2013 Professores das escolas particulares do Rio de Janeiro, em greve por reajuste salarial e outras reivindica\u00e7\u00f5es, protestam nas ruas da regi\u00e3o do Largo do Machado. Foto: Fernando Fraz\u00e3o\/Ag\u00eancia Brasil\" title=\"Fernando Fraz\u00e3o\/Ag\u00eancia Brasil\"><br \/>\n        <noscript><img decoding=\"async\" src=\"https:\/\/imagens.ebc.com.br\/Pkx4rdjW-KqMe61x6ykfMKqye20=\/754x0\/smart\/https:\/\/agenciabrasil.ebc.com.br\/sites\/default\/files\/thumbnails\/image\/2026\/09\/02\/_d6a3052_0.jpg?itok=TE2brKv9\" alt=\"Rio de Janeiro (RJ), 02\/09\/2026  \u2013 Professores das escolas particulares do Rio de Janeiro, em greve por reajuste salarial e outras reivindica\u00e7\u00f5es, protestam nas ruas da regi\u00e3o do Largo do Machado. Foto: Fernando Fraz\u00e3o\/Ag\u00eancia Brasil\" title=\"Fernando Fraz\u00e3o\/Ag\u00eancia Brasil\"><\/noscript><br \/>\n    <!-- END scald=473305 --><\/div>\n<div class=\"dnd-caption-wrapper\">\n<h6 class=\"meta\">Professores das escolas particulares do Rio de Janeiro, em greve por reajuste salarial e outras reivindica\u00e7\u00f5es, protestam nas ruas da regi\u00e3o do Largo do Machado. Foto:\u00a0<strong>Fernando Fraz\u00e3o\/Ag\u00eancia Brasil<\/strong><!--END copyright=473305--><\/h6>\n<\/div>\n<\/div>\n","protected":false},"excerpt":{"rendered":"<p>Professores de escolas particulares do Rio de Janeiro cruzaram os bra\u00e7os nesta quarta-feira (2) em reivindica\u00e7\u00e3o por melhores condi\u00e7\u00f5es de trabalho. A luta \u00e9 por reajuste salarial e pela valoriza\u00e7\u00e3o dos profissionais.\u00a0 A greve, de 24 horas, foi aprovada em assembleia conduzida pelo Sindicato dos Professores do Munic\u00edpio do Rio de Janeiro e Regi\u00e3o (Sinpro-Rio), [&hellip;]<\/p>\n","protected":false},"author":28,"featured_media":37564,"comment_status":"open","ping_status":"open","sticky":false,"template":"","format":"standard","meta":{"site-sidebar-layout":"default","site-content-layout":"","ast-site-content-layout":"","site-content-style":"default","site-sidebar-style":"default","ast-global-header-display":"","ast-banner-title-visibility":"","ast-main-header-display":"","ast-hfb-above-header-display":"","ast-hfb-below-header-display":"","ast-hfb-mobile-header-display":"","site-post-title":"","ast-breadcrumbs-content":"","ast-featured-img":"","footer-sml-layout":"","theme-transparent-header-meta":"","adv-header-id-meta":"","stick-header-meta":"","header-above-stick-meta":"","header-main-stick-meta":"","header-below-stick-meta":"","astra-migrate-meta-layouts":"default","ast-page-background-enabled":"default","ast-page-background-meta":{"desktop":{"background-color":"var(--ast-global-color-4)","background-image":"","background-repeat":"repeat","background-position":"center center","background-size":"auto","background-attachment":"scroll","background-type":"","background-media":"","overlay-type":"","overlay-color":"","overlay-opacity":"","overlay-gradient":""},"tablet":{"background-color":"","background-image":"","background-repeat":"repeat","background-position":"center center","background-size":"auto","background-attachment":"scroll","background-type":"","background-media":"","overlay-type":"","overlay-color":"","overlay-opacity":"","overlay-gradient":""},"mobile":{"background-color":"","background-image":"","background-repeat":"repeat","background-position":"center center","background-size":"auto","background-attachment":"scroll","background-type":"","background-media":"","overlay-type":"","overlay-color":"","overlay-opacity":"","overlay-gradient":""}},"ast-content-background-meta":{"desktop":{"background-color":"var(--ast-global-color-5)","background-image":"","background-repeat":"repeat","background-position":"center center","background-size":"auto","background-attachment":"scroll","background-type":"","background-media":"","overlay-type":"","overlay-color":"","overlay-opacity":"","overlay-gradient":""},"tablet":{"background-color":"var(--ast-global-color-5)","background-image":"","background-repeat":"repeat","background-position":"center center","background-size":"auto","background-attachment":"scroll","background-type":"","background-media":"","overlay-type":"","overlay-color":"","overlay-opacity":"","overlay-gradient":""},"mobile":{"background-color":"var(--ast-global-color-5)","background-image":"","background-repeat":"repeat","background-position":"center center","background-size":"auto","background-attachment":"scroll","background-type":"","background-media":"","overlay-type":"","overlay-color":"","overlay-opacity":"","overlay-gradient":""}},"footnotes":""},"categories":[18],"tags":[],"class_list":["post-37563","post","type-post","status-publish","format-standard","has-post-thumbnail","hentry","category-educacao-e-carreiras"],"yoast_head":"<!-- This site is optimized with the Yoast SEO plugin v24.1 - https:\/\/yoast.com\/wordpress\/plugins\/seo\/ -->\n<title>Professores de escolas particulares do Rio fazem greve de 24 horas - Julias Magazine<\/title>\n<meta name=\"robots\" content=\"index, follow, max-snippet:-1, max-image-preview:large, max-video-preview:-1\" \/>\n<link rel=\"canonical\" href=\"https:\/\/juliasmagazine.com.br\/?p=37563\" \/>\n<meta property=\"og:locale\" content=\"pt_BR\" \/>\n<meta property=\"og:type\" content=\"article\" \/>\n<meta property=\"og:title\" content=\"Professores de escolas particulares do Rio fazem greve de 24 horas - Julias Magazine\" \/>\n<meta property=\"og:description\" content=\"Professores de escolas particulares do Rio de Janeiro cruzaram os bra\u00e7os nesta quarta-feira (2) em reivindica\u00e7\u00e3o por melhores condi\u00e7\u00f5es de trabalho. A luta \u00e9 por reajuste salarial e pela valoriza\u00e7\u00e3o dos profissionais.\u00a0 A greve, de 24 horas, foi aprovada em assembleia conduzida pelo Sindicato dos Professores do Munic\u00edpio do Rio de Janeiro e Regi\u00e3o (Sinpro-Rio), [&hellip;]\" \/>\n<meta property=\"og:url\" content=\"https:\/\/juliasmagazine.com.br\/?p=37563\" \/>\n<meta property=\"og:site_name\" content=\"Julias Magazine\" \/>\n<meta property=\"article:published_time\" content=\"2026-09-02T21:35:47+00:00\" \/>\n<meta property=\"og:image\" content=\"https:\/\/cdn.jsdelivr.net\/gh\/sergiosdlima\/assets-ebc@1.0.0\/abr\/assets\/images\/logo-agenciabrasil.svg\" \/>\n<meta name=\"author\" content=\"Mariana Tokarnia - Reporter da Agencia Brasil\" \/>\n<meta name=\"twitter:card\" content=\"summary_large_image\" \/>\n<meta name=\"twitter:label1\" content=\"Escrito por\" \/>\n\t<meta name=\"twitter:data1\" content=\"Mariana Tokarnia - Reporter da Agencia Brasil\" \/>\n\t<meta name=\"twitter:label2\" content=\"Est. tempo de leitura\" \/>\n\t<meta name=\"twitter:data2\" content=\"2 minutos\" \/>\n<script type=\"application\/ld+json\" class=\"yoast-schema-graph\">{\"@context\":\"https:\/\/schema.org\",\"@graph\":[{\"@type\":\"Article\",\"@id\":\"https:\/\/juliasmagazine.com.br\/?p=37563#article\",\"isPartOf\":{\"@id\":\"https:\/\/juliasmagazine.com.br\/?p=37563\"},\"author\":{\"name\":\"Mariana Tokarnia - Reporter da Agencia Brasil\",\"@id\":\"https:\/\/juliasmagazine.com.br\/#\/schema\/person\/cf0f309887917f0fc56e9856f7bae23d\"},\"headline\":\"Professores de escolas particulares do Rio fazem greve de 24 horas\",\"datePublished\":\"2026-09-02T21:35:47+00:00\",\"dateModified\":\"2026-09-02T21:35:47+00:00\",\"mainEntityOfPage\":{\"@id\":\"https:\/\/juliasmagazine.com.br\/?p=37563\"},\"wordCount\":402,\"commentCount\":0,\"publisher\":{\"@id\":\"https:\/\/juliasmagazine.com.br\/#organization\"},\"image\":{\"@id\":\"https:\/\/juliasmagazine.com.br\/?p=37563#primaryimage\"},\"thumbnailUrl\":\"https:\/\/juliasmagazine.com.br\/wp-content\/uploads\/2026\/09\/37563-professores-de-escolas-particulares-do-rio-fazem-greve-de-24-horas.jpg\",\"articleSection\":[\"Educa\u00e7\u00e3o e Carreiras\"],\"inLanguage\":\"pt-BR\",\"potentialAction\":[{\"@type\":\"CommentAction\",\"name\":\"Comment\",\"target\":[\"https:\/\/juliasmagazine.com.br\/?p=37563#respond\"]}]},{\"@type\":\"WebPage\",\"@id\":\"https:\/\/juliasmagazine.com.br\/?p=37563\",\"url\":\"https:\/\/juliasmagazine.com.br\/?p=37563\",\"name\":\"Professores de escolas particulares do Rio fazem greve de 24 horas - Julias Magazine\",\"isPartOf\":{\"@id\":\"https:\/\/juliasmagazine.com.br\/#website\"},\"primaryImageOfPage\":{\"@id\":\"https:\/\/juliasmagazine.com.br\/?p=37563#primaryimage\"},\"image\":{\"@id\":\"https:\/\/juliasmagazine.com.br\/?p=37563#primaryimage\"},\"thumbnailUrl\":\"https:\/\/juliasmagazine.com.br\/wp-content\/uploads\/2026\/09\/37563-professores-de-escolas-particulares-do-rio-fazem-greve-de-24-horas.jpg\",\"datePublished\":\"2026-09-02T21:35:47+00:00\",\"dateModified\":\"2026-09-02T21:35:47+00:00\",\"breadcrumb\":{\"@id\":\"https:\/\/juliasmagazine.com.br\/?p=37563#breadcrumb\"},\"inLanguage\":\"pt-BR\",\"potentialAction\":[{\"@type\":\"ReadAction\",\"target\":[\"https:\/\/juliasmagazine.com.br\/?p=37563\"]}]},{\"@type\":\"ImageObject\",\"inLanguage\":\"pt-BR\",\"@id\":\"https:\/\/juliasmagazine.com.br\/?p=37563#primaryimage\",\"url\":\"https:\/\/juliasmagazine.com.br\/wp-content\/uploads\/2026\/09\/37563-professores-de-escolas-particulares-do-rio-fazem-greve-de-24-horas.jpg\",\"contentUrl\":\"https:\/\/juliasmagazine.com.br\/wp-content\/uploads\/2026\/09\/37563-professores-de-escolas-particulares-do-rio-fazem-greve-de-24-horas.jpg\",\"width\":1600,\"height\":800,\"caption\":\"Professores de escolas particulares do Rio fazem greve de 24 horas\"},{\"@type\":\"BreadcrumbList\",\"@id\":\"https:\/\/juliasmagazine.com.br\/?p=37563#breadcrumb\",\"itemListElement\":[{\"@type\":\"ListItem\",\"position\":1,\"name\":\"In\u00edcio\",\"item\":\"https:\/\/juliasmagazine.com.br\/\"},{\"@type\":\"ListItem\",\"position\":2,\"name\":\"Professores de escolas particulares do Rio fazem greve de 24 horas\"}]},{\"@type\":\"WebSite\",\"@id\":\"https:\/\/juliasmagazine.com.br\/#website\",\"url\":\"https:\/\/juliasmagazine.com.br\/\",\"name\":\"Julias Magazine\",\"description\":\"A Sua revista eletr\u00f4nica de moda,politica ,viagens ,cultura ,gastronomia e finan\u00e7as. .\",\"publisher\":{\"@id\":\"https:\/\/juliasmagazine.com.br\/#organization\"},\"potentialAction\":[{\"@type\":\"SearchAction\",\"target\":{\"@type\":\"EntryPoint\",\"urlTemplate\":\"https:\/\/juliasmagazine.com.br\/?s={search_term_string}\"},\"query-input\":{\"@type\":\"PropertyValueSpecification\",\"valueRequired\":true,\"valueName\":\"search_term_string\"}}],\"inLanguage\":\"pt-BR\"},{\"@type\":\"Organization\",\"@id\":\"https:\/\/juliasmagazine.com.br\/#organization\",\"name\":\"Julias Magazine\",\"url\":\"https:\/\/juliasmagazine.com.br\/\",\"logo\":{\"@type\":\"ImageObject\",\"inLanguage\":\"pt-BR\",\"@id\":\"https:\/\/juliasmagazine.com.br\/#\/schema\/logo\/image\/\",\"url\":\"https:\/\/oquefazerembalneariocamboriu.com\/wp-content\/uploads\/2023\/02\/o-que-fazer-em-balneario-camboriu.jpg\",\"contentUrl\":\"https:\/\/oquefazerembalneariocamboriu.com\/wp-content\/uploads\/2023\/02\/o-que-fazer-em-balneario-camboriu.jpg\",\"width\":1200,\"height\":675,\"caption\":\"Julias Magazine\"},\"image\":{\"@id\":\"https:\/\/juliasmagazine.com.br\/#\/schema\/logo\/image\/\"}},{\"@type\":\"Person\",\"@id\":\"https:\/\/juliasmagazine.com.br\/#\/schema\/person\/cf0f309887917f0fc56e9856f7bae23d\",\"name\":\"Mariana Tokarnia - Reporter da Agencia Brasil\",\"image\":{\"@type\":\"ImageObject\",\"inLanguage\":\"pt-BR\",\"@id\":\"https:\/\/juliasmagazine.com.br\/#\/schema\/person\/image\/\",\"url\":\"https:\/\/secure.gravatar.com\/avatar\/8f429ad23efb157a0afbda0771582bb7ecc67fb04714578e257384eb432a5586?s=96&d=mm&r=g\",\"contentUrl\":\"https:\/\/secure.gravatar.com\/avatar\/8f429ad23efb157a0afbda0771582bb7ecc67fb04714578e257384eb432a5586?s=96&d=mm&r=g\",\"caption\":\"Mariana Tokarnia - Reporter da Agencia Brasil\"},\"url\":\"https:\/\/juliasmagazine.com.br\/?author=28\"}]}<\/script>\n<!-- \/ Yoast SEO plugin. -->","yoast_head_json":{"title":"Professores de escolas particulares do Rio fazem greve de 24 horas - Julias Magazine","robots":{"index":"index","follow":"follow","max-snippet":"max-snippet:-1","max-image-preview":"max-image-preview:large","max-video-preview":"max-video-preview:-1"},"canonical":"https:\/\/juliasmagazine.com.br\/?p=37563","og_locale":"pt_BR","og_type":"article","og_title":"Professores de escolas particulares do Rio fazem greve de 24 horas - Julias Magazine","og_description":"Professores de escolas particulares do Rio de Janeiro cruzaram os bra\u00e7os nesta quarta-feira (2) em reivindica\u00e7\u00e3o por melhores condi\u00e7\u00f5es de trabalho. A luta \u00e9 por reajuste salarial e pela valoriza\u00e7\u00e3o dos profissionais.\u00a0 A greve, de 24 horas, foi aprovada em assembleia conduzida pelo Sindicato dos Professores do Munic\u00edpio do Rio de Janeiro e Regi\u00e3o (Sinpro-Rio), [&hellip;]","og_url":"https:\/\/juliasmagazine.com.br\/?p=37563","og_site_name":"Julias Magazine","article_published_time":"2026-09-02T21:35:47+00:00","og_image":[{"url":"https:\/\/cdn.jsdelivr.net\/gh\/sergiosdlima\/assets-ebc@1.0.0\/abr\/assets\/images\/logo-agenciabrasil.svg","type":"","width":"","height":""}],"author":"Mariana Tokarnia - Reporter da Agencia Brasil","twitter_card":"summary_large_image","twitter_misc":{"Escrito por":"Mariana Tokarnia - Reporter da Agencia Brasil","Est. tempo de leitura":"2 minutos"},"schema":{"@context":"https:\/\/schema.org","@graph":[{"@type":"Article","@id":"https:\/\/juliasmagazine.com.br\/?p=37563#article","isPartOf":{"@id":"https:\/\/juliasmagazine.com.br\/?p=37563"},"author":{"name":"Mariana Tokarnia - Reporter da Agencia Brasil","@id":"https:\/\/juliasmagazine.com.br\/#\/schema\/person\/cf0f309887917f0fc56e9856f7bae23d"},"headline":"Professores de escolas particulares do Rio fazem greve de 24 horas","datePublished":"2026-09-02T21:35:47+00:00","dateModified":"2026-09-02T21:35:47+00:00","mainEntityOfPage":{"@id":"https:\/\/juliasmagazine.com.br\/?p=37563"},"wordCount":402,"commentCount":0,"publisher":{"@id":"https:\/\/juliasmagazine.com.br\/#organization"},"image":{"@id":"https:\/\/juliasmagazine.com.br\/?p=37563#primaryimage"},"thumbnailUrl":"https:\/\/juliasmagazine.com.br\/wp-content\/uploads\/2026\/09\/37563-professores-de-escolas-particulares-do-rio-fazem-greve-de-24-horas.jpg","articleSection":["Educa\u00e7\u00e3o e Carreiras"],"inLanguage":"pt-BR","potentialAction":[{"@type":"CommentAction","name":"Comment","target":["https:\/\/juliasmagazine.com.br\/?p=37563#respond"]}]},{"@type":"WebPage","@id":"https:\/\/juliasmagazine.com.br\/?p=37563","url":"https:\/\/juliasmagazine.com.br\/?p=37563","name":"Professores de escolas particulares do Rio fazem greve de 24 horas - Julias Magazine","isPartOf":{"@id":"https:\/\/juliasmagazine.com.br\/#website"},"primaryImageOfPage":{"@id":"https:\/\/juliasmagazine.com.br\/?p=37563#primaryimage"},"image":{"@id":"https:\/\/juliasmagazine.com.br\/?p=37563#primaryimage"},"thumbnailUrl":"https:\/\/juliasmagazine.com.br\/wp-content\/uploads\/2026\/09\/37563-professores-de-escolas-particulares-do-rio-fazem-greve-de-24-horas.jpg","datePublished":"2026-09-02T21:35:47+00:00","dateModified":"2026-09-02T21:35:47+00:00","breadcrumb":{"@id":"https:\/\/juliasmagazine.com.br\/?p=37563#breadcrumb"},"inLanguage":"pt-BR","potentialAction":[{"@type":"ReadAction","target":["https:\/\/juliasmagazine.com.br\/?p=37563"]}]},{"@type":"ImageObject","inLanguage":"pt-BR","@id":"https:\/\/juliasmagazine.com.br\/?p=37563#primaryimage","url":"https:\/\/juliasmagazine.com.br\/wp-content\/uploads\/2026\/09\/37563-professores-de-escolas-particulares-do-rio-fazem-greve-de-24-horas.jpg","contentUrl":"https:\/\/juliasmagazine.com.br\/wp-content\/uploads\/2026\/09\/37563-professores-de-escolas-particulares-do-rio-fazem-greve-de-24-horas.jpg","width":1600,"height":800,"caption":"Professores de escolas particulares do Rio fazem greve de 24 horas"},{"@type":"BreadcrumbList","@id":"https:\/\/juliasmagazine.com.br\/?p=37563#breadcrumb","itemListElement":[{"@type":"ListItem","position":1,"name":"In\u00edcio","item":"https:\/\/juliasmagazine.com.br\/"},{"@type":"ListItem","position":2,"name":"Professores de escolas particulares do Rio fazem greve de 24 horas"}]},{"@type":"WebSite","@id":"https:\/\/juliasmagazine.com.br\/#website","url":"https:\/\/juliasmagazine.com.br\/","name":"Julias Magazine","description":"A Sua revista eletr\u00f4nica de moda,politica ,viagens ,cultura ,gastronomia e finan\u00e7as. .","publisher":{"@id":"https:\/\/juliasmagazine.com.br\/#organization"},"potentialAction":[{"@type":"SearchAction","target":{"@type":"EntryPoint","urlTemplate":"https:\/\/juliasmagazine.com.br\/?s={search_term_string}"},"query-input":{"@type":"PropertyValueSpecification","valueRequired":true,"valueName":"search_term_string"}}],"inLanguage":"pt-BR"},{"@type":"Organization","@id":"https:\/\/juliasmagazine.com.br\/#organization","name":"Julias Magazine","url":"https:\/\/juliasmagazine.com.br\/","logo":{"@type":"ImageObject","inLanguage":"pt-BR","@id":"https:\/\/juliasmagazine.com.br\/#\/schema\/logo\/image\/","url":"https:\/\/oquefazerembalneariocamboriu.com\/wp-content\/uploads\/2023\/02\/o-que-fazer-em-balneario-camboriu.jpg","contentUrl":"https:\/\/oquefazerembalneariocamboriu.com\/wp-content\/uploads\/2023\/02\/o-que-fazer-em-balneario-camboriu.jpg","width":1200,"height":675,"caption":"Julias Magazine"},"image":{"@id":"https:\/\/juliasmagazine.com.br\/#\/schema\/logo\/image\/"}},{"@type":"Person","@id":"https:\/\/juliasmagazine.com.br\/#\/schema\/person\/cf0f309887917f0fc56e9856f7bae23d","name":"Mariana Tokarnia - Reporter da Agencia Brasil","image":{"@type":"ImageObject","inLanguage":"pt-BR","@id":"https:\/\/juliasmagazine.com.br\/#\/schema\/person\/image\/","url":"https:\/\/secure.gravatar.com\/avatar\/8f429ad23efb157a0afbda0771582bb7ecc67fb04714578e257384eb432a5586?s=96&d=mm&r=g","contentUrl":"https:\/\/secure.gravatar.com\/avatar\/8f429ad23efb157a0afbda0771582bb7ecc67fb04714578e257384eb432a5586?s=96&d=mm&r=g","caption":"Mariana Tokarnia - Reporter da Agencia Brasil"},"url":"https:\/\/juliasmagazine.com.br\/?author=28"}]}},"_links":{"self":[{"href":"https:\/\/juliasmagazine.com.br\/index.php?rest_route=\/wp\/v2\/posts\/37563","targetHints":{"allow":["GET"]}}],"collection":[{"href":"https:\/\/juliasmagazine.com.br\/index.php?rest_route=\/wp\/v2\/posts"}],"about":[{"href":"https:\/\/juliasmagazine.com.br\/index.php?rest_route=\/wp\/v2\/types\/post"}],"author":[{"embeddable":true,"href":"https:\/\/juliasmagazine.com.br\/index.php?rest_route=\/wp\/v2\/users\/28"}],"replies":[{"embeddable":true,"href":"https:\/\/juliasmagazine.com.br\/index.php?rest_route=%2Fwp%2Fv2%2Fcomments&post=37563"}],"version-history":[{"count":0,"href":"https:\/\/juliasmagazine.com.br\/index.php?rest_route=\/wp\/v2\/posts\/37563\/revisions"}],"wp:featuredmedia":[{"embeddable":true,"href":"https:\/\/juliasmagazine.com.br\/index.php?rest_route=\/wp\/v2\/media\/37564"}],"wp:attachment":[{"href":"https:\/\/juliasmagazine.com.br\/index.php?rest_route=%2Fwp%2Fv2%2Fmedia&parent=37563"}],"wp:term":[{"taxonomy":"category","embeddable":true,"href":"https:\/\/juliasmagazine.com.br\/index.php?rest_route=%2Fwp%2Fv2%2Fcategories&post=37563"},{"taxonomy":"post_tag","embeddable":true,"href":"https:\/\/juliasmagazine.com.br\/index.php?rest_route=%2Fwp%2Fv2%2Ftags&post=37563"}],"curies":[{"name":"wp","href":"https:\/\/api.w.org\/{rel}","templated":true}]}}