{"id":37561,"date":"2026-09-02T18:35:48","date_gmt":"2026-09-02T21:35:48","guid":{"rendered":"https:\/\/juliasmagazine.com.br\/?p=37561"},"modified":"2026-09-02T18:35:48","modified_gmt":"2026-09-02T21:35:48","slug":"censo-escolar-2026-dados-da-1a-etapa-podem-ser-conferidos-ate-dia-11","status":"publish","type":"post","link":"https:\/\/juliasmagazine.com.br\/?p=37561","title":{"rendered":"Censo Escolar 2026: dados da 1\u00aa etapa podem ser conferidos at\u00e9 dia 11"},"content":{"rendered":"<\/p>\n<p><a class=\"\" href=\"https:\/\/agenciabrasil.ebc.com.br\/educacao\/noticia\/2026-09\/censo-escolar-2026-gestor-checa-informacoes-da-1a-etapa-ate-dia-11\"><br \/>\n                    <img decoding=\"async\" src=\"https:\/\/cdn.jsdelivr.net\/gh\/sergiosdlima\/assets-ebc@1.0.0\/abr\/assets\/images\/logo-agenciabrasil.svg\" alt=\"Logo Ag\u00eancia Brasil\"><br \/>\n\t\t\t\t<\/a><\/p>\n<p><strong>Escolas das redes de ensino municipais, estaduais e do Distrito Federal poder\u00e3o conferir, at\u00e9 11 de setembro, as informa\u00e7\u00f5es prestadas na primeira etapa do Censo Escolar da Educa\u00e7\u00e3o B\u00e1sica 2026 \u2014 Matr\u00edcula Inicial.<\/strong><img decoding=\"async\" src=\"https:\/\/agenciabrasil.ebc.com.br\/ebc.png?id=1701393&#038;o=rss\"><img decoding=\"async\" src=\"https:\/\/agenciabrasil.ebc.com.br\/ebc.gif?id=1701393&#038;o=rss\"><\/p>\n<p>Pela primeira vez, os relat\u00f3rios com os dados declarados durante o per\u00edodo oficial de coleta podem ser consultados no\u00a0<a href=\"https:\/\/acesso.inep.gov.br\/auth\/realms\/Producao\/protocol\/openid-connect\/auth?client_id=educacenso&#038;redirect_uri=https%3A%2F%2Feducacenso.inep.gov.br%2F%2Fselecionar-entidade&#038;state=ce797b2a-b82c-4089-893a-96dd6c658f89&#038;nonce=48408789-d23a-4fe5-8b8f-fa3c4c0a2697&#038;response_mode=fragment&#038;response_type=code&#038;scope=openid%C2%A0\" target=\"_blank\">Sistema Educacenso<\/a>\u00a0do Instituto Nacional de Estudos e Pesquisas Educacionais An\u00edsio Teixeira (Inep).\u00a0<\/p>\n<\/p>\n<h3>Not\u00edcias relacionadas:<\/h3>\n<ul>\n<li><a href=\"https:\/\/agenciabrasil.ebc.com.br\/educacao\/noticia\/2026-07\/censo-escolar-2026-coleta-de-dados-da-1a-etapa-termina-nesta-sexta\">Censo Escolar 2026: coleta de dados da 1\u00aa etapa termina nesta sexta.<\/a><\/li>\n<li><a href=\"https:\/\/agenciabrasil.ebc.com.br\/educacao\/noticia\/2026-09\/prouni-candidatos-ja-podem-consultar-selecionados-em-lista-de-espera\">Prouni: candidatos j\u00e1 podem consultar selecionados em lista de espera\u00a0.<\/a><\/li>\n<\/ul>\n<p>A\u00a0 consulta permite que os respons\u00e1veis identifiquem poss\u00edveis inconsist\u00eancias dos dados declarados antes da abertura do per\u00edodo oficial de retifica\u00e7\u00e3o.<\/p>\n<p>O Censo Escolar, coordenado pelo Inep, abrange as diferentes etapas e modalidades da educa\u00e7\u00e3o b\u00e1sica e da educa\u00e7\u00e3o profissional, incluindo educa\u00e7\u00e3o infantil, ensino fundamental, ensino m\u00e9dio, educa\u00e7\u00e3o de jovens e adultos (EJA) e educa\u00e7\u00e3o profissional.<\/p>\n<h2>Consulta e retifica\u00e7\u00e3o<\/h2>\n<p><strong>At\u00e9 o dia 11, o Sistema Educacenso estar\u00e1 dispon\u00edvel exclusivamente para leitura. Portanto, os gestores de ensino e os respons\u00e1veis nas escolas n\u00e3o poder\u00e3o editar ou alterar as informa\u00e7\u00f5es declaradas.<\/strong><\/p>\n<p>Ap\u00f3s a publica\u00e7\u00e3o dos dados preliminares do Censo Escolar 2026 no Di\u00e1rio Oficial da Uni\u00e3o (DOU), prevista para a segunda quinzena de setembro, a funcionalidade de edi\u00e7\u00e3o ser\u00e1 aberta para retifica\u00e7\u00e3o de eventuais inconsist\u00eancias identificadas nos dados informados.<\/p>\n<p>Conforme a <a href=\"https:\/\/mecnormas.mec.gov.br\/pesquisa\/detalhar\/11261\" target=\"_blank\">Portaria Inep n\u00ba 217\/2026<\/a>, o per\u00edodo de confer\u00eancia e retifica\u00e7\u00e3o dos dados ter\u00e1 dura\u00e7\u00e3o de 30 dias. O procedimento dever\u00e1 ser feito no mesmo Sistema EducaCenso, do Inep.<\/p>\n<h2>Cronograma<\/h2>\n<p>O cronograma tamb\u00e9m prev\u00ea que\u00a0no dia 11 de dezembro\u00a0dever\u00e1 ocorrer o envio dos dados finais homologados ao Fundo Nacional de Desenvolvimento da Educa\u00e7\u00e3o (FNDE).<\/p>\n<p>As informa\u00e7\u00f5es s\u00e3o usadas no c\u00e1lculo dos coeficientes de distribui\u00e7\u00e3o do Fundo de Manuten\u00e7\u00e3o e Desenvolvimento da Educa\u00e7\u00e3o B\u00e1sica e de Valoriza\u00e7\u00e3o dos Profissionais da Educa\u00e7\u00e3o (Fundeb).<\/p>\n<p><strong>A divulga\u00e7\u00e3o dos resultados finais da primeira etapa, das sinopses estat\u00edsticas e dos demais estat\u00edsticas da Educa\u00e7\u00e3o B\u00e1sica est\u00e1 programada para 1\u00ba de fevereiro de 2027.<\/strong><\/p>\n<h2>Alunos<\/h2>\n<p><strong>Em 1\u00ba de fevereiro de 2027\u00a0tem in\u00edcio a segunda etapa do Censo Escolar da Educa\u00e7\u00e3o B\u00e1sica 2026, que trata da situa\u00e7\u00e3o do aluno.<\/strong><\/p>\n<p>Nesta fase, o diretor ou respons\u00e1vel pela escola dever\u00e1 coletar as informa\u00e7\u00f5es sobre rendimento e movimento escolar daqueles estudantes que foram declarados na primeira etapa, incluindo dados de aprova\u00e7\u00e3o, reprova\u00e7\u00e3o, abandono e transfer\u00eancia.<\/p>\n<p><strong>O per\u00edodo de coleta termina no dia\u00a012 de mar\u00e7o de 2027.<\/strong><\/p>\n<p>As taxas preliminares de rendimento escolar e os relat\u00f3rios por escola estar\u00e3o dispon\u00edveis para confer\u00eancia a partir de 1\u00ba de abril de 2027.<\/p>\n<p>Os indicadores finais de rendimento escolar ser\u00e3o divulgados pelo Inep em 14 de maio de 2027.<\/p>\n<h2>Censo Escolar<\/h2>\n<p><strong>Os dados no Censo Escolar servem para a formula\u00e7\u00e3o, o monitoramento e a avalia\u00e7\u00e3o de pol\u00edticas p\u00fablicas educacionais, al\u00e9m de servirem como refer\u00eancia para programas de financiamento e distribui\u00e7\u00e3o de recursos da educa\u00e7\u00e3o.<\/strong><\/p>\n<p>As informa\u00e7\u00f5es tamb\u00e9m s\u00e3o utilizadas na produ\u00e7\u00e3o de estat\u00edsticas e indicadores educacionais, entre eles o \u00cdndice de Desenvolvimento da Educa\u00e7\u00e3o B\u00e1sica (Ideb), as taxas de rendimento, as taxas de fluxo escolar e a distor\u00e7\u00e3o idade-s\u00e9rie.<\/p>\n<p>Os dados coletados s\u00e3o utilizadas tamb\u00e9m em estudos, pesquisas, avalia\u00e7\u00f5es educacionais e outras atividades previstas na legisla\u00e7\u00e3o.<\/p>\n<p>Al\u00e9m disso, os dados do Censo Escolar s\u00e3o adotados em procedimentos administrativos relacionados \u00e0s pol\u00edticas p\u00fablicas da educa\u00e7\u00e3o b\u00e1sica, conforme a legisla\u00e7\u00e3o vigente.<\/p>\n","protected":false},"excerpt":{"rendered":"<p>Escolas das redes de ensino municipais, estaduais e do Distrito Federal poder\u00e3o conferir, at\u00e9 11 de setembro, as informa\u00e7\u00f5es prestadas na primeira etapa do Censo Escolar da Educa\u00e7\u00e3o B\u00e1sica 2026 \u2014 Matr\u00edcula Inicial. Pela primeira vez, os relat\u00f3rios com os dados declarados durante o per\u00edodo oficial de coleta podem ser consultados no\u00a0Sistema Educacenso\u00a0do Instituto Nacional [&hellip;]<\/p>\n","protected":false},"author":33,"featured_media":37562,"comment_status":"open","ping_status":"open","sticky":false,"template":"","format":"standard","meta":{"site-sidebar-layout":"default","site-content-layout":"","ast-site-content-layout":"","site-content-style":"default","site-sidebar-style":"default","ast-global-header-display":"","ast-banner-title-visibility":"","ast-main-header-display":"","ast-hfb-above-header-display":"","ast-hfb-below-header-display":"","ast-hfb-mobile-header-display":"","site-post-title":"","ast-breadcrumbs-content":"","ast-featured-img":"","footer-sml-layout":"","theme-transparent-header-meta":"","adv-header-id-meta":"","stick-header-meta":"","header-above-stick-meta":"","header-main-stick-meta":"","header-below-stick-meta":"","astra-migrate-meta-layouts":"default","ast-page-background-enabled":"default","ast-page-background-meta":{"desktop":{"background-color":"var(--ast-global-color-4)","background-image":"","background-repeat":"repeat","background-position":"center center","background-size":"auto","background-attachment":"scroll","background-type":"","background-media":"","overlay-type":"","overlay-color":"","overlay-opacity":"","overlay-gradient":""},"tablet":{"background-color":"","background-image":"","background-repeat":"repeat","background-position":"center center","background-size":"auto","background-attachment":"scroll","background-type":"","background-media":"","overlay-type":"","overlay-color":"","overlay-opacity":"","overlay-gradient":""},"mobile":{"background-color":"","background-image":"","background-repeat":"repeat","background-position":"center center","background-size":"auto","background-attachment":"scroll","background-type":"","background-media":"","overlay-type":"","overlay-color":"","overlay-opacity":"","overlay-gradient":""}},"ast-content-background-meta":{"desktop":{"background-color":"var(--ast-global-color-5)","background-image":"","background-repeat":"repeat","background-position":"center center","background-size":"auto","background-attachment":"scroll","background-type":"","background-media":"","overlay-type":"","overlay-color":"","overlay-opacity":"","overlay-gradient":""},"tablet":{"background-color":"var(--ast-global-color-5)","background-image":"","background-repeat":"repeat","background-position":"center center","background-size":"auto","background-attachment":"scroll","background-type":"","background-media":"","overlay-type":"","overlay-color":"","overlay-opacity":"","overlay-gradient":""},"mobile":{"background-color":"var(--ast-global-color-5)","background-image":"","background-repeat":"repeat","background-position":"center center","background-size":"auto","background-attachment":"scroll","background-type":"","background-media":"","overlay-type":"","overlay-color":"","overlay-opacity":"","overlay-gradient":""}},"footnotes":""},"categories":[18],"tags":[],"class_list":["post-37561","post","type-post","status-publish","format-standard","has-post-thumbnail","hentry","category-educacao-e-carreiras"],"yoast_head":"<!-- This site is optimized with the Yoast SEO plugin v24.1 - https:\/\/yoast.com\/wordpress\/plugins\/seo\/ -->\n<title>Censo Escolar 2026: dados da 1\u00aa etapa podem ser conferidos at\u00e9 dia 11 - Julias Magazine<\/title>\n<meta name=\"robots\" content=\"index, follow, max-snippet:-1, max-image-preview:large, max-video-preview:-1\" \/>\n<link rel=\"canonical\" href=\"https:\/\/juliasmagazine.com.br\/?p=37561\" \/>\n<meta property=\"og:locale\" content=\"pt_BR\" \/>\n<meta property=\"og:type\" content=\"article\" \/>\n<meta property=\"og:title\" content=\"Censo Escolar 2026: dados da 1\u00aa etapa podem ser conferidos at\u00e9 dia 11 - Julias Magazine\" \/>\n<meta property=\"og:description\" content=\"Escolas das redes de ensino municipais, estaduais e do Distrito Federal poder\u00e3o conferir, at\u00e9 11 de setembro, as informa\u00e7\u00f5es prestadas na primeira etapa do Censo Escolar da Educa\u00e7\u00e3o B\u00e1sica 2026 \u2014 Matr\u00edcula Inicial. Pela primeira vez, os relat\u00f3rios com os dados declarados durante o per\u00edodo oficial de coleta podem ser consultados no\u00a0Sistema Educacenso\u00a0do Instituto Nacional [&hellip;]\" \/>\n<meta property=\"og:url\" content=\"https:\/\/juliasmagazine.com.br\/?p=37561\" \/>\n<meta property=\"og:site_name\" content=\"Julias Magazine\" \/>\n<meta property=\"article:published_time\" content=\"2026-09-02T21:35:48+00:00\" \/>\n<meta property=\"og:image\" content=\"https:\/\/cdn.jsdelivr.net\/gh\/sergiosdlima\/assets-ebc@1.0.0\/abr\/assets\/images\/logo-agenciabrasil.svg\" \/>\n<meta name=\"author\" content=\"Daniella Almeida - Reporter da Agencia Brasil\" \/>\n<meta name=\"twitter:card\" content=\"summary_large_image\" \/>\n<meta name=\"twitter:label1\" content=\"Escrito por\" \/>\n\t<meta name=\"twitter:data1\" content=\"Daniella Almeida - Reporter da Agencia Brasil\" \/>\n\t<meta name=\"twitter:label2\" content=\"Est. tempo de leitura\" \/>\n\t<meta name=\"twitter:data2\" content=\"3 minutos\" \/>\n<script type=\"application\/ld+json\" class=\"yoast-schema-graph\">{\"@context\":\"https:\/\/schema.org\",\"@graph\":[{\"@type\":\"Article\",\"@id\":\"https:\/\/juliasmagazine.com.br\/?p=37561#article\",\"isPartOf\":{\"@id\":\"https:\/\/juliasmagazine.com.br\/?p=37561\"},\"author\":{\"name\":\"Daniella Almeida - Reporter da Agencia Brasil\",\"@id\":\"https:\/\/juliasmagazine.com.br\/#\/schema\/person\/33c9ecabf11a83b4aaea1edea936942f\"},\"headline\":\"Censo Escolar 2026: dados da 1\u00aa etapa podem ser conferidos at\u00e9 dia 11\",\"datePublished\":\"2026-09-02T21:35:48+00:00\",\"dateModified\":\"2026-09-02T21:35:48+00:00\",\"mainEntityOfPage\":{\"@id\":\"https:\/\/juliasmagazine.com.br\/?p=37561\"},\"wordCount\":631,\"commentCount\":0,\"publisher\":{\"@id\":\"https:\/\/juliasmagazine.com.br\/#organization\"},\"image\":{\"@id\":\"https:\/\/juliasmagazine.com.br\/?p=37561#primaryimage\"},\"thumbnailUrl\":\"https:\/\/juliasmagazine.com.br\/wp-content\/uploads\/2026\/09\/37561-censo-escolar-2026-dados-da-1a-etapa-podem-ser-conferidos-ate-dia-11.jpg\",\"articleSection\":[\"Educa\u00e7\u00e3o e Carreiras\"],\"inLanguage\":\"pt-BR\",\"potentialAction\":[{\"@type\":\"CommentAction\",\"name\":\"Comment\",\"target\":[\"https:\/\/juliasmagazine.com.br\/?p=37561#respond\"]}]},{\"@type\":\"WebPage\",\"@id\":\"https:\/\/juliasmagazine.com.br\/?p=37561\",\"url\":\"https:\/\/juliasmagazine.com.br\/?p=37561\",\"name\":\"Censo Escolar 2026: dados da 1\u00aa etapa podem ser conferidos at\u00e9 dia 11 - Julias Magazine\",\"isPartOf\":{\"@id\":\"https:\/\/juliasmagazine.com.br\/#website\"},\"primaryImageOfPage\":{\"@id\":\"https:\/\/juliasmagazine.com.br\/?p=37561#primaryimage\"},\"image\":{\"@id\":\"https:\/\/juliasmagazine.com.br\/?p=37561#primaryimage\"},\"thumbnailUrl\":\"https:\/\/juliasmagazine.com.br\/wp-content\/uploads\/2026\/09\/37561-censo-escolar-2026-dados-da-1a-etapa-podem-ser-conferidos-ate-dia-11.jpg\",\"datePublished\":\"2026-09-02T21:35:48+00:00\",\"dateModified\":\"2026-09-02T21:35:48+00:00\",\"breadcrumb\":{\"@id\":\"https:\/\/juliasmagazine.com.br\/?p=37561#breadcrumb\"},\"inLanguage\":\"pt-BR\",\"potentialAction\":[{\"@type\":\"ReadAction\",\"target\":[\"https:\/\/juliasmagazine.com.br\/?p=37561\"]}]},{\"@type\":\"ImageObject\",\"inLanguage\":\"pt-BR\",\"@id\":\"https:\/\/juliasmagazine.com.br\/?p=37561#primaryimage\",\"url\":\"https:\/\/juliasmagazine.com.br\/wp-content\/uploads\/2026\/09\/37561-censo-escolar-2026-dados-da-1a-etapa-podem-ser-conferidos-ate-dia-11.jpg\",\"contentUrl\":\"https:\/\/juliasmagazine.com.br\/wp-content\/uploads\/2026\/09\/37561-censo-escolar-2026-dados-da-1a-etapa-podem-ser-conferidos-ate-dia-11.jpg\",\"width\":1600,\"height\":800,\"caption\":\"Censo Escolar 2026: dados da 1\u00aa etapa podem ser conferidos at\u00e9 dia 11\"},{\"@type\":\"BreadcrumbList\",\"@id\":\"https:\/\/juliasmagazine.com.br\/?p=37561#breadcrumb\",\"itemListElement\":[{\"@type\":\"ListItem\",\"position\":1,\"name\":\"In\u00edcio\",\"item\":\"https:\/\/juliasmagazine.com.br\/\"},{\"@type\":\"ListItem\",\"position\":2,\"name\":\"Censo Escolar 2026: dados da 1\u00aa etapa podem ser conferidos at\u00e9 dia 11\"}]},{\"@type\":\"WebSite\",\"@id\":\"https:\/\/juliasmagazine.com.br\/#website\",\"url\":\"https:\/\/juliasmagazine.com.br\/\",\"name\":\"Julias Magazine\",\"description\":\"A Sua revista eletr\u00f4nica de moda,politica ,viagens ,cultura ,gastronomia e finan\u00e7as. .\",\"publisher\":{\"@id\":\"https:\/\/juliasmagazine.com.br\/#organization\"},\"potentialAction\":[{\"@type\":\"SearchAction\",\"target\":{\"@type\":\"EntryPoint\",\"urlTemplate\":\"https:\/\/juliasmagazine.com.br\/?s={search_term_string}\"},\"query-input\":{\"@type\":\"PropertyValueSpecification\",\"valueRequired\":true,\"valueName\":\"search_term_string\"}}],\"inLanguage\":\"pt-BR\"},{\"@type\":\"Organization\",\"@id\":\"https:\/\/juliasmagazine.com.br\/#organization\",\"name\":\"Julias Magazine\",\"url\":\"https:\/\/juliasmagazine.com.br\/\",\"logo\":{\"@type\":\"ImageObject\",\"inLanguage\":\"pt-BR\",\"@id\":\"https:\/\/juliasmagazine.com.br\/#\/schema\/logo\/image\/\",\"url\":\"https:\/\/oquefazerembalneariocamboriu.com\/wp-content\/uploads\/2023\/02\/o-que-fazer-em-balneario-camboriu.jpg\",\"contentUrl\":\"https:\/\/oquefazerembalneariocamboriu.com\/wp-content\/uploads\/2023\/02\/o-que-fazer-em-balneario-camboriu.jpg\",\"width\":1200,\"height\":675,\"caption\":\"Julias Magazine\"},\"image\":{\"@id\":\"https:\/\/juliasmagazine.com.br\/#\/schema\/logo\/image\/\"}},{\"@type\":\"Person\",\"@id\":\"https:\/\/juliasmagazine.com.br\/#\/schema\/person\/33c9ecabf11a83b4aaea1edea936942f\",\"name\":\"Daniella Almeida - Reporter da Agencia Brasil\",\"image\":{\"@type\":\"ImageObject\",\"inLanguage\":\"pt-BR\",\"@id\":\"https:\/\/juliasmagazine.com.br\/#\/schema\/person\/image\/\",\"url\":\"https:\/\/secure.gravatar.com\/avatar\/fbbe71a6be160d51f00a715f8bfe5ccf3759e4f68eefea99e85828cb5374c941?s=96&d=mm&r=g\",\"contentUrl\":\"https:\/\/secure.gravatar.com\/avatar\/fbbe71a6be160d51f00a715f8bfe5ccf3759e4f68eefea99e85828cb5374c941?s=96&d=mm&r=g\",\"caption\":\"Daniella Almeida - Reporter da Agencia Brasil\"},\"url\":\"https:\/\/juliasmagazine.com.br\/?author=33\"}]}<\/script>\n<!-- \/ Yoast SEO plugin. -->","yoast_head_json":{"title":"Censo Escolar 2026: dados da 1\u00aa etapa podem ser conferidos at\u00e9 dia 11 - Julias Magazine","robots":{"index":"index","follow":"follow","max-snippet":"max-snippet:-1","max-image-preview":"max-image-preview:large","max-video-preview":"max-video-preview:-1"},"canonical":"https:\/\/juliasmagazine.com.br\/?p=37561","og_locale":"pt_BR","og_type":"article","og_title":"Censo Escolar 2026: dados da 1\u00aa etapa podem ser conferidos at\u00e9 dia 11 - Julias Magazine","og_description":"Escolas das redes de ensino municipais, estaduais e do Distrito Federal poder\u00e3o conferir, at\u00e9 11 de setembro, as informa\u00e7\u00f5es prestadas na primeira etapa do Censo Escolar da Educa\u00e7\u00e3o B\u00e1sica 2026 \u2014 Matr\u00edcula Inicial. Pela primeira vez, os relat\u00f3rios com os dados declarados durante o per\u00edodo oficial de coleta podem ser consultados no\u00a0Sistema Educacenso\u00a0do Instituto Nacional [&hellip;]","og_url":"https:\/\/juliasmagazine.com.br\/?p=37561","og_site_name":"Julias Magazine","article_published_time":"2026-09-02T21:35:48+00:00","og_image":[{"url":"https:\/\/cdn.jsdelivr.net\/gh\/sergiosdlima\/assets-ebc@1.0.0\/abr\/assets\/images\/logo-agenciabrasil.svg","type":"","width":"","height":""}],"author":"Daniella Almeida - Reporter da Agencia Brasil","twitter_card":"summary_large_image","twitter_misc":{"Escrito por":"Daniella Almeida - Reporter da Agencia Brasil","Est. tempo de leitura":"3 minutos"},"schema":{"@context":"https:\/\/schema.org","@graph":[{"@type":"Article","@id":"https:\/\/juliasmagazine.com.br\/?p=37561#article","isPartOf":{"@id":"https:\/\/juliasmagazine.com.br\/?p=37561"},"author":{"name":"Daniella Almeida - Reporter da Agencia Brasil","@id":"https:\/\/juliasmagazine.com.br\/#\/schema\/person\/33c9ecabf11a83b4aaea1edea936942f"},"headline":"Censo Escolar 2026: dados da 1\u00aa etapa podem ser conferidos at\u00e9 dia 11","datePublished":"2026-09-02T21:35:48+00:00","dateModified":"2026-09-02T21:35:48+00:00","mainEntityOfPage":{"@id":"https:\/\/juliasmagazine.com.br\/?p=37561"},"wordCount":631,"commentCount":0,"publisher":{"@id":"https:\/\/juliasmagazine.com.br\/#organization"},"image":{"@id":"https:\/\/juliasmagazine.com.br\/?p=37561#primaryimage"},"thumbnailUrl":"https:\/\/juliasmagazine.com.br\/wp-content\/uploads\/2026\/09\/37561-censo-escolar-2026-dados-da-1a-etapa-podem-ser-conferidos-ate-dia-11.jpg","articleSection":["Educa\u00e7\u00e3o e Carreiras"],"inLanguage":"pt-BR","potentialAction":[{"@type":"CommentAction","name":"Comment","target":["https:\/\/juliasmagazine.com.br\/?p=37561#respond"]}]},{"@type":"WebPage","@id":"https:\/\/juliasmagazine.com.br\/?p=37561","url":"https:\/\/juliasmagazine.com.br\/?p=37561","name":"Censo Escolar 2026: dados da 1\u00aa etapa podem ser conferidos at\u00e9 dia 11 - Julias Magazine","isPartOf":{"@id":"https:\/\/juliasmagazine.com.br\/#website"},"primaryImageOfPage":{"@id":"https:\/\/juliasmagazine.com.br\/?p=37561#primaryimage"},"image":{"@id":"https:\/\/juliasmagazine.com.br\/?p=37561#primaryimage"},"thumbnailUrl":"https:\/\/juliasmagazine.com.br\/wp-content\/uploads\/2026\/09\/37561-censo-escolar-2026-dados-da-1a-etapa-podem-ser-conferidos-ate-dia-11.jpg","datePublished":"2026-09-02T21:35:48+00:00","dateModified":"2026-09-02T21:35:48+00:00","breadcrumb":{"@id":"https:\/\/juliasmagazine.com.br\/?p=37561#breadcrumb"},"inLanguage":"pt-BR","potentialAction":[{"@type":"ReadAction","target":["https:\/\/juliasmagazine.com.br\/?p=37561"]}]},{"@type":"ImageObject","inLanguage":"pt-BR","@id":"https:\/\/juliasmagazine.com.br\/?p=37561#primaryimage","url":"https:\/\/juliasmagazine.com.br\/wp-content\/uploads\/2026\/09\/37561-censo-escolar-2026-dados-da-1a-etapa-podem-ser-conferidos-ate-dia-11.jpg","contentUrl":"https:\/\/juliasmagazine.com.br\/wp-content\/uploads\/2026\/09\/37561-censo-escolar-2026-dados-da-1a-etapa-podem-ser-conferidos-ate-dia-11.jpg","width":1600,"height":800,"caption":"Censo Escolar 2026: dados da 1\u00aa etapa podem ser conferidos at\u00e9 dia 11"},{"@type":"BreadcrumbList","@id":"https:\/\/juliasmagazine.com.br\/?p=37561#breadcrumb","itemListElement":[{"@type":"ListItem","position":1,"name":"In\u00edcio","item":"https:\/\/juliasmagazine.com.br\/"},{"@type":"ListItem","position":2,"name":"Censo Escolar 2026: dados da 1\u00aa etapa podem ser conferidos at\u00e9 dia 11"}]},{"@type":"WebSite","@id":"https:\/\/juliasmagazine.com.br\/#website","url":"https:\/\/juliasmagazine.com.br\/","name":"Julias Magazine","description":"A Sua revista eletr\u00f4nica de moda,politica ,viagens ,cultura ,gastronomia e finan\u00e7as. .","publisher":{"@id":"https:\/\/juliasmagazine.com.br\/#organization"},"potentialAction":[{"@type":"SearchAction","target":{"@type":"EntryPoint","urlTemplate":"https:\/\/juliasmagazine.com.br\/?s={search_term_string}"},"query-input":{"@type":"PropertyValueSpecification","valueRequired":true,"valueName":"search_term_string"}}],"inLanguage":"pt-BR"},{"@type":"Organization","@id":"https:\/\/juliasmagazine.com.br\/#organization","name":"Julias Magazine","url":"https:\/\/juliasmagazine.com.br\/","logo":{"@type":"ImageObject","inLanguage":"pt-BR","@id":"https:\/\/juliasmagazine.com.br\/#\/schema\/logo\/image\/","url":"https:\/\/oquefazerembalneariocamboriu.com\/wp-content\/uploads\/2023\/02\/o-que-fazer-em-balneario-camboriu.jpg","contentUrl":"https:\/\/oquefazerembalneariocamboriu.com\/wp-content\/uploads\/2023\/02\/o-que-fazer-em-balneario-camboriu.jpg","width":1200,"height":675,"caption":"Julias Magazine"},"image":{"@id":"https:\/\/juliasmagazine.com.br\/#\/schema\/logo\/image\/"}},{"@type":"Person","@id":"https:\/\/juliasmagazine.com.br\/#\/schema\/person\/33c9ecabf11a83b4aaea1edea936942f","name":"Daniella Almeida - Reporter da Agencia Brasil","image":{"@type":"ImageObject","inLanguage":"pt-BR","@id":"https:\/\/juliasmagazine.com.br\/#\/schema\/person\/image\/","url":"https:\/\/secure.gravatar.com\/avatar\/fbbe71a6be160d51f00a715f8bfe5ccf3759e4f68eefea99e85828cb5374c941?s=96&d=mm&r=g","contentUrl":"https:\/\/secure.gravatar.com\/avatar\/fbbe71a6be160d51f00a715f8bfe5ccf3759e4f68eefea99e85828cb5374c941?s=96&d=mm&r=g","caption":"Daniella Almeida - Reporter da Agencia Brasil"},"url":"https:\/\/juliasmagazine.com.br\/?author=33"}]}},"_links":{"self":[{"href":"https:\/\/juliasmagazine.com.br\/index.php?rest_route=\/wp\/v2\/posts\/37561","targetHints":{"allow":["GET"]}}],"collection":[{"href":"https:\/\/juliasmagazine.com.br\/index.php?rest_route=\/wp\/v2\/posts"}],"about":[{"href":"https:\/\/juliasmagazine.com.br\/index.php?rest_route=\/wp\/v2\/types\/post"}],"author":[{"embeddable":true,"href":"https:\/\/juliasmagazine.com.br\/index.php?rest_route=\/wp\/v2\/users\/33"}],"replies":[{"embeddable":true,"href":"https:\/\/juliasmagazine.com.br\/index.php?rest_route=%2Fwp%2Fv2%2Fcomments&post=37561"}],"version-history":[{"count":0,"href":"https:\/\/juliasmagazine.com.br\/index.php?rest_route=\/wp\/v2\/posts\/37561\/revisions"}],"wp:featuredmedia":[{"embeddable":true,"href":"https:\/\/juliasmagazine.com.br\/index.php?rest_route=\/wp\/v2\/media\/37562"}],"wp:attachment":[{"href":"https:\/\/juliasmagazine.com.br\/index.php?rest_route=%2Fwp%2Fv2%2Fmedia&parent=37561"}],"wp:term":[{"taxonomy":"category","embeddable":true,"href":"https:\/\/juliasmagazine.com.br\/index.php?rest_route=%2Fwp%2Fv2%2Fcategories&post=37561"},{"taxonomy":"post_tag","embeddable":true,"href":"https:\/\/juliasmagazine.com.br\/index.php?rest_route=%2Fwp%2Fv2%2Ftags&post=37561"}],"curies":[{"name":"wp","href":"https:\/\/api.w.org\/{rel}","templated":true}]}}