{"id":37547,"date":"2026-09-02T17:34:24","date_gmt":"2026-09-02T20:34:24","guid":{"rendered":"https:\/\/juliasmagazine.com.br\/?p=37547"},"modified":"2026-09-02T17:34:24","modified_gmt":"2026-09-02T20:34:24","slug":"festival-de-cinema-de-veneza-comeca-hoje-brasil-disputa-leao-de-ouro","status":"publish","type":"post","link":"https:\/\/juliasmagazine.com.br\/?p=37547","title":{"rendered":"Festival de Cinema de Veneza come\u00e7a hoje; Brasil disputa Le\u00e3o de Ouro"},"content":{"rendered":"<p><strong>Come\u00e7a nesta quarta-feira (2) o Festival de Cinema de Veneza<\/strong>, considerado o mais antigo do mundo. O evento, que segue at\u00e9 12 de setembro, apresenta 90 novos filmes de 62 pa\u00edses. Entre eles, <strong>produ\u00e7\u00f5es com participa\u00e7\u00e3o brasileira.<\/strong><img decoding=\"async\" src=\"https:\/\/agenciabrasil.ebc.com.br\/ebc.png?id=1701360&#038;o=rss\"><img decoding=\"async\" src=\"https:\/\/agenciabrasil.ebc.com.br\/ebc.gif?id=1701360&#038;o=rss\"><\/p>\n<p><strong>O Brasil participa da 83\u00aa edi\u00e7\u00e3o do festival na disputa pelo Le\u00e3o de Ouro, na mostra principal, com o longa Retorno a Buenos Aires<\/strong>, uma coprodu\u00e7\u00e3o Brasil-It\u00e1lia estrelada pela atriz brasileira Paula Cohen.<strong> Outra participa\u00e7\u00e3o brasileira \u00e9 Furies<\/strong>, coprodu\u00e7\u00e3o Brasil-L\u00edbano. J\u00e1<strong> na mostra paralela, o pa\u00eds concorre com London<\/strong>, dirigido pelos brasileiros Victor Di Marco e M\u00e1rcio Picoli.<\/p>\n<p>A aus\u00eancia dos grandes est\u00fadios de Hollywood n\u00e3o impediu a presen\u00e7a de estrelas do cinema em produ\u00e7\u00f5es independentes.<\/p>\n<p>A programa\u00e7\u00e3o competitiva come\u00e7a oficialmente nesta quarta-feira (2) com a exibi\u00e7\u00e3o de Ink, filme sobre o magnata da m\u00eddia Rupert Murdoch, dirigido pelo vencedor do Oscar Danny Boyle.<\/p>\n<p>As principais homenagens desta edi\u00e7\u00e3o ser\u00e3o para o ator George Clooney e a atriz Ellen Burstyn, que receber\u00e3o o Le\u00e3o de Ouro pelo conjunto da carreira.<\/p>\n<p>Entre os 21 filmes na disputa pelo pr\u00eamio principal, Veneza tamb\u00e9m apresenta novos trabalhos de atores como Javier Bardem, Pen\u00e9lope Cruz e Robert Pattinson, al\u00e9m de diretores como Hirokazu Koreeda, Werner Herzog e Nanni Moretti.<\/p>\n<p>Em mais de oito d\u00e9cadas de hist\u00f3ria, o cinema brasileiro foi reconhecido diversas vezes em Veneza. <strong>O pr\u00eamio mais recente veio com Ainda Estou Aqui, vencedor do trof\u00e9u de melhor roteiro em 2024.<\/strong><\/p>\n<p>  <span class=\"hms hms-format-m-ss\">1:30<\/span><\/p>\n","protected":false},"excerpt":{"rendered":"<p>Come\u00e7a nesta quarta-feira (2) o Festival de Cinema de Veneza, considerado o mais antigo do mundo. O evento, que segue at\u00e9 12 de setembro, apresenta 90 novos filmes de 62 pa\u00edses. Entre eles, produ\u00e7\u00f5es com participa\u00e7\u00e3o brasileira. O Brasil participa da 83\u00aa edi\u00e7\u00e3o do festival na disputa pelo Le\u00e3o de Ouro, na mostra principal, com [&hellip;]<\/p>\n","protected":false},"author":196,"featured_media":37548,"comment_status":"open","ping_status":"open","sticky":false,"template":"","format":"standard","meta":{"site-sidebar-layout":"default","site-content-layout":"","ast-site-content-layout":"","site-content-style":"default","site-sidebar-style":"default","ast-global-header-display":"","ast-banner-title-visibility":"","ast-main-header-display":"","ast-hfb-above-header-display":"","ast-hfb-below-header-display":"","ast-hfb-mobile-header-display":"","site-post-title":"","ast-breadcrumbs-content":"","ast-featured-img":"","footer-sml-layout":"","theme-transparent-header-meta":"","adv-header-id-meta":"","stick-header-meta":"","header-above-stick-meta":"","header-main-stick-meta":"","header-below-stick-meta":"","astra-migrate-meta-layouts":"default","ast-page-background-enabled":"default","ast-page-background-meta":{"desktop":{"background-color":"var(--ast-global-color-4)","background-image":"","background-repeat":"repeat","background-position":"center center","background-size":"auto","background-attachment":"scroll","background-type":"","background-media":"","overlay-type":"","overlay-color":"","overlay-opacity":"","overlay-gradient":""},"tablet":{"background-color":"","background-image":"","background-repeat":"repeat","background-position":"center center","background-size":"auto","background-attachment":"scroll","background-type":"","background-media":"","overlay-type":"","overlay-color":"","overlay-opacity":"","overlay-gradient":""},"mobile":{"background-color":"","background-image":"","background-repeat":"repeat","background-position":"center center","background-size":"auto","background-attachment":"scroll","background-type":"","background-media":"","overlay-type":"","overlay-color":"","overlay-opacity":"","overlay-gradient":""}},"ast-content-background-meta":{"desktop":{"background-color":"var(--ast-global-color-5)","background-image":"","background-repeat":"repeat","background-position":"center center","background-size":"auto","background-attachment":"scroll","background-type":"","background-media":"","overlay-type":"","overlay-color":"","overlay-opacity":"","overlay-gradient":""},"tablet":{"background-color":"var(--ast-global-color-5)","background-image":"","background-repeat":"repeat","background-position":"center center","background-size":"auto","background-attachment":"scroll","background-type":"","background-media":"","overlay-type":"","overlay-color":"","overlay-opacity":"","overlay-gradient":""},"mobile":{"background-color":"var(--ast-global-color-5)","background-image":"","background-repeat":"repeat","background-position":"center center","background-size":"auto","background-attachment":"scroll","background-type":"","background-media":"","overlay-type":"","overlay-color":"","overlay-opacity":"","overlay-gradient":""}},"footnotes":""},"categories":[5],"tags":[],"class_list":["post-37547","post","type-post","status-publish","format-standard","has-post-thumbnail","hentry","category-cultura-e-entretenimento"],"yoast_head":"<!-- This site is optimized with the Yoast SEO plugin v24.1 - https:\/\/yoast.com\/wordpress\/plugins\/seo\/ -->\n<title>Festival de Cinema de Veneza come\u00e7a hoje; Brasil disputa Le\u00e3o de Ouro - Julias Magazine<\/title>\n<meta name=\"robots\" content=\"index, follow, max-snippet:-1, max-image-preview:large, max-video-preview:-1\" \/>\n<link rel=\"canonical\" href=\"https:\/\/juliasmagazine.com.br\/?p=37547\" \/>\n<meta property=\"og:locale\" content=\"pt_BR\" \/>\n<meta property=\"og:type\" content=\"article\" \/>\n<meta property=\"og:title\" content=\"Festival de Cinema de Veneza come\u00e7a hoje; Brasil disputa Le\u00e3o de Ouro - Julias Magazine\" \/>\n<meta property=\"og:description\" content=\"Come\u00e7a nesta quarta-feira (2) o Festival de Cinema de Veneza, considerado o mais antigo do mundo. O evento, que segue at\u00e9 12 de setembro, apresenta 90 novos filmes de 62 pa\u00edses. Entre eles, produ\u00e7\u00f5es com participa\u00e7\u00e3o brasileira. O Brasil participa da 83\u00aa edi\u00e7\u00e3o do festival na disputa pelo Le\u00e3o de Ouro, na mostra principal, com [&hellip;]\" \/>\n<meta property=\"og:url\" content=\"https:\/\/juliasmagazine.com.br\/?p=37547\" \/>\n<meta property=\"og:site_name\" content=\"Julias Magazine\" \/>\n<meta property=\"article:published_time\" content=\"2026-09-02T20:34:24+00:00\" \/>\n<meta property=\"og:image\" content=\"https:\/\/agenciabrasil.ebc.com.br\/ebc.png?id=1701360&o=rss\" \/>\n<meta name=\"author\" content=\"Gabriel Correa - Reporter da Radio Nacional\" \/>\n<meta name=\"twitter:card\" content=\"summary_large_image\" \/>\n<meta name=\"twitter:label1\" content=\"Escrito por\" \/>\n\t<meta name=\"twitter:data1\" content=\"Gabriel Correa - Reporter da Radio Nacional\" \/>\n\t<meta name=\"twitter:label2\" content=\"Est. tempo de leitura\" \/>\n\t<meta name=\"twitter:data2\" content=\"1 minuto\" \/>\n<script type=\"application\/ld+json\" class=\"yoast-schema-graph\">{\"@context\":\"https:\/\/schema.org\",\"@graph\":[{\"@type\":\"Article\",\"@id\":\"https:\/\/juliasmagazine.com.br\/?p=37547#article\",\"isPartOf\":{\"@id\":\"https:\/\/juliasmagazine.com.br\/?p=37547\"},\"author\":{\"name\":\"Gabriel Correa - Reporter da Radio Nacional\",\"@id\":\"https:\/\/juliasmagazine.com.br\/#\/schema\/person\/2d68edfe3565cf7cf1eeff466f0e4d79\"},\"headline\":\"Festival de Cinema de Veneza come\u00e7a hoje; Brasil disputa Le\u00e3o de Ouro\",\"datePublished\":\"2026-09-02T20:34:24+00:00\",\"dateModified\":\"2026-09-02T20:34:24+00:00\",\"mainEntityOfPage\":{\"@id\":\"https:\/\/juliasmagazine.com.br\/?p=37547\"},\"wordCount\":274,\"commentCount\":0,\"publisher\":{\"@id\":\"https:\/\/juliasmagazine.com.br\/#organization\"},\"image\":{\"@id\":\"https:\/\/juliasmagazine.com.br\/?p=37547#primaryimage\"},\"thumbnailUrl\":\"https:\/\/juliasmagazine.com.br\/wp-content\/uploads\/2026\/09\/37547-festival-de-cinema-de-veneza-comeca-hoje-brasil-disputa-leao-de-ouro.jpg\",\"articleSection\":[\"Cultura e Entretenimento\"],\"inLanguage\":\"pt-BR\",\"potentialAction\":[{\"@type\":\"CommentAction\",\"name\":\"Comment\",\"target\":[\"https:\/\/juliasmagazine.com.br\/?p=37547#respond\"]}]},{\"@type\":\"WebPage\",\"@id\":\"https:\/\/juliasmagazine.com.br\/?p=37547\",\"url\":\"https:\/\/juliasmagazine.com.br\/?p=37547\",\"name\":\"Festival de Cinema de Veneza come\u00e7a hoje; Brasil disputa Le\u00e3o de Ouro - Julias Magazine\",\"isPartOf\":{\"@id\":\"https:\/\/juliasmagazine.com.br\/#website\"},\"primaryImageOfPage\":{\"@id\":\"https:\/\/juliasmagazine.com.br\/?p=37547#primaryimage\"},\"image\":{\"@id\":\"https:\/\/juliasmagazine.com.br\/?p=37547#primaryimage\"},\"thumbnailUrl\":\"https:\/\/juliasmagazine.com.br\/wp-content\/uploads\/2026\/09\/37547-festival-de-cinema-de-veneza-comeca-hoje-brasil-disputa-leao-de-ouro.jpg\",\"datePublished\":\"2026-09-02T20:34:24+00:00\",\"dateModified\":\"2026-09-02T20:34:24+00:00\",\"breadcrumb\":{\"@id\":\"https:\/\/juliasmagazine.com.br\/?p=37547#breadcrumb\"},\"inLanguage\":\"pt-BR\",\"potentialAction\":[{\"@type\":\"ReadAction\",\"target\":[\"https:\/\/juliasmagazine.com.br\/?p=37547\"]}]},{\"@type\":\"ImageObject\",\"inLanguage\":\"pt-BR\",\"@id\":\"https:\/\/juliasmagazine.com.br\/?p=37547#primaryimage\",\"url\":\"https:\/\/juliasmagazine.com.br\/wp-content\/uploads\/2026\/09\/37547-festival-de-cinema-de-veneza-comeca-hoje-brasil-disputa-leao-de-ouro.jpg\",\"contentUrl\":\"https:\/\/juliasmagazine.com.br\/wp-content\/uploads\/2026\/09\/37547-festival-de-cinema-de-veneza-comeca-hoje-brasil-disputa-leao-de-ouro.jpg\",\"width\":1600,\"height\":800,\"caption\":\"Festival de Cinema de Veneza come\u00e7a hoje; Brasil disputa Le\u00e3o de Ouro\"},{\"@type\":\"BreadcrumbList\",\"@id\":\"https:\/\/juliasmagazine.com.br\/?p=37547#breadcrumb\",\"itemListElement\":[{\"@type\":\"ListItem\",\"position\":1,\"name\":\"In\u00edcio\",\"item\":\"https:\/\/juliasmagazine.com.br\/\"},{\"@type\":\"ListItem\",\"position\":2,\"name\":\"Festival de Cinema de Veneza come\u00e7a hoje; Brasil disputa Le\u00e3o de Ouro\"}]},{\"@type\":\"WebSite\",\"@id\":\"https:\/\/juliasmagazine.com.br\/#website\",\"url\":\"https:\/\/juliasmagazine.com.br\/\",\"name\":\"Julias Magazine\",\"description\":\"A Sua revista eletr\u00f4nica de moda,politica ,viagens ,cultura ,gastronomia e finan\u00e7as. .\",\"publisher\":{\"@id\":\"https:\/\/juliasmagazine.com.br\/#organization\"},\"potentialAction\":[{\"@type\":\"SearchAction\",\"target\":{\"@type\":\"EntryPoint\",\"urlTemplate\":\"https:\/\/juliasmagazine.com.br\/?s={search_term_string}\"},\"query-input\":{\"@type\":\"PropertyValueSpecification\",\"valueRequired\":true,\"valueName\":\"search_term_string\"}}],\"inLanguage\":\"pt-BR\"},{\"@type\":\"Organization\",\"@id\":\"https:\/\/juliasmagazine.com.br\/#organization\",\"name\":\"Julias Magazine\",\"url\":\"https:\/\/juliasmagazine.com.br\/\",\"logo\":{\"@type\":\"ImageObject\",\"inLanguage\":\"pt-BR\",\"@id\":\"https:\/\/juliasmagazine.com.br\/#\/schema\/logo\/image\/\",\"url\":\"https:\/\/oquefazerembalneariocamboriu.com\/wp-content\/uploads\/2023\/02\/o-que-fazer-em-balneario-camboriu.jpg\",\"contentUrl\":\"https:\/\/oquefazerembalneariocamboriu.com\/wp-content\/uploads\/2023\/02\/o-que-fazer-em-balneario-camboriu.jpg\",\"width\":1200,\"height\":675,\"caption\":\"Julias Magazine\"},\"image\":{\"@id\":\"https:\/\/juliasmagazine.com.br\/#\/schema\/logo\/image\/\"}},{\"@type\":\"Person\",\"@id\":\"https:\/\/juliasmagazine.com.br\/#\/schema\/person\/2d68edfe3565cf7cf1eeff466f0e4d79\",\"name\":\"Gabriel Correa - Reporter da Radio Nacional\",\"image\":{\"@type\":\"ImageObject\",\"inLanguage\":\"pt-BR\",\"@id\":\"https:\/\/juliasmagazine.com.br\/#\/schema\/person\/image\/\",\"url\":\"https:\/\/secure.gravatar.com\/avatar\/4202d32543d8330b771adccbbcb8a74bf0384a71411114fd3f35000e3fb5d4d9?s=96&d=mm&r=g\",\"contentUrl\":\"https:\/\/secure.gravatar.com\/avatar\/4202d32543d8330b771adccbbcb8a74bf0384a71411114fd3f35000e3fb5d4d9?s=96&d=mm&r=g\",\"caption\":\"Gabriel Correa - Reporter da Radio Nacional\"},\"url\":\"https:\/\/juliasmagazine.com.br\/?author=196\"}]}<\/script>\n<!-- \/ Yoast SEO plugin. -->","yoast_head_json":{"title":"Festival de Cinema de Veneza come\u00e7a hoje; Brasil disputa Le\u00e3o de Ouro - Julias Magazine","robots":{"index":"index","follow":"follow","max-snippet":"max-snippet:-1","max-image-preview":"max-image-preview:large","max-video-preview":"max-video-preview:-1"},"canonical":"https:\/\/juliasmagazine.com.br\/?p=37547","og_locale":"pt_BR","og_type":"article","og_title":"Festival de Cinema de Veneza come\u00e7a hoje; Brasil disputa Le\u00e3o de Ouro - Julias Magazine","og_description":"Come\u00e7a nesta quarta-feira (2) o Festival de Cinema de Veneza, considerado o mais antigo do mundo. O evento, que segue at\u00e9 12 de setembro, apresenta 90 novos filmes de 62 pa\u00edses. Entre eles, produ\u00e7\u00f5es com participa\u00e7\u00e3o brasileira. O Brasil participa da 83\u00aa edi\u00e7\u00e3o do festival na disputa pelo Le\u00e3o de Ouro, na mostra principal, com [&hellip;]","og_url":"https:\/\/juliasmagazine.com.br\/?p=37547","og_site_name":"Julias Magazine","article_published_time":"2026-09-02T20:34:24+00:00","og_image":[{"url":"https:\/\/agenciabrasil.ebc.com.br\/ebc.png?id=1701360&o=rss","type":"","width":"","height":""}],"author":"Gabriel Correa - Reporter da Radio Nacional","twitter_card":"summary_large_image","twitter_misc":{"Escrito por":"Gabriel Correa - Reporter da Radio Nacional","Est. tempo de leitura":"1 minuto"},"schema":{"@context":"https:\/\/schema.org","@graph":[{"@type":"Article","@id":"https:\/\/juliasmagazine.com.br\/?p=37547#article","isPartOf":{"@id":"https:\/\/juliasmagazine.com.br\/?p=37547"},"author":{"name":"Gabriel Correa - Reporter da Radio Nacional","@id":"https:\/\/juliasmagazine.com.br\/#\/schema\/person\/2d68edfe3565cf7cf1eeff466f0e4d79"},"headline":"Festival de Cinema de Veneza come\u00e7a hoje; Brasil disputa Le\u00e3o de Ouro","datePublished":"2026-09-02T20:34:24+00:00","dateModified":"2026-09-02T20:34:24+00:00","mainEntityOfPage":{"@id":"https:\/\/juliasmagazine.com.br\/?p=37547"},"wordCount":274,"commentCount":0,"publisher":{"@id":"https:\/\/juliasmagazine.com.br\/#organization"},"image":{"@id":"https:\/\/juliasmagazine.com.br\/?p=37547#primaryimage"},"thumbnailUrl":"https:\/\/juliasmagazine.com.br\/wp-content\/uploads\/2026\/09\/37547-festival-de-cinema-de-veneza-comeca-hoje-brasil-disputa-leao-de-ouro.jpg","articleSection":["Cultura e Entretenimento"],"inLanguage":"pt-BR","potentialAction":[{"@type":"CommentAction","name":"Comment","target":["https:\/\/juliasmagazine.com.br\/?p=37547#respond"]}]},{"@type":"WebPage","@id":"https:\/\/juliasmagazine.com.br\/?p=37547","url":"https:\/\/juliasmagazine.com.br\/?p=37547","name":"Festival de Cinema de Veneza come\u00e7a hoje; Brasil disputa Le\u00e3o de Ouro - Julias Magazine","isPartOf":{"@id":"https:\/\/juliasmagazine.com.br\/#website"},"primaryImageOfPage":{"@id":"https:\/\/juliasmagazine.com.br\/?p=37547#primaryimage"},"image":{"@id":"https:\/\/juliasmagazine.com.br\/?p=37547#primaryimage"},"thumbnailUrl":"https:\/\/juliasmagazine.com.br\/wp-content\/uploads\/2026\/09\/37547-festival-de-cinema-de-veneza-comeca-hoje-brasil-disputa-leao-de-ouro.jpg","datePublished":"2026-09-02T20:34:24+00:00","dateModified":"2026-09-02T20:34:24+00:00","breadcrumb":{"@id":"https:\/\/juliasmagazine.com.br\/?p=37547#breadcrumb"},"inLanguage":"pt-BR","potentialAction":[{"@type":"ReadAction","target":["https:\/\/juliasmagazine.com.br\/?p=37547"]}]},{"@type":"ImageObject","inLanguage":"pt-BR","@id":"https:\/\/juliasmagazine.com.br\/?p=37547#primaryimage","url":"https:\/\/juliasmagazine.com.br\/wp-content\/uploads\/2026\/09\/37547-festival-de-cinema-de-veneza-comeca-hoje-brasil-disputa-leao-de-ouro.jpg","contentUrl":"https:\/\/juliasmagazine.com.br\/wp-content\/uploads\/2026\/09\/37547-festival-de-cinema-de-veneza-comeca-hoje-brasil-disputa-leao-de-ouro.jpg","width":1600,"height":800,"caption":"Festival de Cinema de Veneza come\u00e7a hoje; Brasil disputa Le\u00e3o de Ouro"},{"@type":"BreadcrumbList","@id":"https:\/\/juliasmagazine.com.br\/?p=37547#breadcrumb","itemListElement":[{"@type":"ListItem","position":1,"name":"In\u00edcio","item":"https:\/\/juliasmagazine.com.br\/"},{"@type":"ListItem","position":2,"name":"Festival de Cinema de Veneza come\u00e7a hoje; Brasil disputa Le\u00e3o de Ouro"}]},{"@type":"WebSite","@id":"https:\/\/juliasmagazine.com.br\/#website","url":"https:\/\/juliasmagazine.com.br\/","name":"Julias Magazine","description":"A Sua revista eletr\u00f4nica de moda,politica ,viagens ,cultura ,gastronomia e finan\u00e7as. .","publisher":{"@id":"https:\/\/juliasmagazine.com.br\/#organization"},"potentialAction":[{"@type":"SearchAction","target":{"@type":"EntryPoint","urlTemplate":"https:\/\/juliasmagazine.com.br\/?s={search_term_string}"},"query-input":{"@type":"PropertyValueSpecification","valueRequired":true,"valueName":"search_term_string"}}],"inLanguage":"pt-BR"},{"@type":"Organization","@id":"https:\/\/juliasmagazine.com.br\/#organization","name":"Julias Magazine","url":"https:\/\/juliasmagazine.com.br\/","logo":{"@type":"ImageObject","inLanguage":"pt-BR","@id":"https:\/\/juliasmagazine.com.br\/#\/schema\/logo\/image\/","url":"https:\/\/oquefazerembalneariocamboriu.com\/wp-content\/uploads\/2023\/02\/o-que-fazer-em-balneario-camboriu.jpg","contentUrl":"https:\/\/oquefazerembalneariocamboriu.com\/wp-content\/uploads\/2023\/02\/o-que-fazer-em-balneario-camboriu.jpg","width":1200,"height":675,"caption":"Julias Magazine"},"image":{"@id":"https:\/\/juliasmagazine.com.br\/#\/schema\/logo\/image\/"}},{"@type":"Person","@id":"https:\/\/juliasmagazine.com.br\/#\/schema\/person\/2d68edfe3565cf7cf1eeff466f0e4d79","name":"Gabriel Correa - Reporter da Radio Nacional","image":{"@type":"ImageObject","inLanguage":"pt-BR","@id":"https:\/\/juliasmagazine.com.br\/#\/schema\/person\/image\/","url":"https:\/\/secure.gravatar.com\/avatar\/4202d32543d8330b771adccbbcb8a74bf0384a71411114fd3f35000e3fb5d4d9?s=96&d=mm&r=g","contentUrl":"https:\/\/secure.gravatar.com\/avatar\/4202d32543d8330b771adccbbcb8a74bf0384a71411114fd3f35000e3fb5d4d9?s=96&d=mm&r=g","caption":"Gabriel Correa - Reporter da Radio Nacional"},"url":"https:\/\/juliasmagazine.com.br\/?author=196"}]}},"_links":{"self":[{"href":"https:\/\/juliasmagazine.com.br\/index.php?rest_route=\/wp\/v2\/posts\/37547","targetHints":{"allow":["GET"]}}],"collection":[{"href":"https:\/\/juliasmagazine.com.br\/index.php?rest_route=\/wp\/v2\/posts"}],"about":[{"href":"https:\/\/juliasmagazine.com.br\/index.php?rest_route=\/wp\/v2\/types\/post"}],"author":[{"embeddable":true,"href":"https:\/\/juliasmagazine.com.br\/index.php?rest_route=\/wp\/v2\/users\/196"}],"replies":[{"embeddable":true,"href":"https:\/\/juliasmagazine.com.br\/index.php?rest_route=%2Fwp%2Fv2%2Fcomments&post=37547"}],"version-history":[{"count":0,"href":"https:\/\/juliasmagazine.com.br\/index.php?rest_route=\/wp\/v2\/posts\/37547\/revisions"}],"wp:featuredmedia":[{"embeddable":true,"href":"https:\/\/juliasmagazine.com.br\/index.php?rest_route=\/wp\/v2\/media\/37548"}],"wp:attachment":[{"href":"https:\/\/juliasmagazine.com.br\/index.php?rest_route=%2Fwp%2Fv2%2Fmedia&parent=37547"}],"wp:term":[{"taxonomy":"category","embeddable":true,"href":"https:\/\/juliasmagazine.com.br\/index.php?rest_route=%2Fwp%2Fv2%2Fcategories&post=37547"},{"taxonomy":"post_tag","embeddable":true,"href":"https:\/\/juliasmagazine.com.br\/index.php?rest_route=%2Fwp%2Fv2%2Ftags&post=37547"}],"curies":[{"name":"wp","href":"https:\/\/api.w.org\/{rel}","templated":true}]}}