{"id":37543,"date":"2026-09-02T15:38:27","date_gmt":"2026-09-02T18:38:27","guid":{"rendered":"https:\/\/juliasmagazine.com.br\/?p=37543"},"modified":"2026-09-02T15:38:27","modified_gmt":"2026-09-02T18:38:27","slug":"sus-amplia-oferta-de-tromboliticos-para-infarto-e-avc-isquemico","status":"publish","type":"post","link":"https:\/\/juliasmagazine.com.br\/?p=37543","title":{"rendered":"SUS amplia oferta de trombol\u00edticos para infarto e AVC isqu\u00eamico"},"content":{"rendered":"<\/p>\n<p><a class=\"\" href=\"https:\/\/agenciabrasil.ebc.com.br\/saude\/noticia\/2026-09\/sus-amplia-oferta-de-tromboliticos-para-infarto-e-avc-isquemico\"><br \/>\n                    <img decoding=\"async\" src=\"https:\/\/cdn.jsdelivr.net\/gh\/sergiosdlima\/assets-ebc@1.0.0\/abr\/assets\/images\/logo-agenciabrasil.svg\" alt=\"Logo Ag\u00eancia Brasil\"><br \/>\n\t\t\t\t<\/a><\/p>\n<p>O Sistema \u00danico de Sa\u00fade (SUS) vai ampliar a oferta de medicamentos trombol\u00edticos na rede de urg\u00eancia e emerg\u00eancia, incluindo as unidades de Pronto Atendimento (UPAs) e o Servi\u00e7o de Atendimento M\u00f3vel de Urg\u00eancia (Samu 192).<img decoding=\"async\" src=\"https:\/\/agenciabrasil.ebc.com.br\/ebc.png?id=1701356&#038;o=rss\"><img decoding=\"async\" src=\"https:\/\/agenciabrasil.ebc.com.br\/ebc.gif?id=1701356&#038;o=rss\"><\/p>\n<p>O maior acesso ao tratamento pelas pessoas com Infarto Agudo do Mioc\u00e1rdio (IAM) e o Acidente Vascular Cerebral (AVC) isqu\u00eamico est\u00e1 previsto na <a href=\"https:\/\/www.camara.leg.br\/proposicoesWeb\/prop_mostrarintegra?codteor=2374283&#038;filename=PL%205972\/2023\" target=\"_blank\">Lei n\u00ba 5.972\/2023<\/a>, <strong>sancionada na manh\u00e3 desta quarta-feira (2) pelo presidente da Rep\u00fablica<\/strong>.<\/p>\n<\/p>\n<h3>Not\u00edcias relacionadas:<\/h3>\n<ul>\n<li><a href=\"https:\/\/agenciabrasil.ebc.com.br\/saude\/noticia\/2026-08\/pesquisa-de-polipilula-para-prevencao-do-avc-busca-85-mil-voluntarios\">Pesquisa de polip\u00edlula para preven\u00e7\u00e3o do AVC busca 8,5 mil volunt\u00e1rios.<\/a><\/li>\n<li><a href=\"https:\/\/agenciabrasil.ebc.com.br\/saude\/noticia\/2026-08\/controle-do-colesterol-deve-comecar-na-infancia-alerta-cardiologista\">Controle do colesterol deve come\u00e7ar na inf\u00e2ncia, alerta cardiologista.<\/a><\/li>\n<li><a href=\"https:\/\/agenciabrasil.ebc.com.br\/saude\/noticia\/2026-07\/perder-folego-ao-subir-escada-pode-ser-sinal-de-insuficiencia-cardiaca\">Perder f\u00f4lego ao subir escada pode ser sinal de insufici\u00eancia card\u00edaca.<\/a><\/li>\n<\/ul>\n<p>Os <strong>trombol\u00edticos s\u00e3o usados, conforme avalia\u00e7\u00e3o cl\u00ednica, para dissolver os co\u00e1gulos sangu\u00edneos que bloqueiam os vasos do cora\u00e7\u00e3o ou do c\u00e9rebro<\/strong> e, dessa forma, restabelecer a circula\u00e7\u00e3o do sangue. O bloqueio pode causar as duas graves condi\u00e7\u00f5es m\u00e9dicas de emerg\u00eancia, o IAM e o AVC isqu\u00eamico.<\/p>\n<p>A rapidez no diagn\u00f3stico e no in\u00edcio da terapia aumenta as chances de sobreviv\u00eancia e reduz o risco de sequelas nos pacientes, ressalta o ministro da Sa\u00fade, Alexandre Padilha.\u00a0<\/p>\n<p><strong>Com a san\u00e7\u00e3o da lei, a terapia estar\u00e1 mais dispon\u00edvel em todo o pa\u00eds.<\/strong>\u00a0<\/p>\n<p>\u201cEm caso de infarto, acidente vascular cerebral, tempo \u00e9 vida! \u00c9 o que pode reduzir o risco de \u00f3bito ou de impactos maiores f\u00edsicos para aquela pessoa\u201d, disse em suas redes sociais.\u00a0<\/p>\n<p>Nos casos de infarto, o uso do trombol\u00edtico pode ser indicado, principalmente, quando os procedimentos de maior complexidade, como a angioplastia (procedimento m\u00e9dico para desobstruir art\u00e9rias), n\u00e3o est\u00e3o dispon\u00edveis no tempo recomendado. Assim, o paciente pode receber o medicamento enquanto a continuidade do atendimento \u00e9 providenciada na rede de sa\u00fade.<\/p>\n<h2>Comit\u00ea<\/h2>\n<p><strong>Atualmente, j\u00e1 existem protocolos do SUS para diagn\u00f3stico e tratamento para o IAM e para o AVC que preveem o uso de trombol\u00edticos nos servi\u00e7os de urg\u00eancia e emerg\u00eancia, incluindo as UPA e o Samu 192.<\/strong> No entanto, a aquisi\u00e7\u00e3o desses medicamentos \u00e9 feita pelos gestores de sa\u00fade locais.<\/p>\n<p>Para ampliar a disponibilidade desses medicamentos e aprimorar a oferta dos trombol\u00edticos na rede p\u00fablica de sa\u00fade de todo pa\u00eds, o ministro da Sa\u00fade assinou a portaria que instituiu o Comit\u00ea de Acompanhamento da Implementa\u00e7\u00e3o das Linhas de Cuidado dos Agravos Cerebrovasculares e Cardiovasculares Tempo-Dependentes: Acidente Vascular Cerebral (AVC) e Infarto Agudo do Mioc\u00e1rdio (IAM).<\/p>\n<p><strong>De acordo com a pasta, esse grupo ser\u00e1 respons\u00e1vel por analisar e propor a\u00e7\u00f5es para tornar os medicamentos mais acess\u00edveis e qualificar a assist\u00eancia aos pacientes.<\/strong><\/p>\n<p>\u201cO Minist\u00e9rio da Sa\u00fade cria hoje um grupo de trabalho, junto com as sociedades de especialidades, para regulamentar, estabelecer diretrizes, implementar e acompanhar a execu\u00e7\u00e3o em todo o Brasil. Isso \u00e9 fundamental para mudar a hist\u00f3ria natural do infarto no nosso pa\u00eds\u201d, explicou o ministro Alexandre Padilha.<\/p>\n<h2>N\u00fameros<\/h2>\n<p><strong>O Brasil registra entre 300 mil e 400 mil casos de infarto por ano.<\/strong> Em 2025, o SUS contabilizou 292 mil atendimentos por AVC, dos quais 218 mil foram relacionados ao AVC isqu\u00eamico, quando um co\u00e1gulo obstrui uma art\u00e9ria do c\u00e9rebro, interrompendo o fluxo sangu\u00edneo e a oxigena\u00e7\u00e3o na regi\u00e3o.<\/p>\n<p>Nas UPAs, as equipes podem fazer o diagn\u00f3stico, avaliar a indica\u00e7\u00e3o cl\u00ednica e, quando necess\u00e1rio, iniciar o tratamento com trombol\u00edticos tanto para o IAM quanto o AVC isqu\u00eamico para dissolu\u00e7\u00e3o dos trombos.<\/p>\n<p>O ministro Alexandre Padilha disse que v\u00e1rias experi\u00eancias com uso de trombol\u00edticos, realizadas junto aos estados e munic\u00edpios, s\u00e3o acompanhadas pela pasta, com a possibilidade de reduzir em at\u00e9 50% os \u00f3bitos por infarto.<\/p>\n<p><strong>No Samu 192, ap\u00f3s avalia\u00e7\u00e3o da equipe de sa\u00fade, o medicamento pode ser administrado nas unidades de Suporte Avan\u00e7ado de Vida habilitadas.<\/strong><\/p>\n<p>Atualmente, 102 unidades do Samu 192 est\u00e3o habilitadas para prestar esse tipo de assist\u00eancia. O Cear\u00e1 concentra 28 unidades, seguido por Minas Gerais, com 22; Sergipe, com 16; Rio Grande do Norte, com 13; Bahia, com 12; S\u00e3o Paulo, com nove; e Para\u00edba, com duas.<\/p>\n<p>Em 2025, foram registradas 861 aplica\u00e7\u00f5es de trombol\u00edticos pelo Samu 192 em todo o pa\u00eds.<\/p>\n","protected":false},"excerpt":{"rendered":"<p>O Sistema \u00danico de Sa\u00fade (SUS) vai ampliar a oferta de medicamentos trombol\u00edticos na rede de urg\u00eancia e emerg\u00eancia, incluindo as unidades de Pronto Atendimento (UPAs) e o Servi\u00e7o de Atendimento M\u00f3vel de Urg\u00eancia (Samu 192). O maior acesso ao tratamento pelas pessoas com Infarto Agudo do Mioc\u00e1rdio (IAM) e o Acidente Vascular Cerebral (AVC) [&hellip;]<\/p>\n","protected":false},"author":33,"featured_media":37544,"comment_status":"open","ping_status":"open","sticky":false,"template":"","format":"standard","meta":{"site-sidebar-layout":"default","site-content-layout":"","ast-site-content-layout":"","site-content-style":"default","site-sidebar-style":"default","ast-global-header-display":"","ast-banner-title-visibility":"","ast-main-header-display":"","ast-hfb-above-header-display":"","ast-hfb-below-header-display":"","ast-hfb-mobile-header-display":"","site-post-title":"","ast-breadcrumbs-content":"","ast-featured-img":"","footer-sml-layout":"","theme-transparent-header-meta":"","adv-header-id-meta":"","stick-header-meta":"","header-above-stick-meta":"","header-main-stick-meta":"","header-below-stick-meta":"","astra-migrate-meta-layouts":"default","ast-page-background-enabled":"default","ast-page-background-meta":{"desktop":{"background-color":"var(--ast-global-color-4)","background-image":"","background-repeat":"repeat","background-position":"center center","background-size":"auto","background-attachment":"scroll","background-type":"","background-media":"","overlay-type":"","overlay-color":"","overlay-opacity":"","overlay-gradient":""},"tablet":{"background-color":"","background-image":"","background-repeat":"repeat","background-position":"center center","background-size":"auto","background-attachment":"scroll","background-type":"","background-media":"","overlay-type":"","overlay-color":"","overlay-opacity":"","overlay-gradient":""},"mobile":{"background-color":"","background-image":"","background-repeat":"repeat","background-position":"center center","background-size":"auto","background-attachment":"scroll","background-type":"","background-media":"","overlay-type":"","overlay-color":"","overlay-opacity":"","overlay-gradient":""}},"ast-content-background-meta":{"desktop":{"background-color":"var(--ast-global-color-5)","background-image":"","background-repeat":"repeat","background-position":"center center","background-size":"auto","background-attachment":"scroll","background-type":"","background-media":"","overlay-type":"","overlay-color":"","overlay-opacity":"","overlay-gradient":""},"tablet":{"background-color":"var(--ast-global-color-5)","background-image":"","background-repeat":"repeat","background-position":"center center","background-size":"auto","background-attachment":"scroll","background-type":"","background-media":"","overlay-type":"","overlay-color":"","overlay-opacity":"","overlay-gradient":""},"mobile":{"background-color":"var(--ast-global-color-5)","background-image":"","background-repeat":"repeat","background-position":"center center","background-size":"auto","background-attachment":"scroll","background-type":"","background-media":"","overlay-type":"","overlay-color":"","overlay-opacity":"","overlay-gradient":""}},"footnotes":""},"categories":[11],"tags":[],"class_list":["post-37543","post","type-post","status-publish","format-standard","has-post-thumbnail","hentry","category-saude-e-bem-estar"],"yoast_head":"<!-- This site is optimized with the Yoast SEO plugin v24.1 - https:\/\/yoast.com\/wordpress\/plugins\/seo\/ -->\n<title>SUS amplia oferta de trombol\u00edticos para infarto e AVC isqu\u00eamico - Julias Magazine<\/title>\n<meta name=\"robots\" content=\"index, follow, max-snippet:-1, max-image-preview:large, max-video-preview:-1\" \/>\n<link rel=\"canonical\" href=\"https:\/\/juliasmagazine.com.br\/?p=37543\" \/>\n<meta property=\"og:locale\" content=\"pt_BR\" \/>\n<meta property=\"og:type\" content=\"article\" \/>\n<meta property=\"og:title\" content=\"SUS amplia oferta de trombol\u00edticos para infarto e AVC isqu\u00eamico - Julias Magazine\" \/>\n<meta property=\"og:description\" content=\"O Sistema \u00danico de Sa\u00fade (SUS) vai ampliar a oferta de medicamentos trombol\u00edticos na rede de urg\u00eancia e emerg\u00eancia, incluindo as unidades de Pronto Atendimento (UPAs) e o Servi\u00e7o de Atendimento M\u00f3vel de Urg\u00eancia (Samu 192). O maior acesso ao tratamento pelas pessoas com Infarto Agudo do Mioc\u00e1rdio (IAM) e o Acidente Vascular Cerebral (AVC) [&hellip;]\" \/>\n<meta property=\"og:url\" content=\"https:\/\/juliasmagazine.com.br\/?p=37543\" \/>\n<meta property=\"og:site_name\" content=\"Julias Magazine\" \/>\n<meta property=\"article:published_time\" content=\"2026-09-02T18:38:27+00:00\" \/>\n<meta property=\"og:image\" content=\"https:\/\/cdn.jsdelivr.net\/gh\/sergiosdlima\/assets-ebc@1.0.0\/abr\/assets\/images\/logo-agenciabrasil.svg\" \/>\n<meta name=\"author\" content=\"Daniella Almeida - Reporter da Agencia Brasil\" \/>\n<meta name=\"twitter:card\" content=\"summary_large_image\" \/>\n<meta name=\"twitter:label1\" content=\"Escrito por\" \/>\n\t<meta name=\"twitter:data1\" content=\"Daniella Almeida - Reporter da Agencia Brasil\" \/>\n\t<meta name=\"twitter:label2\" content=\"Est. tempo de leitura\" \/>\n\t<meta name=\"twitter:data2\" content=\"4 minutos\" \/>\n<script type=\"application\/ld+json\" class=\"yoast-schema-graph\">{\"@context\":\"https:\/\/schema.org\",\"@graph\":[{\"@type\":\"Article\",\"@id\":\"https:\/\/juliasmagazine.com.br\/?p=37543#article\",\"isPartOf\":{\"@id\":\"https:\/\/juliasmagazine.com.br\/?p=37543\"},\"author\":{\"name\":\"Daniella Almeida - Reporter da Agencia Brasil\",\"@id\":\"https:\/\/juliasmagazine.com.br\/#\/schema\/person\/33c9ecabf11a83b4aaea1edea936942f\"},\"headline\":\"SUS amplia oferta de trombol\u00edticos para infarto e AVC isqu\u00eamico\",\"datePublished\":\"2026-09-02T18:38:27+00:00\",\"dateModified\":\"2026-09-02T18:38:27+00:00\",\"mainEntityOfPage\":{\"@id\":\"https:\/\/juliasmagazine.com.br\/?p=37543\"},\"wordCount\":739,\"commentCount\":0,\"publisher\":{\"@id\":\"https:\/\/juliasmagazine.com.br\/#organization\"},\"image\":{\"@id\":\"https:\/\/juliasmagazine.com.br\/?p=37543#primaryimage\"},\"thumbnailUrl\":\"https:\/\/juliasmagazine.com.br\/wp-content\/uploads\/2026\/09\/37543-sus-amplia-oferta-de-tromboliticos-para-infarto-e-avc-isquemico.jpg\",\"articleSection\":[\"Sa\u00fade e Bem-Estar\"],\"inLanguage\":\"pt-BR\",\"potentialAction\":[{\"@type\":\"CommentAction\",\"name\":\"Comment\",\"target\":[\"https:\/\/juliasmagazine.com.br\/?p=37543#respond\"]}]},{\"@type\":\"WebPage\",\"@id\":\"https:\/\/juliasmagazine.com.br\/?p=37543\",\"url\":\"https:\/\/juliasmagazine.com.br\/?p=37543\",\"name\":\"SUS amplia oferta de trombol\u00edticos para infarto e AVC isqu\u00eamico - Julias Magazine\",\"isPartOf\":{\"@id\":\"https:\/\/juliasmagazine.com.br\/#website\"},\"primaryImageOfPage\":{\"@id\":\"https:\/\/juliasmagazine.com.br\/?p=37543#primaryimage\"},\"image\":{\"@id\":\"https:\/\/juliasmagazine.com.br\/?p=37543#primaryimage\"},\"thumbnailUrl\":\"https:\/\/juliasmagazine.com.br\/wp-content\/uploads\/2026\/09\/37543-sus-amplia-oferta-de-tromboliticos-para-infarto-e-avc-isquemico.jpg\",\"datePublished\":\"2026-09-02T18:38:27+00:00\",\"dateModified\":\"2026-09-02T18:38:27+00:00\",\"breadcrumb\":{\"@id\":\"https:\/\/juliasmagazine.com.br\/?p=37543#breadcrumb\"},\"inLanguage\":\"pt-BR\",\"potentialAction\":[{\"@type\":\"ReadAction\",\"target\":[\"https:\/\/juliasmagazine.com.br\/?p=37543\"]}]},{\"@type\":\"ImageObject\",\"inLanguage\":\"pt-BR\",\"@id\":\"https:\/\/juliasmagazine.com.br\/?p=37543#primaryimage\",\"url\":\"https:\/\/juliasmagazine.com.br\/wp-content\/uploads\/2026\/09\/37543-sus-amplia-oferta-de-tromboliticos-para-infarto-e-avc-isquemico.jpg\",\"contentUrl\":\"https:\/\/juliasmagazine.com.br\/wp-content\/uploads\/2026\/09\/37543-sus-amplia-oferta-de-tromboliticos-para-infarto-e-avc-isquemico.jpg\",\"width\":1600,\"height\":800,\"caption\":\"SUS amplia oferta de trombol\u00edticos para infarto e AVC isqu\u00eamico\"},{\"@type\":\"BreadcrumbList\",\"@id\":\"https:\/\/juliasmagazine.com.br\/?p=37543#breadcrumb\",\"itemListElement\":[{\"@type\":\"ListItem\",\"position\":1,\"name\":\"In\u00edcio\",\"item\":\"https:\/\/juliasmagazine.com.br\/\"},{\"@type\":\"ListItem\",\"position\":2,\"name\":\"SUS amplia oferta de trombol\u00edticos para infarto e AVC isqu\u00eamico\"}]},{\"@type\":\"WebSite\",\"@id\":\"https:\/\/juliasmagazine.com.br\/#website\",\"url\":\"https:\/\/juliasmagazine.com.br\/\",\"name\":\"Julias Magazine\",\"description\":\"A Sua revista eletr\u00f4nica de moda,politica ,viagens ,cultura ,gastronomia e finan\u00e7as. .\",\"publisher\":{\"@id\":\"https:\/\/juliasmagazine.com.br\/#organization\"},\"potentialAction\":[{\"@type\":\"SearchAction\",\"target\":{\"@type\":\"EntryPoint\",\"urlTemplate\":\"https:\/\/juliasmagazine.com.br\/?s={search_term_string}\"},\"query-input\":{\"@type\":\"PropertyValueSpecification\",\"valueRequired\":true,\"valueName\":\"search_term_string\"}}],\"inLanguage\":\"pt-BR\"},{\"@type\":\"Organization\",\"@id\":\"https:\/\/juliasmagazine.com.br\/#organization\",\"name\":\"Julias Magazine\",\"url\":\"https:\/\/juliasmagazine.com.br\/\",\"logo\":{\"@type\":\"ImageObject\",\"inLanguage\":\"pt-BR\",\"@id\":\"https:\/\/juliasmagazine.com.br\/#\/schema\/logo\/image\/\",\"url\":\"https:\/\/oquefazerembalneariocamboriu.com\/wp-content\/uploads\/2023\/02\/o-que-fazer-em-balneario-camboriu.jpg\",\"contentUrl\":\"https:\/\/oquefazerembalneariocamboriu.com\/wp-content\/uploads\/2023\/02\/o-que-fazer-em-balneario-camboriu.jpg\",\"width\":1200,\"height\":675,\"caption\":\"Julias Magazine\"},\"image\":{\"@id\":\"https:\/\/juliasmagazine.com.br\/#\/schema\/logo\/image\/\"}},{\"@type\":\"Person\",\"@id\":\"https:\/\/juliasmagazine.com.br\/#\/schema\/person\/33c9ecabf11a83b4aaea1edea936942f\",\"name\":\"Daniella Almeida - Reporter da Agencia Brasil\",\"image\":{\"@type\":\"ImageObject\",\"inLanguage\":\"pt-BR\",\"@id\":\"https:\/\/juliasmagazine.com.br\/#\/schema\/person\/image\/\",\"url\":\"https:\/\/secure.gravatar.com\/avatar\/fbbe71a6be160d51f00a715f8bfe5ccf3759e4f68eefea99e85828cb5374c941?s=96&d=mm&r=g\",\"contentUrl\":\"https:\/\/secure.gravatar.com\/avatar\/fbbe71a6be160d51f00a715f8bfe5ccf3759e4f68eefea99e85828cb5374c941?s=96&d=mm&r=g\",\"caption\":\"Daniella Almeida - Reporter da Agencia Brasil\"},\"url\":\"https:\/\/juliasmagazine.com.br\/?author=33\"}]}<\/script>\n<!-- \/ Yoast SEO plugin. -->","yoast_head_json":{"title":"SUS amplia oferta de trombol\u00edticos para infarto e AVC isqu\u00eamico - Julias Magazine","robots":{"index":"index","follow":"follow","max-snippet":"max-snippet:-1","max-image-preview":"max-image-preview:large","max-video-preview":"max-video-preview:-1"},"canonical":"https:\/\/juliasmagazine.com.br\/?p=37543","og_locale":"pt_BR","og_type":"article","og_title":"SUS amplia oferta de trombol\u00edticos para infarto e AVC isqu\u00eamico - Julias Magazine","og_description":"O Sistema \u00danico de Sa\u00fade (SUS) vai ampliar a oferta de medicamentos trombol\u00edticos na rede de urg\u00eancia e emerg\u00eancia, incluindo as unidades de Pronto Atendimento (UPAs) e o Servi\u00e7o de Atendimento M\u00f3vel de Urg\u00eancia (Samu 192). O maior acesso ao tratamento pelas pessoas com Infarto Agudo do Mioc\u00e1rdio (IAM) e o Acidente Vascular Cerebral (AVC) [&hellip;]","og_url":"https:\/\/juliasmagazine.com.br\/?p=37543","og_site_name":"Julias Magazine","article_published_time":"2026-09-02T18:38:27+00:00","og_image":[{"url":"https:\/\/cdn.jsdelivr.net\/gh\/sergiosdlima\/assets-ebc@1.0.0\/abr\/assets\/images\/logo-agenciabrasil.svg","type":"","width":"","height":""}],"author":"Daniella Almeida - Reporter da Agencia Brasil","twitter_card":"summary_large_image","twitter_misc":{"Escrito por":"Daniella Almeida - Reporter da Agencia Brasil","Est. tempo de leitura":"4 minutos"},"schema":{"@context":"https:\/\/schema.org","@graph":[{"@type":"Article","@id":"https:\/\/juliasmagazine.com.br\/?p=37543#article","isPartOf":{"@id":"https:\/\/juliasmagazine.com.br\/?p=37543"},"author":{"name":"Daniella Almeida - Reporter da Agencia Brasil","@id":"https:\/\/juliasmagazine.com.br\/#\/schema\/person\/33c9ecabf11a83b4aaea1edea936942f"},"headline":"SUS amplia oferta de trombol\u00edticos para infarto e AVC isqu\u00eamico","datePublished":"2026-09-02T18:38:27+00:00","dateModified":"2026-09-02T18:38:27+00:00","mainEntityOfPage":{"@id":"https:\/\/juliasmagazine.com.br\/?p=37543"},"wordCount":739,"commentCount":0,"publisher":{"@id":"https:\/\/juliasmagazine.com.br\/#organization"},"image":{"@id":"https:\/\/juliasmagazine.com.br\/?p=37543#primaryimage"},"thumbnailUrl":"https:\/\/juliasmagazine.com.br\/wp-content\/uploads\/2026\/09\/37543-sus-amplia-oferta-de-tromboliticos-para-infarto-e-avc-isquemico.jpg","articleSection":["Sa\u00fade e Bem-Estar"],"inLanguage":"pt-BR","potentialAction":[{"@type":"CommentAction","name":"Comment","target":["https:\/\/juliasmagazine.com.br\/?p=37543#respond"]}]},{"@type":"WebPage","@id":"https:\/\/juliasmagazine.com.br\/?p=37543","url":"https:\/\/juliasmagazine.com.br\/?p=37543","name":"SUS amplia oferta de trombol\u00edticos para infarto e AVC isqu\u00eamico - Julias Magazine","isPartOf":{"@id":"https:\/\/juliasmagazine.com.br\/#website"},"primaryImageOfPage":{"@id":"https:\/\/juliasmagazine.com.br\/?p=37543#primaryimage"},"image":{"@id":"https:\/\/juliasmagazine.com.br\/?p=37543#primaryimage"},"thumbnailUrl":"https:\/\/juliasmagazine.com.br\/wp-content\/uploads\/2026\/09\/37543-sus-amplia-oferta-de-tromboliticos-para-infarto-e-avc-isquemico.jpg","datePublished":"2026-09-02T18:38:27+00:00","dateModified":"2026-09-02T18:38:27+00:00","breadcrumb":{"@id":"https:\/\/juliasmagazine.com.br\/?p=37543#breadcrumb"},"inLanguage":"pt-BR","potentialAction":[{"@type":"ReadAction","target":["https:\/\/juliasmagazine.com.br\/?p=37543"]}]},{"@type":"ImageObject","inLanguage":"pt-BR","@id":"https:\/\/juliasmagazine.com.br\/?p=37543#primaryimage","url":"https:\/\/juliasmagazine.com.br\/wp-content\/uploads\/2026\/09\/37543-sus-amplia-oferta-de-tromboliticos-para-infarto-e-avc-isquemico.jpg","contentUrl":"https:\/\/juliasmagazine.com.br\/wp-content\/uploads\/2026\/09\/37543-sus-amplia-oferta-de-tromboliticos-para-infarto-e-avc-isquemico.jpg","width":1600,"height":800,"caption":"SUS amplia oferta de trombol\u00edticos para infarto e AVC isqu\u00eamico"},{"@type":"BreadcrumbList","@id":"https:\/\/juliasmagazine.com.br\/?p=37543#breadcrumb","itemListElement":[{"@type":"ListItem","position":1,"name":"In\u00edcio","item":"https:\/\/juliasmagazine.com.br\/"},{"@type":"ListItem","position":2,"name":"SUS amplia oferta de trombol\u00edticos para infarto e AVC isqu\u00eamico"}]},{"@type":"WebSite","@id":"https:\/\/juliasmagazine.com.br\/#website","url":"https:\/\/juliasmagazine.com.br\/","name":"Julias Magazine","description":"A Sua revista eletr\u00f4nica de moda,politica ,viagens ,cultura ,gastronomia e finan\u00e7as. .","publisher":{"@id":"https:\/\/juliasmagazine.com.br\/#organization"},"potentialAction":[{"@type":"SearchAction","target":{"@type":"EntryPoint","urlTemplate":"https:\/\/juliasmagazine.com.br\/?s={search_term_string}"},"query-input":{"@type":"PropertyValueSpecification","valueRequired":true,"valueName":"search_term_string"}}],"inLanguage":"pt-BR"},{"@type":"Organization","@id":"https:\/\/juliasmagazine.com.br\/#organization","name":"Julias Magazine","url":"https:\/\/juliasmagazine.com.br\/","logo":{"@type":"ImageObject","inLanguage":"pt-BR","@id":"https:\/\/juliasmagazine.com.br\/#\/schema\/logo\/image\/","url":"https:\/\/oquefazerembalneariocamboriu.com\/wp-content\/uploads\/2023\/02\/o-que-fazer-em-balneario-camboriu.jpg","contentUrl":"https:\/\/oquefazerembalneariocamboriu.com\/wp-content\/uploads\/2023\/02\/o-que-fazer-em-balneario-camboriu.jpg","width":1200,"height":675,"caption":"Julias Magazine"},"image":{"@id":"https:\/\/juliasmagazine.com.br\/#\/schema\/logo\/image\/"}},{"@type":"Person","@id":"https:\/\/juliasmagazine.com.br\/#\/schema\/person\/33c9ecabf11a83b4aaea1edea936942f","name":"Daniella Almeida - Reporter da Agencia Brasil","image":{"@type":"ImageObject","inLanguage":"pt-BR","@id":"https:\/\/juliasmagazine.com.br\/#\/schema\/person\/image\/","url":"https:\/\/secure.gravatar.com\/avatar\/fbbe71a6be160d51f00a715f8bfe5ccf3759e4f68eefea99e85828cb5374c941?s=96&d=mm&r=g","contentUrl":"https:\/\/secure.gravatar.com\/avatar\/fbbe71a6be160d51f00a715f8bfe5ccf3759e4f68eefea99e85828cb5374c941?s=96&d=mm&r=g","caption":"Daniella Almeida - Reporter da Agencia Brasil"},"url":"https:\/\/juliasmagazine.com.br\/?author=33"}]}},"_links":{"self":[{"href":"https:\/\/juliasmagazine.com.br\/index.php?rest_route=\/wp\/v2\/posts\/37543","targetHints":{"allow":["GET"]}}],"collection":[{"href":"https:\/\/juliasmagazine.com.br\/index.php?rest_route=\/wp\/v2\/posts"}],"about":[{"href":"https:\/\/juliasmagazine.com.br\/index.php?rest_route=\/wp\/v2\/types\/post"}],"author":[{"embeddable":true,"href":"https:\/\/juliasmagazine.com.br\/index.php?rest_route=\/wp\/v2\/users\/33"}],"replies":[{"embeddable":true,"href":"https:\/\/juliasmagazine.com.br\/index.php?rest_route=%2Fwp%2Fv2%2Fcomments&post=37543"}],"version-history":[{"count":0,"href":"https:\/\/juliasmagazine.com.br\/index.php?rest_route=\/wp\/v2\/posts\/37543\/revisions"}],"wp:featuredmedia":[{"embeddable":true,"href":"https:\/\/juliasmagazine.com.br\/index.php?rest_route=\/wp\/v2\/media\/37544"}],"wp:attachment":[{"href":"https:\/\/juliasmagazine.com.br\/index.php?rest_route=%2Fwp%2Fv2%2Fmedia&parent=37543"}],"wp:term":[{"taxonomy":"category","embeddable":true,"href":"https:\/\/juliasmagazine.com.br\/index.php?rest_route=%2Fwp%2Fv2%2Fcategories&post=37543"},{"taxonomy":"post_tag","embeddable":true,"href":"https:\/\/juliasmagazine.com.br\/index.php?rest_route=%2Fwp%2Fv2%2Ftags&post=37543"}],"curies":[{"name":"wp","href":"https:\/\/api.w.org\/{rel}","templated":true}]}}