{"id":37537,"date":"2026-09-02T14:38:20","date_gmt":"2026-09-02T17:38:20","guid":{"rendered":"https:\/\/juliasmagazine.com.br\/?p=37537"},"modified":"2026-09-02T14:38:20","modified_gmt":"2026-09-02T17:38:20","slug":"aquecimento-global-vai-passar-o-limite-de-15-c-alerta-onu","status":"publish","type":"post","link":"https:\/\/juliasmagazine.com.br\/?p=37537","title":{"rendered":"Aquecimento global vai passar o limite de 1,5 \u00b0C, alerta ONU"},"content":{"rendered":"<p>A Terra atingiu um ponto cr\u00edtico: o <strong>aquecimento global vai ultrapassar o limite de 1,5 \u00b0C<\/strong> nos pr\u00f3ximos anos. O alerta \u00e9 das <strong>Na\u00e7\u00f5es Unidas<\/strong> e faz parte de um relat\u00f3rio divulgado nesta quarta-feira (2).<img decoding=\"async\" src=\"https:\/\/agenciabrasil.ebc.com.br\/ebc.png?id=1701349&#038;o=rss\"><img decoding=\"async\" src=\"https:\/\/agenciabrasil.ebc.com.br\/ebc.gif?id=1701349&#038;o=rss\"><\/p>\n<p>Segundo a ONU, uma <strong>a\u00e7\u00e3o imediata<\/strong> \u00e9 a \u00fanica forma de evitar uma cat\u00e1strofe global. A mensagem aos l\u00edderes mundiais \u00e9 clara: manter o aumento da temperatura abaixo desse limite \u00e9 uma quest\u00e3o de <strong>sobreviv\u00eancia<\/strong>.<\/p>\n<p>O secret\u00e1rio-geral Ant\u00f3nio Guterres afirmou que a luta para limitar o aquecimento a 1,5 \u00b0C \u00e9 a luta pela humanidade. Para a ONU, o mundo est\u00e1 no limite. Prova disso \u00e9 o aumento cont\u00ednuo da temperatura, acompanhado por ondas de calor extremo, grandes inunda\u00e7\u00f5es e inc\u00eandios florestais sem precedentes. Por isso, segundo a organiza\u00e7\u00e3o, cada fra\u00e7\u00e3o adicional de grau vai custar vidas, destruir fontes de renda e causar estragos irrevers\u00edveis \u00e0 natureza.<\/p>\n<h3>A\u00e7\u00e3o imediata\u00a0<\/h3>\n<p>Mas as Na\u00e7\u00f5es Unidas destacam que, apesar do cen\u00e1rio grave, a <strong>trag\u00e9dia ainda pode ser evitada<\/strong>. Solu\u00e7\u00f5es t\u00e9cnicas e financeiras j\u00e1 existem. Falta apenas vontade pol\u00edtica firme, multilateralismo, boa governan\u00e7a e financiamento. Os pa\u00edses ricos devem liderar esse movimento.<\/p>\n<p>O relat\u00f3rio da ONU apresenta um <strong>plano para conter o aquecimento global e reduzir a polui\u00e7\u00e3o<\/strong>. Entre as a\u00e7\u00f5es est\u00e3o a elimina\u00e7\u00e3o gradual dos combust\u00edveis f\u00f3sseis, o aumento do uso e dos investimentos em energias renov\u00e1veis e a redu\u00e7\u00e3o dr\u00e1stica das emiss\u00f5es do g\u00e1s metano. Outra medida fundamental envolve a recupera\u00e7\u00e3o de ecossistemas essenciais, como florestas e oceanos.<\/p>\n<p>  <span class=\"hms hms-format-m-ss\">1:46<\/span><\/p>\n","protected":false},"excerpt":{"rendered":"<p>A Terra atingiu um ponto cr\u00edtico: o aquecimento global vai ultrapassar o limite de 1,5 \u00b0C nos pr\u00f3ximos anos. O alerta \u00e9 das Na\u00e7\u00f5es Unidas e faz parte de um relat\u00f3rio divulgado nesta quarta-feira (2). Segundo a ONU, uma a\u00e7\u00e3o imediata \u00e9 a \u00fanica forma de evitar uma cat\u00e1strofe global. A mensagem aos l\u00edderes mundiais [&hellip;]<\/p>\n","protected":false},"author":168,"featured_media":37538,"comment_status":"open","ping_status":"open","sticky":false,"template":"","format":"standard","meta":{"site-sidebar-layout":"default","site-content-layout":"","ast-site-content-layout":"","site-content-style":"default","site-sidebar-style":"default","ast-global-header-display":"","ast-banner-title-visibility":"","ast-main-header-display":"","ast-hfb-above-header-display":"","ast-hfb-below-header-display":"","ast-hfb-mobile-header-display":"","site-post-title":"","ast-breadcrumbs-content":"","ast-featured-img":"","footer-sml-layout":"","theme-transparent-header-meta":"","adv-header-id-meta":"","stick-header-meta":"","header-above-stick-meta":"","header-main-stick-meta":"","header-below-stick-meta":"","astra-migrate-meta-layouts":"default","ast-page-background-enabled":"default","ast-page-background-meta":{"desktop":{"background-color":"var(--ast-global-color-4)","background-image":"","background-repeat":"repeat","background-position":"center center","background-size":"auto","background-attachment":"scroll","background-type":"","background-media":"","overlay-type":"","overlay-color":"","overlay-opacity":"","overlay-gradient":""},"tablet":{"background-color":"","background-image":"","background-repeat":"repeat","background-position":"center center","background-size":"auto","background-attachment":"scroll","background-type":"","background-media":"","overlay-type":"","overlay-color":"","overlay-opacity":"","overlay-gradient":""},"mobile":{"background-color":"","background-image":"","background-repeat":"repeat","background-position":"center center","background-size":"auto","background-attachment":"scroll","background-type":"","background-media":"","overlay-type":"","overlay-color":"","overlay-opacity":"","overlay-gradient":""}},"ast-content-background-meta":{"desktop":{"background-color":"var(--ast-global-color-5)","background-image":"","background-repeat":"repeat","background-position":"center center","background-size":"auto","background-attachment":"scroll","background-type":"","background-media":"","overlay-type":"","overlay-color":"","overlay-opacity":"","overlay-gradient":""},"tablet":{"background-color":"var(--ast-global-color-5)","background-image":"","background-repeat":"repeat","background-position":"center center","background-size":"auto","background-attachment":"scroll","background-type":"","background-media":"","overlay-type":"","overlay-color":"","overlay-opacity":"","overlay-gradient":""},"mobile":{"background-color":"var(--ast-global-color-5)","background-image":"","background-repeat":"repeat","background-position":"center center","background-size":"auto","background-attachment":"scroll","background-type":"","background-media":"","overlay-type":"","overlay-color":"","overlay-opacity":"","overlay-gradient":""}},"footnotes":""},"categories":[6],"tags":[],"class_list":["post-37537","post","type-post","status-publish","format-standard","has-post-thumbnail","hentry","category-meio-ambiente-e-sustentabilidade"],"yoast_head":"<!-- This site is optimized with the Yoast SEO plugin v24.1 - https:\/\/yoast.com\/wordpress\/plugins\/seo\/ -->\n<title>Aquecimento global vai passar o limite de 1,5 \u00b0C, alerta ONU - Julias Magazine<\/title>\n<meta name=\"robots\" content=\"index, follow, max-snippet:-1, max-image-preview:large, max-video-preview:-1\" \/>\n<link rel=\"canonical\" href=\"https:\/\/juliasmagazine.com.br\/?p=37537\" \/>\n<meta property=\"og:locale\" content=\"pt_BR\" \/>\n<meta property=\"og:type\" content=\"article\" \/>\n<meta property=\"og:title\" content=\"Aquecimento global vai passar o limite de 1,5 \u00b0C, alerta ONU - Julias Magazine\" \/>\n<meta property=\"og:description\" content=\"A Terra atingiu um ponto cr\u00edtico: o aquecimento global vai ultrapassar o limite de 1,5 \u00b0C nos pr\u00f3ximos anos. O alerta \u00e9 das Na\u00e7\u00f5es Unidas e faz parte de um relat\u00f3rio divulgado nesta quarta-feira (2). Segundo a ONU, uma a\u00e7\u00e3o imediata \u00e9 a \u00fanica forma de evitar uma cat\u00e1strofe global. A mensagem aos l\u00edderes mundiais [&hellip;]\" \/>\n<meta property=\"og:url\" content=\"https:\/\/juliasmagazine.com.br\/?p=37537\" \/>\n<meta property=\"og:site_name\" content=\"Julias Magazine\" \/>\n<meta property=\"article:published_time\" content=\"2026-09-02T17:38:20+00:00\" \/>\n<meta property=\"og:image\" content=\"https:\/\/agenciabrasil.ebc.com.br\/ebc.png?id=1701349&o=rss\" \/>\n<meta name=\"author\" content=\"Renato Ribeiro - Reporter da Radio Nacional\" \/>\n<meta name=\"twitter:card\" content=\"summary_large_image\" \/>\n<meta name=\"twitter:label1\" content=\"Escrito por\" \/>\n\t<meta name=\"twitter:data1\" content=\"Renato Ribeiro - Reporter da Radio Nacional\" \/>\n\t<meta name=\"twitter:label2\" content=\"Est. tempo de leitura\" \/>\n\t<meta name=\"twitter:data2\" content=\"1 minuto\" \/>\n<script type=\"application\/ld+json\" class=\"yoast-schema-graph\">{\"@context\":\"https:\/\/schema.org\",\"@graph\":[{\"@type\":\"Article\",\"@id\":\"https:\/\/juliasmagazine.com.br\/?p=37537#article\",\"isPartOf\":{\"@id\":\"https:\/\/juliasmagazine.com.br\/?p=37537\"},\"author\":{\"name\":\"Renato Ribeiro - Reporter da Radio Nacional\",\"@id\":\"https:\/\/juliasmagazine.com.br\/#\/schema\/person\/b8e2f74f3cfe6e568cdc29aa256442e7\"},\"headline\":\"Aquecimento global vai passar o limite de 1,5 \u00b0C, alerta ONU\",\"datePublished\":\"2026-09-02T17:38:20+00:00\",\"dateModified\":\"2026-09-02T17:38:20+00:00\",\"mainEntityOfPage\":{\"@id\":\"https:\/\/juliasmagazine.com.br\/?p=37537\"},\"wordCount\":280,\"commentCount\":0,\"publisher\":{\"@id\":\"https:\/\/juliasmagazine.com.br\/#organization\"},\"image\":{\"@id\":\"https:\/\/juliasmagazine.com.br\/?p=37537#primaryimage\"},\"thumbnailUrl\":\"https:\/\/juliasmagazine.com.br\/wp-content\/uploads\/2026\/09\/37537-aquecimento-global-vai-passar-o-limite-de-15-c-alerta-onu.jpg\",\"articleSection\":[\"Meio Ambiente e Sustentabilidade\"],\"inLanguage\":\"pt-BR\",\"potentialAction\":[{\"@type\":\"CommentAction\",\"name\":\"Comment\",\"target\":[\"https:\/\/juliasmagazine.com.br\/?p=37537#respond\"]}]},{\"@type\":\"WebPage\",\"@id\":\"https:\/\/juliasmagazine.com.br\/?p=37537\",\"url\":\"https:\/\/juliasmagazine.com.br\/?p=37537\",\"name\":\"Aquecimento global vai passar o limite de 1,5 \u00b0C, alerta ONU - Julias Magazine\",\"isPartOf\":{\"@id\":\"https:\/\/juliasmagazine.com.br\/#website\"},\"primaryImageOfPage\":{\"@id\":\"https:\/\/juliasmagazine.com.br\/?p=37537#primaryimage\"},\"image\":{\"@id\":\"https:\/\/juliasmagazine.com.br\/?p=37537#primaryimage\"},\"thumbnailUrl\":\"https:\/\/juliasmagazine.com.br\/wp-content\/uploads\/2026\/09\/37537-aquecimento-global-vai-passar-o-limite-de-15-c-alerta-onu.jpg\",\"datePublished\":\"2026-09-02T17:38:20+00:00\",\"dateModified\":\"2026-09-02T17:38:20+00:00\",\"breadcrumb\":{\"@id\":\"https:\/\/juliasmagazine.com.br\/?p=37537#breadcrumb\"},\"inLanguage\":\"pt-BR\",\"potentialAction\":[{\"@type\":\"ReadAction\",\"target\":[\"https:\/\/juliasmagazine.com.br\/?p=37537\"]}]},{\"@type\":\"ImageObject\",\"inLanguage\":\"pt-BR\",\"@id\":\"https:\/\/juliasmagazine.com.br\/?p=37537#primaryimage\",\"url\":\"https:\/\/juliasmagazine.com.br\/wp-content\/uploads\/2026\/09\/37537-aquecimento-global-vai-passar-o-limite-de-15-c-alerta-onu.jpg\",\"contentUrl\":\"https:\/\/juliasmagazine.com.br\/wp-content\/uploads\/2026\/09\/37537-aquecimento-global-vai-passar-o-limite-de-15-c-alerta-onu.jpg\",\"width\":1600,\"height\":800,\"caption\":\"Aquecimento global vai passar o limite de 1,5 \u00b0C, alerta ONU\"},{\"@type\":\"BreadcrumbList\",\"@id\":\"https:\/\/juliasmagazine.com.br\/?p=37537#breadcrumb\",\"itemListElement\":[{\"@type\":\"ListItem\",\"position\":1,\"name\":\"In\u00edcio\",\"item\":\"https:\/\/juliasmagazine.com.br\/\"},{\"@type\":\"ListItem\",\"position\":2,\"name\":\"Aquecimento global vai passar o limite de 1,5 \u00b0C, alerta ONU\"}]},{\"@type\":\"WebSite\",\"@id\":\"https:\/\/juliasmagazine.com.br\/#website\",\"url\":\"https:\/\/juliasmagazine.com.br\/\",\"name\":\"Julias Magazine\",\"description\":\"A Sua revista eletr\u00f4nica de moda,politica ,viagens ,cultura ,gastronomia e finan\u00e7as. .\",\"publisher\":{\"@id\":\"https:\/\/juliasmagazine.com.br\/#organization\"},\"potentialAction\":[{\"@type\":\"SearchAction\",\"target\":{\"@type\":\"EntryPoint\",\"urlTemplate\":\"https:\/\/juliasmagazine.com.br\/?s={search_term_string}\"},\"query-input\":{\"@type\":\"PropertyValueSpecification\",\"valueRequired\":true,\"valueName\":\"search_term_string\"}}],\"inLanguage\":\"pt-BR\"},{\"@type\":\"Organization\",\"@id\":\"https:\/\/juliasmagazine.com.br\/#organization\",\"name\":\"Julias Magazine\",\"url\":\"https:\/\/juliasmagazine.com.br\/\",\"logo\":{\"@type\":\"ImageObject\",\"inLanguage\":\"pt-BR\",\"@id\":\"https:\/\/juliasmagazine.com.br\/#\/schema\/logo\/image\/\",\"url\":\"https:\/\/oquefazerembalneariocamboriu.com\/wp-content\/uploads\/2023\/02\/o-que-fazer-em-balneario-camboriu.jpg\",\"contentUrl\":\"https:\/\/oquefazerembalneariocamboriu.com\/wp-content\/uploads\/2023\/02\/o-que-fazer-em-balneario-camboriu.jpg\",\"width\":1200,\"height\":675,\"caption\":\"Julias Magazine\"},\"image\":{\"@id\":\"https:\/\/juliasmagazine.com.br\/#\/schema\/logo\/image\/\"}},{\"@type\":\"Person\",\"@id\":\"https:\/\/juliasmagazine.com.br\/#\/schema\/person\/b8e2f74f3cfe6e568cdc29aa256442e7\",\"name\":\"Renato Ribeiro - Reporter da Radio Nacional\",\"image\":{\"@type\":\"ImageObject\",\"inLanguage\":\"pt-BR\",\"@id\":\"https:\/\/juliasmagazine.com.br\/#\/schema\/person\/image\/\",\"url\":\"https:\/\/secure.gravatar.com\/avatar\/7dfcebc425c9062c0c0e2a388e7d4fb4d1985708f9f1deb117fda657eaa510cd?s=96&d=mm&r=g\",\"contentUrl\":\"https:\/\/secure.gravatar.com\/avatar\/7dfcebc425c9062c0c0e2a388e7d4fb4d1985708f9f1deb117fda657eaa510cd?s=96&d=mm&r=g\",\"caption\":\"Renato Ribeiro - Reporter da Radio Nacional\"},\"url\":\"https:\/\/juliasmagazine.com.br\/?author=168\"}]}<\/script>\n<!-- \/ Yoast SEO plugin. -->","yoast_head_json":{"title":"Aquecimento global vai passar o limite de 1,5 \u00b0C, alerta ONU - Julias Magazine","robots":{"index":"index","follow":"follow","max-snippet":"max-snippet:-1","max-image-preview":"max-image-preview:large","max-video-preview":"max-video-preview:-1"},"canonical":"https:\/\/juliasmagazine.com.br\/?p=37537","og_locale":"pt_BR","og_type":"article","og_title":"Aquecimento global vai passar o limite de 1,5 \u00b0C, alerta ONU - Julias Magazine","og_description":"A Terra atingiu um ponto cr\u00edtico: o aquecimento global vai ultrapassar o limite de 1,5 \u00b0C nos pr\u00f3ximos anos. O alerta \u00e9 das Na\u00e7\u00f5es Unidas e faz parte de um relat\u00f3rio divulgado nesta quarta-feira (2). Segundo a ONU, uma a\u00e7\u00e3o imediata \u00e9 a \u00fanica forma de evitar uma cat\u00e1strofe global. A mensagem aos l\u00edderes mundiais [&hellip;]","og_url":"https:\/\/juliasmagazine.com.br\/?p=37537","og_site_name":"Julias Magazine","article_published_time":"2026-09-02T17:38:20+00:00","og_image":[{"url":"https:\/\/agenciabrasil.ebc.com.br\/ebc.png?id=1701349&o=rss","type":"","width":"","height":""}],"author":"Renato Ribeiro - Reporter da Radio Nacional","twitter_card":"summary_large_image","twitter_misc":{"Escrito por":"Renato Ribeiro - Reporter da Radio Nacional","Est. tempo de leitura":"1 minuto"},"schema":{"@context":"https:\/\/schema.org","@graph":[{"@type":"Article","@id":"https:\/\/juliasmagazine.com.br\/?p=37537#article","isPartOf":{"@id":"https:\/\/juliasmagazine.com.br\/?p=37537"},"author":{"name":"Renato Ribeiro - Reporter da Radio Nacional","@id":"https:\/\/juliasmagazine.com.br\/#\/schema\/person\/b8e2f74f3cfe6e568cdc29aa256442e7"},"headline":"Aquecimento global vai passar o limite de 1,5 \u00b0C, alerta ONU","datePublished":"2026-09-02T17:38:20+00:00","dateModified":"2026-09-02T17:38:20+00:00","mainEntityOfPage":{"@id":"https:\/\/juliasmagazine.com.br\/?p=37537"},"wordCount":280,"commentCount":0,"publisher":{"@id":"https:\/\/juliasmagazine.com.br\/#organization"},"image":{"@id":"https:\/\/juliasmagazine.com.br\/?p=37537#primaryimage"},"thumbnailUrl":"https:\/\/juliasmagazine.com.br\/wp-content\/uploads\/2026\/09\/37537-aquecimento-global-vai-passar-o-limite-de-15-c-alerta-onu.jpg","articleSection":["Meio Ambiente e Sustentabilidade"],"inLanguage":"pt-BR","potentialAction":[{"@type":"CommentAction","name":"Comment","target":["https:\/\/juliasmagazine.com.br\/?p=37537#respond"]}]},{"@type":"WebPage","@id":"https:\/\/juliasmagazine.com.br\/?p=37537","url":"https:\/\/juliasmagazine.com.br\/?p=37537","name":"Aquecimento global vai passar o limite de 1,5 \u00b0C, alerta ONU - Julias Magazine","isPartOf":{"@id":"https:\/\/juliasmagazine.com.br\/#website"},"primaryImageOfPage":{"@id":"https:\/\/juliasmagazine.com.br\/?p=37537#primaryimage"},"image":{"@id":"https:\/\/juliasmagazine.com.br\/?p=37537#primaryimage"},"thumbnailUrl":"https:\/\/juliasmagazine.com.br\/wp-content\/uploads\/2026\/09\/37537-aquecimento-global-vai-passar-o-limite-de-15-c-alerta-onu.jpg","datePublished":"2026-09-02T17:38:20+00:00","dateModified":"2026-09-02T17:38:20+00:00","breadcrumb":{"@id":"https:\/\/juliasmagazine.com.br\/?p=37537#breadcrumb"},"inLanguage":"pt-BR","potentialAction":[{"@type":"ReadAction","target":["https:\/\/juliasmagazine.com.br\/?p=37537"]}]},{"@type":"ImageObject","inLanguage":"pt-BR","@id":"https:\/\/juliasmagazine.com.br\/?p=37537#primaryimage","url":"https:\/\/juliasmagazine.com.br\/wp-content\/uploads\/2026\/09\/37537-aquecimento-global-vai-passar-o-limite-de-15-c-alerta-onu.jpg","contentUrl":"https:\/\/juliasmagazine.com.br\/wp-content\/uploads\/2026\/09\/37537-aquecimento-global-vai-passar-o-limite-de-15-c-alerta-onu.jpg","width":1600,"height":800,"caption":"Aquecimento global vai passar o limite de 1,5 \u00b0C, alerta ONU"},{"@type":"BreadcrumbList","@id":"https:\/\/juliasmagazine.com.br\/?p=37537#breadcrumb","itemListElement":[{"@type":"ListItem","position":1,"name":"In\u00edcio","item":"https:\/\/juliasmagazine.com.br\/"},{"@type":"ListItem","position":2,"name":"Aquecimento global vai passar o limite de 1,5 \u00b0C, alerta ONU"}]},{"@type":"WebSite","@id":"https:\/\/juliasmagazine.com.br\/#website","url":"https:\/\/juliasmagazine.com.br\/","name":"Julias Magazine","description":"A Sua revista eletr\u00f4nica de moda,politica ,viagens ,cultura ,gastronomia e finan\u00e7as. .","publisher":{"@id":"https:\/\/juliasmagazine.com.br\/#organization"},"potentialAction":[{"@type":"SearchAction","target":{"@type":"EntryPoint","urlTemplate":"https:\/\/juliasmagazine.com.br\/?s={search_term_string}"},"query-input":{"@type":"PropertyValueSpecification","valueRequired":true,"valueName":"search_term_string"}}],"inLanguage":"pt-BR"},{"@type":"Organization","@id":"https:\/\/juliasmagazine.com.br\/#organization","name":"Julias Magazine","url":"https:\/\/juliasmagazine.com.br\/","logo":{"@type":"ImageObject","inLanguage":"pt-BR","@id":"https:\/\/juliasmagazine.com.br\/#\/schema\/logo\/image\/","url":"https:\/\/oquefazerembalneariocamboriu.com\/wp-content\/uploads\/2023\/02\/o-que-fazer-em-balneario-camboriu.jpg","contentUrl":"https:\/\/oquefazerembalneariocamboriu.com\/wp-content\/uploads\/2023\/02\/o-que-fazer-em-balneario-camboriu.jpg","width":1200,"height":675,"caption":"Julias Magazine"},"image":{"@id":"https:\/\/juliasmagazine.com.br\/#\/schema\/logo\/image\/"}},{"@type":"Person","@id":"https:\/\/juliasmagazine.com.br\/#\/schema\/person\/b8e2f74f3cfe6e568cdc29aa256442e7","name":"Renato Ribeiro - Reporter da Radio Nacional","image":{"@type":"ImageObject","inLanguage":"pt-BR","@id":"https:\/\/juliasmagazine.com.br\/#\/schema\/person\/image\/","url":"https:\/\/secure.gravatar.com\/avatar\/7dfcebc425c9062c0c0e2a388e7d4fb4d1985708f9f1deb117fda657eaa510cd?s=96&d=mm&r=g","contentUrl":"https:\/\/secure.gravatar.com\/avatar\/7dfcebc425c9062c0c0e2a388e7d4fb4d1985708f9f1deb117fda657eaa510cd?s=96&d=mm&r=g","caption":"Renato Ribeiro - Reporter da Radio Nacional"},"url":"https:\/\/juliasmagazine.com.br\/?author=168"}]}},"_links":{"self":[{"href":"https:\/\/juliasmagazine.com.br\/index.php?rest_route=\/wp\/v2\/posts\/37537","targetHints":{"allow":["GET"]}}],"collection":[{"href":"https:\/\/juliasmagazine.com.br\/index.php?rest_route=\/wp\/v2\/posts"}],"about":[{"href":"https:\/\/juliasmagazine.com.br\/index.php?rest_route=\/wp\/v2\/types\/post"}],"author":[{"embeddable":true,"href":"https:\/\/juliasmagazine.com.br\/index.php?rest_route=\/wp\/v2\/users\/168"}],"replies":[{"embeddable":true,"href":"https:\/\/juliasmagazine.com.br\/index.php?rest_route=%2Fwp%2Fv2%2Fcomments&post=37537"}],"version-history":[{"count":0,"href":"https:\/\/juliasmagazine.com.br\/index.php?rest_route=\/wp\/v2\/posts\/37537\/revisions"}],"wp:featuredmedia":[{"embeddable":true,"href":"https:\/\/juliasmagazine.com.br\/index.php?rest_route=\/wp\/v2\/media\/37538"}],"wp:attachment":[{"href":"https:\/\/juliasmagazine.com.br\/index.php?rest_route=%2Fwp%2Fv2%2Fmedia&parent=37537"}],"wp:term":[{"taxonomy":"category","embeddable":true,"href":"https:\/\/juliasmagazine.com.br\/index.php?rest_route=%2Fwp%2Fv2%2Fcategories&post=37537"},{"taxonomy":"post_tag","embeddable":true,"href":"https:\/\/juliasmagazine.com.br\/index.php?rest_route=%2Fwp%2Fv2%2Ftags&post=37537"}],"curies":[{"name":"wp","href":"https:\/\/api.w.org\/{rel}","templated":true}]}}