{"id":37525,"date":"2026-09-02T13:33:03","date_gmt":"2026-09-02T16:33:03","guid":{"rendered":"https:\/\/juliasmagazine.com.br\/?p=37525"},"modified":"2026-09-02T13:33:03","modified_gmt":"2026-09-02T16:33:03","slug":"ator-e-diretor-gracindo-jr-morre-aos-83-anos-no-rio","status":"publish","type":"post","link":"https:\/\/juliasmagazine.com.br\/?p=37525","title":{"rendered":"Ator e diretor Gracindo Jr. morre aos 83 anos no Rio"},"content":{"rendered":"<p>Morreu na manh\u00e3 desta quarta-feira o ator e diretor Gracindo Jr., aos 83 anos de idade, por causas naturais.<img decoding=\"async\" src=\"https:\/\/agenciabrasil.ebc.com.br\/ebc.png?id=1701335&#038;o=rss\"><img decoding=\"async\" src=\"https:\/\/agenciabrasil.ebc.com.br\/ebc.gif?id=1701335&#038;o=rss\"><\/p>\n<p>A informa\u00e7\u00e3o foi confirmada pelo filho do artista, Pedro Gracindo, acrescentando que o pai morreu em casa, no Rio de Janeiro.<\/p>\n<p><strong>Ao longo de mais de 50 anos de carreira, Gracindo Jr.\u00a0 acumulou passagens pelo r\u00e1dio, teatro, televis\u00e3o e cinema.<\/strong><\/p>\n<p>Filho de Paulo Gracindo, outro hist\u00f3rico nome da dramaturgia brasileira, o carioca registrado como Epaminondas Xavier Gracindo deu seus primeiros passos nas artes em 1959, quando foi aprovado em um teste para trabalhar na R\u00e1dio Nacional.<\/p>\n<p>Mesma emissora onde o pai j\u00e1 havia se consolidado como um dos atores e apresentadores de maior sucesso da \u00e9poca.<\/p>\n<p>Ap\u00f3s deixar sua marca na R\u00e1dio Nacional, ele foi contratado pela TV Globo em 1964 para integrar o elenco que inaugurou as produ\u00e7\u00f5es da emissora.<\/p>\n<p>De l\u00e1 para c\u00e1, atuou em sucessos como O Salvador da P\u00e1tria, Rosinha do Sobrado, Padre Ti\u00e3o e Os Ossos do Bar\u00e3o, onde contracenou com o seu pai.<\/p>\n<p>O sucesso o acompanhou inclusive na fun\u00e7\u00e3o de diretor.<\/p>\n<p>Entre as produ\u00e7\u00f5es de maior destaque est\u00e3o a novela Marron Glac\u00ea, o programa de com\u00e9dia Os Trapalh\u00f5es e os primeiros videoclipes de m\u00fasica exibidos pelo programa Fant\u00e1stico, da TV Globo.<\/p>\n<p>Em notas, o governador do Rio de Janeiro, Ricardo Couto, e o Minist\u00e9rio da Cultura lamentaram a morte do ator e manifestaram solidariedade aos familiares.<\/p>\n<p><strong>Gracindo Jr.\u00a0deixa cinco filhos, sete netos e a esposa, Daisy Poli, com quem estava casado h\u00e1 mais de cinco d\u00e9cadas.<\/strong><\/p>\n<p><strong>At\u00e9 o fechamento desta reportagem, n\u00e3o foram divulgadas informa\u00e7\u00f5es sobre o vel\u00f3rio.<\/strong><\/p>\n<p><em>*Sob supervis\u00e3o de Vit\u00f3ria Elizabeth<\/em><\/p>\n<p>  <span class=\"hms hms-format-m-ss\">1:43<\/span><\/p>\n","protected":false},"excerpt":{"rendered":"<p>Morreu na manh\u00e3 desta quarta-feira o ator e diretor Gracindo Jr., aos 83 anos de idade, por causas naturais. A informa\u00e7\u00e3o foi confirmada pelo filho do artista, Pedro Gracindo, acrescentando que o pai morreu em casa, no Rio de Janeiro. Ao longo de mais de 50 anos de carreira, Gracindo Jr.\u00a0 acumulou passagens pelo r\u00e1dio, [&hellip;]<\/p>\n","protected":false},"author":1,"featured_media":37526,"comment_status":"open","ping_status":"open","sticky":false,"template":"","format":"standard","meta":{"site-sidebar-layout":"default","site-content-layout":"","ast-site-content-layout":"","site-content-style":"default","site-sidebar-style":"default","ast-global-header-display":"","ast-banner-title-visibility":"","ast-main-header-display":"","ast-hfb-above-header-display":"","ast-hfb-below-header-display":"","ast-hfb-mobile-header-display":"","site-post-title":"","ast-breadcrumbs-content":"","ast-featured-img":"","footer-sml-layout":"","theme-transparent-header-meta":"","adv-header-id-meta":"","stick-header-meta":"","header-above-stick-meta":"","header-main-stick-meta":"","header-below-stick-meta":"","astra-migrate-meta-layouts":"default","ast-page-background-enabled":"default","ast-page-background-meta":{"desktop":{"background-color":"var(--ast-global-color-4)","background-image":"","background-repeat":"repeat","background-position":"center center","background-size":"auto","background-attachment":"scroll","background-type":"","background-media":"","overlay-type":"","overlay-color":"","overlay-opacity":"","overlay-gradient":""},"tablet":{"background-color":"","background-image":"","background-repeat":"repeat","background-position":"center center","background-size":"auto","background-attachment":"scroll","background-type":"","background-media":"","overlay-type":"","overlay-color":"","overlay-opacity":"","overlay-gradient":""},"mobile":{"background-color":"","background-image":"","background-repeat":"repeat","background-position":"center center","background-size":"auto","background-attachment":"scroll","background-type":"","background-media":"","overlay-type":"","overlay-color":"","overlay-opacity":"","overlay-gradient":""}},"ast-content-background-meta":{"desktop":{"background-color":"var(--ast-global-color-5)","background-image":"","background-repeat":"repeat","background-position":"center center","background-size":"auto","background-attachment":"scroll","background-type":"","background-media":"","overlay-type":"","overlay-color":"","overlay-opacity":"","overlay-gradient":""},"tablet":{"background-color":"var(--ast-global-color-5)","background-image":"","background-repeat":"repeat","background-position":"center center","background-size":"auto","background-attachment":"scroll","background-type":"","background-media":"","overlay-type":"","overlay-color":"","overlay-opacity":"","overlay-gradient":""},"mobile":{"background-color":"var(--ast-global-color-5)","background-image":"","background-repeat":"repeat","background-position":"center center","background-size":"auto","background-attachment":"scroll","background-type":"","background-media":"","overlay-type":"","overlay-color":"","overlay-opacity":"","overlay-gradient":""}},"footnotes":""},"categories":[5],"tags":[],"class_list":["post-37525","post","type-post","status-publish","format-standard","has-post-thumbnail","hentry","category-cultura-e-entretenimento"],"yoast_head":"<!-- This site is optimized with the Yoast SEO plugin v24.1 - https:\/\/yoast.com\/wordpress\/plugins\/seo\/ -->\n<title>Ator e diretor Gracindo Jr. morre aos 83 anos no Rio - Julias Magazine<\/title>\n<meta name=\"robots\" content=\"index, follow, max-snippet:-1, max-image-preview:large, max-video-preview:-1\" \/>\n<link rel=\"canonical\" href=\"https:\/\/juliasmagazine.com.br\/?p=37525\" \/>\n<meta property=\"og:locale\" content=\"pt_BR\" \/>\n<meta property=\"og:type\" content=\"article\" \/>\n<meta property=\"og:title\" content=\"Ator e diretor Gracindo Jr. morre aos 83 anos no Rio - Julias Magazine\" \/>\n<meta property=\"og:description\" content=\"Morreu na manh\u00e3 desta quarta-feira o ator e diretor Gracindo Jr., aos 83 anos de idade, por causas naturais. A informa\u00e7\u00e3o foi confirmada pelo filho do artista, Pedro Gracindo, acrescentando que o pai morreu em casa, no Rio de Janeiro. Ao longo de mais de 50 anos de carreira, Gracindo Jr.\u00a0 acumulou passagens pelo r\u00e1dio, [&hellip;]\" \/>\n<meta property=\"og:url\" content=\"https:\/\/juliasmagazine.com.br\/?p=37525\" \/>\n<meta property=\"og:site_name\" content=\"Julias Magazine\" \/>\n<meta property=\"article:published_time\" content=\"2026-09-02T16:33:03+00:00\" \/>\n<meta property=\"og:image\" content=\"https:\/\/agenciabrasil.ebc.com.br\/ebc.png?id=1701335&o=rss\" \/>\n<meta name=\"author\" content=\"gestormovie\" \/>\n<meta name=\"twitter:card\" content=\"summary_large_image\" \/>\n<meta name=\"twitter:label1\" content=\"Escrito por\" \/>\n\t<meta name=\"twitter:data1\" content=\"gestormovie\" \/>\n\t<meta name=\"twitter:label2\" content=\"Est. tempo de leitura\" \/>\n\t<meta name=\"twitter:data2\" content=\"1 minuto\" \/>\n<script type=\"application\/ld+json\" class=\"yoast-schema-graph\">{\"@context\":\"https:\/\/schema.org\",\"@graph\":[{\"@type\":\"Article\",\"@id\":\"https:\/\/juliasmagazine.com.br\/?p=37525#article\",\"isPartOf\":{\"@id\":\"https:\/\/juliasmagazine.com.br\/?p=37525\"},\"author\":{\"name\":\"gestormovie\",\"@id\":\"https:\/\/juliasmagazine.com.br\/#\/schema\/person\/4644cc0cefba8afbd17931d23420f787\"},\"headline\":\"Ator e diretor Gracindo Jr. morre aos 83 anos no Rio\",\"datePublished\":\"2026-09-02T16:33:03+00:00\",\"dateModified\":\"2026-09-02T16:33:03+00:00\",\"mainEntityOfPage\":{\"@id\":\"https:\/\/juliasmagazine.com.br\/?p=37525\"},\"wordCount\":301,\"commentCount\":0,\"publisher\":{\"@id\":\"https:\/\/juliasmagazine.com.br\/#organization\"},\"image\":{\"@id\":\"https:\/\/juliasmagazine.com.br\/?p=37525#primaryimage\"},\"thumbnailUrl\":\"https:\/\/juliasmagazine.com.br\/wp-content\/uploads\/2026\/09\/37525-ator-e-diretor-gracindo-jr-morre-aos-83-anos-no-rio.jpg\",\"articleSection\":[\"Cultura e Entretenimento\"],\"inLanguage\":\"pt-BR\",\"potentialAction\":[{\"@type\":\"CommentAction\",\"name\":\"Comment\",\"target\":[\"https:\/\/juliasmagazine.com.br\/?p=37525#respond\"]}]},{\"@type\":\"WebPage\",\"@id\":\"https:\/\/juliasmagazine.com.br\/?p=37525\",\"url\":\"https:\/\/juliasmagazine.com.br\/?p=37525\",\"name\":\"Ator e diretor Gracindo Jr. morre aos 83 anos no Rio - Julias Magazine\",\"isPartOf\":{\"@id\":\"https:\/\/juliasmagazine.com.br\/#website\"},\"primaryImageOfPage\":{\"@id\":\"https:\/\/juliasmagazine.com.br\/?p=37525#primaryimage\"},\"image\":{\"@id\":\"https:\/\/juliasmagazine.com.br\/?p=37525#primaryimage\"},\"thumbnailUrl\":\"https:\/\/juliasmagazine.com.br\/wp-content\/uploads\/2026\/09\/37525-ator-e-diretor-gracindo-jr-morre-aos-83-anos-no-rio.jpg\",\"datePublished\":\"2026-09-02T16:33:03+00:00\",\"dateModified\":\"2026-09-02T16:33:03+00:00\",\"breadcrumb\":{\"@id\":\"https:\/\/juliasmagazine.com.br\/?p=37525#breadcrumb\"},\"inLanguage\":\"pt-BR\",\"potentialAction\":[{\"@type\":\"ReadAction\",\"target\":[\"https:\/\/juliasmagazine.com.br\/?p=37525\"]}]},{\"@type\":\"ImageObject\",\"inLanguage\":\"pt-BR\",\"@id\":\"https:\/\/juliasmagazine.com.br\/?p=37525#primaryimage\",\"url\":\"https:\/\/juliasmagazine.com.br\/wp-content\/uploads\/2026\/09\/37525-ator-e-diretor-gracindo-jr-morre-aos-83-anos-no-rio.jpg\",\"contentUrl\":\"https:\/\/juliasmagazine.com.br\/wp-content\/uploads\/2026\/09\/37525-ator-e-diretor-gracindo-jr-morre-aos-83-anos-no-rio.jpg\",\"width\":1600,\"height\":800,\"caption\":\"Ator e diretor Gracindo Jr. morre aos 83 anos no Rio\"},{\"@type\":\"BreadcrumbList\",\"@id\":\"https:\/\/juliasmagazine.com.br\/?p=37525#breadcrumb\",\"itemListElement\":[{\"@type\":\"ListItem\",\"position\":1,\"name\":\"In\u00edcio\",\"item\":\"https:\/\/juliasmagazine.com.br\/\"},{\"@type\":\"ListItem\",\"position\":2,\"name\":\"Ator e diretor Gracindo Jr. morre aos 83 anos no Rio\"}]},{\"@type\":\"WebSite\",\"@id\":\"https:\/\/juliasmagazine.com.br\/#website\",\"url\":\"https:\/\/juliasmagazine.com.br\/\",\"name\":\"Julias Magazine\",\"description\":\"A Sua revista eletr\u00f4nica de moda,politica ,viagens ,cultura ,gastronomia e finan\u00e7as. .\",\"publisher\":{\"@id\":\"https:\/\/juliasmagazine.com.br\/#organization\"},\"potentialAction\":[{\"@type\":\"SearchAction\",\"target\":{\"@type\":\"EntryPoint\",\"urlTemplate\":\"https:\/\/juliasmagazine.com.br\/?s={search_term_string}\"},\"query-input\":{\"@type\":\"PropertyValueSpecification\",\"valueRequired\":true,\"valueName\":\"search_term_string\"}}],\"inLanguage\":\"pt-BR\"},{\"@type\":\"Organization\",\"@id\":\"https:\/\/juliasmagazine.com.br\/#organization\",\"name\":\"Julias Magazine\",\"url\":\"https:\/\/juliasmagazine.com.br\/\",\"logo\":{\"@type\":\"ImageObject\",\"inLanguage\":\"pt-BR\",\"@id\":\"https:\/\/juliasmagazine.com.br\/#\/schema\/logo\/image\/\",\"url\":\"https:\/\/oquefazerembalneariocamboriu.com\/wp-content\/uploads\/2023\/02\/o-que-fazer-em-balneario-camboriu.jpg\",\"contentUrl\":\"https:\/\/oquefazerembalneariocamboriu.com\/wp-content\/uploads\/2023\/02\/o-que-fazer-em-balneario-camboriu.jpg\",\"width\":1200,\"height\":675,\"caption\":\"Julias Magazine\"},\"image\":{\"@id\":\"https:\/\/juliasmagazine.com.br\/#\/schema\/logo\/image\/\"}},{\"@type\":\"Person\",\"@id\":\"https:\/\/juliasmagazine.com.br\/#\/schema\/person\/4644cc0cefba8afbd17931d23420f787\",\"name\":\"gestormovie\",\"image\":{\"@type\":\"ImageObject\",\"inLanguage\":\"pt-BR\",\"@id\":\"https:\/\/juliasmagazine.com.br\/#\/schema\/person\/image\/\",\"url\":\"https:\/\/secure.gravatar.com\/avatar\/c07ba4842df2fb5c25da194195cd2cdd8ccc2426824c3276a3f81c597c7a6600?s=96&d=mm&r=g\",\"contentUrl\":\"https:\/\/secure.gravatar.com\/avatar\/c07ba4842df2fb5c25da194195cd2cdd8ccc2426824c3276a3f81c597c7a6600?s=96&d=mm&r=g\",\"caption\":\"gestormovie\"},\"sameAs\":[\"https:\/\/juliasmagazine.com.br\"],\"url\":\"https:\/\/juliasmagazine.com.br\/?author=1\"}]}<\/script>\n<!-- \/ Yoast SEO plugin. -->","yoast_head_json":{"title":"Ator e diretor Gracindo Jr. morre aos 83 anos no Rio - Julias Magazine","robots":{"index":"index","follow":"follow","max-snippet":"max-snippet:-1","max-image-preview":"max-image-preview:large","max-video-preview":"max-video-preview:-1"},"canonical":"https:\/\/juliasmagazine.com.br\/?p=37525","og_locale":"pt_BR","og_type":"article","og_title":"Ator e diretor Gracindo Jr. morre aos 83 anos no Rio - Julias Magazine","og_description":"Morreu na manh\u00e3 desta quarta-feira o ator e diretor Gracindo Jr., aos 83 anos de idade, por causas naturais. A informa\u00e7\u00e3o foi confirmada pelo filho do artista, Pedro Gracindo, acrescentando que o pai morreu em casa, no Rio de Janeiro. Ao longo de mais de 50 anos de carreira, Gracindo Jr.\u00a0 acumulou passagens pelo r\u00e1dio, [&hellip;]","og_url":"https:\/\/juliasmagazine.com.br\/?p=37525","og_site_name":"Julias Magazine","article_published_time":"2026-09-02T16:33:03+00:00","og_image":[{"url":"https:\/\/agenciabrasil.ebc.com.br\/ebc.png?id=1701335&o=rss","type":"","width":"","height":""}],"author":"gestormovie","twitter_card":"summary_large_image","twitter_misc":{"Escrito por":"gestormovie","Est. tempo de leitura":"1 minuto"},"schema":{"@context":"https:\/\/schema.org","@graph":[{"@type":"Article","@id":"https:\/\/juliasmagazine.com.br\/?p=37525#article","isPartOf":{"@id":"https:\/\/juliasmagazine.com.br\/?p=37525"},"author":{"name":"gestormovie","@id":"https:\/\/juliasmagazine.com.br\/#\/schema\/person\/4644cc0cefba8afbd17931d23420f787"},"headline":"Ator e diretor Gracindo Jr. morre aos 83 anos no Rio","datePublished":"2026-09-02T16:33:03+00:00","dateModified":"2026-09-02T16:33:03+00:00","mainEntityOfPage":{"@id":"https:\/\/juliasmagazine.com.br\/?p=37525"},"wordCount":301,"commentCount":0,"publisher":{"@id":"https:\/\/juliasmagazine.com.br\/#organization"},"image":{"@id":"https:\/\/juliasmagazine.com.br\/?p=37525#primaryimage"},"thumbnailUrl":"https:\/\/juliasmagazine.com.br\/wp-content\/uploads\/2026\/09\/37525-ator-e-diretor-gracindo-jr-morre-aos-83-anos-no-rio.jpg","articleSection":["Cultura e Entretenimento"],"inLanguage":"pt-BR","potentialAction":[{"@type":"CommentAction","name":"Comment","target":["https:\/\/juliasmagazine.com.br\/?p=37525#respond"]}]},{"@type":"WebPage","@id":"https:\/\/juliasmagazine.com.br\/?p=37525","url":"https:\/\/juliasmagazine.com.br\/?p=37525","name":"Ator e diretor Gracindo Jr. morre aos 83 anos no Rio - Julias Magazine","isPartOf":{"@id":"https:\/\/juliasmagazine.com.br\/#website"},"primaryImageOfPage":{"@id":"https:\/\/juliasmagazine.com.br\/?p=37525#primaryimage"},"image":{"@id":"https:\/\/juliasmagazine.com.br\/?p=37525#primaryimage"},"thumbnailUrl":"https:\/\/juliasmagazine.com.br\/wp-content\/uploads\/2026\/09\/37525-ator-e-diretor-gracindo-jr-morre-aos-83-anos-no-rio.jpg","datePublished":"2026-09-02T16:33:03+00:00","dateModified":"2026-09-02T16:33:03+00:00","breadcrumb":{"@id":"https:\/\/juliasmagazine.com.br\/?p=37525#breadcrumb"},"inLanguage":"pt-BR","potentialAction":[{"@type":"ReadAction","target":["https:\/\/juliasmagazine.com.br\/?p=37525"]}]},{"@type":"ImageObject","inLanguage":"pt-BR","@id":"https:\/\/juliasmagazine.com.br\/?p=37525#primaryimage","url":"https:\/\/juliasmagazine.com.br\/wp-content\/uploads\/2026\/09\/37525-ator-e-diretor-gracindo-jr-morre-aos-83-anos-no-rio.jpg","contentUrl":"https:\/\/juliasmagazine.com.br\/wp-content\/uploads\/2026\/09\/37525-ator-e-diretor-gracindo-jr-morre-aos-83-anos-no-rio.jpg","width":1600,"height":800,"caption":"Ator e diretor Gracindo Jr. morre aos 83 anos no Rio"},{"@type":"BreadcrumbList","@id":"https:\/\/juliasmagazine.com.br\/?p=37525#breadcrumb","itemListElement":[{"@type":"ListItem","position":1,"name":"In\u00edcio","item":"https:\/\/juliasmagazine.com.br\/"},{"@type":"ListItem","position":2,"name":"Ator e diretor Gracindo Jr. morre aos 83 anos no Rio"}]},{"@type":"WebSite","@id":"https:\/\/juliasmagazine.com.br\/#website","url":"https:\/\/juliasmagazine.com.br\/","name":"Julias Magazine","description":"A Sua revista eletr\u00f4nica de moda,politica ,viagens ,cultura ,gastronomia e finan\u00e7as. .","publisher":{"@id":"https:\/\/juliasmagazine.com.br\/#organization"},"potentialAction":[{"@type":"SearchAction","target":{"@type":"EntryPoint","urlTemplate":"https:\/\/juliasmagazine.com.br\/?s={search_term_string}"},"query-input":{"@type":"PropertyValueSpecification","valueRequired":true,"valueName":"search_term_string"}}],"inLanguage":"pt-BR"},{"@type":"Organization","@id":"https:\/\/juliasmagazine.com.br\/#organization","name":"Julias Magazine","url":"https:\/\/juliasmagazine.com.br\/","logo":{"@type":"ImageObject","inLanguage":"pt-BR","@id":"https:\/\/juliasmagazine.com.br\/#\/schema\/logo\/image\/","url":"https:\/\/oquefazerembalneariocamboriu.com\/wp-content\/uploads\/2023\/02\/o-que-fazer-em-balneario-camboriu.jpg","contentUrl":"https:\/\/oquefazerembalneariocamboriu.com\/wp-content\/uploads\/2023\/02\/o-que-fazer-em-balneario-camboriu.jpg","width":1200,"height":675,"caption":"Julias Magazine"},"image":{"@id":"https:\/\/juliasmagazine.com.br\/#\/schema\/logo\/image\/"}},{"@type":"Person","@id":"https:\/\/juliasmagazine.com.br\/#\/schema\/person\/4644cc0cefba8afbd17931d23420f787","name":"gestormovie","image":{"@type":"ImageObject","inLanguage":"pt-BR","@id":"https:\/\/juliasmagazine.com.br\/#\/schema\/person\/image\/","url":"https:\/\/secure.gravatar.com\/avatar\/c07ba4842df2fb5c25da194195cd2cdd8ccc2426824c3276a3f81c597c7a6600?s=96&d=mm&r=g","contentUrl":"https:\/\/secure.gravatar.com\/avatar\/c07ba4842df2fb5c25da194195cd2cdd8ccc2426824c3276a3f81c597c7a6600?s=96&d=mm&r=g","caption":"gestormovie"},"sameAs":["https:\/\/juliasmagazine.com.br"],"url":"https:\/\/juliasmagazine.com.br\/?author=1"}]}},"_links":{"self":[{"href":"https:\/\/juliasmagazine.com.br\/index.php?rest_route=\/wp\/v2\/posts\/37525","targetHints":{"allow":["GET"]}}],"collection":[{"href":"https:\/\/juliasmagazine.com.br\/index.php?rest_route=\/wp\/v2\/posts"}],"about":[{"href":"https:\/\/juliasmagazine.com.br\/index.php?rest_route=\/wp\/v2\/types\/post"}],"author":[{"embeddable":true,"href":"https:\/\/juliasmagazine.com.br\/index.php?rest_route=\/wp\/v2\/users\/1"}],"replies":[{"embeddable":true,"href":"https:\/\/juliasmagazine.com.br\/index.php?rest_route=%2Fwp%2Fv2%2Fcomments&post=37525"}],"version-history":[{"count":0,"href":"https:\/\/juliasmagazine.com.br\/index.php?rest_route=\/wp\/v2\/posts\/37525\/revisions"}],"wp:featuredmedia":[{"embeddable":true,"href":"https:\/\/juliasmagazine.com.br\/index.php?rest_route=\/wp\/v2\/media\/37526"}],"wp:attachment":[{"href":"https:\/\/juliasmagazine.com.br\/index.php?rest_route=%2Fwp%2Fv2%2Fmedia&parent=37525"}],"wp:term":[{"taxonomy":"category","embeddable":true,"href":"https:\/\/juliasmagazine.com.br\/index.php?rest_route=%2Fwp%2Fv2%2Fcategories&post=37525"},{"taxonomy":"post_tag","embeddable":true,"href":"https:\/\/juliasmagazine.com.br\/index.php?rest_route=%2Fwp%2Fv2%2Ftags&post=37525"}],"curies":[{"name":"wp","href":"https:\/\/api.w.org\/{rel}","templated":true}]}}