{"id":37523,"date":"2026-09-02T11:58:21","date_gmt":"2026-09-02T14:58:21","guid":{"rendered":"https:\/\/juliasmagazine.com.br\/?p=37523"},"modified":"2026-09-02T11:58:21","modified_gmt":"2026-09-02T14:58:21","slug":"anvisa-interrompe-fabricacao-de-produtos-de-limpeza-da-unilever","status":"publish","type":"post","link":"https:\/\/juliasmagazine.com.br\/?p=37523","title":{"rendered":"Anvisa interrompe fabrica\u00e7\u00e3o de produtos de limpeza da Unilever"},"content":{"rendered":"<\/p>\n<p><a class=\"\" href=\"https:\/\/agenciabrasil.ebc.com.br\/saude\/noticia\/2026-09\/anvisa-interrompe-fabricacao-de-produtos-de-limpeza-da-unilever\"><br \/>\n                    <img decoding=\"async\" src=\"https:\/\/cdn.jsdelivr.net\/gh\/sergiosdlima\/assets-ebc@1.0.0\/abr\/assets\/images\/logo-agenciabrasil.svg\" alt=\"Logo Ag\u00eancia Brasil\"><br \/>\n\t\t\t\t<\/a><\/p>\n<p>A Ag\u00eancia Nacional de Vigil\u00e2ncia Sanit\u00e1ria (Anvisa) suspendeu, nesta quarta-feira (2), a fabrica\u00e7\u00e3o de produtos de limpeza na unidade da empresa Unilever, em Vinhedo, S\u00e3o Paulo.\u00a0<img decoding=\"async\" src=\"https:\/\/agenciabrasil.ebc.com.br\/ebc.png?id=1701333&#038;o=rss\"><img decoding=\"async\" src=\"https:\/\/agenciabrasil.ebc.com.br\/ebc.gif?id=1701333&#038;o=rss\"><\/p>\n<p>De acordo com a ag\u00eancia reguladora, o <strong>objetivo \u00e9 assegurar que futuros lotes dos produtos da empresa disponibilizados \u00e0 popula\u00e7\u00e3o n\u00e3o ofere\u00e7am risco \u00e0 sa\u00fade p\u00fablica<\/strong>. Na unidade s\u00e3o produzidos sab\u00e3o l\u00edquido para lavar roupas e amaciante l\u00edquido para roupas, entre outros.<\/p>\n<\/p>\n<h3>Not\u00edcias relacionadas:<\/h3>\n<ul>\n<li><a href=\"https:\/\/agenciabrasil.ebc.com.br\/saude\/noticia\/2026-09\/anvisa-determina-apreensao-de-produtos-da-marca-united-labz\">Anvisa determina apreens\u00e3o de produtos da marca United Labz.<\/a><\/li>\n<li><a href=\"https:\/\/agenciabrasil.ebc.com.br\/saude\/noticia\/2026-08\/anvisa-aprova-nova-caneta-emagrecedora-base-de-semaglutida\">Anvisa aprova nova caneta emagrecedora \u00e0 base de semaglutida.<\/a><\/li>\n<li><a href=\"https:\/\/agenciabrasil.ebc.com.br\/saude\/noticia\/2026-08\/pacientes-com-cancer-colorretal-tem-medicamento-aprovado-pela-anvisa\">Pacientes com c\u00e2ncer colorretal t\u00eam medicamento aprovado pela Anvisa.<\/a><\/li>\n<\/ul>\n<p>A determina\u00e7\u00e3o est\u00e1 na <a href=\"https:\/\/www.in.gov.br\/en\/web\/dou\/-\/resolucao-re-n-3.443-de-1-de-setembro-de-2026-729412771b\" target=\"_blank\">Resolu\u00e7\u00e3o 3.443\/2026<\/a>\u00a0publicada no <em>Di\u00e1rio Oficial da Uni\u00e3o<\/em> desta quarta-feira.<\/p>\n<p>A a\u00e7\u00e3o \u00e9 preventiva e foi adotada ap\u00f3s inspe\u00e7\u00e3o na f\u00e1brica de saneantes entre os dias 24 e 28 de agosto em conjunto com o Centro de Vigil\u00e2ncia Sanit\u00e1ria do Estado de S\u00e3o Paulo e a Vigil\u00e2ncia Sanit\u00e1ria do Munic\u00edpio de Vinhedo.<\/p>\n<p>Foram identificadas <strong>falhas nas Boas Pr\u00e1ticas de Fabrica\u00e7\u00e3o (BPF)<\/strong>, que s\u00e3o requisitos que as empresas devem cumprir para assegurar que a produ\u00e7\u00e3o conte com sistemas de controle de qualidade adequados.<\/p>\n<p>Entre os problemas percebidos na unidade da multinacional, est\u00e3o <strong>falhas nos controles realizados durante a fabrica\u00e7\u00e3o e antes da libera\u00e7\u00e3o dos produtos e defici\u00eancias no monitoramento da \u00e1gua usada na produ\u00e7\u00e3o<\/strong>. Tamb\u00e9m foram apontadas fragilidades na investiga\u00e7\u00e3o e corre\u00e7\u00e3o de problemas identificados pela pr\u00f3pria empresa.<\/p>\n<h2>Produtos<\/h2>\n<p>A Anvisa esclarece que at\u00e9 o momento <strong>n\u00e3o h\u00e1 indica\u00e7\u00e3o de contamina\u00e7\u00e3o microbiol\u00f3gica<\/strong> ou outros problemas sobre os lotes produzidos na f\u00e1brica, e por esse motivo n\u00e3o determinou a suspens\u00e3o da comercializa\u00e7\u00e3o, da distribui\u00e7\u00e3o ou do uso dos produtos j\u00e1 fabricados e dispon\u00edveis no mercado, nem seu recolhimento.<\/p>\n<h2>Fabricante<\/h2>\n<p>Em comunicado \u00e0 popula\u00e7\u00e3o, a <strong>Unilever Brasil esclarece que a inspe\u00e7\u00e3o resultou \u201cem oportunidades de melhorias em processos de documenta\u00e7\u00e3o e controle relacionadas \u00e0s linhas de sab\u00e3o l\u00edquido para lavar roupas e amaciante l\u00edquido para roupas\u201d<\/strong>.<\/p>\n<p>A empresa informa que todas as a\u00e7\u00f5es determinadas pela Anvisa foram prontamente iniciadas, com a suspens\u00e3o tempor\u00e1ria da produ\u00e7\u00e3o desses itens, que <strong>j\u00e1 est\u00e3o sendo implementadas as corre\u00e7\u00f5es<\/strong> e que as demais linhas de produ\u00e7\u00e3o da unidade seguem operando normalmente dos produtos de cuidados com a casa.<\/p>\n<p>A ind\u00fastria disse que continua atuando em colabora\u00e7\u00e3o com a Anvisa. \u201c[A Unilever] considera os apontamentos parte importante para a evolu\u00e7\u00e3o cont\u00ednua de seus processos produtivos e de todo o setor\u201d, conclui a nota institucional.<\/p>\n<h2>Fiscaliza\u00e7\u00e3o<\/h2>\n<p><strong>A ag\u00eancia reguladora esclarece que essa vistoria faz parte de outras a\u00e7\u00f5es integradas de fiscaliza\u00e7\u00e3o sanit\u00e1ria de empresas fabricantes de saneantes<\/strong>, categoria que inclui produtos destinados \u00e0 limpeza, desinfec\u00e7\u00e3o e conserva\u00e7\u00e3o de ambientes.<\/p>\n<p>Este ano, j\u00e1 foram realizadas sete inspe\u00e7\u00f5es em fabricantes, incluindo quatro dos maiores fabricantes do Brasil, conforme contabilizou a Anvisa.<\/p>\n","protected":false},"excerpt":{"rendered":"<p>A Ag\u00eancia Nacional de Vigil\u00e2ncia Sanit\u00e1ria (Anvisa) suspendeu, nesta quarta-feira (2), a fabrica\u00e7\u00e3o de produtos de limpeza na unidade da empresa Unilever, em Vinhedo, S\u00e3o Paulo.\u00a0 De acordo com a ag\u00eancia reguladora, o objetivo \u00e9 assegurar que futuros lotes dos produtos da empresa disponibilizados \u00e0 popula\u00e7\u00e3o n\u00e3o ofere\u00e7am risco \u00e0 sa\u00fade p\u00fablica. Na unidade s\u00e3o [&hellip;]<\/p>\n","protected":false},"author":33,"featured_media":37524,"comment_status":"open","ping_status":"open","sticky":false,"template":"","format":"standard","meta":{"site-sidebar-layout":"default","site-content-layout":"","ast-site-content-layout":"","site-content-style":"default","site-sidebar-style":"default","ast-global-header-display":"","ast-banner-title-visibility":"","ast-main-header-display":"","ast-hfb-above-header-display":"","ast-hfb-below-header-display":"","ast-hfb-mobile-header-display":"","site-post-title":"","ast-breadcrumbs-content":"","ast-featured-img":"","footer-sml-layout":"","theme-transparent-header-meta":"","adv-header-id-meta":"","stick-header-meta":"","header-above-stick-meta":"","header-main-stick-meta":"","header-below-stick-meta":"","astra-migrate-meta-layouts":"default","ast-page-background-enabled":"default","ast-page-background-meta":{"desktop":{"background-color":"var(--ast-global-color-4)","background-image":"","background-repeat":"repeat","background-position":"center center","background-size":"auto","background-attachment":"scroll","background-type":"","background-media":"","overlay-type":"","overlay-color":"","overlay-opacity":"","overlay-gradient":""},"tablet":{"background-color":"","background-image":"","background-repeat":"repeat","background-position":"center center","background-size":"auto","background-attachment":"scroll","background-type":"","background-media":"","overlay-type":"","overlay-color":"","overlay-opacity":"","overlay-gradient":""},"mobile":{"background-color":"","background-image":"","background-repeat":"repeat","background-position":"center center","background-size":"auto","background-attachment":"scroll","background-type":"","background-media":"","overlay-type":"","overlay-color":"","overlay-opacity":"","overlay-gradient":""}},"ast-content-background-meta":{"desktop":{"background-color":"var(--ast-global-color-5)","background-image":"","background-repeat":"repeat","background-position":"center center","background-size":"auto","background-attachment":"scroll","background-type":"","background-media":"","overlay-type":"","overlay-color":"","overlay-opacity":"","overlay-gradient":""},"tablet":{"background-color":"var(--ast-global-color-5)","background-image":"","background-repeat":"repeat","background-position":"center center","background-size":"auto","background-attachment":"scroll","background-type":"","background-media":"","overlay-type":"","overlay-color":"","overlay-opacity":"","overlay-gradient":""},"mobile":{"background-color":"var(--ast-global-color-5)","background-image":"","background-repeat":"repeat","background-position":"center center","background-size":"auto","background-attachment":"scroll","background-type":"","background-media":"","overlay-type":"","overlay-color":"","overlay-opacity":"","overlay-gradient":""}},"footnotes":""},"categories":[11],"tags":[],"class_list":["post-37523","post","type-post","status-publish","format-standard","has-post-thumbnail","hentry","category-saude-e-bem-estar"],"yoast_head":"<!-- This site is optimized with the Yoast SEO plugin v24.1 - https:\/\/yoast.com\/wordpress\/plugins\/seo\/ -->\n<title>Anvisa interrompe fabrica\u00e7\u00e3o de produtos de limpeza da Unilever - Julias Magazine<\/title>\n<meta name=\"robots\" content=\"index, follow, max-snippet:-1, max-image-preview:large, max-video-preview:-1\" \/>\n<link rel=\"canonical\" href=\"https:\/\/juliasmagazine.com.br\/?p=37523\" \/>\n<meta property=\"og:locale\" content=\"pt_BR\" \/>\n<meta property=\"og:type\" content=\"article\" \/>\n<meta property=\"og:title\" content=\"Anvisa interrompe fabrica\u00e7\u00e3o de produtos de limpeza da Unilever - Julias Magazine\" \/>\n<meta property=\"og:description\" content=\"A Ag\u00eancia Nacional de Vigil\u00e2ncia Sanit\u00e1ria (Anvisa) suspendeu, nesta quarta-feira (2), a fabrica\u00e7\u00e3o de produtos de limpeza na unidade da empresa Unilever, em Vinhedo, S\u00e3o Paulo.\u00a0 De acordo com a ag\u00eancia reguladora, o objetivo \u00e9 assegurar que futuros lotes dos produtos da empresa disponibilizados \u00e0 popula\u00e7\u00e3o n\u00e3o ofere\u00e7am risco \u00e0 sa\u00fade p\u00fablica. Na unidade s\u00e3o [&hellip;]\" \/>\n<meta property=\"og:url\" content=\"https:\/\/juliasmagazine.com.br\/?p=37523\" \/>\n<meta property=\"og:site_name\" content=\"Julias Magazine\" \/>\n<meta property=\"article:published_time\" content=\"2026-09-02T14:58:21+00:00\" \/>\n<meta property=\"og:image\" content=\"https:\/\/cdn.jsdelivr.net\/gh\/sergiosdlima\/assets-ebc@1.0.0\/abr\/assets\/images\/logo-agenciabrasil.svg\" \/>\n<meta name=\"author\" content=\"Daniella Almeida - Reporter da Agencia Brasil\" \/>\n<meta name=\"twitter:card\" content=\"summary_large_image\" \/>\n<meta name=\"twitter:label1\" content=\"Escrito por\" \/>\n\t<meta name=\"twitter:data1\" content=\"Daniella Almeida - Reporter da Agencia Brasil\" \/>\n\t<meta name=\"twitter:label2\" content=\"Est. tempo de leitura\" \/>\n\t<meta name=\"twitter:data2\" content=\"3 minutos\" \/>\n<script type=\"application\/ld+json\" class=\"yoast-schema-graph\">{\"@context\":\"https:\/\/schema.org\",\"@graph\":[{\"@type\":\"Article\",\"@id\":\"https:\/\/juliasmagazine.com.br\/?p=37523#article\",\"isPartOf\":{\"@id\":\"https:\/\/juliasmagazine.com.br\/?p=37523\"},\"author\":{\"name\":\"Daniella Almeida - Reporter da Agencia Brasil\",\"@id\":\"https:\/\/juliasmagazine.com.br\/#\/schema\/person\/33c9ecabf11a83b4aaea1edea936942f\"},\"headline\":\"Anvisa interrompe fabrica\u00e7\u00e3o de produtos de limpeza da Unilever\",\"datePublished\":\"2026-09-02T14:58:21+00:00\",\"dateModified\":\"2026-09-02T14:58:21+00:00\",\"mainEntityOfPage\":{\"@id\":\"https:\/\/juliasmagazine.com.br\/?p=37523\"},\"wordCount\":530,\"commentCount\":0,\"publisher\":{\"@id\":\"https:\/\/juliasmagazine.com.br\/#organization\"},\"image\":{\"@id\":\"https:\/\/juliasmagazine.com.br\/?p=37523#primaryimage\"},\"thumbnailUrl\":\"https:\/\/juliasmagazine.com.br\/wp-content\/uploads\/2026\/09\/37523-anvisa-interrompe-fabricacao-de-produtos-de-limpeza-da-unilever.jpg\",\"articleSection\":[\"Sa\u00fade e Bem-Estar\"],\"inLanguage\":\"pt-BR\",\"potentialAction\":[{\"@type\":\"CommentAction\",\"name\":\"Comment\",\"target\":[\"https:\/\/juliasmagazine.com.br\/?p=37523#respond\"]}]},{\"@type\":\"WebPage\",\"@id\":\"https:\/\/juliasmagazine.com.br\/?p=37523\",\"url\":\"https:\/\/juliasmagazine.com.br\/?p=37523\",\"name\":\"Anvisa interrompe fabrica\u00e7\u00e3o de produtos de limpeza da Unilever - Julias Magazine\",\"isPartOf\":{\"@id\":\"https:\/\/juliasmagazine.com.br\/#website\"},\"primaryImageOfPage\":{\"@id\":\"https:\/\/juliasmagazine.com.br\/?p=37523#primaryimage\"},\"image\":{\"@id\":\"https:\/\/juliasmagazine.com.br\/?p=37523#primaryimage\"},\"thumbnailUrl\":\"https:\/\/juliasmagazine.com.br\/wp-content\/uploads\/2026\/09\/37523-anvisa-interrompe-fabricacao-de-produtos-de-limpeza-da-unilever.jpg\",\"datePublished\":\"2026-09-02T14:58:21+00:00\",\"dateModified\":\"2026-09-02T14:58:21+00:00\",\"breadcrumb\":{\"@id\":\"https:\/\/juliasmagazine.com.br\/?p=37523#breadcrumb\"},\"inLanguage\":\"pt-BR\",\"potentialAction\":[{\"@type\":\"ReadAction\",\"target\":[\"https:\/\/juliasmagazine.com.br\/?p=37523\"]}]},{\"@type\":\"ImageObject\",\"inLanguage\":\"pt-BR\",\"@id\":\"https:\/\/juliasmagazine.com.br\/?p=37523#primaryimage\",\"url\":\"https:\/\/juliasmagazine.com.br\/wp-content\/uploads\/2026\/09\/37523-anvisa-interrompe-fabricacao-de-produtos-de-limpeza-da-unilever.jpg\",\"contentUrl\":\"https:\/\/juliasmagazine.com.br\/wp-content\/uploads\/2026\/09\/37523-anvisa-interrompe-fabricacao-de-produtos-de-limpeza-da-unilever.jpg\",\"width\":1600,\"height\":800,\"caption\":\"Anvisa interrompe fabrica\u00e7\u00e3o de produtos de limpeza da Unilever\"},{\"@type\":\"BreadcrumbList\",\"@id\":\"https:\/\/juliasmagazine.com.br\/?p=37523#breadcrumb\",\"itemListElement\":[{\"@type\":\"ListItem\",\"position\":1,\"name\":\"In\u00edcio\",\"item\":\"https:\/\/juliasmagazine.com.br\/\"},{\"@type\":\"ListItem\",\"position\":2,\"name\":\"Anvisa interrompe fabrica\u00e7\u00e3o de produtos de limpeza da Unilever\"}]},{\"@type\":\"WebSite\",\"@id\":\"https:\/\/juliasmagazine.com.br\/#website\",\"url\":\"https:\/\/juliasmagazine.com.br\/\",\"name\":\"Julias Magazine\",\"description\":\"A Sua revista eletr\u00f4nica de moda,politica ,viagens ,cultura ,gastronomia e finan\u00e7as. .\",\"publisher\":{\"@id\":\"https:\/\/juliasmagazine.com.br\/#organization\"},\"potentialAction\":[{\"@type\":\"SearchAction\",\"target\":{\"@type\":\"EntryPoint\",\"urlTemplate\":\"https:\/\/juliasmagazine.com.br\/?s={search_term_string}\"},\"query-input\":{\"@type\":\"PropertyValueSpecification\",\"valueRequired\":true,\"valueName\":\"search_term_string\"}}],\"inLanguage\":\"pt-BR\"},{\"@type\":\"Organization\",\"@id\":\"https:\/\/juliasmagazine.com.br\/#organization\",\"name\":\"Julias Magazine\",\"url\":\"https:\/\/juliasmagazine.com.br\/\",\"logo\":{\"@type\":\"ImageObject\",\"inLanguage\":\"pt-BR\",\"@id\":\"https:\/\/juliasmagazine.com.br\/#\/schema\/logo\/image\/\",\"url\":\"https:\/\/oquefazerembalneariocamboriu.com\/wp-content\/uploads\/2023\/02\/o-que-fazer-em-balneario-camboriu.jpg\",\"contentUrl\":\"https:\/\/oquefazerembalneariocamboriu.com\/wp-content\/uploads\/2023\/02\/o-que-fazer-em-balneario-camboriu.jpg\",\"width\":1200,\"height\":675,\"caption\":\"Julias Magazine\"},\"image\":{\"@id\":\"https:\/\/juliasmagazine.com.br\/#\/schema\/logo\/image\/\"}},{\"@type\":\"Person\",\"@id\":\"https:\/\/juliasmagazine.com.br\/#\/schema\/person\/33c9ecabf11a83b4aaea1edea936942f\",\"name\":\"Daniella Almeida - Reporter da Agencia Brasil\",\"image\":{\"@type\":\"ImageObject\",\"inLanguage\":\"pt-BR\",\"@id\":\"https:\/\/juliasmagazine.com.br\/#\/schema\/person\/image\/\",\"url\":\"https:\/\/secure.gravatar.com\/avatar\/fbbe71a6be160d51f00a715f8bfe5ccf3759e4f68eefea99e85828cb5374c941?s=96&d=mm&r=g\",\"contentUrl\":\"https:\/\/secure.gravatar.com\/avatar\/fbbe71a6be160d51f00a715f8bfe5ccf3759e4f68eefea99e85828cb5374c941?s=96&d=mm&r=g\",\"caption\":\"Daniella Almeida - Reporter da Agencia Brasil\"},\"url\":\"https:\/\/juliasmagazine.com.br\/?author=33\"}]}<\/script>\n<!-- \/ Yoast SEO plugin. -->","yoast_head_json":{"title":"Anvisa interrompe fabrica\u00e7\u00e3o de produtos de limpeza da Unilever - Julias Magazine","robots":{"index":"index","follow":"follow","max-snippet":"max-snippet:-1","max-image-preview":"max-image-preview:large","max-video-preview":"max-video-preview:-1"},"canonical":"https:\/\/juliasmagazine.com.br\/?p=37523","og_locale":"pt_BR","og_type":"article","og_title":"Anvisa interrompe fabrica\u00e7\u00e3o de produtos de limpeza da Unilever - Julias Magazine","og_description":"A Ag\u00eancia Nacional de Vigil\u00e2ncia Sanit\u00e1ria (Anvisa) suspendeu, nesta quarta-feira (2), a fabrica\u00e7\u00e3o de produtos de limpeza na unidade da empresa Unilever, em Vinhedo, S\u00e3o Paulo.\u00a0 De acordo com a ag\u00eancia reguladora, o objetivo \u00e9 assegurar que futuros lotes dos produtos da empresa disponibilizados \u00e0 popula\u00e7\u00e3o n\u00e3o ofere\u00e7am risco \u00e0 sa\u00fade p\u00fablica. Na unidade s\u00e3o [&hellip;]","og_url":"https:\/\/juliasmagazine.com.br\/?p=37523","og_site_name":"Julias Magazine","article_published_time":"2026-09-02T14:58:21+00:00","og_image":[{"url":"https:\/\/cdn.jsdelivr.net\/gh\/sergiosdlima\/assets-ebc@1.0.0\/abr\/assets\/images\/logo-agenciabrasil.svg","type":"","width":"","height":""}],"author":"Daniella Almeida - Reporter da Agencia Brasil","twitter_card":"summary_large_image","twitter_misc":{"Escrito por":"Daniella Almeida - Reporter da Agencia Brasil","Est. tempo de leitura":"3 minutos"},"schema":{"@context":"https:\/\/schema.org","@graph":[{"@type":"Article","@id":"https:\/\/juliasmagazine.com.br\/?p=37523#article","isPartOf":{"@id":"https:\/\/juliasmagazine.com.br\/?p=37523"},"author":{"name":"Daniella Almeida - Reporter da Agencia Brasil","@id":"https:\/\/juliasmagazine.com.br\/#\/schema\/person\/33c9ecabf11a83b4aaea1edea936942f"},"headline":"Anvisa interrompe fabrica\u00e7\u00e3o de produtos de limpeza da Unilever","datePublished":"2026-09-02T14:58:21+00:00","dateModified":"2026-09-02T14:58:21+00:00","mainEntityOfPage":{"@id":"https:\/\/juliasmagazine.com.br\/?p=37523"},"wordCount":530,"commentCount":0,"publisher":{"@id":"https:\/\/juliasmagazine.com.br\/#organization"},"image":{"@id":"https:\/\/juliasmagazine.com.br\/?p=37523#primaryimage"},"thumbnailUrl":"https:\/\/juliasmagazine.com.br\/wp-content\/uploads\/2026\/09\/37523-anvisa-interrompe-fabricacao-de-produtos-de-limpeza-da-unilever.jpg","articleSection":["Sa\u00fade e Bem-Estar"],"inLanguage":"pt-BR","potentialAction":[{"@type":"CommentAction","name":"Comment","target":["https:\/\/juliasmagazine.com.br\/?p=37523#respond"]}]},{"@type":"WebPage","@id":"https:\/\/juliasmagazine.com.br\/?p=37523","url":"https:\/\/juliasmagazine.com.br\/?p=37523","name":"Anvisa interrompe fabrica\u00e7\u00e3o de produtos de limpeza da Unilever - Julias Magazine","isPartOf":{"@id":"https:\/\/juliasmagazine.com.br\/#website"},"primaryImageOfPage":{"@id":"https:\/\/juliasmagazine.com.br\/?p=37523#primaryimage"},"image":{"@id":"https:\/\/juliasmagazine.com.br\/?p=37523#primaryimage"},"thumbnailUrl":"https:\/\/juliasmagazine.com.br\/wp-content\/uploads\/2026\/09\/37523-anvisa-interrompe-fabricacao-de-produtos-de-limpeza-da-unilever.jpg","datePublished":"2026-09-02T14:58:21+00:00","dateModified":"2026-09-02T14:58:21+00:00","breadcrumb":{"@id":"https:\/\/juliasmagazine.com.br\/?p=37523#breadcrumb"},"inLanguage":"pt-BR","potentialAction":[{"@type":"ReadAction","target":["https:\/\/juliasmagazine.com.br\/?p=37523"]}]},{"@type":"ImageObject","inLanguage":"pt-BR","@id":"https:\/\/juliasmagazine.com.br\/?p=37523#primaryimage","url":"https:\/\/juliasmagazine.com.br\/wp-content\/uploads\/2026\/09\/37523-anvisa-interrompe-fabricacao-de-produtos-de-limpeza-da-unilever.jpg","contentUrl":"https:\/\/juliasmagazine.com.br\/wp-content\/uploads\/2026\/09\/37523-anvisa-interrompe-fabricacao-de-produtos-de-limpeza-da-unilever.jpg","width":1600,"height":800,"caption":"Anvisa interrompe fabrica\u00e7\u00e3o de produtos de limpeza da Unilever"},{"@type":"BreadcrumbList","@id":"https:\/\/juliasmagazine.com.br\/?p=37523#breadcrumb","itemListElement":[{"@type":"ListItem","position":1,"name":"In\u00edcio","item":"https:\/\/juliasmagazine.com.br\/"},{"@type":"ListItem","position":2,"name":"Anvisa interrompe fabrica\u00e7\u00e3o de produtos de limpeza da Unilever"}]},{"@type":"WebSite","@id":"https:\/\/juliasmagazine.com.br\/#website","url":"https:\/\/juliasmagazine.com.br\/","name":"Julias Magazine","description":"A Sua revista eletr\u00f4nica de moda,politica ,viagens ,cultura ,gastronomia e finan\u00e7as. .","publisher":{"@id":"https:\/\/juliasmagazine.com.br\/#organization"},"potentialAction":[{"@type":"SearchAction","target":{"@type":"EntryPoint","urlTemplate":"https:\/\/juliasmagazine.com.br\/?s={search_term_string}"},"query-input":{"@type":"PropertyValueSpecification","valueRequired":true,"valueName":"search_term_string"}}],"inLanguage":"pt-BR"},{"@type":"Organization","@id":"https:\/\/juliasmagazine.com.br\/#organization","name":"Julias Magazine","url":"https:\/\/juliasmagazine.com.br\/","logo":{"@type":"ImageObject","inLanguage":"pt-BR","@id":"https:\/\/juliasmagazine.com.br\/#\/schema\/logo\/image\/","url":"https:\/\/oquefazerembalneariocamboriu.com\/wp-content\/uploads\/2023\/02\/o-que-fazer-em-balneario-camboriu.jpg","contentUrl":"https:\/\/oquefazerembalneariocamboriu.com\/wp-content\/uploads\/2023\/02\/o-que-fazer-em-balneario-camboriu.jpg","width":1200,"height":675,"caption":"Julias Magazine"},"image":{"@id":"https:\/\/juliasmagazine.com.br\/#\/schema\/logo\/image\/"}},{"@type":"Person","@id":"https:\/\/juliasmagazine.com.br\/#\/schema\/person\/33c9ecabf11a83b4aaea1edea936942f","name":"Daniella Almeida - Reporter da Agencia Brasil","image":{"@type":"ImageObject","inLanguage":"pt-BR","@id":"https:\/\/juliasmagazine.com.br\/#\/schema\/person\/image\/","url":"https:\/\/secure.gravatar.com\/avatar\/fbbe71a6be160d51f00a715f8bfe5ccf3759e4f68eefea99e85828cb5374c941?s=96&d=mm&r=g","contentUrl":"https:\/\/secure.gravatar.com\/avatar\/fbbe71a6be160d51f00a715f8bfe5ccf3759e4f68eefea99e85828cb5374c941?s=96&d=mm&r=g","caption":"Daniella Almeida - Reporter da Agencia Brasil"},"url":"https:\/\/juliasmagazine.com.br\/?author=33"}]}},"_links":{"self":[{"href":"https:\/\/juliasmagazine.com.br\/index.php?rest_route=\/wp\/v2\/posts\/37523","targetHints":{"allow":["GET"]}}],"collection":[{"href":"https:\/\/juliasmagazine.com.br\/index.php?rest_route=\/wp\/v2\/posts"}],"about":[{"href":"https:\/\/juliasmagazine.com.br\/index.php?rest_route=\/wp\/v2\/types\/post"}],"author":[{"embeddable":true,"href":"https:\/\/juliasmagazine.com.br\/index.php?rest_route=\/wp\/v2\/users\/33"}],"replies":[{"embeddable":true,"href":"https:\/\/juliasmagazine.com.br\/index.php?rest_route=%2Fwp%2Fv2%2Fcomments&post=37523"}],"version-history":[{"count":0,"href":"https:\/\/juliasmagazine.com.br\/index.php?rest_route=\/wp\/v2\/posts\/37523\/revisions"}],"wp:featuredmedia":[{"embeddable":true,"href":"https:\/\/juliasmagazine.com.br\/index.php?rest_route=\/wp\/v2\/media\/37524"}],"wp:attachment":[{"href":"https:\/\/juliasmagazine.com.br\/index.php?rest_route=%2Fwp%2Fv2%2Fmedia&parent=37523"}],"wp:term":[{"taxonomy":"category","embeddable":true,"href":"https:\/\/juliasmagazine.com.br\/index.php?rest_route=%2Fwp%2Fv2%2Fcategories&post=37523"},{"taxonomy":"post_tag","embeddable":true,"href":"https:\/\/juliasmagazine.com.br\/index.php?rest_route=%2Fwp%2Fv2%2Ftags&post=37523"}],"curies":[{"name":"wp","href":"https:\/\/api.w.org\/{rel}","templated":true}]}}