{"id":37515,"date":"2026-09-02T11:57:09","date_gmt":"2026-09-02T14:57:09","guid":{"rendered":"https:\/\/juliasmagazine.com.br\/?p=37515"},"modified":"2026-09-02T11:57:09","modified_gmt":"2026-09-02T14:57:09","slug":"producao-industrial-interrompe-2-meses-de-queda-e-sobe-02-em-julho","status":"publish","type":"post","link":"https:\/\/juliasmagazine.com.br\/?p=37515","title":{"rendered":"Produ\u00e7\u00e3o industrial interrompe 2 meses de queda e sobe 0,2% em julho"},"content":{"rendered":"<\/p>\n<p><a class=\"\" href=\"https:\/\/agenciabrasil.ebc.com.br\/economia\/noticia\/2026-09\/producao-industrial-interrompe-2-meses-de-queda-e-sobe-02-em-julho\"><br \/>\n                    <img decoding=\"async\" src=\"https:\/\/cdn.jsdelivr.net\/gh\/sergiosdlima\/assets-ebc@1.0.0\/abr\/assets\/images\/logo-agenciabrasil.svg\" alt=\"Logo Ag\u00eancia Brasil\"><br \/>\n\t\t\t\t<\/a><\/p>\n<p>A produ\u00e7\u00e3o da ind\u00fastria brasileira cresceu 0,2% na passagem de junho para julho. O resultado interrompe dois meses seguidos de queda. Dessa forma, o setor acumula alta de 1,1% ao longo de 2026 e soma expans\u00e3o de 0,6% nos \u00faltimos 12 meses.<img decoding=\"async\" src=\"https:\/\/agenciabrasil.ebc.com.br\/ebc.png?id=1701322&#038;o=rss\"><img decoding=\"async\" src=\"https:\/\/agenciabrasil.ebc.com.br\/ebc.gif?id=1701322&#038;o=rss\"><\/p>\n<p><strong>Na compara\u00e7\u00e3o com julho de 2025, a ind\u00fastria recuou 0,5%. A m\u00e9dia m\u00f3vel trimestral, que ajuda a identificar a trajet\u00f3ria recente do setor, encolheu 0,8%.<\/strong><\/p>\n<\/p>\n<h3>Not\u00edcias relacionadas:<\/h3>\n<ul>\n<li><a href=\"https:\/\/agenciabrasil.ebc.com.br\/economia\/noticia\/2026-09\/pib-brasileiro-tem-5o-maior-crescimento-no-segundo-trimestre\">PIB brasileiro tem 5\u00ba maior crescimento no segundo trimestre.<\/a><\/li>\n<li><a href=\"https:\/\/agenciabrasil.ebc.com.br\/economia\/noticia\/2026-09\/pib-do-brasil-cresce-05-no-segundo-trimestre-mostra-ibge\">PIB do Brasil cresce 0,5% no segundo trimestre, mostra IBGE.<\/a><\/li>\n<li><a href=\"https:\/\/agenciabrasil.ebc.com.br\/economia\/noticia\/2026-08\/boletim-focus-mercado-preve-reducao-da-inflacao-e-do-pib-de-2026\">Boletim Focus: mercado prev\u00ea redu\u00e7\u00e3o da infla\u00e7\u00e3o e do PIB de 2026 .<\/a><\/li>\n<\/ul>\n<p>Os dados fazem parte da <a href=\"https:\/\/biblioteca.ibge.gov.br\/visualizacao\/periodicos\/228\/pim_pfbr_2026_jul.pdf\" target=\"_blank\">Pesquisa Industrial Mensal<\/a> (PIM), divulgada nesta quarta-feira (2) pelo Instituto Brasileiro de Geografia e Estat\u00edstica (IBGE).<\/p>\n<p><strong>De acordo com o IBGE, a varia\u00e7\u00e3o positiva acumulada em 12 meses (0,6%) representa \u201cligeira perda de ritmo\u201d em compara\u00e7\u00e3o ao acumulado at\u00e9 junho de 2026 (0,7%).<\/strong><\/p>\n<p>Veja o comportamento da ind\u00fastria brasileira ao longo do ano, na compara\u00e7\u00e3o entre meses imediatamente seguidos:<\/p>\n<p>Janeiro: 2,1%<\/p>\n<p>Fevereiro: 1,0%<\/p>\n<p>Mar\u00e7o: 0,1%<\/p>\n<p>Abril: 1,2%<\/p>\n<p>Maio: -1,0%<\/p>\n<p>Junho: -1,6%<\/p>\n<p>Julho: 0,2%<\/p>\n<p><strong>O desempenho de julho deixa a ind\u00fastria 2,1% acima do patamar pr\u00e9-pandemia de covid-19 (fevereiro de 2020) e 15% abaixo do n\u00edvel mais alto j\u00e1 registrado, alcan\u00e7ado em maio de 2001.<\/strong><\/p>\n<h2>Influ\u00eancias<\/h2>\n<p>A pesquisa revela que tr\u00eas das quatro grandes categorias econ\u00f4micas apresentaram avan\u00e7o de junho para julho:<\/p>\n<p>bens de consumo dur\u00e1veis: 3,2%<\/p>\n<p>bens de capital: 2,4%<\/p>\n<p>bens de consumo semi e n\u00e3o dur\u00e1veis: 0,5%<\/p>\n<p>bens intermedi\u00e1rios: -0,2%<\/p>\n<p>Das atividades monitoradas pelo IBGE, 13 das 25 tiveram alta entre os meses:<\/p>\n<p>equipamentos de inform\u00e1tica, produtos eletr\u00f4nicos e \u00f3pticos: 12,2%<\/p>\n<p>produtos aliment\u00edcios: 1%<\/p>\n<p>coque, produtos derivados do petr\u00f3leo e biocombust\u00edveis: 1,1%<\/p>\n<p>outros equipamentos de transporte: 11,2%<\/p>\n<p>produtos do fumo: 11,1%<\/p>\n<p>m\u00e1quinas, aparelhos e materiais el\u00e9tricos: 2,3%<\/p>\n<p>confec\u00e7\u00e3o de artigos do vestu\u00e1rio e acess\u00f3rios: 2,6%<\/p>\n<p><strong>Pelo lado negativo, a maior press\u00e3o de baixa veio da ind\u00fastria extrativa, que recuou 1%.<\/strong><\/p>\n<p>O IBGE acrescenta que outras contribui\u00e7\u00f5es negativas relevantes ficaram como impress\u00e3o e reprodu\u00e7\u00e3o de grava\u00e7\u00f5es (-17,2%), produtos diversos (-9,0%), metalurgia (-1,4%), produtos qu\u00edmicos (-0,8%) e celulose, papel e produtos de papel (-1,3%).<\/p>\n<p><strong>O \u00edndice de difus\u00e3o mostrou que 69,6% dos 789 produtos pesquisados pelo IBGE apresentaram desempenho positivo na passagem de junho para julho<\/strong>. Esse \u00e9 o segundo maior indicador do ano, perdendo apenas para mar\u00e7o (80,6%).\u00a0<\/p>\n","protected":false},"excerpt":{"rendered":"<p>A produ\u00e7\u00e3o da ind\u00fastria brasileira cresceu 0,2% na passagem de junho para julho. O resultado interrompe dois meses seguidos de queda. Dessa forma, o setor acumula alta de 1,1% ao longo de 2026 e soma expans\u00e3o de 0,6% nos \u00faltimos 12 meses. Na compara\u00e7\u00e3o com julho de 2025, a ind\u00fastria recuou 0,5%. A m\u00e9dia m\u00f3vel [&hellip;]<\/p>\n","protected":false},"author":34,"featured_media":37516,"comment_status":"open","ping_status":"open","sticky":false,"template":"","format":"standard","meta":{"site-sidebar-layout":"default","site-content-layout":"","ast-site-content-layout":"","site-content-style":"default","site-sidebar-style":"default","ast-global-header-display":"","ast-banner-title-visibility":"","ast-main-header-display":"","ast-hfb-above-header-display":"","ast-hfb-below-header-display":"","ast-hfb-mobile-header-display":"","site-post-title":"","ast-breadcrumbs-content":"","ast-featured-img":"","footer-sml-layout":"","theme-transparent-header-meta":"","adv-header-id-meta":"","stick-header-meta":"","header-above-stick-meta":"","header-main-stick-meta":"","header-below-stick-meta":"","astra-migrate-meta-layouts":"default","ast-page-background-enabled":"default","ast-page-background-meta":{"desktop":{"background-color":"var(--ast-global-color-4)","background-image":"","background-repeat":"repeat","background-position":"center center","background-size":"auto","background-attachment":"scroll","background-type":"","background-media":"","overlay-type":"","overlay-color":"","overlay-opacity":"","overlay-gradient":""},"tablet":{"background-color":"","background-image":"","background-repeat":"repeat","background-position":"center center","background-size":"auto","background-attachment":"scroll","background-type":"","background-media":"","overlay-type":"","overlay-color":"","overlay-opacity":"","overlay-gradient":""},"mobile":{"background-color":"","background-image":"","background-repeat":"repeat","background-position":"center center","background-size":"auto","background-attachment":"scroll","background-type":"","background-media":"","overlay-type":"","overlay-color":"","overlay-opacity":"","overlay-gradient":""}},"ast-content-background-meta":{"desktop":{"background-color":"var(--ast-global-color-5)","background-image":"","background-repeat":"repeat","background-position":"center center","background-size":"auto","background-attachment":"scroll","background-type":"","background-media":"","overlay-type":"","overlay-color":"","overlay-opacity":"","overlay-gradient":""},"tablet":{"background-color":"var(--ast-global-color-5)","background-image":"","background-repeat":"repeat","background-position":"center center","background-size":"auto","background-attachment":"scroll","background-type":"","background-media":"","overlay-type":"","overlay-color":"","overlay-opacity":"","overlay-gradient":""},"mobile":{"background-color":"var(--ast-global-color-5)","background-image":"","background-repeat":"repeat","background-position":"center center","background-size":"auto","background-attachment":"scroll","background-type":"","background-media":"","overlay-type":"","overlay-color":"","overlay-opacity":"","overlay-gradient":""}},"footnotes":""},"categories":[37],"tags":[],"class_list":["post-37515","post","type-post","status-publish","format-standard","has-post-thumbnail","hentry","category-economia-e-negocios"],"yoast_head":"<!-- This site is optimized with the Yoast SEO plugin v24.1 - https:\/\/yoast.com\/wordpress\/plugins\/seo\/ -->\n<title>Produ\u00e7\u00e3o industrial interrompe 2 meses de queda e sobe 0,2% em julho - Julias Magazine<\/title>\n<meta name=\"robots\" content=\"index, follow, max-snippet:-1, max-image-preview:large, max-video-preview:-1\" \/>\n<link rel=\"canonical\" href=\"https:\/\/juliasmagazine.com.br\/?p=37515\" \/>\n<meta property=\"og:locale\" content=\"pt_BR\" \/>\n<meta property=\"og:type\" content=\"article\" \/>\n<meta property=\"og:title\" content=\"Produ\u00e7\u00e3o industrial interrompe 2 meses de queda e sobe 0,2% em julho - Julias Magazine\" \/>\n<meta property=\"og:description\" content=\"A produ\u00e7\u00e3o da ind\u00fastria brasileira cresceu 0,2% na passagem de junho para julho. O resultado interrompe dois meses seguidos de queda. Dessa forma, o setor acumula alta de 1,1% ao longo de 2026 e soma expans\u00e3o de 0,6% nos \u00faltimos 12 meses. Na compara\u00e7\u00e3o com julho de 2025, a ind\u00fastria recuou 0,5%. A m\u00e9dia m\u00f3vel [&hellip;]\" \/>\n<meta property=\"og:url\" content=\"https:\/\/juliasmagazine.com.br\/?p=37515\" \/>\n<meta property=\"og:site_name\" content=\"Julias Magazine\" \/>\n<meta property=\"article:published_time\" content=\"2026-09-02T14:57:09+00:00\" \/>\n<meta property=\"og:image\" content=\"https:\/\/cdn.jsdelivr.net\/gh\/sergiosdlima\/assets-ebc@1.0.0\/abr\/assets\/images\/logo-agenciabrasil.svg\" \/>\n<meta name=\"author\" content=\"Bruno de Freitas Moura - Reporter da Agencia Brasil\" \/>\n<meta name=\"twitter:card\" content=\"summary_large_image\" \/>\n<meta name=\"twitter:label1\" content=\"Escrito por\" \/>\n\t<meta name=\"twitter:data1\" content=\"Bruno de Freitas Moura - Reporter da Agencia Brasil\" \/>\n\t<meta name=\"twitter:label2\" content=\"Est. tempo de leitura\" \/>\n\t<meta name=\"twitter:data2\" content=\"2 minutos\" \/>\n<script type=\"application\/ld+json\" class=\"yoast-schema-graph\">{\"@context\":\"https:\/\/schema.org\",\"@graph\":[{\"@type\":\"Article\",\"@id\":\"https:\/\/juliasmagazine.com.br\/?p=37515#article\",\"isPartOf\":{\"@id\":\"https:\/\/juliasmagazine.com.br\/?p=37515\"},\"author\":{\"name\":\"Bruno de Freitas Moura - Reporter da Agencia Brasil\",\"@id\":\"https:\/\/juliasmagazine.com.br\/#\/schema\/person\/703733e19c183b78a8aa422bb079ee4d\"},\"headline\":\"Produ\u00e7\u00e3o industrial interrompe 2 meses de queda e sobe 0,2% em julho\",\"datePublished\":\"2026-09-02T14:57:09+00:00\",\"dateModified\":\"2026-09-02T14:57:09+00:00\",\"mainEntityOfPage\":{\"@id\":\"https:\/\/juliasmagazine.com.br\/?p=37515\"},\"wordCount\":400,\"commentCount\":0,\"publisher\":{\"@id\":\"https:\/\/juliasmagazine.com.br\/#organization\"},\"image\":{\"@id\":\"https:\/\/juliasmagazine.com.br\/?p=37515#primaryimage\"},\"thumbnailUrl\":\"https:\/\/juliasmagazine.com.br\/wp-content\/uploads\/2026\/09\/37515-producao-industrial-interrompe-2-meses-de-queda-e-sobe-02-em-julho.jpg\",\"articleSection\":[\"Economia e Neg\u00f3cios\"],\"inLanguage\":\"pt-BR\",\"potentialAction\":[{\"@type\":\"CommentAction\",\"name\":\"Comment\",\"target\":[\"https:\/\/juliasmagazine.com.br\/?p=37515#respond\"]}]},{\"@type\":\"WebPage\",\"@id\":\"https:\/\/juliasmagazine.com.br\/?p=37515\",\"url\":\"https:\/\/juliasmagazine.com.br\/?p=37515\",\"name\":\"Produ\u00e7\u00e3o industrial interrompe 2 meses de queda e sobe 0,2% em julho - Julias Magazine\",\"isPartOf\":{\"@id\":\"https:\/\/juliasmagazine.com.br\/#website\"},\"primaryImageOfPage\":{\"@id\":\"https:\/\/juliasmagazine.com.br\/?p=37515#primaryimage\"},\"image\":{\"@id\":\"https:\/\/juliasmagazine.com.br\/?p=37515#primaryimage\"},\"thumbnailUrl\":\"https:\/\/juliasmagazine.com.br\/wp-content\/uploads\/2026\/09\/37515-producao-industrial-interrompe-2-meses-de-queda-e-sobe-02-em-julho.jpg\",\"datePublished\":\"2026-09-02T14:57:09+00:00\",\"dateModified\":\"2026-09-02T14:57:09+00:00\",\"breadcrumb\":{\"@id\":\"https:\/\/juliasmagazine.com.br\/?p=37515#breadcrumb\"},\"inLanguage\":\"pt-BR\",\"potentialAction\":[{\"@type\":\"ReadAction\",\"target\":[\"https:\/\/juliasmagazine.com.br\/?p=37515\"]}]},{\"@type\":\"ImageObject\",\"inLanguage\":\"pt-BR\",\"@id\":\"https:\/\/juliasmagazine.com.br\/?p=37515#primaryimage\",\"url\":\"https:\/\/juliasmagazine.com.br\/wp-content\/uploads\/2026\/09\/37515-producao-industrial-interrompe-2-meses-de-queda-e-sobe-02-em-julho.jpg\",\"contentUrl\":\"https:\/\/juliasmagazine.com.br\/wp-content\/uploads\/2026\/09\/37515-producao-industrial-interrompe-2-meses-de-queda-e-sobe-02-em-julho.jpg\",\"width\":1600,\"height\":800,\"caption\":\"Produ\u00e7\u00e3o industrial interrompe 2 meses de queda e sobe 0,2% em julho\"},{\"@type\":\"BreadcrumbList\",\"@id\":\"https:\/\/juliasmagazine.com.br\/?p=37515#breadcrumb\",\"itemListElement\":[{\"@type\":\"ListItem\",\"position\":1,\"name\":\"In\u00edcio\",\"item\":\"https:\/\/juliasmagazine.com.br\/\"},{\"@type\":\"ListItem\",\"position\":2,\"name\":\"Produ\u00e7\u00e3o industrial interrompe 2 meses de queda e sobe 0,2% em julho\"}]},{\"@type\":\"WebSite\",\"@id\":\"https:\/\/juliasmagazine.com.br\/#website\",\"url\":\"https:\/\/juliasmagazine.com.br\/\",\"name\":\"Julias Magazine\",\"description\":\"A Sua revista eletr\u00f4nica de moda,politica ,viagens ,cultura ,gastronomia e finan\u00e7as. .\",\"publisher\":{\"@id\":\"https:\/\/juliasmagazine.com.br\/#organization\"},\"potentialAction\":[{\"@type\":\"SearchAction\",\"target\":{\"@type\":\"EntryPoint\",\"urlTemplate\":\"https:\/\/juliasmagazine.com.br\/?s={search_term_string}\"},\"query-input\":{\"@type\":\"PropertyValueSpecification\",\"valueRequired\":true,\"valueName\":\"search_term_string\"}}],\"inLanguage\":\"pt-BR\"},{\"@type\":\"Organization\",\"@id\":\"https:\/\/juliasmagazine.com.br\/#organization\",\"name\":\"Julias Magazine\",\"url\":\"https:\/\/juliasmagazine.com.br\/\",\"logo\":{\"@type\":\"ImageObject\",\"inLanguage\":\"pt-BR\",\"@id\":\"https:\/\/juliasmagazine.com.br\/#\/schema\/logo\/image\/\",\"url\":\"https:\/\/oquefazerembalneariocamboriu.com\/wp-content\/uploads\/2023\/02\/o-que-fazer-em-balneario-camboriu.jpg\",\"contentUrl\":\"https:\/\/oquefazerembalneariocamboriu.com\/wp-content\/uploads\/2023\/02\/o-que-fazer-em-balneario-camboriu.jpg\",\"width\":1200,\"height\":675,\"caption\":\"Julias Magazine\"},\"image\":{\"@id\":\"https:\/\/juliasmagazine.com.br\/#\/schema\/logo\/image\/\"}},{\"@type\":\"Person\",\"@id\":\"https:\/\/juliasmagazine.com.br\/#\/schema\/person\/703733e19c183b78a8aa422bb079ee4d\",\"name\":\"Bruno de Freitas Moura - Reporter da Agencia Brasil\",\"image\":{\"@type\":\"ImageObject\",\"inLanguage\":\"pt-BR\",\"@id\":\"https:\/\/juliasmagazine.com.br\/#\/schema\/person\/image\/\",\"url\":\"https:\/\/secure.gravatar.com\/avatar\/874628ef5b35882d50054291c2bb786ecafdd0b15c4a4864429709e6f8f4bd2a?s=96&d=mm&r=g\",\"contentUrl\":\"https:\/\/secure.gravatar.com\/avatar\/874628ef5b35882d50054291c2bb786ecafdd0b15c4a4864429709e6f8f4bd2a?s=96&d=mm&r=g\",\"caption\":\"Bruno de Freitas Moura - Reporter da Agencia Brasil\"},\"url\":\"https:\/\/juliasmagazine.com.br\/?author=34\"}]}<\/script>\n<!-- \/ Yoast SEO plugin. -->","yoast_head_json":{"title":"Produ\u00e7\u00e3o industrial interrompe 2 meses de queda e sobe 0,2% em julho - Julias Magazine","robots":{"index":"index","follow":"follow","max-snippet":"max-snippet:-1","max-image-preview":"max-image-preview:large","max-video-preview":"max-video-preview:-1"},"canonical":"https:\/\/juliasmagazine.com.br\/?p=37515","og_locale":"pt_BR","og_type":"article","og_title":"Produ\u00e7\u00e3o industrial interrompe 2 meses de queda e sobe 0,2% em julho - Julias Magazine","og_description":"A produ\u00e7\u00e3o da ind\u00fastria brasileira cresceu 0,2% na passagem de junho para julho. O resultado interrompe dois meses seguidos de queda. Dessa forma, o setor acumula alta de 1,1% ao longo de 2026 e soma expans\u00e3o de 0,6% nos \u00faltimos 12 meses. Na compara\u00e7\u00e3o com julho de 2025, a ind\u00fastria recuou 0,5%. A m\u00e9dia m\u00f3vel [&hellip;]","og_url":"https:\/\/juliasmagazine.com.br\/?p=37515","og_site_name":"Julias Magazine","article_published_time":"2026-09-02T14:57:09+00:00","og_image":[{"url":"https:\/\/cdn.jsdelivr.net\/gh\/sergiosdlima\/assets-ebc@1.0.0\/abr\/assets\/images\/logo-agenciabrasil.svg","type":"","width":"","height":""}],"author":"Bruno de Freitas Moura - Reporter da Agencia Brasil","twitter_card":"summary_large_image","twitter_misc":{"Escrito por":"Bruno de Freitas Moura - Reporter da Agencia Brasil","Est. tempo de leitura":"2 minutos"},"schema":{"@context":"https:\/\/schema.org","@graph":[{"@type":"Article","@id":"https:\/\/juliasmagazine.com.br\/?p=37515#article","isPartOf":{"@id":"https:\/\/juliasmagazine.com.br\/?p=37515"},"author":{"name":"Bruno de Freitas Moura - Reporter da Agencia Brasil","@id":"https:\/\/juliasmagazine.com.br\/#\/schema\/person\/703733e19c183b78a8aa422bb079ee4d"},"headline":"Produ\u00e7\u00e3o industrial interrompe 2 meses de queda e sobe 0,2% em julho","datePublished":"2026-09-02T14:57:09+00:00","dateModified":"2026-09-02T14:57:09+00:00","mainEntityOfPage":{"@id":"https:\/\/juliasmagazine.com.br\/?p=37515"},"wordCount":400,"commentCount":0,"publisher":{"@id":"https:\/\/juliasmagazine.com.br\/#organization"},"image":{"@id":"https:\/\/juliasmagazine.com.br\/?p=37515#primaryimage"},"thumbnailUrl":"https:\/\/juliasmagazine.com.br\/wp-content\/uploads\/2026\/09\/37515-producao-industrial-interrompe-2-meses-de-queda-e-sobe-02-em-julho.jpg","articleSection":["Economia e Neg\u00f3cios"],"inLanguage":"pt-BR","potentialAction":[{"@type":"CommentAction","name":"Comment","target":["https:\/\/juliasmagazine.com.br\/?p=37515#respond"]}]},{"@type":"WebPage","@id":"https:\/\/juliasmagazine.com.br\/?p=37515","url":"https:\/\/juliasmagazine.com.br\/?p=37515","name":"Produ\u00e7\u00e3o industrial interrompe 2 meses de queda e sobe 0,2% em julho - Julias Magazine","isPartOf":{"@id":"https:\/\/juliasmagazine.com.br\/#website"},"primaryImageOfPage":{"@id":"https:\/\/juliasmagazine.com.br\/?p=37515#primaryimage"},"image":{"@id":"https:\/\/juliasmagazine.com.br\/?p=37515#primaryimage"},"thumbnailUrl":"https:\/\/juliasmagazine.com.br\/wp-content\/uploads\/2026\/09\/37515-producao-industrial-interrompe-2-meses-de-queda-e-sobe-02-em-julho.jpg","datePublished":"2026-09-02T14:57:09+00:00","dateModified":"2026-09-02T14:57:09+00:00","breadcrumb":{"@id":"https:\/\/juliasmagazine.com.br\/?p=37515#breadcrumb"},"inLanguage":"pt-BR","potentialAction":[{"@type":"ReadAction","target":["https:\/\/juliasmagazine.com.br\/?p=37515"]}]},{"@type":"ImageObject","inLanguage":"pt-BR","@id":"https:\/\/juliasmagazine.com.br\/?p=37515#primaryimage","url":"https:\/\/juliasmagazine.com.br\/wp-content\/uploads\/2026\/09\/37515-producao-industrial-interrompe-2-meses-de-queda-e-sobe-02-em-julho.jpg","contentUrl":"https:\/\/juliasmagazine.com.br\/wp-content\/uploads\/2026\/09\/37515-producao-industrial-interrompe-2-meses-de-queda-e-sobe-02-em-julho.jpg","width":1600,"height":800,"caption":"Produ\u00e7\u00e3o industrial interrompe 2 meses de queda e sobe 0,2% em julho"},{"@type":"BreadcrumbList","@id":"https:\/\/juliasmagazine.com.br\/?p=37515#breadcrumb","itemListElement":[{"@type":"ListItem","position":1,"name":"In\u00edcio","item":"https:\/\/juliasmagazine.com.br\/"},{"@type":"ListItem","position":2,"name":"Produ\u00e7\u00e3o industrial interrompe 2 meses de queda e sobe 0,2% em julho"}]},{"@type":"WebSite","@id":"https:\/\/juliasmagazine.com.br\/#website","url":"https:\/\/juliasmagazine.com.br\/","name":"Julias Magazine","description":"A Sua revista eletr\u00f4nica de moda,politica ,viagens ,cultura ,gastronomia e finan\u00e7as. .","publisher":{"@id":"https:\/\/juliasmagazine.com.br\/#organization"},"potentialAction":[{"@type":"SearchAction","target":{"@type":"EntryPoint","urlTemplate":"https:\/\/juliasmagazine.com.br\/?s={search_term_string}"},"query-input":{"@type":"PropertyValueSpecification","valueRequired":true,"valueName":"search_term_string"}}],"inLanguage":"pt-BR"},{"@type":"Organization","@id":"https:\/\/juliasmagazine.com.br\/#organization","name":"Julias Magazine","url":"https:\/\/juliasmagazine.com.br\/","logo":{"@type":"ImageObject","inLanguage":"pt-BR","@id":"https:\/\/juliasmagazine.com.br\/#\/schema\/logo\/image\/","url":"https:\/\/oquefazerembalneariocamboriu.com\/wp-content\/uploads\/2023\/02\/o-que-fazer-em-balneario-camboriu.jpg","contentUrl":"https:\/\/oquefazerembalneariocamboriu.com\/wp-content\/uploads\/2023\/02\/o-que-fazer-em-balneario-camboriu.jpg","width":1200,"height":675,"caption":"Julias Magazine"},"image":{"@id":"https:\/\/juliasmagazine.com.br\/#\/schema\/logo\/image\/"}},{"@type":"Person","@id":"https:\/\/juliasmagazine.com.br\/#\/schema\/person\/703733e19c183b78a8aa422bb079ee4d","name":"Bruno de Freitas Moura - Reporter da Agencia Brasil","image":{"@type":"ImageObject","inLanguage":"pt-BR","@id":"https:\/\/juliasmagazine.com.br\/#\/schema\/person\/image\/","url":"https:\/\/secure.gravatar.com\/avatar\/874628ef5b35882d50054291c2bb786ecafdd0b15c4a4864429709e6f8f4bd2a?s=96&d=mm&r=g","contentUrl":"https:\/\/secure.gravatar.com\/avatar\/874628ef5b35882d50054291c2bb786ecafdd0b15c4a4864429709e6f8f4bd2a?s=96&d=mm&r=g","caption":"Bruno de Freitas Moura - Reporter da Agencia Brasil"},"url":"https:\/\/juliasmagazine.com.br\/?author=34"}]}},"_links":{"self":[{"href":"https:\/\/juliasmagazine.com.br\/index.php?rest_route=\/wp\/v2\/posts\/37515","targetHints":{"allow":["GET"]}}],"collection":[{"href":"https:\/\/juliasmagazine.com.br\/index.php?rest_route=\/wp\/v2\/posts"}],"about":[{"href":"https:\/\/juliasmagazine.com.br\/index.php?rest_route=\/wp\/v2\/types\/post"}],"author":[{"embeddable":true,"href":"https:\/\/juliasmagazine.com.br\/index.php?rest_route=\/wp\/v2\/users\/34"}],"replies":[{"embeddable":true,"href":"https:\/\/juliasmagazine.com.br\/index.php?rest_route=%2Fwp%2Fv2%2Fcomments&post=37515"}],"version-history":[{"count":0,"href":"https:\/\/juliasmagazine.com.br\/index.php?rest_route=\/wp\/v2\/posts\/37515\/revisions"}],"wp:featuredmedia":[{"embeddable":true,"href":"https:\/\/juliasmagazine.com.br\/index.php?rest_route=\/wp\/v2\/media\/37516"}],"wp:attachment":[{"href":"https:\/\/juliasmagazine.com.br\/index.php?rest_route=%2Fwp%2Fv2%2Fmedia&parent=37515"}],"wp:term":[{"taxonomy":"category","embeddable":true,"href":"https:\/\/juliasmagazine.com.br\/index.php?rest_route=%2Fwp%2Fv2%2Fcategories&post=37515"},{"taxonomy":"post_tag","embeddable":true,"href":"https:\/\/juliasmagazine.com.br\/index.php?rest_route=%2Fwp%2Fv2%2Ftags&post=37515"}],"curies":[{"name":"wp","href":"https:\/\/api.w.org\/{rel}","templated":true}]}}