{"id":37513,"date":"2026-09-02T09:41:47","date_gmt":"2026-09-02T12:41:47","guid":{"rendered":"https:\/\/juliasmagazine.com.br\/?p=37513"},"modified":"2026-09-02T09:41:47","modified_gmt":"2026-09-02T12:41:47","slug":"viva-maria-devocao-a-santa-raimunda-na-amazonia-vira-tema-de-livro","status":"publish","type":"post","link":"https:\/\/juliasmagazine.com.br\/?p=37513","title":{"rendered":"Viva Maria: devo\u00e7\u00e3o \u00e0 Santa Raimunda na Amaz\u00f4nia vira tema de livro"},"content":{"rendered":"<p>Depois da festa que <a href=\"https:\/\/radionacional.ebc.com.br\/programas\/viva-maria\/radio-nacional-da-amazonia-completa-49-anos\" target=\"_blank\">comemorou ontem os 49 anos da nossa R\u00e1dio Nacional da Amaz\u00f4nia,<\/a> Viva Maria se apressa para celebrar o Dia da Amaz\u00f4nia, que a cada 5 de setembro \u00e9 lembrado at\u00e9 com feriado na terra de Chico Mendes.\u00a0Em mem\u00f3ria a Chico Mendes, queremos homenagear as iaras, as tu\u00edras e os povos da floresta que inspiram o trabalho de pessoas como a pesquisadora e escritora Raquel Dourado da Silva, que escreveu um livro que fala sobre a chegada de popula\u00e7\u00f5es nordestinas aos seringais durante o s\u00e9culo XX para a explora\u00e7\u00e3o da borracha.<img decoding=\"async\" src=\"https:\/\/agenciabrasil.ebc.com.br\/ebc.png?id=1701319&#038;o=rss\"><img decoding=\"async\" src=\"https:\/\/agenciabrasil.ebc.com.br\/ebc.gif?id=1701319&#038;o=rss\"><\/p>\n<p>Nesse livro, \u00e9 poss\u00edvel compreender como foi que a f\u00e9 e a cultura nordestina tiveram de ser ressignificadas na Floresta Amaz\u00f4nica em meio \u00e0quela imensid\u00e3o desse novo ambiente onde a devo\u00e7\u00e3o \u00e0 Santa Raimunda se destaca.\u00a0Estamos falando do livro <strong>&#8220;Espa\u00e7os de Peregrina\u00e7\u00e3o: A Devo\u00e7\u00e3o nas Estradas da Siringa&#8221;<\/strong>.\u00a0Esse livro foi lan\u00e7ado recentemente na Reserva Extrativista Chico Mendes, em Assis Brasil, bem como na capital acreana.<\/p>\n<p>Durante o bate-papo com a apresentadora Mara R\u00e9gia, Raquel compartilhou a emo\u00e7\u00e3o do retorno \u00e0 comunidade durante a festa de Santa Raimunda do Bom Sucesso, onde reencontrou as popula\u00e7\u00f5es extrativistas. A escritora destacou o significado de devolver o resultado de sua pesquisa diretamente aos devotos, que formaram filas para registrar suas pr\u00f3prias hist\u00f3rias de f\u00e9 na \u201csanta dos seringais\u201d \u2014 uma parteira ind\u00edgena sacrificada no trabalho de parto e canonizada pelo povo.<\/p>\n<p>A autora ressaltou ainda a dimens\u00e3o cultural e ambiental desse catolicismo popular, lembrando como os territ\u00f3rios onde ocorrem mortes s\u00e3o reconhecidos pelos povos origin\u00e1rios como sagrados. Diante das atuais urg\u00eancias clim\u00e1ticas, a devo\u00e7\u00e3o tamb\u00e9m dialoga com a milit\u00e2ncia pela conserva\u00e7\u00e3o ambiental e com a busca por valoriza\u00e7\u00e3o social para as fam\u00edlias florestais. O livro tamb\u00e9m teve calorosa receptividade na capital acreana, reunindo moradores e migrantes urbanos em torno de mem\u00f3rias compartilhadas.<\/p>\n<p>Com olhar no futuro, a escritora prepara o pr\u00f3ximo lan\u00e7amento do livro no Congresso Nacional da P\u00f3s-Gradua\u00e7\u00e3o de Turismo, em Macap\u00e1, entre 23 e 25 de setembro. Ao p\u00fablico geral, a obra oferece um convite para peregrinar pelas Reservas Extrativistas e compreender a ess\u00eancia da f\u00e9 na Amaz\u00f4nia. O encontro encerrou-se em tom de celebra\u00e7\u00e3o e cumplicidade, reafirmando o compromisso conjunto com a defesa da floresta e de suas tradi\u00e7\u00f5es.<\/p>\n<p>Confira a entrevista completa no player acima<\/p>\n<p>  <span class=\"hms hms-format-m-ss\">12:18<\/span><\/p>\n","protected":false},"excerpt":{"rendered":"<p>Depois da festa que comemorou ontem os 49 anos da nossa R\u00e1dio Nacional da Amaz\u00f4nia, Viva Maria se apressa para celebrar o Dia da Amaz\u00f4nia, que a cada 5 de setembro \u00e9 lembrado at\u00e9 com feriado na terra de Chico Mendes.\u00a0Em mem\u00f3ria a Chico Mendes, queremos homenagear as iaras, as tu\u00edras e os povos da [&hellip;]<\/p>\n","protected":false},"author":182,"featured_media":37514,"comment_status":"open","ping_status":"open","sticky":false,"template":"","format":"standard","meta":{"site-sidebar-layout":"default","site-content-layout":"","ast-site-content-layout":"","site-content-style":"default","site-sidebar-style":"default","ast-global-header-display":"","ast-banner-title-visibility":"","ast-main-header-display":"","ast-hfb-above-header-display":"","ast-hfb-below-header-display":"","ast-hfb-mobile-header-display":"","site-post-title":"","ast-breadcrumbs-content":"","ast-featured-img":"","footer-sml-layout":"","theme-transparent-header-meta":"","adv-header-id-meta":"","stick-header-meta":"","header-above-stick-meta":"","header-main-stick-meta":"","header-below-stick-meta":"","astra-migrate-meta-layouts":"default","ast-page-background-enabled":"default","ast-page-background-meta":{"desktop":{"background-color":"var(--ast-global-color-4)","background-image":"","background-repeat":"repeat","background-position":"center center","background-size":"auto","background-attachment":"scroll","background-type":"","background-media":"","overlay-type":"","overlay-color":"","overlay-opacity":"","overlay-gradient":""},"tablet":{"background-color":"","background-image":"","background-repeat":"repeat","background-position":"center center","background-size":"auto","background-attachment":"scroll","background-type":"","background-media":"","overlay-type":"","overlay-color":"","overlay-opacity":"","overlay-gradient":""},"mobile":{"background-color":"","background-image":"","background-repeat":"repeat","background-position":"center center","background-size":"auto","background-attachment":"scroll","background-type":"","background-media":"","overlay-type":"","overlay-color":"","overlay-opacity":"","overlay-gradient":""}},"ast-content-background-meta":{"desktop":{"background-color":"var(--ast-global-color-5)","background-image":"","background-repeat":"repeat","background-position":"center center","background-size":"auto","background-attachment":"scroll","background-type":"","background-media":"","overlay-type":"","overlay-color":"","overlay-opacity":"","overlay-gradient":""},"tablet":{"background-color":"var(--ast-global-color-5)","background-image":"","background-repeat":"repeat","background-position":"center center","background-size":"auto","background-attachment":"scroll","background-type":"","background-media":"","overlay-type":"","overlay-color":"","overlay-opacity":"","overlay-gradient":""},"mobile":{"background-color":"var(--ast-global-color-5)","background-image":"","background-repeat":"repeat","background-position":"center center","background-size":"auto","background-attachment":"scroll","background-type":"","background-media":"","overlay-type":"","overlay-color":"","overlay-opacity":"","overlay-gradient":""}},"footnotes":""},"categories":[6],"tags":[],"class_list":["post-37513","post","type-post","status-publish","format-standard","has-post-thumbnail","hentry","category-meio-ambiente-e-sustentabilidade"],"yoast_head":"<!-- This site is optimized with the Yoast SEO plugin v24.1 - https:\/\/yoast.com\/wordpress\/plugins\/seo\/ -->\n<title>Viva Maria: devo\u00e7\u00e3o \u00e0 Santa Raimunda na Amaz\u00f4nia vira tema de livro - Julias Magazine<\/title>\n<meta name=\"robots\" content=\"index, follow, max-snippet:-1, max-image-preview:large, max-video-preview:-1\" \/>\n<link rel=\"canonical\" href=\"https:\/\/juliasmagazine.com.br\/?p=37513\" \/>\n<meta property=\"og:locale\" content=\"pt_BR\" \/>\n<meta property=\"og:type\" content=\"article\" \/>\n<meta property=\"og:title\" content=\"Viva Maria: devo\u00e7\u00e3o \u00e0 Santa Raimunda na Amaz\u00f4nia vira tema de livro - Julias Magazine\" \/>\n<meta property=\"og:description\" content=\"Depois da festa que comemorou ontem os 49 anos da nossa R\u00e1dio Nacional da Amaz\u00f4nia, Viva Maria se apressa para celebrar o Dia da Amaz\u00f4nia, que a cada 5 de setembro \u00e9 lembrado at\u00e9 com feriado na terra de Chico Mendes.\u00a0Em mem\u00f3ria a Chico Mendes, queremos homenagear as iaras, as tu\u00edras e os povos da [&hellip;]\" \/>\n<meta property=\"og:url\" content=\"https:\/\/juliasmagazine.com.br\/?p=37513\" \/>\n<meta property=\"og:site_name\" content=\"Julias Magazine\" \/>\n<meta property=\"article:published_time\" content=\"2026-09-02T12:41:47+00:00\" \/>\n<meta property=\"og:image\" content=\"https:\/\/agenciabrasil.ebc.com.br\/ebc.png?id=1701319&o=rss\" \/>\n<meta name=\"author\" content=\"Mara Regia - Apresentadora do Viva Maria\" \/>\n<meta name=\"twitter:card\" content=\"summary_large_image\" \/>\n<meta name=\"twitter:label1\" content=\"Escrito por\" \/>\n\t<meta name=\"twitter:data1\" content=\"Mara Regia - Apresentadora do Viva Maria\" \/>\n\t<meta name=\"twitter:label2\" content=\"Est. tempo de leitura\" \/>\n\t<meta name=\"twitter:data2\" content=\"2 minutos\" \/>\n<script type=\"application\/ld+json\" class=\"yoast-schema-graph\">{\"@context\":\"https:\/\/schema.org\",\"@graph\":[{\"@type\":\"Article\",\"@id\":\"https:\/\/juliasmagazine.com.br\/?p=37513#article\",\"isPartOf\":{\"@id\":\"https:\/\/juliasmagazine.com.br\/?p=37513\"},\"author\":{\"name\":\"Mara Regia - Apresentadora do Viva Maria\",\"@id\":\"https:\/\/juliasmagazine.com.br\/#\/schema\/person\/b33cf35f9ed2f23dda87a9b18892c0e7\"},\"headline\":\"Viva Maria: devo\u00e7\u00e3o \u00e0 Santa Raimunda na Amaz\u00f4nia vira tema de livro\",\"datePublished\":\"2026-09-02T12:41:47+00:00\",\"dateModified\":\"2026-09-02T12:41:47+00:00\",\"mainEntityOfPage\":{\"@id\":\"https:\/\/juliasmagazine.com.br\/?p=37513\"},\"wordCount\":431,\"commentCount\":0,\"publisher\":{\"@id\":\"https:\/\/juliasmagazine.com.br\/#organization\"},\"image\":{\"@id\":\"https:\/\/juliasmagazine.com.br\/?p=37513#primaryimage\"},\"thumbnailUrl\":\"https:\/\/juliasmagazine.com.br\/wp-content\/uploads\/2026\/09\/37513-viva-maria-devocao-a-santa-raimunda-na-amazonia-vira-tema-de-livro.jpeg\",\"articleSection\":[\"Meio Ambiente e Sustentabilidade\"],\"inLanguage\":\"pt-BR\",\"potentialAction\":[{\"@type\":\"CommentAction\",\"name\":\"Comment\",\"target\":[\"https:\/\/juliasmagazine.com.br\/?p=37513#respond\"]}]},{\"@type\":\"WebPage\",\"@id\":\"https:\/\/juliasmagazine.com.br\/?p=37513\",\"url\":\"https:\/\/juliasmagazine.com.br\/?p=37513\",\"name\":\"Viva Maria: devo\u00e7\u00e3o \u00e0 Santa Raimunda na Amaz\u00f4nia vira tema de livro - Julias Magazine\",\"isPartOf\":{\"@id\":\"https:\/\/juliasmagazine.com.br\/#website\"},\"primaryImageOfPage\":{\"@id\":\"https:\/\/juliasmagazine.com.br\/?p=37513#primaryimage\"},\"image\":{\"@id\":\"https:\/\/juliasmagazine.com.br\/?p=37513#primaryimage\"},\"thumbnailUrl\":\"https:\/\/juliasmagazine.com.br\/wp-content\/uploads\/2026\/09\/37513-viva-maria-devocao-a-santa-raimunda-na-amazonia-vira-tema-de-livro.jpeg\",\"datePublished\":\"2026-09-02T12:41:47+00:00\",\"dateModified\":\"2026-09-02T12:41:47+00:00\",\"breadcrumb\":{\"@id\":\"https:\/\/juliasmagazine.com.br\/?p=37513#breadcrumb\"},\"inLanguage\":\"pt-BR\",\"potentialAction\":[{\"@type\":\"ReadAction\",\"target\":[\"https:\/\/juliasmagazine.com.br\/?p=37513\"]}]},{\"@type\":\"ImageObject\",\"inLanguage\":\"pt-BR\",\"@id\":\"https:\/\/juliasmagazine.com.br\/?p=37513#primaryimage\",\"url\":\"https:\/\/juliasmagazine.com.br\/wp-content\/uploads\/2026\/09\/37513-viva-maria-devocao-a-santa-raimunda-na-amazonia-vira-tema-de-livro.jpeg\",\"contentUrl\":\"https:\/\/juliasmagazine.com.br\/wp-content\/uploads\/2026\/09\/37513-viva-maria-devocao-a-santa-raimunda-na-amazonia-vira-tema-de-livro.jpeg\",\"width\":1600,\"height\":800,\"caption\":\"Viva Maria: devo\u00e7\u00e3o \u00e0 Santa Raimunda na Amaz\u00f4nia vira tema de livro\"},{\"@type\":\"BreadcrumbList\",\"@id\":\"https:\/\/juliasmagazine.com.br\/?p=37513#breadcrumb\",\"itemListElement\":[{\"@type\":\"ListItem\",\"position\":1,\"name\":\"In\u00edcio\",\"item\":\"https:\/\/juliasmagazine.com.br\/\"},{\"@type\":\"ListItem\",\"position\":2,\"name\":\"Viva Maria: devo\u00e7\u00e3o \u00e0 Santa Raimunda na Amaz\u00f4nia vira tema de livro\"}]},{\"@type\":\"WebSite\",\"@id\":\"https:\/\/juliasmagazine.com.br\/#website\",\"url\":\"https:\/\/juliasmagazine.com.br\/\",\"name\":\"Julias Magazine\",\"description\":\"A Sua revista eletr\u00f4nica de moda,politica ,viagens ,cultura ,gastronomia e finan\u00e7as. .\",\"publisher\":{\"@id\":\"https:\/\/juliasmagazine.com.br\/#organization\"},\"potentialAction\":[{\"@type\":\"SearchAction\",\"target\":{\"@type\":\"EntryPoint\",\"urlTemplate\":\"https:\/\/juliasmagazine.com.br\/?s={search_term_string}\"},\"query-input\":{\"@type\":\"PropertyValueSpecification\",\"valueRequired\":true,\"valueName\":\"search_term_string\"}}],\"inLanguage\":\"pt-BR\"},{\"@type\":\"Organization\",\"@id\":\"https:\/\/juliasmagazine.com.br\/#organization\",\"name\":\"Julias Magazine\",\"url\":\"https:\/\/juliasmagazine.com.br\/\",\"logo\":{\"@type\":\"ImageObject\",\"inLanguage\":\"pt-BR\",\"@id\":\"https:\/\/juliasmagazine.com.br\/#\/schema\/logo\/image\/\",\"url\":\"https:\/\/oquefazerembalneariocamboriu.com\/wp-content\/uploads\/2023\/02\/o-que-fazer-em-balneario-camboriu.jpg\",\"contentUrl\":\"https:\/\/oquefazerembalneariocamboriu.com\/wp-content\/uploads\/2023\/02\/o-que-fazer-em-balneario-camboriu.jpg\",\"width\":1200,\"height\":675,\"caption\":\"Julias Magazine\"},\"image\":{\"@id\":\"https:\/\/juliasmagazine.com.br\/#\/schema\/logo\/image\/\"}},{\"@type\":\"Person\",\"@id\":\"https:\/\/juliasmagazine.com.br\/#\/schema\/person\/b33cf35f9ed2f23dda87a9b18892c0e7\",\"name\":\"Mara Regia - Apresentadora do Viva Maria\",\"image\":{\"@type\":\"ImageObject\",\"inLanguage\":\"pt-BR\",\"@id\":\"https:\/\/juliasmagazine.com.br\/#\/schema\/person\/image\/\",\"url\":\"https:\/\/secure.gravatar.com\/avatar\/9fab514d0491f99f7a3b040160cad90e2ef4cd5649f24a77e012faec1772d104?s=96&d=mm&r=g\",\"contentUrl\":\"https:\/\/secure.gravatar.com\/avatar\/9fab514d0491f99f7a3b040160cad90e2ef4cd5649f24a77e012faec1772d104?s=96&d=mm&r=g\",\"caption\":\"Mara Regia - Apresentadora do Viva Maria\"},\"url\":\"https:\/\/juliasmagazine.com.br\/?author=182\"}]}<\/script>\n<!-- \/ Yoast SEO plugin. -->","yoast_head_json":{"title":"Viva Maria: devo\u00e7\u00e3o \u00e0 Santa Raimunda na Amaz\u00f4nia vira tema de livro - Julias Magazine","robots":{"index":"index","follow":"follow","max-snippet":"max-snippet:-1","max-image-preview":"max-image-preview:large","max-video-preview":"max-video-preview:-1"},"canonical":"https:\/\/juliasmagazine.com.br\/?p=37513","og_locale":"pt_BR","og_type":"article","og_title":"Viva Maria: devo\u00e7\u00e3o \u00e0 Santa Raimunda na Amaz\u00f4nia vira tema de livro - Julias Magazine","og_description":"Depois da festa que comemorou ontem os 49 anos da nossa R\u00e1dio Nacional da Amaz\u00f4nia, Viva Maria se apressa para celebrar o Dia da Amaz\u00f4nia, que a cada 5 de setembro \u00e9 lembrado at\u00e9 com feriado na terra de Chico Mendes.\u00a0Em mem\u00f3ria a Chico Mendes, queremos homenagear as iaras, as tu\u00edras e os povos da [&hellip;]","og_url":"https:\/\/juliasmagazine.com.br\/?p=37513","og_site_name":"Julias Magazine","article_published_time":"2026-09-02T12:41:47+00:00","og_image":[{"url":"https:\/\/agenciabrasil.ebc.com.br\/ebc.png?id=1701319&o=rss","type":"","width":"","height":""}],"author":"Mara Regia - Apresentadora do Viva Maria","twitter_card":"summary_large_image","twitter_misc":{"Escrito por":"Mara Regia - Apresentadora do Viva Maria","Est. tempo de leitura":"2 minutos"},"schema":{"@context":"https:\/\/schema.org","@graph":[{"@type":"Article","@id":"https:\/\/juliasmagazine.com.br\/?p=37513#article","isPartOf":{"@id":"https:\/\/juliasmagazine.com.br\/?p=37513"},"author":{"name":"Mara Regia - Apresentadora do Viva Maria","@id":"https:\/\/juliasmagazine.com.br\/#\/schema\/person\/b33cf35f9ed2f23dda87a9b18892c0e7"},"headline":"Viva Maria: devo\u00e7\u00e3o \u00e0 Santa Raimunda na Amaz\u00f4nia vira tema de livro","datePublished":"2026-09-02T12:41:47+00:00","dateModified":"2026-09-02T12:41:47+00:00","mainEntityOfPage":{"@id":"https:\/\/juliasmagazine.com.br\/?p=37513"},"wordCount":431,"commentCount":0,"publisher":{"@id":"https:\/\/juliasmagazine.com.br\/#organization"},"image":{"@id":"https:\/\/juliasmagazine.com.br\/?p=37513#primaryimage"},"thumbnailUrl":"https:\/\/juliasmagazine.com.br\/wp-content\/uploads\/2026\/09\/37513-viva-maria-devocao-a-santa-raimunda-na-amazonia-vira-tema-de-livro.jpeg","articleSection":["Meio Ambiente e Sustentabilidade"],"inLanguage":"pt-BR","potentialAction":[{"@type":"CommentAction","name":"Comment","target":["https:\/\/juliasmagazine.com.br\/?p=37513#respond"]}]},{"@type":"WebPage","@id":"https:\/\/juliasmagazine.com.br\/?p=37513","url":"https:\/\/juliasmagazine.com.br\/?p=37513","name":"Viva Maria: devo\u00e7\u00e3o \u00e0 Santa Raimunda na Amaz\u00f4nia vira tema de livro - Julias Magazine","isPartOf":{"@id":"https:\/\/juliasmagazine.com.br\/#website"},"primaryImageOfPage":{"@id":"https:\/\/juliasmagazine.com.br\/?p=37513#primaryimage"},"image":{"@id":"https:\/\/juliasmagazine.com.br\/?p=37513#primaryimage"},"thumbnailUrl":"https:\/\/juliasmagazine.com.br\/wp-content\/uploads\/2026\/09\/37513-viva-maria-devocao-a-santa-raimunda-na-amazonia-vira-tema-de-livro.jpeg","datePublished":"2026-09-02T12:41:47+00:00","dateModified":"2026-09-02T12:41:47+00:00","breadcrumb":{"@id":"https:\/\/juliasmagazine.com.br\/?p=37513#breadcrumb"},"inLanguage":"pt-BR","potentialAction":[{"@type":"ReadAction","target":["https:\/\/juliasmagazine.com.br\/?p=37513"]}]},{"@type":"ImageObject","inLanguage":"pt-BR","@id":"https:\/\/juliasmagazine.com.br\/?p=37513#primaryimage","url":"https:\/\/juliasmagazine.com.br\/wp-content\/uploads\/2026\/09\/37513-viva-maria-devocao-a-santa-raimunda-na-amazonia-vira-tema-de-livro.jpeg","contentUrl":"https:\/\/juliasmagazine.com.br\/wp-content\/uploads\/2026\/09\/37513-viva-maria-devocao-a-santa-raimunda-na-amazonia-vira-tema-de-livro.jpeg","width":1600,"height":800,"caption":"Viva Maria: devo\u00e7\u00e3o \u00e0 Santa Raimunda na Amaz\u00f4nia vira tema de livro"},{"@type":"BreadcrumbList","@id":"https:\/\/juliasmagazine.com.br\/?p=37513#breadcrumb","itemListElement":[{"@type":"ListItem","position":1,"name":"In\u00edcio","item":"https:\/\/juliasmagazine.com.br\/"},{"@type":"ListItem","position":2,"name":"Viva Maria: devo\u00e7\u00e3o \u00e0 Santa Raimunda na Amaz\u00f4nia vira tema de livro"}]},{"@type":"WebSite","@id":"https:\/\/juliasmagazine.com.br\/#website","url":"https:\/\/juliasmagazine.com.br\/","name":"Julias Magazine","description":"A Sua revista eletr\u00f4nica de moda,politica ,viagens ,cultura ,gastronomia e finan\u00e7as. .","publisher":{"@id":"https:\/\/juliasmagazine.com.br\/#organization"},"potentialAction":[{"@type":"SearchAction","target":{"@type":"EntryPoint","urlTemplate":"https:\/\/juliasmagazine.com.br\/?s={search_term_string}"},"query-input":{"@type":"PropertyValueSpecification","valueRequired":true,"valueName":"search_term_string"}}],"inLanguage":"pt-BR"},{"@type":"Organization","@id":"https:\/\/juliasmagazine.com.br\/#organization","name":"Julias Magazine","url":"https:\/\/juliasmagazine.com.br\/","logo":{"@type":"ImageObject","inLanguage":"pt-BR","@id":"https:\/\/juliasmagazine.com.br\/#\/schema\/logo\/image\/","url":"https:\/\/oquefazerembalneariocamboriu.com\/wp-content\/uploads\/2023\/02\/o-que-fazer-em-balneario-camboriu.jpg","contentUrl":"https:\/\/oquefazerembalneariocamboriu.com\/wp-content\/uploads\/2023\/02\/o-que-fazer-em-balneario-camboriu.jpg","width":1200,"height":675,"caption":"Julias Magazine"},"image":{"@id":"https:\/\/juliasmagazine.com.br\/#\/schema\/logo\/image\/"}},{"@type":"Person","@id":"https:\/\/juliasmagazine.com.br\/#\/schema\/person\/b33cf35f9ed2f23dda87a9b18892c0e7","name":"Mara Regia - Apresentadora do Viva Maria","image":{"@type":"ImageObject","inLanguage":"pt-BR","@id":"https:\/\/juliasmagazine.com.br\/#\/schema\/person\/image\/","url":"https:\/\/secure.gravatar.com\/avatar\/9fab514d0491f99f7a3b040160cad90e2ef4cd5649f24a77e012faec1772d104?s=96&d=mm&r=g","contentUrl":"https:\/\/secure.gravatar.com\/avatar\/9fab514d0491f99f7a3b040160cad90e2ef4cd5649f24a77e012faec1772d104?s=96&d=mm&r=g","caption":"Mara Regia - Apresentadora do Viva Maria"},"url":"https:\/\/juliasmagazine.com.br\/?author=182"}]}},"_links":{"self":[{"href":"https:\/\/juliasmagazine.com.br\/index.php?rest_route=\/wp\/v2\/posts\/37513","targetHints":{"allow":["GET"]}}],"collection":[{"href":"https:\/\/juliasmagazine.com.br\/index.php?rest_route=\/wp\/v2\/posts"}],"about":[{"href":"https:\/\/juliasmagazine.com.br\/index.php?rest_route=\/wp\/v2\/types\/post"}],"author":[{"embeddable":true,"href":"https:\/\/juliasmagazine.com.br\/index.php?rest_route=\/wp\/v2\/users\/182"}],"replies":[{"embeddable":true,"href":"https:\/\/juliasmagazine.com.br\/index.php?rest_route=%2Fwp%2Fv2%2Fcomments&post=37513"}],"version-history":[{"count":0,"href":"https:\/\/juliasmagazine.com.br\/index.php?rest_route=\/wp\/v2\/posts\/37513\/revisions"}],"wp:featuredmedia":[{"embeddable":true,"href":"https:\/\/juliasmagazine.com.br\/index.php?rest_route=\/wp\/v2\/media\/37514"}],"wp:attachment":[{"href":"https:\/\/juliasmagazine.com.br\/index.php?rest_route=%2Fwp%2Fv2%2Fmedia&parent=37513"}],"wp:term":[{"taxonomy":"category","embeddable":true,"href":"https:\/\/juliasmagazine.com.br\/index.php?rest_route=%2Fwp%2Fv2%2Fcategories&post=37513"},{"taxonomy":"post_tag","embeddable":true,"href":"https:\/\/juliasmagazine.com.br\/index.php?rest_route=%2Fwp%2Fv2%2Ftags&post=37513"}],"curies":[{"name":"wp","href":"https:\/\/api.w.org\/{rel}","templated":true}]}}