{"id":37501,"date":"2026-09-01T22:35:44","date_gmt":"2026-09-02T01:35:44","guid":{"rendered":"https:\/\/juliasmagazine.com.br\/?p=37501"},"modified":"2026-09-01T22:35:44","modified_gmt":"2026-09-02T01:35:44","slug":"aziz-articula-rito-especial-para-levar-pec-da-escala-6x1-ao-plenario","status":"publish","type":"post","link":"https:\/\/juliasmagazine.com.br\/?p=37501","title":{"rendered":"Aziz articula rito especial para levar PEC da escala 6&#215;1 ao plen\u00e1rio"},"content":{"rendered":"<\/p>\n<p><a class=\"\" href=\"https:\/\/agenciabrasil.ebc.com.br\/politica\/noticia\/2026-09\/aziz-articula-rito-especial-para-levar-pec-da-escala-6x1-ao-plenario\"><br \/>\n                    <img decoding=\"async\" src=\"https:\/\/cdn.jsdelivr.net\/gh\/sergiosdlima\/assets-ebc@1.0.0\/abr\/assets\/images\/logo-agenciabrasil.svg\" alt=\"Logo Ag\u00eancia Brasil\"><br \/>\n\t\t\t\t<\/a><\/p>\n<p><strong>O senador Omar Aziz (PSD-AM), relator da Proposta de Emenda Constitucional (PEC) que acaba com a escala 6&#215;1 e reduz a jornada m\u00e1xima de trabalho para 40 horas semanais no Brasil, afirmou nesta ter\u00e7a-feira (1\u00ba) que o texto dever\u00e1 ser aprovado com ampla maioria na Comiss\u00e3o de Constitui\u00e7\u00e3o e Justi\u00e7a (CCJ).<\/strong><img decoding=\"async\" src=\"https:\/\/agenciabrasil.ebc.com.br\/ebc.png?id=1701298&#038;o=rss\"><img decoding=\"async\" src=\"https:\/\/agenciabrasil.ebc.com.br\/ebc.gif?id=1701298&#038;o=rss\"><\/p>\n<p><strong>Aziz disse que\u00a0apresentar\u00e1 um requerimento para acelerar a tramita\u00e7\u00e3o da proposta, eliminando intervalos regimentais (chamados de interst\u00edcios), para que a mat\u00e9ria possa ser votada em plen\u00e1rio, em regime de urg\u00eancia. A sess\u00e3o na CCJ que votar\u00e1 o relat\u00f3rio est\u00e1 marcada para esta quarta-feira (2), como segundo item da pauta, ap\u00f3s a vota\u00e7\u00e3o da <a href=\"https:\/\/agenciabrasil.ebc.com.br\/politica\/noticia\/2026-08\/ccj-do-senado-preve-votacao-da-pec-da-seguranca-proxima-semana\" target=\"_blank\">PEC da Seguran\u00e7a P\u00fablica<\/a>.<\/strong><\/p>\n<blockquote>\n<h3>Not\u00edcias relacionadas:<\/h3>\n<ul>\n<li><a href=\"https:\/\/agenciabrasil.ebc.com.br\/politica\/noticia\/2026-09\/governo-ouve-sociedade-civil-e-deve-tomar-decisao-sobre-bets-em-breve\">Governo ouve sociedade civil e deve tomar decis\u00e3o sobre bets em breve.<\/a><\/li>\n<li><a href=\"https:\/\/agenciabrasil.ebc.com.br\/politica\/noticia\/2026-09\/ajustes-no-texto-adiam-votacao-da-mp-da-taxa-das-blusinhas\">Ajustes no texto adiam vota\u00e7\u00e3o da MP da &#8220;taxa das blusinhas&#8221;.<\/a><\/li>\n<li><a href=\"https:\/\/agenciabrasil.ebc.com.br\/politica\/noticia\/2026-09\/pesquisa-analisa-propostas-dirigidas-mulheres-em-planos-de-governo\">Pesquisa analisa propostas dirigidas \u00e0s mulheres em planos de governo.<\/a><\/li>\n<\/ul>\n<p>&#8220;A gente aprovando na CCJ, vamos pedir o calend\u00e1rio especial para votar no plen\u00e1rio. O que \u00e9 esse calend\u00e1rio especial? Voc\u00ea quebra os interst\u00edcios, voc\u00ea n\u00e3o precisa ler cinco vezes, em cinco sess\u00f5es seguidas. Voc\u00ea pode votar no primeiro e segundo turnos no mesmo dia&#8221;, explicou em entrevista a jornalistas.\n<\/p><\/blockquote>\n<p>A estrat\u00e9gia, segundo o relator, foi acertada em reuni\u00e3o com a l\u00edder do governo no Senado, senadora Teresa Leit\u00e3o (PT-PE), o l\u00edder do governo no Congresso, senador Randolfe Rodrigues (PT-AP) e o presidente da CCJ, senador Otto Alencar (PSD-BA). Apesar disso, n\u00e3o houve, at\u00e9 o momento, nenhuma garantia do presidente do Senado, Davi Alcolumbre (Uni\u00e3o-AP), de que o texto ser\u00e1 levado ao plen\u00e1rio.<\/p>\n<blockquote>\n<p>&#8220;\u00c9\u00a0uma mat\u00e9ria que mexe com 37 milh\u00f5es de brasileiros, dos quais quase 20 milh\u00f5es s\u00e3o mulheres que t\u00eam uma jornada dupla de trabalho. A maioria delas \u00e9 m\u00e3e solo e precisa cuidar dos filhos e sair ara trabalhar. E eu chamo essa PEC de PEC da empatia&#8221;, defendeu Aziz.<\/p>\n<\/blockquote>\n<p>O senador informou ter recebido representantes de diferentes segmentos empresariais nos \u00faltimos dias, como com\u00e9rcio, servi\u00e7os, educa\u00e7\u00e3o e comunica\u00e7\u00e3o, mas reafirmou que n\u00e3o mudar\u00e1 o relat\u00f3rio da PEC aprovada na C\u00e2mara, para que o texto n\u00e3o precise retornar para an\u00e1lise dos deputados.<\/p>\n<p><strong>Segundo Omar Aziz, determinados setores, que t\u00eam caracter\u00edsticas espec\u00edficas de jornada de trabalho, dever\u00e3o discutir essa situa\u00e7\u00e3o em projeto de complementar ou at\u00e9 mesmo uma eventual nova PEC.<\/strong><\/p>\n<p>Na semana passada, Aziz apresentou relat\u00f3rio favor\u00e1vel ao fim da escala 6&#215;1 de trabalhar e \u00e0 redu\u00e7\u00e3o da <a href=\"https:\/\/agenciabrasil.ebc.com.br\/politica\/noticia\/2026-08\/relator-da-ccj-do-senado-vota-favor-da-pec-do-fim-da-escala-6x1\" target=\"_blank\">jornada m\u00e1xima semanal para 40 horas<\/a>. \u00a0<\/p>\n<h2>Saiba o que prev\u00ea os principais pontos do texto:<\/h2>\n<ul>\n<li>Dois dias de repouso semanal remunerado, sendo um deles preferencialmente aos domingos<\/li>\n<li>Sal\u00e1rio n\u00e3o poder\u00e1 ser reduzido por causa da diminui\u00e7\u00e3o da jornada<\/li>\n<li>Dois meses ap\u00f3s a promulga\u00e7\u00e3o da PEC, a jornada m\u00e1xima passa das atuais 44 para 42 horas semanais.<\/li>\n<li>Um ano depois do fim desse primeiro per\u00edodo, cai definitivamente para 40 horas.<\/li>\n<\/ul>\n<p>Sobre a resist\u00eancia da oposi\u00e7\u00e3o, que promete obstruir a vota\u00e7\u00e3o, o relator afirmou que isso faz parte do jogo democr\u00e1tico. &#8220;V\u00e3o usar todos os argumentos que o Regimento permite a eles usarem, \u00e9 normal. Agora, cada um \u00e9 dono da sua opini\u00e3o&#8221;.<\/p>\n<p>O qu\u00f3rum para aprova\u00e7\u00e3o de uma PEC \u00e9 de tr\u00eas quintos dos votos (60%) dos senadores, o que equivale a pelo menos 49 votos favor\u00e1veis, em dois turnos de discuss\u00e3o e vota\u00e7\u00e3o.<\/p>\n","protected":false},"excerpt":{"rendered":"<p>O senador Omar Aziz (PSD-AM), relator da Proposta de Emenda Constitucional (PEC) que acaba com a escala 6&#215;1 e reduz a jornada m\u00e1xima de trabalho para 40 horas semanais no Brasil, afirmou nesta ter\u00e7a-feira (1\u00ba) que o texto dever\u00e1 ser aprovado com ampla maioria na Comiss\u00e3o de Constitui\u00e7\u00e3o e Justi\u00e7a (CCJ). Aziz disse que\u00a0apresentar\u00e1 um [&hellip;]<\/p>\n","protected":false},"author":27,"featured_media":37502,"comment_status":"open","ping_status":"open","sticky":false,"template":"","format":"standard","meta":{"site-sidebar-layout":"default","site-content-layout":"","ast-site-content-layout":"","site-content-style":"default","site-sidebar-style":"default","ast-global-header-display":"","ast-banner-title-visibility":"","ast-main-header-display":"","ast-hfb-above-header-display":"","ast-hfb-below-header-display":"","ast-hfb-mobile-header-display":"","site-post-title":"","ast-breadcrumbs-content":"","ast-featured-img":"","footer-sml-layout":"","theme-transparent-header-meta":"","adv-header-id-meta":"","stick-header-meta":"","header-above-stick-meta":"","header-main-stick-meta":"","header-below-stick-meta":"","astra-migrate-meta-layouts":"default","ast-page-background-enabled":"default","ast-page-background-meta":{"desktop":{"background-color":"var(--ast-global-color-4)","background-image":"","background-repeat":"repeat","background-position":"center center","background-size":"auto","background-attachment":"scroll","background-type":"","background-media":"","overlay-type":"","overlay-color":"","overlay-opacity":"","overlay-gradient":""},"tablet":{"background-color":"","background-image":"","background-repeat":"repeat","background-position":"center center","background-size":"auto","background-attachment":"scroll","background-type":"","background-media":"","overlay-type":"","overlay-color":"","overlay-opacity":"","overlay-gradient":""},"mobile":{"background-color":"","background-image":"","background-repeat":"repeat","background-position":"center center","background-size":"auto","background-attachment":"scroll","background-type":"","background-media":"","overlay-type":"","overlay-color":"","overlay-opacity":"","overlay-gradient":""}},"ast-content-background-meta":{"desktop":{"background-color":"var(--ast-global-color-5)","background-image":"","background-repeat":"repeat","background-position":"center center","background-size":"auto","background-attachment":"scroll","background-type":"","background-media":"","overlay-type":"","overlay-color":"","overlay-opacity":"","overlay-gradient":""},"tablet":{"background-color":"var(--ast-global-color-5)","background-image":"","background-repeat":"repeat","background-position":"center center","background-size":"auto","background-attachment":"scroll","background-type":"","background-media":"","overlay-type":"","overlay-color":"","overlay-opacity":"","overlay-gradient":""},"mobile":{"background-color":"var(--ast-global-color-5)","background-image":"","background-repeat":"repeat","background-position":"center center","background-size":"auto","background-attachment":"scroll","background-type":"","background-media":"","overlay-type":"","overlay-color":"","overlay-opacity":"","overlay-gradient":""}},"footnotes":""},"categories":[1],"tags":[],"class_list":["post-37501","post","type-post","status-publish","format-standard","has-post-thumbnail","hentry","category-sem-categoria"],"yoast_head":"<!-- This site is optimized with the Yoast SEO plugin v24.1 - https:\/\/yoast.com\/wordpress\/plugins\/seo\/ -->\n<title>Aziz articula rito especial para levar PEC da escala 6x1 ao plen\u00e1rio - Julias Magazine<\/title>\n<meta name=\"robots\" content=\"index, follow, max-snippet:-1, max-image-preview:large, max-video-preview:-1\" \/>\n<link rel=\"canonical\" href=\"https:\/\/juliasmagazine.com.br\/?p=37501\" \/>\n<meta property=\"og:locale\" content=\"pt_BR\" \/>\n<meta property=\"og:type\" content=\"article\" \/>\n<meta property=\"og:title\" content=\"Aziz articula rito especial para levar PEC da escala 6x1 ao plen\u00e1rio - Julias Magazine\" \/>\n<meta property=\"og:description\" content=\"O senador Omar Aziz (PSD-AM), relator da Proposta de Emenda Constitucional (PEC) que acaba com a escala 6&#215;1 e reduz a jornada m\u00e1xima de trabalho para 40 horas semanais no Brasil, afirmou nesta ter\u00e7a-feira (1\u00ba) que o texto dever\u00e1 ser aprovado com ampla maioria na Comiss\u00e3o de Constitui\u00e7\u00e3o e Justi\u00e7a (CCJ). Aziz disse que\u00a0apresentar\u00e1 um [&hellip;]\" \/>\n<meta property=\"og:url\" content=\"https:\/\/juliasmagazine.com.br\/?p=37501\" \/>\n<meta property=\"og:site_name\" content=\"Julias Magazine\" \/>\n<meta property=\"article:published_time\" content=\"2026-09-02T01:35:44+00:00\" \/>\n<meta property=\"og:image\" content=\"https:\/\/cdn.jsdelivr.net\/gh\/sergiosdlima\/assets-ebc@1.0.0\/abr\/assets\/images\/logo-agenciabrasil.svg\" \/>\n<meta name=\"author\" content=\"Pedro Rafael Vilela - Reporter da Agencia Brasil\" \/>\n<meta name=\"twitter:card\" content=\"summary_large_image\" \/>\n<meta name=\"twitter:label1\" content=\"Escrito por\" \/>\n\t<meta name=\"twitter:data1\" content=\"Pedro Rafael Vilela - Reporter da Agencia Brasil\" \/>\n\t<meta name=\"twitter:label2\" content=\"Est. tempo de leitura\" \/>\n\t<meta name=\"twitter:data2\" content=\"3 minutos\" \/>\n<script type=\"application\/ld+json\" class=\"yoast-schema-graph\">{\"@context\":\"https:\/\/schema.org\",\"@graph\":[{\"@type\":\"Article\",\"@id\":\"https:\/\/juliasmagazine.com.br\/?p=37501#article\",\"isPartOf\":{\"@id\":\"https:\/\/juliasmagazine.com.br\/?p=37501\"},\"author\":{\"name\":\"Pedro Rafael Vilela - Reporter da Agencia Brasil\",\"@id\":\"https:\/\/juliasmagazine.com.br\/#\/schema\/person\/649ab786a070e71d121ab50f8078b930\"},\"headline\":\"Aziz articula rito especial para levar PEC da escala 6&#215;1 ao plen\u00e1rio\",\"datePublished\":\"2026-09-02T01:35:44+00:00\",\"dateModified\":\"2026-09-02T01:35:44+00:00\",\"mainEntityOfPage\":{\"@id\":\"https:\/\/juliasmagazine.com.br\/?p=37501\"},\"wordCount\":609,\"commentCount\":0,\"publisher\":{\"@id\":\"https:\/\/juliasmagazine.com.br\/#organization\"},\"image\":{\"@id\":\"https:\/\/juliasmagazine.com.br\/?p=37501#primaryimage\"},\"thumbnailUrl\":\"https:\/\/juliasmagazine.com.br\/wp-content\/uploads\/2026\/09\/37501-aziz-articula-rito-especial-para-levar-pec-da-escala-61-ao-plenario.jpg\",\"articleSection\":[\"\u00daltimas Not\u00edcias\"],\"inLanguage\":\"pt-BR\",\"potentialAction\":[{\"@type\":\"CommentAction\",\"name\":\"Comment\",\"target\":[\"https:\/\/juliasmagazine.com.br\/?p=37501#respond\"]}]},{\"@type\":\"WebPage\",\"@id\":\"https:\/\/juliasmagazine.com.br\/?p=37501\",\"url\":\"https:\/\/juliasmagazine.com.br\/?p=37501\",\"name\":\"Aziz articula rito especial para levar PEC da escala 6x1 ao plen\u00e1rio - Julias Magazine\",\"isPartOf\":{\"@id\":\"https:\/\/juliasmagazine.com.br\/#website\"},\"primaryImageOfPage\":{\"@id\":\"https:\/\/juliasmagazine.com.br\/?p=37501#primaryimage\"},\"image\":{\"@id\":\"https:\/\/juliasmagazine.com.br\/?p=37501#primaryimage\"},\"thumbnailUrl\":\"https:\/\/juliasmagazine.com.br\/wp-content\/uploads\/2026\/09\/37501-aziz-articula-rito-especial-para-levar-pec-da-escala-61-ao-plenario.jpg\",\"datePublished\":\"2026-09-02T01:35:44+00:00\",\"dateModified\":\"2026-09-02T01:35:44+00:00\",\"breadcrumb\":{\"@id\":\"https:\/\/juliasmagazine.com.br\/?p=37501#breadcrumb\"},\"inLanguage\":\"pt-BR\",\"potentialAction\":[{\"@type\":\"ReadAction\",\"target\":[\"https:\/\/juliasmagazine.com.br\/?p=37501\"]}]},{\"@type\":\"ImageObject\",\"inLanguage\":\"pt-BR\",\"@id\":\"https:\/\/juliasmagazine.com.br\/?p=37501#primaryimage\",\"url\":\"https:\/\/juliasmagazine.com.br\/wp-content\/uploads\/2026\/09\/37501-aziz-articula-rito-especial-para-levar-pec-da-escala-61-ao-plenario.jpg\",\"contentUrl\":\"https:\/\/juliasmagazine.com.br\/wp-content\/uploads\/2026\/09\/37501-aziz-articula-rito-especial-para-levar-pec-da-escala-61-ao-plenario.jpg\",\"width\":1600,\"height\":800,\"caption\":\"Aziz articula rito especial para levar PEC da escala 6&#215;1 ao plen\u00e1rio\"},{\"@type\":\"BreadcrumbList\",\"@id\":\"https:\/\/juliasmagazine.com.br\/?p=37501#breadcrumb\",\"itemListElement\":[{\"@type\":\"ListItem\",\"position\":1,\"name\":\"In\u00edcio\",\"item\":\"https:\/\/juliasmagazine.com.br\/\"},{\"@type\":\"ListItem\",\"position\":2,\"name\":\"Aziz articula rito especial para levar PEC da escala 6&#215;1 ao plen\u00e1rio\"}]},{\"@type\":\"WebSite\",\"@id\":\"https:\/\/juliasmagazine.com.br\/#website\",\"url\":\"https:\/\/juliasmagazine.com.br\/\",\"name\":\"Julias Magazine\",\"description\":\"A Sua revista eletr\u00f4nica de moda,politica ,viagens ,cultura ,gastronomia e finan\u00e7as. .\",\"publisher\":{\"@id\":\"https:\/\/juliasmagazine.com.br\/#organization\"},\"potentialAction\":[{\"@type\":\"SearchAction\",\"target\":{\"@type\":\"EntryPoint\",\"urlTemplate\":\"https:\/\/juliasmagazine.com.br\/?s={search_term_string}\"},\"query-input\":{\"@type\":\"PropertyValueSpecification\",\"valueRequired\":true,\"valueName\":\"search_term_string\"}}],\"inLanguage\":\"pt-BR\"},{\"@type\":\"Organization\",\"@id\":\"https:\/\/juliasmagazine.com.br\/#organization\",\"name\":\"Julias Magazine\",\"url\":\"https:\/\/juliasmagazine.com.br\/\",\"logo\":{\"@type\":\"ImageObject\",\"inLanguage\":\"pt-BR\",\"@id\":\"https:\/\/juliasmagazine.com.br\/#\/schema\/logo\/image\/\",\"url\":\"https:\/\/oquefazerembalneariocamboriu.com\/wp-content\/uploads\/2023\/02\/o-que-fazer-em-balneario-camboriu.jpg\",\"contentUrl\":\"https:\/\/oquefazerembalneariocamboriu.com\/wp-content\/uploads\/2023\/02\/o-que-fazer-em-balneario-camboriu.jpg\",\"width\":1200,\"height\":675,\"caption\":\"Julias Magazine\"},\"image\":{\"@id\":\"https:\/\/juliasmagazine.com.br\/#\/schema\/logo\/image\/\"}},{\"@type\":\"Person\",\"@id\":\"https:\/\/juliasmagazine.com.br\/#\/schema\/person\/649ab786a070e71d121ab50f8078b930\",\"name\":\"Pedro Rafael Vilela - Reporter da Agencia Brasil\",\"image\":{\"@type\":\"ImageObject\",\"inLanguage\":\"pt-BR\",\"@id\":\"https:\/\/juliasmagazine.com.br\/#\/schema\/person\/image\/\",\"url\":\"https:\/\/secure.gravatar.com\/avatar\/53c332986894f06be14f1dc71c21648a23bcebbac7b609985ec39e986684584c?s=96&d=mm&r=g\",\"contentUrl\":\"https:\/\/secure.gravatar.com\/avatar\/53c332986894f06be14f1dc71c21648a23bcebbac7b609985ec39e986684584c?s=96&d=mm&r=g\",\"caption\":\"Pedro Rafael Vilela - Reporter da Agencia Brasil\"},\"url\":\"https:\/\/juliasmagazine.com.br\/?author=27\"}]}<\/script>\n<!-- \/ Yoast SEO plugin. -->","yoast_head_json":{"title":"Aziz articula rito especial para levar PEC da escala 6x1 ao plen\u00e1rio - Julias Magazine","robots":{"index":"index","follow":"follow","max-snippet":"max-snippet:-1","max-image-preview":"max-image-preview:large","max-video-preview":"max-video-preview:-1"},"canonical":"https:\/\/juliasmagazine.com.br\/?p=37501","og_locale":"pt_BR","og_type":"article","og_title":"Aziz articula rito especial para levar PEC da escala 6x1 ao plen\u00e1rio - Julias Magazine","og_description":"O senador Omar Aziz (PSD-AM), relator da Proposta de Emenda Constitucional (PEC) que acaba com a escala 6&#215;1 e reduz a jornada m\u00e1xima de trabalho para 40 horas semanais no Brasil, afirmou nesta ter\u00e7a-feira (1\u00ba) que o texto dever\u00e1 ser aprovado com ampla maioria na Comiss\u00e3o de Constitui\u00e7\u00e3o e Justi\u00e7a (CCJ). Aziz disse que\u00a0apresentar\u00e1 um [&hellip;]","og_url":"https:\/\/juliasmagazine.com.br\/?p=37501","og_site_name":"Julias Magazine","article_published_time":"2026-09-02T01:35:44+00:00","og_image":[{"url":"https:\/\/cdn.jsdelivr.net\/gh\/sergiosdlima\/assets-ebc@1.0.0\/abr\/assets\/images\/logo-agenciabrasil.svg","type":"","width":"","height":""}],"author":"Pedro Rafael Vilela - Reporter da Agencia Brasil","twitter_card":"summary_large_image","twitter_misc":{"Escrito por":"Pedro Rafael Vilela - Reporter da Agencia Brasil","Est. tempo de leitura":"3 minutos"},"schema":{"@context":"https:\/\/schema.org","@graph":[{"@type":"Article","@id":"https:\/\/juliasmagazine.com.br\/?p=37501#article","isPartOf":{"@id":"https:\/\/juliasmagazine.com.br\/?p=37501"},"author":{"name":"Pedro Rafael Vilela - Reporter da Agencia Brasil","@id":"https:\/\/juliasmagazine.com.br\/#\/schema\/person\/649ab786a070e71d121ab50f8078b930"},"headline":"Aziz articula rito especial para levar PEC da escala 6&#215;1 ao plen\u00e1rio","datePublished":"2026-09-02T01:35:44+00:00","dateModified":"2026-09-02T01:35:44+00:00","mainEntityOfPage":{"@id":"https:\/\/juliasmagazine.com.br\/?p=37501"},"wordCount":609,"commentCount":0,"publisher":{"@id":"https:\/\/juliasmagazine.com.br\/#organization"},"image":{"@id":"https:\/\/juliasmagazine.com.br\/?p=37501#primaryimage"},"thumbnailUrl":"https:\/\/juliasmagazine.com.br\/wp-content\/uploads\/2026\/09\/37501-aziz-articula-rito-especial-para-levar-pec-da-escala-61-ao-plenario.jpg","articleSection":["\u00daltimas Not\u00edcias"],"inLanguage":"pt-BR","potentialAction":[{"@type":"CommentAction","name":"Comment","target":["https:\/\/juliasmagazine.com.br\/?p=37501#respond"]}]},{"@type":"WebPage","@id":"https:\/\/juliasmagazine.com.br\/?p=37501","url":"https:\/\/juliasmagazine.com.br\/?p=37501","name":"Aziz articula rito especial para levar PEC da escala 6x1 ao plen\u00e1rio - Julias Magazine","isPartOf":{"@id":"https:\/\/juliasmagazine.com.br\/#website"},"primaryImageOfPage":{"@id":"https:\/\/juliasmagazine.com.br\/?p=37501#primaryimage"},"image":{"@id":"https:\/\/juliasmagazine.com.br\/?p=37501#primaryimage"},"thumbnailUrl":"https:\/\/juliasmagazine.com.br\/wp-content\/uploads\/2026\/09\/37501-aziz-articula-rito-especial-para-levar-pec-da-escala-61-ao-plenario.jpg","datePublished":"2026-09-02T01:35:44+00:00","dateModified":"2026-09-02T01:35:44+00:00","breadcrumb":{"@id":"https:\/\/juliasmagazine.com.br\/?p=37501#breadcrumb"},"inLanguage":"pt-BR","potentialAction":[{"@type":"ReadAction","target":["https:\/\/juliasmagazine.com.br\/?p=37501"]}]},{"@type":"ImageObject","inLanguage":"pt-BR","@id":"https:\/\/juliasmagazine.com.br\/?p=37501#primaryimage","url":"https:\/\/juliasmagazine.com.br\/wp-content\/uploads\/2026\/09\/37501-aziz-articula-rito-especial-para-levar-pec-da-escala-61-ao-plenario.jpg","contentUrl":"https:\/\/juliasmagazine.com.br\/wp-content\/uploads\/2026\/09\/37501-aziz-articula-rito-especial-para-levar-pec-da-escala-61-ao-plenario.jpg","width":1600,"height":800,"caption":"Aziz articula rito especial para levar PEC da escala 6&#215;1 ao plen\u00e1rio"},{"@type":"BreadcrumbList","@id":"https:\/\/juliasmagazine.com.br\/?p=37501#breadcrumb","itemListElement":[{"@type":"ListItem","position":1,"name":"In\u00edcio","item":"https:\/\/juliasmagazine.com.br\/"},{"@type":"ListItem","position":2,"name":"Aziz articula rito especial para levar PEC da escala 6&#215;1 ao plen\u00e1rio"}]},{"@type":"WebSite","@id":"https:\/\/juliasmagazine.com.br\/#website","url":"https:\/\/juliasmagazine.com.br\/","name":"Julias Magazine","description":"A Sua revista eletr\u00f4nica de moda,politica ,viagens ,cultura ,gastronomia e finan\u00e7as. .","publisher":{"@id":"https:\/\/juliasmagazine.com.br\/#organization"},"potentialAction":[{"@type":"SearchAction","target":{"@type":"EntryPoint","urlTemplate":"https:\/\/juliasmagazine.com.br\/?s={search_term_string}"},"query-input":{"@type":"PropertyValueSpecification","valueRequired":true,"valueName":"search_term_string"}}],"inLanguage":"pt-BR"},{"@type":"Organization","@id":"https:\/\/juliasmagazine.com.br\/#organization","name":"Julias Magazine","url":"https:\/\/juliasmagazine.com.br\/","logo":{"@type":"ImageObject","inLanguage":"pt-BR","@id":"https:\/\/juliasmagazine.com.br\/#\/schema\/logo\/image\/","url":"https:\/\/oquefazerembalneariocamboriu.com\/wp-content\/uploads\/2023\/02\/o-que-fazer-em-balneario-camboriu.jpg","contentUrl":"https:\/\/oquefazerembalneariocamboriu.com\/wp-content\/uploads\/2023\/02\/o-que-fazer-em-balneario-camboriu.jpg","width":1200,"height":675,"caption":"Julias Magazine"},"image":{"@id":"https:\/\/juliasmagazine.com.br\/#\/schema\/logo\/image\/"}},{"@type":"Person","@id":"https:\/\/juliasmagazine.com.br\/#\/schema\/person\/649ab786a070e71d121ab50f8078b930","name":"Pedro Rafael Vilela - Reporter da Agencia Brasil","image":{"@type":"ImageObject","inLanguage":"pt-BR","@id":"https:\/\/juliasmagazine.com.br\/#\/schema\/person\/image\/","url":"https:\/\/secure.gravatar.com\/avatar\/53c332986894f06be14f1dc71c21648a23bcebbac7b609985ec39e986684584c?s=96&d=mm&r=g","contentUrl":"https:\/\/secure.gravatar.com\/avatar\/53c332986894f06be14f1dc71c21648a23bcebbac7b609985ec39e986684584c?s=96&d=mm&r=g","caption":"Pedro Rafael Vilela - Reporter da Agencia Brasil"},"url":"https:\/\/juliasmagazine.com.br\/?author=27"}]}},"_links":{"self":[{"href":"https:\/\/juliasmagazine.com.br\/index.php?rest_route=\/wp\/v2\/posts\/37501","targetHints":{"allow":["GET"]}}],"collection":[{"href":"https:\/\/juliasmagazine.com.br\/index.php?rest_route=\/wp\/v2\/posts"}],"about":[{"href":"https:\/\/juliasmagazine.com.br\/index.php?rest_route=\/wp\/v2\/types\/post"}],"author":[{"embeddable":true,"href":"https:\/\/juliasmagazine.com.br\/index.php?rest_route=\/wp\/v2\/users\/27"}],"replies":[{"embeddable":true,"href":"https:\/\/juliasmagazine.com.br\/index.php?rest_route=%2Fwp%2Fv2%2Fcomments&post=37501"}],"version-history":[{"count":0,"href":"https:\/\/juliasmagazine.com.br\/index.php?rest_route=\/wp\/v2\/posts\/37501\/revisions"}],"wp:featuredmedia":[{"embeddable":true,"href":"https:\/\/juliasmagazine.com.br\/index.php?rest_route=\/wp\/v2\/media\/37502"}],"wp:attachment":[{"href":"https:\/\/juliasmagazine.com.br\/index.php?rest_route=%2Fwp%2Fv2%2Fmedia&parent=37501"}],"wp:term":[{"taxonomy":"category","embeddable":true,"href":"https:\/\/juliasmagazine.com.br\/index.php?rest_route=%2Fwp%2Fv2%2Fcategories&post=37501"},{"taxonomy":"post_tag","embeddable":true,"href":"https:\/\/juliasmagazine.com.br\/index.php?rest_route=%2Fwp%2Fv2%2Ftags&post=37501"}],"curies":[{"name":"wp","href":"https:\/\/api.w.org\/{rel}","templated":true}]}}