{"id":37499,"date":"2026-09-01T22:35:45","date_gmt":"2026-09-02T01:35:45","guid":{"rendered":"https:\/\/juliasmagazine.com.br\/?p=37499"},"modified":"2026-09-01T22:35:45","modified_gmt":"2026-09-02T01:35:45","slug":"confira-como-foi-a-terca-feira-1o-dos-candidatos-a-presidente","status":"publish","type":"post","link":"https:\/\/juliasmagazine.com.br\/?p=37499","title":{"rendered":"Confira como foi a ter\u00e7a-feira (1\u00ba) dos candidatos a presidente"},"content":{"rendered":"<\/p>\n<p><a class=\"\" href=\"https:\/\/agenciabrasil.ebc.com.br\/politica\/noticia\/2026-09\/confira-como-foi-terca-feira-1o-dos-candidatos-presidente\"><br \/>\n                    <img decoding=\"async\" src=\"https:\/\/cdn.jsdelivr.net\/gh\/sergiosdlima\/assets-ebc@1.0.0\/abr\/assets\/images\/logo-agenciabrasil.svg\" alt=\"Logo Ag\u00eancia Brasil\"><br \/>\n\t\t\t\t<\/a><\/p>\n<p>A agenda dos candidatos \u00e0 Presid\u00eancia da Rep\u00fablica nesta ter\u00e7a-feira (1\u00ba) inclui visitas a institui\u00e7\u00f5es e eventos, entrevistas \u00e0 imprensa e encontros com representantes da sociedade.\u00a0<img decoding=\"async\" src=\"https:\/\/agenciabrasil.ebc.com.br\/ebc.png?id=1701294&#038;o=rss\"><img decoding=\"async\" src=\"https:\/\/agenciabrasil.ebc.com.br\/ebc.gif?id=1701294&#038;o=rss\"><\/p>\n<p>Tamb\u00e9m est\u00e3o previstas caminhadas e panfletagens pelas ruas, al\u00e9m de atividades voltadas a temas como educa\u00e7\u00e3o e sa\u00fade.<\/p>\n<\/p>\n<h3>Not\u00edcias relacionadas:<\/h3>\n<ul>\n<li><a href=\"https:\/\/agenciabrasil.ebc.com.br\/politica\/noticia\/2026-09\/pesquisa-analisa-propostas-dirigidas-mulheres-em-planos-de-governo\">Pesquisa analisa propostas dirigidas \u00e0s mulheres em planos de governo.<\/a><\/li>\n<\/ul>\n<p><strong>Ronaldo Caiado<\/strong> (PSD)<br \/>\nO candidato Ronaldo Caiado (PSD) disse, ao visitar a\u00a0Santa Casa de Miseric\u00f3rdia de S\u00e3o Paulo, que, caso seja eleito, implantar\u00e1 o &#8220;Agiliza SUS&#8221;, programa que\u00a0visa reduzir as filas de cirurgias eletivas.\u00a0<\/p>\n<p>\u201cNossa pretens\u00e3o \u00e9 a amplia\u00e7\u00e3o da oferta de atendimento por meio de uma parceria que integre hospitais p\u00fablicos, filantr\u00f3picos, Santas Casas e a rede privada. Al\u00e9m do mais, o atendimento n\u00e3o deve seguir a ordem cronol\u00f3gica, mas sim a gravidade de cada caso\u201d, afirmou.<\/p>\n<p>Caiado ainda prop\u00f4s\u00a0limitar as despesas obrigat\u00f3rias em 50% do Produto Interno Bruto (PIB).<\/p>\n<p><strong>Rui Costa Pimenta<\/strong> (PCO)<br \/>\nEm Bras\u00edlia, o candidato Rui Costa Pimenta participou de panfletagem em frente ao restaurante universit\u00e1rio da Universidade de Bras\u00edlia (UnB), com militantes e apoiadores.<\/p>\n<p>Ele ainda concedeu entrevista ao portal de not\u00edcias Metr\u00f3poles.<\/p>\n<p><strong>Samara Martins<\/strong> (UP)<br \/>\nA candidata Samara Martins n\u00e3o teve agenda p\u00fablica de campanha.<\/p>\n<p><strong>Wilson Grassi <\/strong>(Democrata)\u00a0<br \/>\nO candidato Wilson Grassi\u00a0concedeu entrevista aos portais\u00a0Poder 360 e ao Metr\u00f3poles, em Bras\u00edlia.<\/p>\n<p>Ele criticou a decis\u00e3o do ministro Dias Toffoli, do Tribunal Superior Eleitoral (TSE), que suspendeu\u00a0sua campanha digital.<\/p>\n<p><strong>Augusto Cury <\/strong>(Avante)<br \/>\nO\u00a0candidato Augusto Cury teve agenda\u00a0na cidade de Cachoeirinha (RS), onde participou de atividades no Centro das Ind\u00fastrias.\u00a0<\/p>\n<p>Ele visitou a 49\u00aa Expointer, em Esteio (RS) e\u00a0defendeu o respeito \u00e0 diversidade de ideias que, segundo o candidato, &#8220;\u00e9 a beleza da democracia\u201d.<\/p>\n<p>Cury participou da inaugura\u00e7\u00e3o da Casa Cury do Brasil, em Belo Horizonte.\u00a0<\/p>\n<p><strong>Clariana Bar\u00e3o<\/strong> (DC)<br \/>\nA candidata Clariana Bar\u00e3o n\u00e3o teve agenda p\u00fablica de campanha.\u00a0<\/p>\n<p><strong>Edmilson Costa <\/strong>(PCB)<br \/>\nO candidato Edmilson Costa fez\u00a0caminhada pelo centro de S\u00e3o Paulo. \u00a0<\/p>\n<p><strong>Fl\u00e1vio Bolsonaro<\/strong> (PL)<br \/>\nO candidato Fl\u00e1vio Bolsonaro n\u00e3o teve agenda p\u00fablica de\u00a0campanha.<\/p>\n<p><strong>Hertz Dias <\/strong>(PSTU)<br \/>\nO candidato Hertz Dias fez campanha em Santa Cruz do Sul (RS), onde participou de atividades no Sindicato dos Comerci\u00e1rios.\u00a0<\/p>\n<p>Ele defendeu mais uma vez o fim da escala 6&#215;1 e a redu\u00e7\u00e3o da jornada de trabalho sem corte salarial e de direitos.\u00a0<\/p>\n<p>&#8220;N\u00e3o \u00e9 normal que uma pessoa trabalhe praticamente todos os dias da semana e tenha apenas um dia para descansar, resolver problemas pessoais, conviver com a fam\u00edlia e recuperar suas energias&#8221;, declarou, ao fazer panfletagem na rua.<\/p>\n<p><strong>Luiz In\u00e1cio Lula da Silva<\/strong> (PT)<br \/>\nO candidato Luiz In\u00e1cio Lula da Silva n\u00e3o teve agenda p\u00fablica de campanha.<\/p>\n<p><strong>Renan Santos<\/strong> (Miss\u00e3o)<br \/>\nO candidato Renan Santos participou de um ato no centro de S\u00e3o Paulo.<\/p>\n<p>O ato ocorreu ap\u00f3s entrevista \u00e0 imprensa em que tratou da revoga\u00e7\u00e3o da suspens\u00e3o de sua campanha digital.<\/p>\n<p><strong>Romeu Zema<\/strong> (Novo)\u00a0<br \/>\nO candidato Romeu Zema participou da abertura da Semana da P\u00e1tria em Joinville (SC) e visitou uma escola\u00a0refer\u00eancia no \u00cdndice de Desenvolvimento da Educa\u00e7\u00e3o B\u00e1sica (Ideb).<\/p>\n<p>Ele conversou com pais de alunos e representantes da cidade sobre educa\u00e7\u00e3o e prop\u00f4s ensino com acompanhamento no pa\u00eds.<\/p>\n<p>&#8220;O Brasil precisa \u00e9 exatamente disto: uma boa educa\u00e7\u00e3o, uma educa\u00e7\u00e3o que tem acompanhamento, que tem valoriza\u00e7\u00e3o do resultado&#8221;, disse.<\/p>\n<p>Zema se encontrou ainda\u00a0com empres\u00e1rios na Associa\u00e7\u00e3o Empresarial de Joinville.<br \/>\n\u00a0<\/p>\n<p>A ordem de apresenta\u00e7\u00e3o da cobertura da agenda dos candidatos a presidente segue rod\u00edzio di\u00e1rio em ordem alfab\u00e9tica.<\/p>\n<p><em>* Colaboraram Fl\u00e1via Albuquerque (S\u00e3o Paulo) e Luciano Nascimento (S\u00e3o Lu\u00eds).<\/em><\/p>\n","protected":false},"excerpt":{"rendered":"<p>A agenda dos candidatos \u00e0 Presid\u00eancia da Rep\u00fablica nesta ter\u00e7a-feira (1\u00ba) inclui visitas a institui\u00e7\u00f5es e eventos, entrevistas \u00e0 imprensa e encontros com representantes da sociedade.\u00a0 Tamb\u00e9m est\u00e3o previstas caminhadas e panfletagens pelas ruas, al\u00e9m de atividades voltadas a temas como educa\u00e7\u00e3o e sa\u00fade. Not\u00edcias relacionadas: Pesquisa analisa propostas dirigidas \u00e0s mulheres em planos de [&hellip;]<\/p>\n","protected":false},"author":8,"featured_media":37500,"comment_status":"open","ping_status":"open","sticky":false,"template":"","format":"standard","meta":{"site-sidebar-layout":"default","site-content-layout":"","ast-site-content-layout":"","site-content-style":"default","site-sidebar-style":"default","ast-global-header-display":"","ast-banner-title-visibility":"","ast-main-header-display":"","ast-hfb-above-header-display":"","ast-hfb-below-header-display":"","ast-hfb-mobile-header-display":"","site-post-title":"","ast-breadcrumbs-content":"","ast-featured-img":"","footer-sml-layout":"","theme-transparent-header-meta":"","adv-header-id-meta":"","stick-header-meta":"","header-above-stick-meta":"","header-main-stick-meta":"","header-below-stick-meta":"","astra-migrate-meta-layouts":"default","ast-page-background-enabled":"default","ast-page-background-meta":{"desktop":{"background-color":"var(--ast-global-color-4)","background-image":"","background-repeat":"repeat","background-position":"center center","background-size":"auto","background-attachment":"scroll","background-type":"","background-media":"","overlay-type":"","overlay-color":"","overlay-opacity":"","overlay-gradient":""},"tablet":{"background-color":"","background-image":"","background-repeat":"repeat","background-position":"center center","background-size":"auto","background-attachment":"scroll","background-type":"","background-media":"","overlay-type":"","overlay-color":"","overlay-opacity":"","overlay-gradient":""},"mobile":{"background-color":"","background-image":"","background-repeat":"repeat","background-position":"center center","background-size":"auto","background-attachment":"scroll","background-type":"","background-media":"","overlay-type":"","overlay-color":"","overlay-opacity":"","overlay-gradient":""}},"ast-content-background-meta":{"desktop":{"background-color":"var(--ast-global-color-5)","background-image":"","background-repeat":"repeat","background-position":"center center","background-size":"auto","background-attachment":"scroll","background-type":"","background-media":"","overlay-type":"","overlay-color":"","overlay-opacity":"","overlay-gradient":""},"tablet":{"background-color":"var(--ast-global-color-5)","background-image":"","background-repeat":"repeat","background-position":"center center","background-size":"auto","background-attachment":"scroll","background-type":"","background-media":"","overlay-type":"","overlay-color":"","overlay-opacity":"","overlay-gradient":""},"mobile":{"background-color":"var(--ast-global-color-5)","background-image":"","background-repeat":"repeat","background-position":"center center","background-size":"auto","background-attachment":"scroll","background-type":"","background-media":"","overlay-type":"","overlay-color":"","overlay-opacity":"","overlay-gradient":""}},"footnotes":""},"categories":[1],"tags":[],"class_list":["post-37499","post","type-post","status-publish","format-standard","has-post-thumbnail","hentry","category-sem-categoria"],"yoast_head":"<!-- This site is optimized with the Yoast SEO plugin v24.1 - https:\/\/yoast.com\/wordpress\/plugins\/seo\/ -->\n<title>Confira como foi a ter\u00e7a-feira (1\u00ba) dos candidatos a presidente - Julias Magazine<\/title>\n<meta name=\"robots\" content=\"index, follow, max-snippet:-1, max-image-preview:large, max-video-preview:-1\" \/>\n<link rel=\"canonical\" href=\"https:\/\/juliasmagazine.com.br\/?p=37499\" \/>\n<meta property=\"og:locale\" content=\"pt_BR\" \/>\n<meta property=\"og:type\" content=\"article\" \/>\n<meta property=\"og:title\" content=\"Confira como foi a ter\u00e7a-feira (1\u00ba) dos candidatos a presidente - Julias Magazine\" \/>\n<meta property=\"og:description\" content=\"A agenda dos candidatos \u00e0 Presid\u00eancia da Rep\u00fablica nesta ter\u00e7a-feira (1\u00ba) inclui visitas a institui\u00e7\u00f5es e eventos, entrevistas \u00e0 imprensa e encontros com representantes da sociedade.\u00a0 Tamb\u00e9m est\u00e3o previstas caminhadas e panfletagens pelas ruas, al\u00e9m de atividades voltadas a temas como educa\u00e7\u00e3o e sa\u00fade. Not\u00edcias relacionadas: Pesquisa analisa propostas dirigidas \u00e0s mulheres em planos de [&hellip;]\" \/>\n<meta property=\"og:url\" content=\"https:\/\/juliasmagazine.com.br\/?p=37499\" \/>\n<meta property=\"og:site_name\" content=\"Julias Magazine\" \/>\n<meta property=\"article:published_time\" content=\"2026-09-02T01:35:45+00:00\" \/>\n<meta property=\"og:image\" content=\"https:\/\/cdn.jsdelivr.net\/gh\/sergiosdlima\/assets-ebc@1.0.0\/abr\/assets\/images\/logo-agenciabrasil.svg\" \/>\n<meta name=\"author\" content=\"Agencia Brasil\" \/>\n<meta name=\"twitter:card\" content=\"summary_large_image\" \/>\n<meta name=\"twitter:label1\" content=\"Escrito por\" \/>\n\t<meta name=\"twitter:data1\" content=\"Agencia Brasil\" \/>\n\t<meta name=\"twitter:label2\" content=\"Est. tempo de leitura\" \/>\n\t<meta name=\"twitter:data2\" content=\"3 minutos\" \/>\n<script type=\"application\/ld+json\" class=\"yoast-schema-graph\">{\"@context\":\"https:\/\/schema.org\",\"@graph\":[{\"@type\":\"Article\",\"@id\":\"https:\/\/juliasmagazine.com.br\/?p=37499#article\",\"isPartOf\":{\"@id\":\"https:\/\/juliasmagazine.com.br\/?p=37499\"},\"author\":{\"name\":\"Agencia Brasil\",\"@id\":\"https:\/\/juliasmagazine.com.br\/#\/schema\/person\/e762a6f24032ed8dc59d01b78c3a867f\"},\"headline\":\"Confira como foi a ter\u00e7a-feira (1\u00ba) dos candidatos a presidente\",\"datePublished\":\"2026-09-02T01:35:45+00:00\",\"dateModified\":\"2026-09-02T01:35:45+00:00\",\"mainEntityOfPage\":{\"@id\":\"https:\/\/juliasmagazine.com.br\/?p=37499\"},\"wordCount\":652,\"commentCount\":0,\"publisher\":{\"@id\":\"https:\/\/juliasmagazine.com.br\/#organization\"},\"image\":{\"@id\":\"https:\/\/juliasmagazine.com.br\/?p=37499#primaryimage\"},\"thumbnailUrl\":\"https:\/\/juliasmagazine.com.br\/wp-content\/uploads\/2026\/09\/37499-confira-como-foi-a-terca-feira-1o-dos-candidatos-a-presidente.png\",\"articleSection\":[\"\u00daltimas Not\u00edcias\"],\"inLanguage\":\"pt-BR\",\"potentialAction\":[{\"@type\":\"CommentAction\",\"name\":\"Comment\",\"target\":[\"https:\/\/juliasmagazine.com.br\/?p=37499#respond\"]}]},{\"@type\":\"WebPage\",\"@id\":\"https:\/\/juliasmagazine.com.br\/?p=37499\",\"url\":\"https:\/\/juliasmagazine.com.br\/?p=37499\",\"name\":\"Confira como foi a ter\u00e7a-feira (1\u00ba) dos candidatos a presidente - Julias Magazine\",\"isPartOf\":{\"@id\":\"https:\/\/juliasmagazine.com.br\/#website\"},\"primaryImageOfPage\":{\"@id\":\"https:\/\/juliasmagazine.com.br\/?p=37499#primaryimage\"},\"image\":{\"@id\":\"https:\/\/juliasmagazine.com.br\/?p=37499#primaryimage\"},\"thumbnailUrl\":\"https:\/\/juliasmagazine.com.br\/wp-content\/uploads\/2026\/09\/37499-confira-como-foi-a-terca-feira-1o-dos-candidatos-a-presidente.png\",\"datePublished\":\"2026-09-02T01:35:45+00:00\",\"dateModified\":\"2026-09-02T01:35:45+00:00\",\"breadcrumb\":{\"@id\":\"https:\/\/juliasmagazine.com.br\/?p=37499#breadcrumb\"},\"inLanguage\":\"pt-BR\",\"potentialAction\":[{\"@type\":\"ReadAction\",\"target\":[\"https:\/\/juliasmagazine.com.br\/?p=37499\"]}]},{\"@type\":\"ImageObject\",\"inLanguage\":\"pt-BR\",\"@id\":\"https:\/\/juliasmagazine.com.br\/?p=37499#primaryimage\",\"url\":\"https:\/\/juliasmagazine.com.br\/wp-content\/uploads\/2026\/09\/37499-confira-como-foi-a-terca-feira-1o-dos-candidatos-a-presidente.png\",\"contentUrl\":\"https:\/\/juliasmagazine.com.br\/wp-content\/uploads\/2026\/09\/37499-confira-como-foi-a-terca-feira-1o-dos-candidatos-a-presidente.png\",\"width\":1600,\"height\":800,\"caption\":\"Confira como foi a ter\u00e7a-feira (1\u00ba) dos candidatos a presidente\"},{\"@type\":\"BreadcrumbList\",\"@id\":\"https:\/\/juliasmagazine.com.br\/?p=37499#breadcrumb\",\"itemListElement\":[{\"@type\":\"ListItem\",\"position\":1,\"name\":\"In\u00edcio\",\"item\":\"https:\/\/juliasmagazine.com.br\/\"},{\"@type\":\"ListItem\",\"position\":2,\"name\":\"Confira como foi a ter\u00e7a-feira (1\u00ba) dos candidatos a presidente\"}]},{\"@type\":\"WebSite\",\"@id\":\"https:\/\/juliasmagazine.com.br\/#website\",\"url\":\"https:\/\/juliasmagazine.com.br\/\",\"name\":\"Julias Magazine\",\"description\":\"A Sua revista eletr\u00f4nica de moda,politica ,viagens ,cultura ,gastronomia e finan\u00e7as. .\",\"publisher\":{\"@id\":\"https:\/\/juliasmagazine.com.br\/#organization\"},\"potentialAction\":[{\"@type\":\"SearchAction\",\"target\":{\"@type\":\"EntryPoint\",\"urlTemplate\":\"https:\/\/juliasmagazine.com.br\/?s={search_term_string}\"},\"query-input\":{\"@type\":\"PropertyValueSpecification\",\"valueRequired\":true,\"valueName\":\"search_term_string\"}}],\"inLanguage\":\"pt-BR\"},{\"@type\":\"Organization\",\"@id\":\"https:\/\/juliasmagazine.com.br\/#organization\",\"name\":\"Julias Magazine\",\"url\":\"https:\/\/juliasmagazine.com.br\/\",\"logo\":{\"@type\":\"ImageObject\",\"inLanguage\":\"pt-BR\",\"@id\":\"https:\/\/juliasmagazine.com.br\/#\/schema\/logo\/image\/\",\"url\":\"https:\/\/oquefazerembalneariocamboriu.com\/wp-content\/uploads\/2023\/02\/o-que-fazer-em-balneario-camboriu.jpg\",\"contentUrl\":\"https:\/\/oquefazerembalneariocamboriu.com\/wp-content\/uploads\/2023\/02\/o-que-fazer-em-balneario-camboriu.jpg\",\"width\":1200,\"height\":675,\"caption\":\"Julias Magazine\"},\"image\":{\"@id\":\"https:\/\/juliasmagazine.com.br\/#\/schema\/logo\/image\/\"}},{\"@type\":\"Person\",\"@id\":\"https:\/\/juliasmagazine.com.br\/#\/schema\/person\/e762a6f24032ed8dc59d01b78c3a867f\",\"name\":\"Agencia Brasil\",\"image\":{\"@type\":\"ImageObject\",\"inLanguage\":\"pt-BR\",\"@id\":\"https:\/\/juliasmagazine.com.br\/#\/schema\/person\/image\/\",\"url\":\"https:\/\/secure.gravatar.com\/avatar\/3f35c4476dbfcdff89d7409bdd670da5a4678fa13d5b52b9575ec1639a35ab6e?s=96&d=mm&r=g\",\"contentUrl\":\"https:\/\/secure.gravatar.com\/avatar\/3f35c4476dbfcdff89d7409bdd670da5a4678fa13d5b52b9575ec1639a35ab6e?s=96&d=mm&r=g\",\"caption\":\"Agencia Brasil\"},\"url\":\"https:\/\/juliasmagazine.com.br\/?author=8\"}]}<\/script>\n<!-- \/ Yoast SEO plugin. -->","yoast_head_json":{"title":"Confira como foi a ter\u00e7a-feira (1\u00ba) dos candidatos a presidente - Julias Magazine","robots":{"index":"index","follow":"follow","max-snippet":"max-snippet:-1","max-image-preview":"max-image-preview:large","max-video-preview":"max-video-preview:-1"},"canonical":"https:\/\/juliasmagazine.com.br\/?p=37499","og_locale":"pt_BR","og_type":"article","og_title":"Confira como foi a ter\u00e7a-feira (1\u00ba) dos candidatos a presidente - Julias Magazine","og_description":"A agenda dos candidatos \u00e0 Presid\u00eancia da Rep\u00fablica nesta ter\u00e7a-feira (1\u00ba) inclui visitas a institui\u00e7\u00f5es e eventos, entrevistas \u00e0 imprensa e encontros com representantes da sociedade.\u00a0 Tamb\u00e9m est\u00e3o previstas caminhadas e panfletagens pelas ruas, al\u00e9m de atividades voltadas a temas como educa\u00e7\u00e3o e sa\u00fade. Not\u00edcias relacionadas: Pesquisa analisa propostas dirigidas \u00e0s mulheres em planos de [&hellip;]","og_url":"https:\/\/juliasmagazine.com.br\/?p=37499","og_site_name":"Julias Magazine","article_published_time":"2026-09-02T01:35:45+00:00","og_image":[{"url":"https:\/\/cdn.jsdelivr.net\/gh\/sergiosdlima\/assets-ebc@1.0.0\/abr\/assets\/images\/logo-agenciabrasil.svg","type":"","width":"","height":""}],"author":"Agencia Brasil","twitter_card":"summary_large_image","twitter_misc":{"Escrito por":"Agencia Brasil","Est. tempo de leitura":"3 minutos"},"schema":{"@context":"https:\/\/schema.org","@graph":[{"@type":"Article","@id":"https:\/\/juliasmagazine.com.br\/?p=37499#article","isPartOf":{"@id":"https:\/\/juliasmagazine.com.br\/?p=37499"},"author":{"name":"Agencia Brasil","@id":"https:\/\/juliasmagazine.com.br\/#\/schema\/person\/e762a6f24032ed8dc59d01b78c3a867f"},"headline":"Confira como foi a ter\u00e7a-feira (1\u00ba) dos candidatos a presidente","datePublished":"2026-09-02T01:35:45+00:00","dateModified":"2026-09-02T01:35:45+00:00","mainEntityOfPage":{"@id":"https:\/\/juliasmagazine.com.br\/?p=37499"},"wordCount":652,"commentCount":0,"publisher":{"@id":"https:\/\/juliasmagazine.com.br\/#organization"},"image":{"@id":"https:\/\/juliasmagazine.com.br\/?p=37499#primaryimage"},"thumbnailUrl":"https:\/\/juliasmagazine.com.br\/wp-content\/uploads\/2026\/09\/37499-confira-como-foi-a-terca-feira-1o-dos-candidatos-a-presidente.png","articleSection":["\u00daltimas Not\u00edcias"],"inLanguage":"pt-BR","potentialAction":[{"@type":"CommentAction","name":"Comment","target":["https:\/\/juliasmagazine.com.br\/?p=37499#respond"]}]},{"@type":"WebPage","@id":"https:\/\/juliasmagazine.com.br\/?p=37499","url":"https:\/\/juliasmagazine.com.br\/?p=37499","name":"Confira como foi a ter\u00e7a-feira (1\u00ba) dos candidatos a presidente - Julias Magazine","isPartOf":{"@id":"https:\/\/juliasmagazine.com.br\/#website"},"primaryImageOfPage":{"@id":"https:\/\/juliasmagazine.com.br\/?p=37499#primaryimage"},"image":{"@id":"https:\/\/juliasmagazine.com.br\/?p=37499#primaryimage"},"thumbnailUrl":"https:\/\/juliasmagazine.com.br\/wp-content\/uploads\/2026\/09\/37499-confira-como-foi-a-terca-feira-1o-dos-candidatos-a-presidente.png","datePublished":"2026-09-02T01:35:45+00:00","dateModified":"2026-09-02T01:35:45+00:00","breadcrumb":{"@id":"https:\/\/juliasmagazine.com.br\/?p=37499#breadcrumb"},"inLanguage":"pt-BR","potentialAction":[{"@type":"ReadAction","target":["https:\/\/juliasmagazine.com.br\/?p=37499"]}]},{"@type":"ImageObject","inLanguage":"pt-BR","@id":"https:\/\/juliasmagazine.com.br\/?p=37499#primaryimage","url":"https:\/\/juliasmagazine.com.br\/wp-content\/uploads\/2026\/09\/37499-confira-como-foi-a-terca-feira-1o-dos-candidatos-a-presidente.png","contentUrl":"https:\/\/juliasmagazine.com.br\/wp-content\/uploads\/2026\/09\/37499-confira-como-foi-a-terca-feira-1o-dos-candidatos-a-presidente.png","width":1600,"height":800,"caption":"Confira como foi a ter\u00e7a-feira (1\u00ba) dos candidatos a presidente"},{"@type":"BreadcrumbList","@id":"https:\/\/juliasmagazine.com.br\/?p=37499#breadcrumb","itemListElement":[{"@type":"ListItem","position":1,"name":"In\u00edcio","item":"https:\/\/juliasmagazine.com.br\/"},{"@type":"ListItem","position":2,"name":"Confira como foi a ter\u00e7a-feira (1\u00ba) dos candidatos a presidente"}]},{"@type":"WebSite","@id":"https:\/\/juliasmagazine.com.br\/#website","url":"https:\/\/juliasmagazine.com.br\/","name":"Julias Magazine","description":"A Sua revista eletr\u00f4nica de moda,politica ,viagens ,cultura ,gastronomia e finan\u00e7as. .","publisher":{"@id":"https:\/\/juliasmagazine.com.br\/#organization"},"potentialAction":[{"@type":"SearchAction","target":{"@type":"EntryPoint","urlTemplate":"https:\/\/juliasmagazine.com.br\/?s={search_term_string}"},"query-input":{"@type":"PropertyValueSpecification","valueRequired":true,"valueName":"search_term_string"}}],"inLanguage":"pt-BR"},{"@type":"Organization","@id":"https:\/\/juliasmagazine.com.br\/#organization","name":"Julias Magazine","url":"https:\/\/juliasmagazine.com.br\/","logo":{"@type":"ImageObject","inLanguage":"pt-BR","@id":"https:\/\/juliasmagazine.com.br\/#\/schema\/logo\/image\/","url":"https:\/\/oquefazerembalneariocamboriu.com\/wp-content\/uploads\/2023\/02\/o-que-fazer-em-balneario-camboriu.jpg","contentUrl":"https:\/\/oquefazerembalneariocamboriu.com\/wp-content\/uploads\/2023\/02\/o-que-fazer-em-balneario-camboriu.jpg","width":1200,"height":675,"caption":"Julias Magazine"},"image":{"@id":"https:\/\/juliasmagazine.com.br\/#\/schema\/logo\/image\/"}},{"@type":"Person","@id":"https:\/\/juliasmagazine.com.br\/#\/schema\/person\/e762a6f24032ed8dc59d01b78c3a867f","name":"Agencia Brasil","image":{"@type":"ImageObject","inLanguage":"pt-BR","@id":"https:\/\/juliasmagazine.com.br\/#\/schema\/person\/image\/","url":"https:\/\/secure.gravatar.com\/avatar\/3f35c4476dbfcdff89d7409bdd670da5a4678fa13d5b52b9575ec1639a35ab6e?s=96&d=mm&r=g","contentUrl":"https:\/\/secure.gravatar.com\/avatar\/3f35c4476dbfcdff89d7409bdd670da5a4678fa13d5b52b9575ec1639a35ab6e?s=96&d=mm&r=g","caption":"Agencia Brasil"},"url":"https:\/\/juliasmagazine.com.br\/?author=8"}]}},"_links":{"self":[{"href":"https:\/\/juliasmagazine.com.br\/index.php?rest_route=\/wp\/v2\/posts\/37499","targetHints":{"allow":["GET"]}}],"collection":[{"href":"https:\/\/juliasmagazine.com.br\/index.php?rest_route=\/wp\/v2\/posts"}],"about":[{"href":"https:\/\/juliasmagazine.com.br\/index.php?rest_route=\/wp\/v2\/types\/post"}],"author":[{"embeddable":true,"href":"https:\/\/juliasmagazine.com.br\/index.php?rest_route=\/wp\/v2\/users\/8"}],"replies":[{"embeddable":true,"href":"https:\/\/juliasmagazine.com.br\/index.php?rest_route=%2Fwp%2Fv2%2Fcomments&post=37499"}],"version-history":[{"count":0,"href":"https:\/\/juliasmagazine.com.br\/index.php?rest_route=\/wp\/v2\/posts\/37499\/revisions"}],"wp:featuredmedia":[{"embeddable":true,"href":"https:\/\/juliasmagazine.com.br\/index.php?rest_route=\/wp\/v2\/media\/37500"}],"wp:attachment":[{"href":"https:\/\/juliasmagazine.com.br\/index.php?rest_route=%2Fwp%2Fv2%2Fmedia&parent=37499"}],"wp:term":[{"taxonomy":"category","embeddable":true,"href":"https:\/\/juliasmagazine.com.br\/index.php?rest_route=%2Fwp%2Fv2%2Fcategories&post=37499"},{"taxonomy":"post_tag","embeddable":true,"href":"https:\/\/juliasmagazine.com.br\/index.php?rest_route=%2Fwp%2Fv2%2Ftags&post=37499"}],"curies":[{"name":"wp","href":"https:\/\/api.w.org\/{rel}","templated":true}]}}