{"id":37497,"date":"2026-09-01T22:35:40","date_gmt":"2026-09-02T01:35:40","guid":{"rendered":"https:\/\/juliasmagazine.com.br\/?p=37497"},"modified":"2026-09-01T22:35:40","modified_gmt":"2026-09-02T01:35:40","slug":"senado-aprova-indicacao-de-rodrigo-pacheco-para-o-tcu","status":"publish","type":"post","link":"https:\/\/juliasmagazine.com.br\/?p=37497","title":{"rendered":"Senado aprova indica\u00e7\u00e3o de Rodrigo Pacheco para o TCU"},"content":{"rendered":"<\/p>\n<p><a class=\"\" href=\"https:\/\/agenciabrasil.ebc.com.br\/politica\/noticia\/2026-09\/senado-aprova-indicacao-de-rodrigo-pacheco-para-o-tcu\"><br \/>\n                    <img decoding=\"async\" src=\"https:\/\/cdn.jsdelivr.net\/gh\/sergiosdlima\/assets-ebc@1.0.0\/abr\/assets\/images\/logo-agenciabrasil.svg\" alt=\"Logo Ag\u00eancia Brasil\"><br \/>\n\t\t\t\t<\/a><\/p>\n<p><strong>O plen\u00e1rio do Senado Federal aprovou nesta ter\u00e7a-feira (1\u00ba) a indica\u00e7\u00e3o do senador Rodrigo Pacheco (PSB-MG) para o cargo de ministro do Tribunal de Contas da Uni\u00e3o (TCU).\u00a0<\/strong><img decoding=\"async\" src=\"https:\/\/agenciabrasil.ebc.com.br\/ebc.png?id=1701304&#038;o=rss\"><img decoding=\"async\" src=\"https:\/\/agenciabrasil.ebc.com.br\/ebc.gif?id=1701304&#038;o=rss\"><\/p>\n<p>Foram 63 votos a favor e quatro contr\u00e1rios \u00e0 indica\u00e7\u00e3o, que segue agora para an\u00e1lise da C\u00e2mara dos Deputados.<\/p>\n<\/p>\n<h3>Not\u00edcias relacionadas:<\/h3>\n<ul>\n<li><a href=\"https:\/\/agenciabrasil.ebc.com.br\/justica\/noticia\/2026-08\/bruno-dantas-renuncia-ao-cargo-de-ministro-do-tcu\">Bruno Dantas renuncia ao cargo de ministro do TCU.<\/a><\/li>\n<\/ul>\n<p><strong><a href=\"https:\/\/agenciabrasil.ebc.com.br\/justica\/noticia\/2026-08\/bruno-dantas-renuncia-ao-cargo-de-ministro-do-tcu\" target=\"_blank\">Pacheco foi indicado para substituir Bruno Dantas<\/a>, que renunciou ao cargo nesta semana.<\/strong><\/p>\n<p>O projeto de decreto legislativo que indica o nome de Pacheco ao cargo (PDL 995\/2026) foi apresentado pelo presidente do Senado, Davi Alcolumbre (Uni\u00e3o-AP), com apoio de outros 20 senadores e senadoras da base governista e da oposi\u00e7\u00e3o.<\/p>\n<p>&#8220;Eu sei o que representa um tribunal de contas em um pa\u00eds onde a qualidade do recurso p\u00fablico \u00e9 exigida para poder cumprir as pol\u00edticas p\u00fablicas que a popula\u00e7\u00e3o tanto anseia e nunca foi t\u00e3o importante para o pa\u00eds como agora&#8221;, afirmou Pacheco ao celebrar a aprova\u00e7\u00e3o na tribuna do plen\u00e1rio.<\/p>\n<p>Pacheco foi deputado federal, de 2015 a 2018, e presidiu o Senado por duas vezes, nos bi\u00eanios de 2021-2022 e 2023-2024.<\/p>\n<p>Nascido em 1976 e natural de Porto Velho, \u00e9 bacharel em direito pela Pontif\u00edcia Universidade Cat\u00f3lica de Minas Gerais (PUC-MG) e especialista em direito penal econ\u00f4mico internacional. Advogado criminalista, tamb\u00e9m foi conselheiro da Ordem dos Advogados do Brasil (OAB).<\/p>\n<p>Foi Pacheco quem presidiu o Senado durante a Comiss\u00e3o Parlamentar de Inqu\u00e9rito (CPI) da covid-19, durante a segunda e mais letal onda da pandemia, que incluiu crise de oxig\u00eanio em Manaus e a acelera\u00e7\u00e3o da vacina\u00e7\u00e3o.<\/p>\n<p>&#8220;Rodrigo Pacheco certamente ir\u00e1 abrilhantar o Tribunal de Contas da Uni\u00e3o, como o fez na condu\u00e7\u00e3o serena, s\u00e1bia e competente desta Casa. Al\u00e9m da inquestion\u00e1vel compet\u00eancia e conhecimentos de todos conhecidos, a gest\u00e3o do presidente Pacheco na presid\u00eancia do Senado Federal se deu em um momento de sobressaltos da vida brasileira, em meio a uma pandemia devastadora e bravatas autorit\u00e1rias. Tivemos nele a sobriedade de um verdadeiro democrata que soube nos conduzir em meio a uma tempestade para ancorarmos em um porto seguro&#8221;, afirmou o senador Renan Calheiros (MDB-AL), que foi relator da indica\u00e7\u00e3o de Pacheco ao TCU.<\/p>\n<p><em>*Com informa\u00e7\u00f5es da Ag\u00eancia Senado.<\/em><\/p>\n","protected":false},"excerpt":{"rendered":"<p>O plen\u00e1rio do Senado Federal aprovou nesta ter\u00e7a-feira (1\u00ba) a indica\u00e7\u00e3o do senador Rodrigo Pacheco (PSB-MG) para o cargo de ministro do Tribunal de Contas da Uni\u00e3o (TCU).\u00a0 Foram 63 votos a favor e quatro contr\u00e1rios \u00e0 indica\u00e7\u00e3o, que segue agora para an\u00e1lise da C\u00e2mara dos Deputados. Not\u00edcias relacionadas: Bruno Dantas renuncia ao cargo de [&hellip;]<\/p>\n","protected":false},"author":1,"featured_media":37498,"comment_status":"open","ping_status":"open","sticky":false,"template":"","format":"standard","meta":{"site-sidebar-layout":"default","site-content-layout":"","ast-site-content-layout":"","site-content-style":"default","site-sidebar-style":"default","ast-global-header-display":"","ast-banner-title-visibility":"","ast-main-header-display":"","ast-hfb-above-header-display":"","ast-hfb-below-header-display":"","ast-hfb-mobile-header-display":"","site-post-title":"","ast-breadcrumbs-content":"","ast-featured-img":"","footer-sml-layout":"","theme-transparent-header-meta":"","adv-header-id-meta":"","stick-header-meta":"","header-above-stick-meta":"","header-main-stick-meta":"","header-below-stick-meta":"","astra-migrate-meta-layouts":"default","ast-page-background-enabled":"default","ast-page-background-meta":{"desktop":{"background-color":"var(--ast-global-color-4)","background-image":"","background-repeat":"repeat","background-position":"center center","background-size":"auto","background-attachment":"scroll","background-type":"","background-media":"","overlay-type":"","overlay-color":"","overlay-opacity":"","overlay-gradient":""},"tablet":{"background-color":"","background-image":"","background-repeat":"repeat","background-position":"center center","background-size":"auto","background-attachment":"scroll","background-type":"","background-media":"","overlay-type":"","overlay-color":"","overlay-opacity":"","overlay-gradient":""},"mobile":{"background-color":"","background-image":"","background-repeat":"repeat","background-position":"center center","background-size":"auto","background-attachment":"scroll","background-type":"","background-media":"","overlay-type":"","overlay-color":"","overlay-opacity":"","overlay-gradient":""}},"ast-content-background-meta":{"desktop":{"background-color":"var(--ast-global-color-5)","background-image":"","background-repeat":"repeat","background-position":"center center","background-size":"auto","background-attachment":"scroll","background-type":"","background-media":"","overlay-type":"","overlay-color":"","overlay-opacity":"","overlay-gradient":""},"tablet":{"background-color":"var(--ast-global-color-5)","background-image":"","background-repeat":"repeat","background-position":"center center","background-size":"auto","background-attachment":"scroll","background-type":"","background-media":"","overlay-type":"","overlay-color":"","overlay-opacity":"","overlay-gradient":""},"mobile":{"background-color":"var(--ast-global-color-5)","background-image":"","background-repeat":"repeat","background-position":"center center","background-size":"auto","background-attachment":"scroll","background-type":"","background-media":"","overlay-type":"","overlay-color":"","overlay-opacity":"","overlay-gradient":""}},"footnotes":""},"categories":[4],"tags":[],"class_list":["post-37497","post","type-post","status-publish","format-standard","has-post-thumbnail","hentry","category-politica"],"yoast_head":"<!-- This site is optimized with the Yoast SEO plugin v24.1 - https:\/\/yoast.com\/wordpress\/plugins\/seo\/ -->\n<title>Senado aprova indica\u00e7\u00e3o de Rodrigo Pacheco para o TCU - Julias Magazine<\/title>\n<meta name=\"robots\" content=\"index, follow, max-snippet:-1, max-image-preview:large, max-video-preview:-1\" \/>\n<link rel=\"canonical\" href=\"https:\/\/juliasmagazine.com.br\/?p=37497\" \/>\n<meta property=\"og:locale\" content=\"pt_BR\" \/>\n<meta property=\"og:type\" content=\"article\" \/>\n<meta property=\"og:title\" content=\"Senado aprova indica\u00e7\u00e3o de Rodrigo Pacheco para o TCU - Julias Magazine\" \/>\n<meta property=\"og:description\" content=\"O plen\u00e1rio do Senado Federal aprovou nesta ter\u00e7a-feira (1\u00ba) a indica\u00e7\u00e3o do senador Rodrigo Pacheco (PSB-MG) para o cargo de ministro do Tribunal de Contas da Uni\u00e3o (TCU).\u00a0 Foram 63 votos a favor e quatro contr\u00e1rios \u00e0 indica\u00e7\u00e3o, que segue agora para an\u00e1lise da C\u00e2mara dos Deputados. Not\u00edcias relacionadas: Bruno Dantas renuncia ao cargo de [&hellip;]\" \/>\n<meta property=\"og:url\" content=\"https:\/\/juliasmagazine.com.br\/?p=37497\" \/>\n<meta property=\"og:site_name\" content=\"Julias Magazine\" \/>\n<meta property=\"article:published_time\" content=\"2026-09-02T01:35:40+00:00\" \/>\n<meta property=\"og:image\" content=\"https:\/\/cdn.jsdelivr.net\/gh\/sergiosdlima\/assets-ebc@1.0.0\/abr\/assets\/images\/logo-agenciabrasil.svg\" \/>\n<meta name=\"author\" content=\"gestormovie\" \/>\n<meta name=\"twitter:card\" content=\"summary_large_image\" \/>\n<meta name=\"twitter:label1\" content=\"Escrito por\" \/>\n\t<meta name=\"twitter:data1\" content=\"gestormovie\" \/>\n\t<meta name=\"twitter:label2\" content=\"Est. tempo de leitura\" \/>\n\t<meta name=\"twitter:data2\" content=\"2 minutos\" \/>\n<script type=\"application\/ld+json\" class=\"yoast-schema-graph\">{\"@context\":\"https:\/\/schema.org\",\"@graph\":[{\"@type\":\"Article\",\"@id\":\"https:\/\/juliasmagazine.com.br\/?p=37497#article\",\"isPartOf\":{\"@id\":\"https:\/\/juliasmagazine.com.br\/?p=37497\"},\"author\":{\"name\":\"gestormovie\",\"@id\":\"https:\/\/juliasmagazine.com.br\/#\/schema\/person\/4644cc0cefba8afbd17931d23420f787\"},\"headline\":\"Senado aprova indica\u00e7\u00e3o de Rodrigo Pacheco para o TCU\",\"datePublished\":\"2026-09-02T01:35:40+00:00\",\"dateModified\":\"2026-09-02T01:35:40+00:00\",\"mainEntityOfPage\":{\"@id\":\"https:\/\/juliasmagazine.com.br\/?p=37497\"},\"wordCount\":401,\"commentCount\":0,\"publisher\":{\"@id\":\"https:\/\/juliasmagazine.com.br\/#organization\"},\"image\":{\"@id\":\"https:\/\/juliasmagazine.com.br\/?p=37497#primaryimage\"},\"thumbnailUrl\":\"https:\/\/juliasmagazine.com.br\/wp-content\/uploads\/2026\/09\/37497-senado-aprova-indicacao-de-rodrigo-pacheco-para-o-tcu.jpg\",\"articleSection\":[\"Pol\u00edtica\"],\"inLanguage\":\"pt-BR\",\"potentialAction\":[{\"@type\":\"CommentAction\",\"name\":\"Comment\",\"target\":[\"https:\/\/juliasmagazine.com.br\/?p=37497#respond\"]}]},{\"@type\":\"WebPage\",\"@id\":\"https:\/\/juliasmagazine.com.br\/?p=37497\",\"url\":\"https:\/\/juliasmagazine.com.br\/?p=37497\",\"name\":\"Senado aprova indica\u00e7\u00e3o de Rodrigo Pacheco para o TCU - Julias Magazine\",\"isPartOf\":{\"@id\":\"https:\/\/juliasmagazine.com.br\/#website\"},\"primaryImageOfPage\":{\"@id\":\"https:\/\/juliasmagazine.com.br\/?p=37497#primaryimage\"},\"image\":{\"@id\":\"https:\/\/juliasmagazine.com.br\/?p=37497#primaryimage\"},\"thumbnailUrl\":\"https:\/\/juliasmagazine.com.br\/wp-content\/uploads\/2026\/09\/37497-senado-aprova-indicacao-de-rodrigo-pacheco-para-o-tcu.jpg\",\"datePublished\":\"2026-09-02T01:35:40+00:00\",\"dateModified\":\"2026-09-02T01:35:40+00:00\",\"breadcrumb\":{\"@id\":\"https:\/\/juliasmagazine.com.br\/?p=37497#breadcrumb\"},\"inLanguage\":\"pt-BR\",\"potentialAction\":[{\"@type\":\"ReadAction\",\"target\":[\"https:\/\/juliasmagazine.com.br\/?p=37497\"]}]},{\"@type\":\"ImageObject\",\"inLanguage\":\"pt-BR\",\"@id\":\"https:\/\/juliasmagazine.com.br\/?p=37497#primaryimage\",\"url\":\"https:\/\/juliasmagazine.com.br\/wp-content\/uploads\/2026\/09\/37497-senado-aprova-indicacao-de-rodrigo-pacheco-para-o-tcu.jpg\",\"contentUrl\":\"https:\/\/juliasmagazine.com.br\/wp-content\/uploads\/2026\/09\/37497-senado-aprova-indicacao-de-rodrigo-pacheco-para-o-tcu.jpg\",\"width\":1600,\"height\":800,\"caption\":\"Senado aprova indica\u00e7\u00e3o de Rodrigo Pacheco para o TCU\"},{\"@type\":\"BreadcrumbList\",\"@id\":\"https:\/\/juliasmagazine.com.br\/?p=37497#breadcrumb\",\"itemListElement\":[{\"@type\":\"ListItem\",\"position\":1,\"name\":\"In\u00edcio\",\"item\":\"https:\/\/juliasmagazine.com.br\/\"},{\"@type\":\"ListItem\",\"position\":2,\"name\":\"Senado aprova indica\u00e7\u00e3o de Rodrigo Pacheco para o TCU\"}]},{\"@type\":\"WebSite\",\"@id\":\"https:\/\/juliasmagazine.com.br\/#website\",\"url\":\"https:\/\/juliasmagazine.com.br\/\",\"name\":\"Julias Magazine\",\"description\":\"A Sua revista eletr\u00f4nica de moda,politica ,viagens ,cultura ,gastronomia e finan\u00e7as. .\",\"publisher\":{\"@id\":\"https:\/\/juliasmagazine.com.br\/#organization\"},\"potentialAction\":[{\"@type\":\"SearchAction\",\"target\":{\"@type\":\"EntryPoint\",\"urlTemplate\":\"https:\/\/juliasmagazine.com.br\/?s={search_term_string}\"},\"query-input\":{\"@type\":\"PropertyValueSpecification\",\"valueRequired\":true,\"valueName\":\"search_term_string\"}}],\"inLanguage\":\"pt-BR\"},{\"@type\":\"Organization\",\"@id\":\"https:\/\/juliasmagazine.com.br\/#organization\",\"name\":\"Julias Magazine\",\"url\":\"https:\/\/juliasmagazine.com.br\/\",\"logo\":{\"@type\":\"ImageObject\",\"inLanguage\":\"pt-BR\",\"@id\":\"https:\/\/juliasmagazine.com.br\/#\/schema\/logo\/image\/\",\"url\":\"https:\/\/oquefazerembalneariocamboriu.com\/wp-content\/uploads\/2023\/02\/o-que-fazer-em-balneario-camboriu.jpg\",\"contentUrl\":\"https:\/\/oquefazerembalneariocamboriu.com\/wp-content\/uploads\/2023\/02\/o-que-fazer-em-balneario-camboriu.jpg\",\"width\":1200,\"height\":675,\"caption\":\"Julias Magazine\"},\"image\":{\"@id\":\"https:\/\/juliasmagazine.com.br\/#\/schema\/logo\/image\/\"}},{\"@type\":\"Person\",\"@id\":\"https:\/\/juliasmagazine.com.br\/#\/schema\/person\/4644cc0cefba8afbd17931d23420f787\",\"name\":\"gestormovie\",\"image\":{\"@type\":\"ImageObject\",\"inLanguage\":\"pt-BR\",\"@id\":\"https:\/\/juliasmagazine.com.br\/#\/schema\/person\/image\/\",\"url\":\"https:\/\/secure.gravatar.com\/avatar\/c07ba4842df2fb5c25da194195cd2cdd8ccc2426824c3276a3f81c597c7a6600?s=96&d=mm&r=g\",\"contentUrl\":\"https:\/\/secure.gravatar.com\/avatar\/c07ba4842df2fb5c25da194195cd2cdd8ccc2426824c3276a3f81c597c7a6600?s=96&d=mm&r=g\",\"caption\":\"gestormovie\"},\"sameAs\":[\"https:\/\/juliasmagazine.com.br\"],\"url\":\"https:\/\/juliasmagazine.com.br\/?author=1\"}]}<\/script>\n<!-- \/ Yoast SEO plugin. -->","yoast_head_json":{"title":"Senado aprova indica\u00e7\u00e3o de Rodrigo Pacheco para o TCU - Julias Magazine","robots":{"index":"index","follow":"follow","max-snippet":"max-snippet:-1","max-image-preview":"max-image-preview:large","max-video-preview":"max-video-preview:-1"},"canonical":"https:\/\/juliasmagazine.com.br\/?p=37497","og_locale":"pt_BR","og_type":"article","og_title":"Senado aprova indica\u00e7\u00e3o de Rodrigo Pacheco para o TCU - Julias Magazine","og_description":"O plen\u00e1rio do Senado Federal aprovou nesta ter\u00e7a-feira (1\u00ba) a indica\u00e7\u00e3o do senador Rodrigo Pacheco (PSB-MG) para o cargo de ministro do Tribunal de Contas da Uni\u00e3o (TCU).\u00a0 Foram 63 votos a favor e quatro contr\u00e1rios \u00e0 indica\u00e7\u00e3o, que segue agora para an\u00e1lise da C\u00e2mara dos Deputados. Not\u00edcias relacionadas: Bruno Dantas renuncia ao cargo de [&hellip;]","og_url":"https:\/\/juliasmagazine.com.br\/?p=37497","og_site_name":"Julias Magazine","article_published_time":"2026-09-02T01:35:40+00:00","og_image":[{"url":"https:\/\/cdn.jsdelivr.net\/gh\/sergiosdlima\/assets-ebc@1.0.0\/abr\/assets\/images\/logo-agenciabrasil.svg","type":"","width":"","height":""}],"author":"gestormovie","twitter_card":"summary_large_image","twitter_misc":{"Escrito por":"gestormovie","Est. tempo de leitura":"2 minutos"},"schema":{"@context":"https:\/\/schema.org","@graph":[{"@type":"Article","@id":"https:\/\/juliasmagazine.com.br\/?p=37497#article","isPartOf":{"@id":"https:\/\/juliasmagazine.com.br\/?p=37497"},"author":{"name":"gestormovie","@id":"https:\/\/juliasmagazine.com.br\/#\/schema\/person\/4644cc0cefba8afbd17931d23420f787"},"headline":"Senado aprova indica\u00e7\u00e3o de Rodrigo Pacheco para o TCU","datePublished":"2026-09-02T01:35:40+00:00","dateModified":"2026-09-02T01:35:40+00:00","mainEntityOfPage":{"@id":"https:\/\/juliasmagazine.com.br\/?p=37497"},"wordCount":401,"commentCount":0,"publisher":{"@id":"https:\/\/juliasmagazine.com.br\/#organization"},"image":{"@id":"https:\/\/juliasmagazine.com.br\/?p=37497#primaryimage"},"thumbnailUrl":"https:\/\/juliasmagazine.com.br\/wp-content\/uploads\/2026\/09\/37497-senado-aprova-indicacao-de-rodrigo-pacheco-para-o-tcu.jpg","articleSection":["Pol\u00edtica"],"inLanguage":"pt-BR","potentialAction":[{"@type":"CommentAction","name":"Comment","target":["https:\/\/juliasmagazine.com.br\/?p=37497#respond"]}]},{"@type":"WebPage","@id":"https:\/\/juliasmagazine.com.br\/?p=37497","url":"https:\/\/juliasmagazine.com.br\/?p=37497","name":"Senado aprova indica\u00e7\u00e3o de Rodrigo Pacheco para o TCU - Julias Magazine","isPartOf":{"@id":"https:\/\/juliasmagazine.com.br\/#website"},"primaryImageOfPage":{"@id":"https:\/\/juliasmagazine.com.br\/?p=37497#primaryimage"},"image":{"@id":"https:\/\/juliasmagazine.com.br\/?p=37497#primaryimage"},"thumbnailUrl":"https:\/\/juliasmagazine.com.br\/wp-content\/uploads\/2026\/09\/37497-senado-aprova-indicacao-de-rodrigo-pacheco-para-o-tcu.jpg","datePublished":"2026-09-02T01:35:40+00:00","dateModified":"2026-09-02T01:35:40+00:00","breadcrumb":{"@id":"https:\/\/juliasmagazine.com.br\/?p=37497#breadcrumb"},"inLanguage":"pt-BR","potentialAction":[{"@type":"ReadAction","target":["https:\/\/juliasmagazine.com.br\/?p=37497"]}]},{"@type":"ImageObject","inLanguage":"pt-BR","@id":"https:\/\/juliasmagazine.com.br\/?p=37497#primaryimage","url":"https:\/\/juliasmagazine.com.br\/wp-content\/uploads\/2026\/09\/37497-senado-aprova-indicacao-de-rodrigo-pacheco-para-o-tcu.jpg","contentUrl":"https:\/\/juliasmagazine.com.br\/wp-content\/uploads\/2026\/09\/37497-senado-aprova-indicacao-de-rodrigo-pacheco-para-o-tcu.jpg","width":1600,"height":800,"caption":"Senado aprova indica\u00e7\u00e3o de Rodrigo Pacheco para o TCU"},{"@type":"BreadcrumbList","@id":"https:\/\/juliasmagazine.com.br\/?p=37497#breadcrumb","itemListElement":[{"@type":"ListItem","position":1,"name":"In\u00edcio","item":"https:\/\/juliasmagazine.com.br\/"},{"@type":"ListItem","position":2,"name":"Senado aprova indica\u00e7\u00e3o de Rodrigo Pacheco para o TCU"}]},{"@type":"WebSite","@id":"https:\/\/juliasmagazine.com.br\/#website","url":"https:\/\/juliasmagazine.com.br\/","name":"Julias Magazine","description":"A Sua revista eletr\u00f4nica de moda,politica ,viagens ,cultura ,gastronomia e finan\u00e7as. .","publisher":{"@id":"https:\/\/juliasmagazine.com.br\/#organization"},"potentialAction":[{"@type":"SearchAction","target":{"@type":"EntryPoint","urlTemplate":"https:\/\/juliasmagazine.com.br\/?s={search_term_string}"},"query-input":{"@type":"PropertyValueSpecification","valueRequired":true,"valueName":"search_term_string"}}],"inLanguage":"pt-BR"},{"@type":"Organization","@id":"https:\/\/juliasmagazine.com.br\/#organization","name":"Julias Magazine","url":"https:\/\/juliasmagazine.com.br\/","logo":{"@type":"ImageObject","inLanguage":"pt-BR","@id":"https:\/\/juliasmagazine.com.br\/#\/schema\/logo\/image\/","url":"https:\/\/oquefazerembalneariocamboriu.com\/wp-content\/uploads\/2023\/02\/o-que-fazer-em-balneario-camboriu.jpg","contentUrl":"https:\/\/oquefazerembalneariocamboriu.com\/wp-content\/uploads\/2023\/02\/o-que-fazer-em-balneario-camboriu.jpg","width":1200,"height":675,"caption":"Julias Magazine"},"image":{"@id":"https:\/\/juliasmagazine.com.br\/#\/schema\/logo\/image\/"}},{"@type":"Person","@id":"https:\/\/juliasmagazine.com.br\/#\/schema\/person\/4644cc0cefba8afbd17931d23420f787","name":"gestormovie","image":{"@type":"ImageObject","inLanguage":"pt-BR","@id":"https:\/\/juliasmagazine.com.br\/#\/schema\/person\/image\/","url":"https:\/\/secure.gravatar.com\/avatar\/c07ba4842df2fb5c25da194195cd2cdd8ccc2426824c3276a3f81c597c7a6600?s=96&d=mm&r=g","contentUrl":"https:\/\/secure.gravatar.com\/avatar\/c07ba4842df2fb5c25da194195cd2cdd8ccc2426824c3276a3f81c597c7a6600?s=96&d=mm&r=g","caption":"gestormovie"},"sameAs":["https:\/\/juliasmagazine.com.br"],"url":"https:\/\/juliasmagazine.com.br\/?author=1"}]}},"_links":{"self":[{"href":"https:\/\/juliasmagazine.com.br\/index.php?rest_route=\/wp\/v2\/posts\/37497","targetHints":{"allow":["GET"]}}],"collection":[{"href":"https:\/\/juliasmagazine.com.br\/index.php?rest_route=\/wp\/v2\/posts"}],"about":[{"href":"https:\/\/juliasmagazine.com.br\/index.php?rest_route=\/wp\/v2\/types\/post"}],"author":[{"embeddable":true,"href":"https:\/\/juliasmagazine.com.br\/index.php?rest_route=\/wp\/v2\/users\/1"}],"replies":[{"embeddable":true,"href":"https:\/\/juliasmagazine.com.br\/index.php?rest_route=%2Fwp%2Fv2%2Fcomments&post=37497"}],"version-history":[{"count":0,"href":"https:\/\/juliasmagazine.com.br\/index.php?rest_route=\/wp\/v2\/posts\/37497\/revisions"}],"wp:featuredmedia":[{"embeddable":true,"href":"https:\/\/juliasmagazine.com.br\/index.php?rest_route=\/wp\/v2\/media\/37498"}],"wp:attachment":[{"href":"https:\/\/juliasmagazine.com.br\/index.php?rest_route=%2Fwp%2Fv2%2Fmedia&parent=37497"}],"wp:term":[{"taxonomy":"category","embeddable":true,"href":"https:\/\/juliasmagazine.com.br\/index.php?rest_route=%2Fwp%2Fv2%2Fcategories&post=37497"},{"taxonomy":"post_tag","embeddable":true,"href":"https:\/\/juliasmagazine.com.br\/index.php?rest_route=%2Fwp%2Fv2%2Ftags&post=37497"}],"curies":[{"name":"wp","href":"https:\/\/api.w.org\/{rel}","templated":true}]}}