{"id":37483,"date":"2026-09-01T20:46:26","date_gmt":"2026-09-01T23:46:26","guid":{"rendered":"https:\/\/juliasmagazine.com.br\/?p=37483"},"modified":"2026-09-01T20:46:26","modified_gmt":"2026-09-01T23:46:26","slug":"festival-caju-de-leitores-comeca-nesta-quarta-com-serie-de-atracoes","status":"publish","type":"post","link":"https:\/\/juliasmagazine.com.br\/?p=37483","title":{"rendered":"Festival Caju de Leitores come\u00e7a nesta quarta com s\u00e9rie de atra\u00e7\u00f5es"},"content":{"rendered":"<p>A quinta edi\u00e7\u00e3o do Caju de Leitores, considerado o <strong>primeiro festival de literatura ind\u00edgena do Brasil<\/strong>, come\u00e7a nesta quarta-feira (2) com uma s\u00e9rie de atra\u00e7\u00f5es, como rodas de conversa, conta\u00e7\u00e3o de hist\u00f3rias, atividades educativas e apresenta\u00e7\u00f5es culturais. O evento acontece na Oca Tururim, na Aldeia Xand\u00f3, em Porto Seguro, na Bahia. O local \u00e9 ponto de preserva\u00e7\u00e3o da cultura Patax\u00f3.<img decoding=\"async\" src=\"https:\/\/agenciabrasil.ebc.com.br\/ebc.png?id=1701289&#038;o=rss\"><img decoding=\"async\" src=\"https:\/\/agenciabrasil.ebc.com.br\/ebc.gif?id=1701289&#038;o=rss\"><\/p>\n<p>Entre os participantes desta edi\u00e7\u00e3o est\u00e3o a ind\u00edgena argentina Mariela Tuli\u00e1n, a primeira latino-americana a participar do festival; a ind\u00edgena Vanessa Guarani Ratton, vencedora do Pr\u00eamio Jabuti 2023 na categoria Fomento \u00e0 Leitura; e a escritora e contadora de hist\u00f3rias Auritha Tabajara, reconhecida como a primeira mulher ind\u00edgena a publicar cord\u00e9is no Brasil.<\/p>\n<p><strong>Sairi Patax\u00f3<\/strong>, escritor e anfitri\u00e3o do Festival Caju de Leitores, fala sobre a origem do evento:<\/p>\n<blockquote>\n<p>\u201cO Caju de Leitores \u00e9 um festival liter\u00e1rio dentro da nossa comunidade ind\u00edgena Patax\u00f3 do Xand\u00f3 que nasceu em 2022 para fomentar a leitura, unir os nossos escritores do Brasil inteiro \u2013 este ano j\u00e1 internacional, com a escritora ind\u00edgena internacional \u2013 e unir as escolas \u00e0 leitura\u201d.<\/p>\n<\/blockquote>\n<p><strong>Nesta edi\u00e7\u00e3o do evento, o tema \u00e9 \u201cUm Manifesto de Bichos\u201d<\/strong>, que busca dar voz e reconhecer os animais como seres que participam das hist\u00f3rias, das mem\u00f3rias e dos conhecimentos compartilhados entre gera\u00e7\u00f5es dos Patax\u00f3s, como explica Sairi Patax\u00f3:<\/p>\n<blockquote>\n<p>\u201c\u00c9 um tema que \u00e9 muito forte na nossa cultura. \u00c9 uma tradi\u00e7\u00e3o milenar. O cachorro, que \u00e9 um amigo muito forte do nosso povo, que, para onde a gente vai, principalmente onde tem mata, a gente leva o cachorro. Assim como as outras ca\u00e7as, que s\u00e3o muito fortes na tradi\u00e7\u00e3o do nosso povo e fazem parte da viv\u00eancia da nossa vida\u201d.<\/p>\n<\/blockquote>\n<p><strong>Alethea Costa<\/strong>, curadora e coordenadora de produ\u00e7\u00e3o do festival, fala sobre a expectativa de p\u00fablico para esta edi\u00e7\u00e3o:<\/p>\n<blockquote>\n<p>\u201cTodos os anos, vem aumentando a participa\u00e7\u00e3o de alunos, das escolas, dos professores, que j\u00e1 se programam durante o ano dentro da carga letiva para estarem presentes aqui, at\u00e9 atividades escolares que j\u00e1 s\u00e3o pensadas tendo o Caju de Leitores como um dos focos. E este ano tamb\u00e9m, o que deixa a gente bastante otimista \u00e9 que n\u00f3s, no in\u00edcio do ano, realizamos uma itiner\u00e2ncia pelas escolas ind\u00edgenas aqui do munic\u00edpio, levamos um pouco do Caju de Leitores para essas escolas.\u201d<\/p>\n<\/blockquote>\n<h3>Maria Coruja<\/h3>\n<p>O evento conta ainda com a presen\u00e7a da anci\u00e3 e lideran\u00e7a Patax\u00f3 Maria Coruja, homenageada da edi\u00e7\u00e3o deste ano. Ela \u00e9 cantora, compositora, artes\u00e3 e guardi\u00e3 da mem\u00f3ria do povo Patax\u00f3. Quando crian\u00e7a, sobreviveu ao epis\u00f3dio conhecido como Fogo 51, a\u00e7\u00e3o violenta contra a popula\u00e7\u00e3o ind\u00edgena Patax\u00f3. Tamb\u00e9m se tornou uma das grandes refer\u00eancias do samba ind\u00edgena.<\/p>\n<p><strong>A programa\u00e7\u00e3o do Caju de Leitores \u00e9 gratuita e acontece at\u00e9 sexta-feira (4).<\/strong><\/p>\n<p>  <span class=\"hms hms-format-m-ss\">3:07<\/span><\/p>\n","protected":false},"excerpt":{"rendered":"<p>A quinta edi\u00e7\u00e3o do Caju de Leitores, considerado o primeiro festival de literatura ind\u00edgena do Brasil, come\u00e7a nesta quarta-feira (2) com uma s\u00e9rie de atra\u00e7\u00f5es, como rodas de conversa, conta\u00e7\u00e3o de hist\u00f3rias, atividades educativas e apresenta\u00e7\u00f5es culturais. O evento acontece na Oca Tururim, na Aldeia Xand\u00f3, em Porto Seguro, na Bahia. O local \u00e9 ponto [&hellip;]<\/p>\n","protected":false},"author":1,"featured_media":37484,"comment_status":"open","ping_status":"open","sticky":false,"template":"","format":"standard","meta":{"site-sidebar-layout":"default","site-content-layout":"","ast-site-content-layout":"","site-content-style":"default","site-sidebar-style":"default","ast-global-header-display":"","ast-banner-title-visibility":"","ast-main-header-display":"","ast-hfb-above-header-display":"","ast-hfb-below-header-display":"","ast-hfb-mobile-header-display":"","site-post-title":"","ast-breadcrumbs-content":"","ast-featured-img":"","footer-sml-layout":"","theme-transparent-header-meta":"","adv-header-id-meta":"","stick-header-meta":"","header-above-stick-meta":"","header-main-stick-meta":"","header-below-stick-meta":"","astra-migrate-meta-layouts":"default","ast-page-background-enabled":"default","ast-page-background-meta":{"desktop":{"background-color":"var(--ast-global-color-4)","background-image":"","background-repeat":"repeat","background-position":"center center","background-size":"auto","background-attachment":"scroll","background-type":"","background-media":"","overlay-type":"","overlay-color":"","overlay-opacity":"","overlay-gradient":""},"tablet":{"background-color":"","background-image":"","background-repeat":"repeat","background-position":"center center","background-size":"auto","background-attachment":"scroll","background-type":"","background-media":"","overlay-type":"","overlay-color":"","overlay-opacity":"","overlay-gradient":""},"mobile":{"background-color":"","background-image":"","background-repeat":"repeat","background-position":"center center","background-size":"auto","background-attachment":"scroll","background-type":"","background-media":"","overlay-type":"","overlay-color":"","overlay-opacity":"","overlay-gradient":""}},"ast-content-background-meta":{"desktop":{"background-color":"var(--ast-global-color-5)","background-image":"","background-repeat":"repeat","background-position":"center center","background-size":"auto","background-attachment":"scroll","background-type":"","background-media":"","overlay-type":"","overlay-color":"","overlay-opacity":"","overlay-gradient":""},"tablet":{"background-color":"var(--ast-global-color-5)","background-image":"","background-repeat":"repeat","background-position":"center center","background-size":"auto","background-attachment":"scroll","background-type":"","background-media":"","overlay-type":"","overlay-color":"","overlay-opacity":"","overlay-gradient":""},"mobile":{"background-color":"var(--ast-global-color-5)","background-image":"","background-repeat":"repeat","background-position":"center center","background-size":"auto","background-attachment":"scroll","background-type":"","background-media":"","overlay-type":"","overlay-color":"","overlay-opacity":"","overlay-gradient":""}},"footnotes":""},"categories":[5],"tags":[],"class_list":["post-37483","post","type-post","status-publish","format-standard","has-post-thumbnail","hentry","category-cultura-e-entretenimento"],"yoast_head":"<!-- This site is optimized with the Yoast SEO plugin v24.1 - https:\/\/yoast.com\/wordpress\/plugins\/seo\/ -->\n<title>Festival Caju de Leitores come\u00e7a nesta quarta com s\u00e9rie de atra\u00e7\u00f5es - Julias Magazine<\/title>\n<meta name=\"robots\" content=\"index, follow, max-snippet:-1, max-image-preview:large, max-video-preview:-1\" \/>\n<link rel=\"canonical\" href=\"https:\/\/juliasmagazine.com.br\/?p=37483\" \/>\n<meta property=\"og:locale\" content=\"pt_BR\" \/>\n<meta property=\"og:type\" content=\"article\" \/>\n<meta property=\"og:title\" content=\"Festival Caju de Leitores come\u00e7a nesta quarta com s\u00e9rie de atra\u00e7\u00f5es - Julias Magazine\" \/>\n<meta property=\"og:description\" content=\"A quinta edi\u00e7\u00e3o do Caju de Leitores, considerado o primeiro festival de literatura ind\u00edgena do Brasil, come\u00e7a nesta quarta-feira (2) com uma s\u00e9rie de atra\u00e7\u00f5es, como rodas de conversa, conta\u00e7\u00e3o de hist\u00f3rias, atividades educativas e apresenta\u00e7\u00f5es culturais. O evento acontece na Oca Tururim, na Aldeia Xand\u00f3, em Porto Seguro, na Bahia. O local \u00e9 ponto [&hellip;]\" \/>\n<meta property=\"og:url\" content=\"https:\/\/juliasmagazine.com.br\/?p=37483\" \/>\n<meta property=\"og:site_name\" content=\"Julias Magazine\" \/>\n<meta property=\"article:published_time\" content=\"2026-09-01T23:46:26+00:00\" \/>\n<meta property=\"og:image\" content=\"https:\/\/agenciabrasil.ebc.com.br\/ebc.png?id=1701289&o=rss\" \/>\n<meta name=\"author\" content=\"gestormovie\" \/>\n<meta name=\"twitter:card\" content=\"summary_large_image\" \/>\n<meta name=\"twitter:label1\" content=\"Escrito por\" \/>\n\t<meta name=\"twitter:data1\" content=\"gestormovie\" \/>\n\t<meta name=\"twitter:label2\" content=\"Est. tempo de leitura\" \/>\n\t<meta name=\"twitter:data2\" content=\"2 minutos\" \/>\n<script type=\"application\/ld+json\" class=\"yoast-schema-graph\">{\"@context\":\"https:\/\/schema.org\",\"@graph\":[{\"@type\":\"Article\",\"@id\":\"https:\/\/juliasmagazine.com.br\/?p=37483#article\",\"isPartOf\":{\"@id\":\"https:\/\/juliasmagazine.com.br\/?p=37483\"},\"author\":{\"name\":\"gestormovie\",\"@id\":\"https:\/\/juliasmagazine.com.br\/#\/schema\/person\/4644cc0cefba8afbd17931d23420f787\"},\"headline\":\"Festival Caju de Leitores come\u00e7a nesta quarta com s\u00e9rie de atra\u00e7\u00f5es\",\"datePublished\":\"2026-09-01T23:46:26+00:00\",\"dateModified\":\"2026-09-01T23:46:26+00:00\",\"mainEntityOfPage\":{\"@id\":\"https:\/\/juliasmagazine.com.br\/?p=37483\"},\"wordCount\":500,\"commentCount\":0,\"publisher\":{\"@id\":\"https:\/\/juliasmagazine.com.br\/#organization\"},\"image\":{\"@id\":\"https:\/\/juliasmagazine.com.br\/?p=37483#primaryimage\"},\"thumbnailUrl\":\"https:\/\/juliasmagazine.com.br\/wp-content\/uploads\/2026\/09\/37483-festival-caju-de-leitores-comeca-nesta-quarta-com-serie-de-atracoes.jpg\",\"articleSection\":[\"Cultura e Entretenimento\"],\"inLanguage\":\"pt-BR\",\"potentialAction\":[{\"@type\":\"CommentAction\",\"name\":\"Comment\",\"target\":[\"https:\/\/juliasmagazine.com.br\/?p=37483#respond\"]}]},{\"@type\":\"WebPage\",\"@id\":\"https:\/\/juliasmagazine.com.br\/?p=37483\",\"url\":\"https:\/\/juliasmagazine.com.br\/?p=37483\",\"name\":\"Festival Caju de Leitores come\u00e7a nesta quarta com s\u00e9rie de atra\u00e7\u00f5es - Julias Magazine\",\"isPartOf\":{\"@id\":\"https:\/\/juliasmagazine.com.br\/#website\"},\"primaryImageOfPage\":{\"@id\":\"https:\/\/juliasmagazine.com.br\/?p=37483#primaryimage\"},\"image\":{\"@id\":\"https:\/\/juliasmagazine.com.br\/?p=37483#primaryimage\"},\"thumbnailUrl\":\"https:\/\/juliasmagazine.com.br\/wp-content\/uploads\/2026\/09\/37483-festival-caju-de-leitores-comeca-nesta-quarta-com-serie-de-atracoes.jpg\",\"datePublished\":\"2026-09-01T23:46:26+00:00\",\"dateModified\":\"2026-09-01T23:46:26+00:00\",\"breadcrumb\":{\"@id\":\"https:\/\/juliasmagazine.com.br\/?p=37483#breadcrumb\"},\"inLanguage\":\"pt-BR\",\"potentialAction\":[{\"@type\":\"ReadAction\",\"target\":[\"https:\/\/juliasmagazine.com.br\/?p=37483\"]}]},{\"@type\":\"ImageObject\",\"inLanguage\":\"pt-BR\",\"@id\":\"https:\/\/juliasmagazine.com.br\/?p=37483#primaryimage\",\"url\":\"https:\/\/juliasmagazine.com.br\/wp-content\/uploads\/2026\/09\/37483-festival-caju-de-leitores-comeca-nesta-quarta-com-serie-de-atracoes.jpg\",\"contentUrl\":\"https:\/\/juliasmagazine.com.br\/wp-content\/uploads\/2026\/09\/37483-festival-caju-de-leitores-comeca-nesta-quarta-com-serie-de-atracoes.jpg\",\"width\":1600,\"height\":800,\"caption\":\"Festival Caju de Leitores come\u00e7a nesta quarta com s\u00e9rie de atra\u00e7\u00f5es\"},{\"@type\":\"BreadcrumbList\",\"@id\":\"https:\/\/juliasmagazine.com.br\/?p=37483#breadcrumb\",\"itemListElement\":[{\"@type\":\"ListItem\",\"position\":1,\"name\":\"In\u00edcio\",\"item\":\"https:\/\/juliasmagazine.com.br\/\"},{\"@type\":\"ListItem\",\"position\":2,\"name\":\"Festival Caju de Leitores come\u00e7a nesta quarta com s\u00e9rie de atra\u00e7\u00f5es\"}]},{\"@type\":\"WebSite\",\"@id\":\"https:\/\/juliasmagazine.com.br\/#website\",\"url\":\"https:\/\/juliasmagazine.com.br\/\",\"name\":\"Julias Magazine\",\"description\":\"A Sua revista eletr\u00f4nica de moda,politica ,viagens ,cultura ,gastronomia e finan\u00e7as. .\",\"publisher\":{\"@id\":\"https:\/\/juliasmagazine.com.br\/#organization\"},\"potentialAction\":[{\"@type\":\"SearchAction\",\"target\":{\"@type\":\"EntryPoint\",\"urlTemplate\":\"https:\/\/juliasmagazine.com.br\/?s={search_term_string}\"},\"query-input\":{\"@type\":\"PropertyValueSpecification\",\"valueRequired\":true,\"valueName\":\"search_term_string\"}}],\"inLanguage\":\"pt-BR\"},{\"@type\":\"Organization\",\"@id\":\"https:\/\/juliasmagazine.com.br\/#organization\",\"name\":\"Julias Magazine\",\"url\":\"https:\/\/juliasmagazine.com.br\/\",\"logo\":{\"@type\":\"ImageObject\",\"inLanguage\":\"pt-BR\",\"@id\":\"https:\/\/juliasmagazine.com.br\/#\/schema\/logo\/image\/\",\"url\":\"https:\/\/oquefazerembalneariocamboriu.com\/wp-content\/uploads\/2023\/02\/o-que-fazer-em-balneario-camboriu.jpg\",\"contentUrl\":\"https:\/\/oquefazerembalneariocamboriu.com\/wp-content\/uploads\/2023\/02\/o-que-fazer-em-balneario-camboriu.jpg\",\"width\":1200,\"height\":675,\"caption\":\"Julias Magazine\"},\"image\":{\"@id\":\"https:\/\/juliasmagazine.com.br\/#\/schema\/logo\/image\/\"}},{\"@type\":\"Person\",\"@id\":\"https:\/\/juliasmagazine.com.br\/#\/schema\/person\/4644cc0cefba8afbd17931d23420f787\",\"name\":\"gestormovie\",\"image\":{\"@type\":\"ImageObject\",\"inLanguage\":\"pt-BR\",\"@id\":\"https:\/\/juliasmagazine.com.br\/#\/schema\/person\/image\/\",\"url\":\"https:\/\/secure.gravatar.com\/avatar\/c07ba4842df2fb5c25da194195cd2cdd8ccc2426824c3276a3f81c597c7a6600?s=96&d=mm&r=g\",\"contentUrl\":\"https:\/\/secure.gravatar.com\/avatar\/c07ba4842df2fb5c25da194195cd2cdd8ccc2426824c3276a3f81c597c7a6600?s=96&d=mm&r=g\",\"caption\":\"gestormovie\"},\"sameAs\":[\"https:\/\/juliasmagazine.com.br\"],\"url\":\"https:\/\/juliasmagazine.com.br\/?author=1\"}]}<\/script>\n<!-- \/ Yoast SEO plugin. -->","yoast_head_json":{"title":"Festival Caju de Leitores come\u00e7a nesta quarta com s\u00e9rie de atra\u00e7\u00f5es - Julias Magazine","robots":{"index":"index","follow":"follow","max-snippet":"max-snippet:-1","max-image-preview":"max-image-preview:large","max-video-preview":"max-video-preview:-1"},"canonical":"https:\/\/juliasmagazine.com.br\/?p=37483","og_locale":"pt_BR","og_type":"article","og_title":"Festival Caju de Leitores come\u00e7a nesta quarta com s\u00e9rie de atra\u00e7\u00f5es - Julias Magazine","og_description":"A quinta edi\u00e7\u00e3o do Caju de Leitores, considerado o primeiro festival de literatura ind\u00edgena do Brasil, come\u00e7a nesta quarta-feira (2) com uma s\u00e9rie de atra\u00e7\u00f5es, como rodas de conversa, conta\u00e7\u00e3o de hist\u00f3rias, atividades educativas e apresenta\u00e7\u00f5es culturais. O evento acontece na Oca Tururim, na Aldeia Xand\u00f3, em Porto Seguro, na Bahia. O local \u00e9 ponto [&hellip;]","og_url":"https:\/\/juliasmagazine.com.br\/?p=37483","og_site_name":"Julias Magazine","article_published_time":"2026-09-01T23:46:26+00:00","og_image":[{"url":"https:\/\/agenciabrasil.ebc.com.br\/ebc.png?id=1701289&o=rss","type":"","width":"","height":""}],"author":"gestormovie","twitter_card":"summary_large_image","twitter_misc":{"Escrito por":"gestormovie","Est. tempo de leitura":"2 minutos"},"schema":{"@context":"https:\/\/schema.org","@graph":[{"@type":"Article","@id":"https:\/\/juliasmagazine.com.br\/?p=37483#article","isPartOf":{"@id":"https:\/\/juliasmagazine.com.br\/?p=37483"},"author":{"name":"gestormovie","@id":"https:\/\/juliasmagazine.com.br\/#\/schema\/person\/4644cc0cefba8afbd17931d23420f787"},"headline":"Festival Caju de Leitores come\u00e7a nesta quarta com s\u00e9rie de atra\u00e7\u00f5es","datePublished":"2026-09-01T23:46:26+00:00","dateModified":"2026-09-01T23:46:26+00:00","mainEntityOfPage":{"@id":"https:\/\/juliasmagazine.com.br\/?p=37483"},"wordCount":500,"commentCount":0,"publisher":{"@id":"https:\/\/juliasmagazine.com.br\/#organization"},"image":{"@id":"https:\/\/juliasmagazine.com.br\/?p=37483#primaryimage"},"thumbnailUrl":"https:\/\/juliasmagazine.com.br\/wp-content\/uploads\/2026\/09\/37483-festival-caju-de-leitores-comeca-nesta-quarta-com-serie-de-atracoes.jpg","articleSection":["Cultura e Entretenimento"],"inLanguage":"pt-BR","potentialAction":[{"@type":"CommentAction","name":"Comment","target":["https:\/\/juliasmagazine.com.br\/?p=37483#respond"]}]},{"@type":"WebPage","@id":"https:\/\/juliasmagazine.com.br\/?p=37483","url":"https:\/\/juliasmagazine.com.br\/?p=37483","name":"Festival Caju de Leitores come\u00e7a nesta quarta com s\u00e9rie de atra\u00e7\u00f5es - Julias Magazine","isPartOf":{"@id":"https:\/\/juliasmagazine.com.br\/#website"},"primaryImageOfPage":{"@id":"https:\/\/juliasmagazine.com.br\/?p=37483#primaryimage"},"image":{"@id":"https:\/\/juliasmagazine.com.br\/?p=37483#primaryimage"},"thumbnailUrl":"https:\/\/juliasmagazine.com.br\/wp-content\/uploads\/2026\/09\/37483-festival-caju-de-leitores-comeca-nesta-quarta-com-serie-de-atracoes.jpg","datePublished":"2026-09-01T23:46:26+00:00","dateModified":"2026-09-01T23:46:26+00:00","breadcrumb":{"@id":"https:\/\/juliasmagazine.com.br\/?p=37483#breadcrumb"},"inLanguage":"pt-BR","potentialAction":[{"@type":"ReadAction","target":["https:\/\/juliasmagazine.com.br\/?p=37483"]}]},{"@type":"ImageObject","inLanguage":"pt-BR","@id":"https:\/\/juliasmagazine.com.br\/?p=37483#primaryimage","url":"https:\/\/juliasmagazine.com.br\/wp-content\/uploads\/2026\/09\/37483-festival-caju-de-leitores-comeca-nesta-quarta-com-serie-de-atracoes.jpg","contentUrl":"https:\/\/juliasmagazine.com.br\/wp-content\/uploads\/2026\/09\/37483-festival-caju-de-leitores-comeca-nesta-quarta-com-serie-de-atracoes.jpg","width":1600,"height":800,"caption":"Festival Caju de Leitores come\u00e7a nesta quarta com s\u00e9rie de atra\u00e7\u00f5es"},{"@type":"BreadcrumbList","@id":"https:\/\/juliasmagazine.com.br\/?p=37483#breadcrumb","itemListElement":[{"@type":"ListItem","position":1,"name":"In\u00edcio","item":"https:\/\/juliasmagazine.com.br\/"},{"@type":"ListItem","position":2,"name":"Festival Caju de Leitores come\u00e7a nesta quarta com s\u00e9rie de atra\u00e7\u00f5es"}]},{"@type":"WebSite","@id":"https:\/\/juliasmagazine.com.br\/#website","url":"https:\/\/juliasmagazine.com.br\/","name":"Julias Magazine","description":"A Sua revista eletr\u00f4nica de moda,politica ,viagens ,cultura ,gastronomia e finan\u00e7as. .","publisher":{"@id":"https:\/\/juliasmagazine.com.br\/#organization"},"potentialAction":[{"@type":"SearchAction","target":{"@type":"EntryPoint","urlTemplate":"https:\/\/juliasmagazine.com.br\/?s={search_term_string}"},"query-input":{"@type":"PropertyValueSpecification","valueRequired":true,"valueName":"search_term_string"}}],"inLanguage":"pt-BR"},{"@type":"Organization","@id":"https:\/\/juliasmagazine.com.br\/#organization","name":"Julias Magazine","url":"https:\/\/juliasmagazine.com.br\/","logo":{"@type":"ImageObject","inLanguage":"pt-BR","@id":"https:\/\/juliasmagazine.com.br\/#\/schema\/logo\/image\/","url":"https:\/\/oquefazerembalneariocamboriu.com\/wp-content\/uploads\/2023\/02\/o-que-fazer-em-balneario-camboriu.jpg","contentUrl":"https:\/\/oquefazerembalneariocamboriu.com\/wp-content\/uploads\/2023\/02\/o-que-fazer-em-balneario-camboriu.jpg","width":1200,"height":675,"caption":"Julias Magazine"},"image":{"@id":"https:\/\/juliasmagazine.com.br\/#\/schema\/logo\/image\/"}},{"@type":"Person","@id":"https:\/\/juliasmagazine.com.br\/#\/schema\/person\/4644cc0cefba8afbd17931d23420f787","name":"gestormovie","image":{"@type":"ImageObject","inLanguage":"pt-BR","@id":"https:\/\/juliasmagazine.com.br\/#\/schema\/person\/image\/","url":"https:\/\/secure.gravatar.com\/avatar\/c07ba4842df2fb5c25da194195cd2cdd8ccc2426824c3276a3f81c597c7a6600?s=96&d=mm&r=g","contentUrl":"https:\/\/secure.gravatar.com\/avatar\/c07ba4842df2fb5c25da194195cd2cdd8ccc2426824c3276a3f81c597c7a6600?s=96&d=mm&r=g","caption":"gestormovie"},"sameAs":["https:\/\/juliasmagazine.com.br"],"url":"https:\/\/juliasmagazine.com.br\/?author=1"}]}},"_links":{"self":[{"href":"https:\/\/juliasmagazine.com.br\/index.php?rest_route=\/wp\/v2\/posts\/37483","targetHints":{"allow":["GET"]}}],"collection":[{"href":"https:\/\/juliasmagazine.com.br\/index.php?rest_route=\/wp\/v2\/posts"}],"about":[{"href":"https:\/\/juliasmagazine.com.br\/index.php?rest_route=\/wp\/v2\/types\/post"}],"author":[{"embeddable":true,"href":"https:\/\/juliasmagazine.com.br\/index.php?rest_route=\/wp\/v2\/users\/1"}],"replies":[{"embeddable":true,"href":"https:\/\/juliasmagazine.com.br\/index.php?rest_route=%2Fwp%2Fv2%2Fcomments&post=37483"}],"version-history":[{"count":0,"href":"https:\/\/juliasmagazine.com.br\/index.php?rest_route=\/wp\/v2\/posts\/37483\/revisions"}],"wp:featuredmedia":[{"embeddable":true,"href":"https:\/\/juliasmagazine.com.br\/index.php?rest_route=\/wp\/v2\/media\/37484"}],"wp:attachment":[{"href":"https:\/\/juliasmagazine.com.br\/index.php?rest_route=%2Fwp%2Fv2%2Fmedia&parent=37483"}],"wp:term":[{"taxonomy":"category","embeddable":true,"href":"https:\/\/juliasmagazine.com.br\/index.php?rest_route=%2Fwp%2Fv2%2Fcategories&post=37483"},{"taxonomy":"post_tag","embeddable":true,"href":"https:\/\/juliasmagazine.com.br\/index.php?rest_route=%2Fwp%2Fv2%2Ftags&post=37483"}],"curies":[{"name":"wp","href":"https:\/\/api.w.org\/{rel}","templated":true}]}}