{"id":37471,"date":"2026-09-01T17:38:21","date_gmt":"2026-09-01T20:38:21","guid":{"rendered":"https:\/\/juliasmagazine.com.br\/?p=37471"},"modified":"2026-09-01T17:38:21","modified_gmt":"2026-09-01T20:38:21","slug":"consulta-para-novo-catalogo-de-cursos-tecnicos-do-mec-termina-amanha","status":"publish","type":"post","link":"https:\/\/juliasmagazine.com.br\/?p=37471","title":{"rendered":"Consulta para novo Cat\u00e1logo de Cursos T\u00e9cnicos do MEC termina amanh\u00e3"},"content":{"rendered":"<\/p>\n<p><a class=\"\" href=\"https:\/\/agenciabrasil.ebc.com.br\/educacao\/noticia\/2026-09\/consulta-para-novo-catalogo-de-cursos-tecnicos-do-mec-termina-amanha\"><br \/>\n                    <img decoding=\"async\" src=\"https:\/\/cdn.jsdelivr.net\/gh\/sergiosdlima\/assets-ebc@1.0.0\/abr\/assets\/images\/logo-agenciabrasil.svg\" alt=\"Logo Ag\u00eancia Brasil\"><br \/>\n\t\t\t\t<\/a><\/p>\n<p>Estudantes, professores, gestores p\u00fablicos, a sociedade civil em geral, al\u00e9m de institui\u00e7\u00f5es de ensino, sindicatos e conselhos profissionais podem contribuir at\u00e9\u00a0as 23h59 desta quarta-feira (2) na elabora\u00e7\u00e3o da vers\u00e3o preliminar da 5\u00aa edi\u00e7\u00e3o do Cat\u00e1logo Nacional de Cursos T\u00e9cnicos (CNCT) do Minist\u00e9rio da Educa\u00e7\u00e3o (MEC).<img decoding=\"async\" src=\"https:\/\/agenciabrasil.ebc.com.br\/ebc.png?id=1701275&#038;o=rss\"><img decoding=\"async\" src=\"https:\/\/agenciabrasil.ebc.com.br\/ebc.gif?id=1701275&#038;o=rss\"><\/p>\n<p>A proposta de consulta p\u00fablica contempla a revis\u00e3o e a atualiza\u00e7\u00e3o de 197 cursos t\u00e9cnicos, distribu\u00eddos em 13 eixos tecnol\u00f3gicos.\u00a0<\/p>\n<\/p>\n<h3>Not\u00edcias relacionadas:<\/h3>\n<ul>\n<li><a href=\"https:\/\/agenciabrasil.ebc.com.br\/educacao\/noticia\/2026-08\/mec-lanca-diretrizes-para-ensino-de-arte-na-educacao-basica\">MEC lan\u00e7a diretrizes para ensino de arte na educa\u00e7\u00e3o b\u00e1sica.<\/a><\/li>\n<li><a href=\"https:\/\/agenciabrasil.ebc.com.br\/educacao\/noticia\/2026-08\/ensino-integral-acelera-aprendizado-de-vulner%C3%A1veis-aponta-estudo\">Ensino integral acelera aprendizado de vulner\u00e1veis, aponta estudo.<\/a><\/li>\n<\/ul>\n<p>Para enviar as sugest\u00f5es, os interessados devem acessar a <a href=\"https:\/\/brasilparticipativo.presidencia.gov.br\/processes\/cnct%C2%A0\" target=\"_blank\">Plataforma Brasil Participativo<\/a>.<\/p>\n<p>Ap\u00f3s o envio da participa\u00e7\u00e3o social, ser\u00e1 automaticamente gerado um n\u00famero de protocolo, que ser\u00e1 encaminhado ao e-mail informado no formul\u00e1rio online.<\/p>\n<h2>Cat\u00e1logo<\/h2>\n<p><strong>O Cat\u00e1logo Nacional de Cursos T\u00e9cnicos (CNCT), vigente desde 2020, \u00e9 refer\u00eancia da educa\u00e7\u00e3o t\u00e9cnica de n\u00edvel m\u00e9dio no pa\u00eds.\u00a0<\/strong><\/p>\n<p>O material orienta institui\u00e7\u00f5es de ensino na organiza\u00e7\u00e3o e oferta de cursos t\u00e9cnicos, itiner\u00e1rios formativos para as redes de ensino.<\/p>\n<p>O material tamb\u00e9m serve para informar os estudantes sobre perfis profissionais e possibilidades de atua\u00e7\u00e3o no mundo do trabalho com o objetivo de ajud\u00e1-los na escolha de suas forma\u00e7\u00f5es e futuras carreiras.<\/p>\n<p>Para o setor produtivo, serve de par\u00e2metro na sele\u00e7\u00e3o de profissionais qualificados.<\/p>\n<p>A atualiza\u00e7\u00e3o do documento busca adequar a forma\u00e7\u00e3o educacional \u00e0s transforma\u00e7\u00f5es tecnol\u00f3gicas, \u00e0s novas demandas do mundo do trabalho e \u00e0s altera\u00e7\u00f5es normativas recentes na legisla\u00e7\u00e3o educacional, como as diretrizes estabelecidas na Lei de Diretrizes e Bases da Educa\u00e7\u00e3o Nacional (LDB) e na Pol\u00edtica Nacional de Educa\u00e7\u00e3o<\/p>\n<p>Profissional e Tecnol\u00f3gica (PNEPT).<\/p>\n","protected":false},"excerpt":{"rendered":"<p>Estudantes, professores, gestores p\u00fablicos, a sociedade civil em geral, al\u00e9m de institui\u00e7\u00f5es de ensino, sindicatos e conselhos profissionais podem contribuir at\u00e9\u00a0as 23h59 desta quarta-feira (2) na elabora\u00e7\u00e3o da vers\u00e3o preliminar da 5\u00aa edi\u00e7\u00e3o do Cat\u00e1logo Nacional de Cursos T\u00e9cnicos (CNCT) do Minist\u00e9rio da Educa\u00e7\u00e3o (MEC). A proposta de consulta p\u00fablica contempla a revis\u00e3o e a [&hellip;]<\/p>\n","protected":false},"author":33,"featured_media":37472,"comment_status":"open","ping_status":"open","sticky":false,"template":"","format":"standard","meta":{"site-sidebar-layout":"default","site-content-layout":"","ast-site-content-layout":"","site-content-style":"default","site-sidebar-style":"default","ast-global-header-display":"","ast-banner-title-visibility":"","ast-main-header-display":"","ast-hfb-above-header-display":"","ast-hfb-below-header-display":"","ast-hfb-mobile-header-display":"","site-post-title":"","ast-breadcrumbs-content":"","ast-featured-img":"","footer-sml-layout":"","theme-transparent-header-meta":"","adv-header-id-meta":"","stick-header-meta":"","header-above-stick-meta":"","header-main-stick-meta":"","header-below-stick-meta":"","astra-migrate-meta-layouts":"default","ast-page-background-enabled":"default","ast-page-background-meta":{"desktop":{"background-color":"var(--ast-global-color-4)","background-image":"","background-repeat":"repeat","background-position":"center center","background-size":"auto","background-attachment":"scroll","background-type":"","background-media":"","overlay-type":"","overlay-color":"","overlay-opacity":"","overlay-gradient":""},"tablet":{"background-color":"","background-image":"","background-repeat":"repeat","background-position":"center center","background-size":"auto","background-attachment":"scroll","background-type":"","background-media":"","overlay-type":"","overlay-color":"","overlay-opacity":"","overlay-gradient":""},"mobile":{"background-color":"","background-image":"","background-repeat":"repeat","background-position":"center center","background-size":"auto","background-attachment":"scroll","background-type":"","background-media":"","overlay-type":"","overlay-color":"","overlay-opacity":"","overlay-gradient":""}},"ast-content-background-meta":{"desktop":{"background-color":"var(--ast-global-color-5)","background-image":"","background-repeat":"repeat","background-position":"center center","background-size":"auto","background-attachment":"scroll","background-type":"","background-media":"","overlay-type":"","overlay-color":"","overlay-opacity":"","overlay-gradient":""},"tablet":{"background-color":"var(--ast-global-color-5)","background-image":"","background-repeat":"repeat","background-position":"center center","background-size":"auto","background-attachment":"scroll","background-type":"","background-media":"","overlay-type":"","overlay-color":"","overlay-opacity":"","overlay-gradient":""},"mobile":{"background-color":"var(--ast-global-color-5)","background-image":"","background-repeat":"repeat","background-position":"center center","background-size":"auto","background-attachment":"scroll","background-type":"","background-media":"","overlay-type":"","overlay-color":"","overlay-opacity":"","overlay-gradient":""}},"footnotes":""},"categories":[18],"tags":[],"class_list":["post-37471","post","type-post","status-publish","format-standard","has-post-thumbnail","hentry","category-educacao-e-carreiras"],"yoast_head":"<!-- This site is optimized with the Yoast SEO plugin v24.1 - https:\/\/yoast.com\/wordpress\/plugins\/seo\/ -->\n<title>Consulta para novo Cat\u00e1logo de Cursos T\u00e9cnicos do MEC termina amanh\u00e3 - Julias Magazine<\/title>\n<meta name=\"robots\" content=\"index, follow, max-snippet:-1, max-image-preview:large, max-video-preview:-1\" \/>\n<link rel=\"canonical\" href=\"https:\/\/juliasmagazine.com.br\/?p=37471\" \/>\n<meta property=\"og:locale\" content=\"pt_BR\" \/>\n<meta property=\"og:type\" content=\"article\" \/>\n<meta property=\"og:title\" content=\"Consulta para novo Cat\u00e1logo de Cursos T\u00e9cnicos do MEC termina amanh\u00e3 - Julias Magazine\" \/>\n<meta property=\"og:description\" content=\"Estudantes, professores, gestores p\u00fablicos, a sociedade civil em geral, al\u00e9m de institui\u00e7\u00f5es de ensino, sindicatos e conselhos profissionais podem contribuir at\u00e9\u00a0as 23h59 desta quarta-feira (2) na elabora\u00e7\u00e3o da vers\u00e3o preliminar da 5\u00aa edi\u00e7\u00e3o do Cat\u00e1logo Nacional de Cursos T\u00e9cnicos (CNCT) do Minist\u00e9rio da Educa\u00e7\u00e3o (MEC). A proposta de consulta p\u00fablica contempla a revis\u00e3o e a [&hellip;]\" \/>\n<meta property=\"og:url\" content=\"https:\/\/juliasmagazine.com.br\/?p=37471\" \/>\n<meta property=\"og:site_name\" content=\"Julias Magazine\" \/>\n<meta property=\"article:published_time\" content=\"2026-09-01T20:38:21+00:00\" \/>\n<meta property=\"og:image\" content=\"https:\/\/cdn.jsdelivr.net\/gh\/sergiosdlima\/assets-ebc@1.0.0\/abr\/assets\/images\/logo-agenciabrasil.svg\" \/>\n<meta name=\"author\" content=\"Daniella Almeida - Reporter da Agencia Brasil\" \/>\n<meta name=\"twitter:card\" content=\"summary_large_image\" \/>\n<meta name=\"twitter:label1\" content=\"Escrito por\" \/>\n\t<meta name=\"twitter:data1\" content=\"Daniella Almeida - Reporter da Agencia Brasil\" \/>\n\t<meta name=\"twitter:label2\" content=\"Est. tempo de leitura\" \/>\n\t<meta name=\"twitter:data2\" content=\"2 minutos\" \/>\n<script type=\"application\/ld+json\" class=\"yoast-schema-graph\">{\"@context\":\"https:\/\/schema.org\",\"@graph\":[{\"@type\":\"Article\",\"@id\":\"https:\/\/juliasmagazine.com.br\/?p=37471#article\",\"isPartOf\":{\"@id\":\"https:\/\/juliasmagazine.com.br\/?p=37471\"},\"author\":{\"name\":\"Daniella Almeida - Reporter da Agencia Brasil\",\"@id\":\"https:\/\/juliasmagazine.com.br\/#\/schema\/person\/33c9ecabf11a83b4aaea1edea936942f\"},\"headline\":\"Consulta para novo Cat\u00e1logo de Cursos T\u00e9cnicos do MEC termina amanh\u00e3\",\"datePublished\":\"2026-09-01T20:38:21+00:00\",\"dateModified\":\"2026-09-01T20:38:21+00:00\",\"mainEntityOfPage\":{\"@id\":\"https:\/\/juliasmagazine.com.br\/?p=37471\"},\"wordCount\":318,\"commentCount\":0,\"publisher\":{\"@id\":\"https:\/\/juliasmagazine.com.br\/#organization\"},\"image\":{\"@id\":\"https:\/\/juliasmagazine.com.br\/?p=37471#primaryimage\"},\"thumbnailUrl\":\"https:\/\/juliasmagazine.com.br\/wp-content\/uploads\/2026\/09\/37471-consulta-para-novo-catalogo-de-cursos-tecnicos-do-mec-termina-amanha.jpg\",\"articleSection\":[\"Educa\u00e7\u00e3o e Carreiras\"],\"inLanguage\":\"pt-BR\",\"potentialAction\":[{\"@type\":\"CommentAction\",\"name\":\"Comment\",\"target\":[\"https:\/\/juliasmagazine.com.br\/?p=37471#respond\"]}]},{\"@type\":\"WebPage\",\"@id\":\"https:\/\/juliasmagazine.com.br\/?p=37471\",\"url\":\"https:\/\/juliasmagazine.com.br\/?p=37471\",\"name\":\"Consulta para novo Cat\u00e1logo de Cursos T\u00e9cnicos do MEC termina amanh\u00e3 - Julias Magazine\",\"isPartOf\":{\"@id\":\"https:\/\/juliasmagazine.com.br\/#website\"},\"primaryImageOfPage\":{\"@id\":\"https:\/\/juliasmagazine.com.br\/?p=37471#primaryimage\"},\"image\":{\"@id\":\"https:\/\/juliasmagazine.com.br\/?p=37471#primaryimage\"},\"thumbnailUrl\":\"https:\/\/juliasmagazine.com.br\/wp-content\/uploads\/2026\/09\/37471-consulta-para-novo-catalogo-de-cursos-tecnicos-do-mec-termina-amanha.jpg\",\"datePublished\":\"2026-09-01T20:38:21+00:00\",\"dateModified\":\"2026-09-01T20:38:21+00:00\",\"breadcrumb\":{\"@id\":\"https:\/\/juliasmagazine.com.br\/?p=37471#breadcrumb\"},\"inLanguage\":\"pt-BR\",\"potentialAction\":[{\"@type\":\"ReadAction\",\"target\":[\"https:\/\/juliasmagazine.com.br\/?p=37471\"]}]},{\"@type\":\"ImageObject\",\"inLanguage\":\"pt-BR\",\"@id\":\"https:\/\/juliasmagazine.com.br\/?p=37471#primaryimage\",\"url\":\"https:\/\/juliasmagazine.com.br\/wp-content\/uploads\/2026\/09\/37471-consulta-para-novo-catalogo-de-cursos-tecnicos-do-mec-termina-amanha.jpg\",\"contentUrl\":\"https:\/\/juliasmagazine.com.br\/wp-content\/uploads\/2026\/09\/37471-consulta-para-novo-catalogo-de-cursos-tecnicos-do-mec-termina-amanha.jpg\",\"width\":1600,\"height\":800,\"caption\":\"Consulta para novo Cat\u00e1logo de Cursos T\u00e9cnicos do MEC termina amanh\u00e3\"},{\"@type\":\"BreadcrumbList\",\"@id\":\"https:\/\/juliasmagazine.com.br\/?p=37471#breadcrumb\",\"itemListElement\":[{\"@type\":\"ListItem\",\"position\":1,\"name\":\"In\u00edcio\",\"item\":\"https:\/\/juliasmagazine.com.br\/\"},{\"@type\":\"ListItem\",\"position\":2,\"name\":\"Consulta para novo Cat\u00e1logo de Cursos T\u00e9cnicos do MEC termina amanh\u00e3\"}]},{\"@type\":\"WebSite\",\"@id\":\"https:\/\/juliasmagazine.com.br\/#website\",\"url\":\"https:\/\/juliasmagazine.com.br\/\",\"name\":\"Julias Magazine\",\"description\":\"A Sua revista eletr\u00f4nica de moda,politica ,viagens ,cultura ,gastronomia e finan\u00e7as. .\",\"publisher\":{\"@id\":\"https:\/\/juliasmagazine.com.br\/#organization\"},\"potentialAction\":[{\"@type\":\"SearchAction\",\"target\":{\"@type\":\"EntryPoint\",\"urlTemplate\":\"https:\/\/juliasmagazine.com.br\/?s={search_term_string}\"},\"query-input\":{\"@type\":\"PropertyValueSpecification\",\"valueRequired\":true,\"valueName\":\"search_term_string\"}}],\"inLanguage\":\"pt-BR\"},{\"@type\":\"Organization\",\"@id\":\"https:\/\/juliasmagazine.com.br\/#organization\",\"name\":\"Julias Magazine\",\"url\":\"https:\/\/juliasmagazine.com.br\/\",\"logo\":{\"@type\":\"ImageObject\",\"inLanguage\":\"pt-BR\",\"@id\":\"https:\/\/juliasmagazine.com.br\/#\/schema\/logo\/image\/\",\"url\":\"https:\/\/oquefazerembalneariocamboriu.com\/wp-content\/uploads\/2023\/02\/o-que-fazer-em-balneario-camboriu.jpg\",\"contentUrl\":\"https:\/\/oquefazerembalneariocamboriu.com\/wp-content\/uploads\/2023\/02\/o-que-fazer-em-balneario-camboriu.jpg\",\"width\":1200,\"height\":675,\"caption\":\"Julias Magazine\"},\"image\":{\"@id\":\"https:\/\/juliasmagazine.com.br\/#\/schema\/logo\/image\/\"}},{\"@type\":\"Person\",\"@id\":\"https:\/\/juliasmagazine.com.br\/#\/schema\/person\/33c9ecabf11a83b4aaea1edea936942f\",\"name\":\"Daniella Almeida - Reporter da Agencia Brasil\",\"image\":{\"@type\":\"ImageObject\",\"inLanguage\":\"pt-BR\",\"@id\":\"https:\/\/juliasmagazine.com.br\/#\/schema\/person\/image\/\",\"url\":\"https:\/\/secure.gravatar.com\/avatar\/fbbe71a6be160d51f00a715f8bfe5ccf3759e4f68eefea99e85828cb5374c941?s=96&d=mm&r=g\",\"contentUrl\":\"https:\/\/secure.gravatar.com\/avatar\/fbbe71a6be160d51f00a715f8bfe5ccf3759e4f68eefea99e85828cb5374c941?s=96&d=mm&r=g\",\"caption\":\"Daniella Almeida - Reporter da Agencia Brasil\"},\"url\":\"https:\/\/juliasmagazine.com.br\/?author=33\"}]}<\/script>\n<!-- \/ Yoast SEO plugin. -->","yoast_head_json":{"title":"Consulta para novo Cat\u00e1logo de Cursos T\u00e9cnicos do MEC termina amanh\u00e3 - Julias Magazine","robots":{"index":"index","follow":"follow","max-snippet":"max-snippet:-1","max-image-preview":"max-image-preview:large","max-video-preview":"max-video-preview:-1"},"canonical":"https:\/\/juliasmagazine.com.br\/?p=37471","og_locale":"pt_BR","og_type":"article","og_title":"Consulta para novo Cat\u00e1logo de Cursos T\u00e9cnicos do MEC termina amanh\u00e3 - Julias Magazine","og_description":"Estudantes, professores, gestores p\u00fablicos, a sociedade civil em geral, al\u00e9m de institui\u00e7\u00f5es de ensino, sindicatos e conselhos profissionais podem contribuir at\u00e9\u00a0as 23h59 desta quarta-feira (2) na elabora\u00e7\u00e3o da vers\u00e3o preliminar da 5\u00aa edi\u00e7\u00e3o do Cat\u00e1logo Nacional de Cursos T\u00e9cnicos (CNCT) do Minist\u00e9rio da Educa\u00e7\u00e3o (MEC). A proposta de consulta p\u00fablica contempla a revis\u00e3o e a [&hellip;]","og_url":"https:\/\/juliasmagazine.com.br\/?p=37471","og_site_name":"Julias Magazine","article_published_time":"2026-09-01T20:38:21+00:00","og_image":[{"url":"https:\/\/cdn.jsdelivr.net\/gh\/sergiosdlima\/assets-ebc@1.0.0\/abr\/assets\/images\/logo-agenciabrasil.svg","type":"","width":"","height":""}],"author":"Daniella Almeida - Reporter da Agencia Brasil","twitter_card":"summary_large_image","twitter_misc":{"Escrito por":"Daniella Almeida - Reporter da Agencia Brasil","Est. tempo de leitura":"2 minutos"},"schema":{"@context":"https:\/\/schema.org","@graph":[{"@type":"Article","@id":"https:\/\/juliasmagazine.com.br\/?p=37471#article","isPartOf":{"@id":"https:\/\/juliasmagazine.com.br\/?p=37471"},"author":{"name":"Daniella Almeida - Reporter da Agencia Brasil","@id":"https:\/\/juliasmagazine.com.br\/#\/schema\/person\/33c9ecabf11a83b4aaea1edea936942f"},"headline":"Consulta para novo Cat\u00e1logo de Cursos T\u00e9cnicos do MEC termina amanh\u00e3","datePublished":"2026-09-01T20:38:21+00:00","dateModified":"2026-09-01T20:38:21+00:00","mainEntityOfPage":{"@id":"https:\/\/juliasmagazine.com.br\/?p=37471"},"wordCount":318,"commentCount":0,"publisher":{"@id":"https:\/\/juliasmagazine.com.br\/#organization"},"image":{"@id":"https:\/\/juliasmagazine.com.br\/?p=37471#primaryimage"},"thumbnailUrl":"https:\/\/juliasmagazine.com.br\/wp-content\/uploads\/2026\/09\/37471-consulta-para-novo-catalogo-de-cursos-tecnicos-do-mec-termina-amanha.jpg","articleSection":["Educa\u00e7\u00e3o e Carreiras"],"inLanguage":"pt-BR","potentialAction":[{"@type":"CommentAction","name":"Comment","target":["https:\/\/juliasmagazine.com.br\/?p=37471#respond"]}]},{"@type":"WebPage","@id":"https:\/\/juliasmagazine.com.br\/?p=37471","url":"https:\/\/juliasmagazine.com.br\/?p=37471","name":"Consulta para novo Cat\u00e1logo de Cursos T\u00e9cnicos do MEC termina amanh\u00e3 - Julias Magazine","isPartOf":{"@id":"https:\/\/juliasmagazine.com.br\/#website"},"primaryImageOfPage":{"@id":"https:\/\/juliasmagazine.com.br\/?p=37471#primaryimage"},"image":{"@id":"https:\/\/juliasmagazine.com.br\/?p=37471#primaryimage"},"thumbnailUrl":"https:\/\/juliasmagazine.com.br\/wp-content\/uploads\/2026\/09\/37471-consulta-para-novo-catalogo-de-cursos-tecnicos-do-mec-termina-amanha.jpg","datePublished":"2026-09-01T20:38:21+00:00","dateModified":"2026-09-01T20:38:21+00:00","breadcrumb":{"@id":"https:\/\/juliasmagazine.com.br\/?p=37471#breadcrumb"},"inLanguage":"pt-BR","potentialAction":[{"@type":"ReadAction","target":["https:\/\/juliasmagazine.com.br\/?p=37471"]}]},{"@type":"ImageObject","inLanguage":"pt-BR","@id":"https:\/\/juliasmagazine.com.br\/?p=37471#primaryimage","url":"https:\/\/juliasmagazine.com.br\/wp-content\/uploads\/2026\/09\/37471-consulta-para-novo-catalogo-de-cursos-tecnicos-do-mec-termina-amanha.jpg","contentUrl":"https:\/\/juliasmagazine.com.br\/wp-content\/uploads\/2026\/09\/37471-consulta-para-novo-catalogo-de-cursos-tecnicos-do-mec-termina-amanha.jpg","width":1600,"height":800,"caption":"Consulta para novo Cat\u00e1logo de Cursos T\u00e9cnicos do MEC termina amanh\u00e3"},{"@type":"BreadcrumbList","@id":"https:\/\/juliasmagazine.com.br\/?p=37471#breadcrumb","itemListElement":[{"@type":"ListItem","position":1,"name":"In\u00edcio","item":"https:\/\/juliasmagazine.com.br\/"},{"@type":"ListItem","position":2,"name":"Consulta para novo Cat\u00e1logo de Cursos T\u00e9cnicos do MEC termina amanh\u00e3"}]},{"@type":"WebSite","@id":"https:\/\/juliasmagazine.com.br\/#website","url":"https:\/\/juliasmagazine.com.br\/","name":"Julias Magazine","description":"A Sua revista eletr\u00f4nica de moda,politica ,viagens ,cultura ,gastronomia e finan\u00e7as. .","publisher":{"@id":"https:\/\/juliasmagazine.com.br\/#organization"},"potentialAction":[{"@type":"SearchAction","target":{"@type":"EntryPoint","urlTemplate":"https:\/\/juliasmagazine.com.br\/?s={search_term_string}"},"query-input":{"@type":"PropertyValueSpecification","valueRequired":true,"valueName":"search_term_string"}}],"inLanguage":"pt-BR"},{"@type":"Organization","@id":"https:\/\/juliasmagazine.com.br\/#organization","name":"Julias Magazine","url":"https:\/\/juliasmagazine.com.br\/","logo":{"@type":"ImageObject","inLanguage":"pt-BR","@id":"https:\/\/juliasmagazine.com.br\/#\/schema\/logo\/image\/","url":"https:\/\/oquefazerembalneariocamboriu.com\/wp-content\/uploads\/2023\/02\/o-que-fazer-em-balneario-camboriu.jpg","contentUrl":"https:\/\/oquefazerembalneariocamboriu.com\/wp-content\/uploads\/2023\/02\/o-que-fazer-em-balneario-camboriu.jpg","width":1200,"height":675,"caption":"Julias Magazine"},"image":{"@id":"https:\/\/juliasmagazine.com.br\/#\/schema\/logo\/image\/"}},{"@type":"Person","@id":"https:\/\/juliasmagazine.com.br\/#\/schema\/person\/33c9ecabf11a83b4aaea1edea936942f","name":"Daniella Almeida - Reporter da Agencia Brasil","image":{"@type":"ImageObject","inLanguage":"pt-BR","@id":"https:\/\/juliasmagazine.com.br\/#\/schema\/person\/image\/","url":"https:\/\/secure.gravatar.com\/avatar\/fbbe71a6be160d51f00a715f8bfe5ccf3759e4f68eefea99e85828cb5374c941?s=96&d=mm&r=g","contentUrl":"https:\/\/secure.gravatar.com\/avatar\/fbbe71a6be160d51f00a715f8bfe5ccf3759e4f68eefea99e85828cb5374c941?s=96&d=mm&r=g","caption":"Daniella Almeida - Reporter da Agencia Brasil"},"url":"https:\/\/juliasmagazine.com.br\/?author=33"}]}},"_links":{"self":[{"href":"https:\/\/juliasmagazine.com.br\/index.php?rest_route=\/wp\/v2\/posts\/37471","targetHints":{"allow":["GET"]}}],"collection":[{"href":"https:\/\/juliasmagazine.com.br\/index.php?rest_route=\/wp\/v2\/posts"}],"about":[{"href":"https:\/\/juliasmagazine.com.br\/index.php?rest_route=\/wp\/v2\/types\/post"}],"author":[{"embeddable":true,"href":"https:\/\/juliasmagazine.com.br\/index.php?rest_route=\/wp\/v2\/users\/33"}],"replies":[{"embeddable":true,"href":"https:\/\/juliasmagazine.com.br\/index.php?rest_route=%2Fwp%2Fv2%2Fcomments&post=37471"}],"version-history":[{"count":0,"href":"https:\/\/juliasmagazine.com.br\/index.php?rest_route=\/wp\/v2\/posts\/37471\/revisions"}],"wp:featuredmedia":[{"embeddable":true,"href":"https:\/\/juliasmagazine.com.br\/index.php?rest_route=\/wp\/v2\/media\/37472"}],"wp:attachment":[{"href":"https:\/\/juliasmagazine.com.br\/index.php?rest_route=%2Fwp%2Fv2%2Fmedia&parent=37471"}],"wp:term":[{"taxonomy":"category","embeddable":true,"href":"https:\/\/juliasmagazine.com.br\/index.php?rest_route=%2Fwp%2Fv2%2Fcategories&post=37471"},{"taxonomy":"post_tag","embeddable":true,"href":"https:\/\/juliasmagazine.com.br\/index.php?rest_route=%2Fwp%2Fv2%2Ftags&post=37471"}],"curies":[{"name":"wp","href":"https:\/\/api.w.org\/{rel}","templated":true}]}}