{"id":31423,"date":"2026-05-27T16:38:09","date_gmt":"2026-05-27T19:38:09","guid":{"rendered":"https:\/\/juliasmagazine.com.br\/?p=31423"},"modified":"2026-05-27T16:38:09","modified_gmt":"2026-05-27T19:38:09","slug":"lula-falta-pouco-para-anuncio-sobre-petroleo-na-margem-equatorial","status":"publish","type":"post","link":"https:\/\/juliasmagazine.com.br\/?p=31423","title":{"rendered":"Lula: falta pouco para an\u00fancio sobre petr\u00f3leo na Margem Equatorial"},"content":{"rendered":"<\/p>\n<p><a class=\"\" href=\"https:\/\/agenciabrasil.ebc.com.br\/politica\/noticia\/2026-05\/lula-falta-pouco-para-anuncio-sobre-petroleo-na-margem-equatorial\"><br \/>\n                    <img decoding=\"async\" src=\"https:\/\/cdn.jsdelivr.net\/gh\/sergiosdlima\/assets-ebc@1.0.0\/abr\/assets\/images\/logo-agenciabrasil.svg\" alt=\"Logo Ag\u00eancia Brasil\"><br \/>\n\t\t\t\t<\/a><\/p>\n<p><strong>O presidente Luiz In\u00e1cio Lula da Silva disse que falta pouco para a Petrobras anunciar se\u00a0na Margem Equatorial\u00a0h\u00e1 a quantidade de petr\u00f3leo ou de g\u00e1s estimadas preliminarmente. <\/strong><img decoding=\"async\" src=\"https:\/\/agenciabrasil.ebc.com.br\/ebc.png?id=1691193&#038;o=rss\"><img decoding=\"async\" src=\"https:\/\/agenciabrasil.ebc.com.br\/ebc.gif?id=1691193&#038;o=rss\"><\/p>\n<p>\u201cTemos, obviamente, muita responsabilidade para extrair petr\u00f3leo l\u00e1, e temos uma vantagem que \u00e9 a expertise da Petrobras, a melhor empresa do mundo para fazer prospec\u00e7\u00e3o em \u00e1guas profundas. Portanto, n\u00f3s estamos tranquilos com rela\u00e7\u00e3o \u00e0 possibilidade\u201d, disse o presidente nesta quarta-feira (27), em entrevista ao <em>Jornal do Amazonas<\/em>, em Manaus.<\/p>\n<\/p>\n<h3>Not\u00edcias relacionadas:<\/h3>\n<ul>\n<li><a href=\"https:\/\/agenciabrasil.ebc.com.br\/politica\/noticia\/2026-05\/lula-celebra-alta-do-idh-e-projeta-avanco-com-transicao-energetica\">Lula celebra alta do IDH e projeta avan\u00e7o com transi\u00e7\u00e3o energ\u00e9tica.<\/a><\/li>\n<li><a href=\"https:\/\/agenciabrasil.ebc.com.br\/politica\/noticia\/2026-05\/oposicao-critica-pec-do-fim-da-escala-6x1-durante-votacao-na-comissao\">Oposi\u00e7\u00e3o critica PEC do fim da escala 6&#215;1 durante vota\u00e7\u00e3o na Comiss\u00e3o.<\/a><\/li>\n<li><a href=\"https:\/\/agenciabrasil.ebc.com.br\/politica\/noticia\/2026-05\/ccj-adia-novamente-analise-de-pec-sobre-reducao-da-maioridade-penal\">CCJ adia novamente an\u00e1lise de PEC sobre redu\u00e7\u00e3o da maioridade penal.<\/a><\/li>\n<\/ul>\n<p>A expectativa do Minist\u00e9rio de Minas e Energia, anunciada em 2025,\u00a0\u00e9 de que a <a href=\"http:\/\/agenciabrasil.ebc.com.br\/meio-ambiente\/noticia\/2025-05\/saiba-como-se-formaram-margem-equatorial-e-o-petroleo-da-regiao\" target=\"_blank\">Margem Equatorial <\/a>se torne um novo pr\u00e9-sal.\u00a0As\u00a0reservas estimadas\u00a0s\u00e3o de pelo menos 30 bilh\u00f5es de barris de petr\u00f3leo, segundo a Petrobras, citando dados da Ag\u00eancia Nacional do Petr\u00f3leo, G\u00e1s Natural e Biocombust\u00edveis (ANP).\u00a0<\/p>\n<p>O presidente acrescentou que a presen\u00e7a de petr\u00f3leo na\u00a0regi\u00e3o seria positiva para o desenvolvimento da Regi\u00e3o Norte como um todo, e n\u00e3o apenas do Amap\u00e1.<\/p>\n<div class=\"dnd-widget-wrapper context-cheio_8colunas type-image\">\n<div class=\"dnd-atom-rendered\"><!-- scald=351024:cheio_8colunas --><br \/>\n            <img decoding=\"async\" src=\"https:\/\/agenciabrasil.ebc.com.br\/sites\/default\/files\/thumbnails\/image\/loading_v2.gif\" data-echo=\"https:\/\/imagens.ebc.com.br\/ZD_Xl-utkT3th8cvtPqLcF3bjP4=\/754x0\/smart\/https:\/\/agenciabrasil.ebc.com.br\/sites\/default\/files\/thumbnails\/image\/margem_equatorial.jpg?itok=g3CEiQTc\" alt=\"Bras\u00edlia (DF) 02\/10\/2023 \u2013 Ibama renova licen\u00e7a da Petrobras para perfura\u00e7\u00e3o na Margem Equatorial.Trata-se da 21\u00aa licen\u00e7a concedida para perfura\u00e7\u00e3o na regi\u00e3o desde 2004\nArte Petrobras\/Divulga\u00e7\u00e3o\" title=\"Arte Petrobras\/Divulga\u00e7\u00e3o\"><br \/>\n        <noscript><img decoding=\"async\" src=\"https:\/\/imagens.ebc.com.br\/ZD_Xl-utkT3th8cvtPqLcF3bjP4=\/754x0\/smart\/https:\/\/agenciabrasil.ebc.com.br\/sites\/default\/files\/thumbnails\/image\/margem_equatorial.jpg?itok=g3CEiQTc\" alt=\"Bras\u00edlia (DF) 02\/10\/2023 \u2013 Ibama renova licen\u00e7a da Petrobras para perfura\u00e7\u00e3o na Margem Equatorial.Trata-se da 21\u00aa licen\u00e7a concedida para perfura\u00e7\u00e3o na regi\u00e3o desde 2004\nArte Petrobras\/Divulga\u00e7\u00e3o\" title=\"Arte Petrobras\/Divulga\u00e7\u00e3o\"><\/noscript><br \/>\n    <!-- END scald=351024 --><\/div>\n<div class=\"dnd-caption-wrapper\">\n<h6 class=\"meta\"><strong>Arte Petrobras\/Divulga\u00e7\u00e3o<\/strong><!--END copyright=351024--><\/h6>\n<\/div>\n<\/div>\n<h2>Outros po\u00e7os<\/h2>\n<p><strong>Lula anunciou tamb\u00e9m na entrevista que a estatal voltar\u00e1 a explorar petr\u00f3leo em outras localidades abandonadas nos \u00faltimos anos<\/strong>\u00a0<strong>e\u00a0que outros po\u00e7os, como o de Urucu,\u00a0no interior da floresta amaz\u00f4nica, podem ser ampliados.<\/strong><\/p>\n<p><strong>De acordo com o presidente, a estatal voltar\u00e1 a perfurar o po\u00e7o de Urucu, uma das principais \u00e1reas petrol\u00edferas terrestres (onshore) do pa\u00eds, localizada na Bacia do Solim\u00f5es.<\/strong><\/p>\n<p>\u201cVamos fazer 18 novos po\u00e7os ali para ver se a gente consegue encontrar mais coisa. Voltaremos a prospectar em lugares que tinham sido abandonados. N\u00e3o vamos perder tempo\u201d, completou.<\/p>\n","protected":false},"excerpt":{"rendered":"<p>O presidente Luiz In\u00e1cio Lula da Silva disse que falta pouco para a Petrobras anunciar se\u00a0na Margem Equatorial\u00a0h\u00e1 a quantidade de petr\u00f3leo ou de g\u00e1s estimadas preliminarmente. \u201cTemos, obviamente, muita responsabilidade para extrair petr\u00f3leo l\u00e1, e temos uma vantagem que \u00e9 a expertise da Petrobras, a melhor empresa do mundo para fazer prospec\u00e7\u00e3o em \u00e1guas [&hellip;]<\/p>\n","protected":false},"author":22,"featured_media":31424,"comment_status":"open","ping_status":"open","sticky":false,"template":"","format":"standard","meta":{"site-sidebar-layout":"default","site-content-layout":"","ast-site-content-layout":"","site-content-style":"default","site-sidebar-style":"default","ast-global-header-display":"","ast-banner-title-visibility":"","ast-main-header-display":"","ast-hfb-above-header-display":"","ast-hfb-below-header-display":"","ast-hfb-mobile-header-display":"","site-post-title":"","ast-breadcrumbs-content":"","ast-featured-img":"","footer-sml-layout":"","theme-transparent-header-meta":"","adv-header-id-meta":"","stick-header-meta":"","header-above-stick-meta":"","header-main-stick-meta":"","header-below-stick-meta":"","astra-migrate-meta-layouts":"default","ast-page-background-enabled":"default","ast-page-background-meta":{"desktop":{"background-color":"var(--ast-global-color-4)","background-image":"","background-repeat":"repeat","background-position":"center center","background-size":"auto","background-attachment":"scroll","background-type":"","background-media":"","overlay-type":"","overlay-color":"","overlay-opacity":"","overlay-gradient":""},"tablet":{"background-color":"","background-image":"","background-repeat":"repeat","background-position":"center center","background-size":"auto","background-attachment":"scroll","background-type":"","background-media":"","overlay-type":"","overlay-color":"","overlay-opacity":"","overlay-gradient":""},"mobile":{"background-color":"","background-image":"","background-repeat":"repeat","background-position":"center center","background-size":"auto","background-attachment":"scroll","background-type":"","background-media":"","overlay-type":"","overlay-color":"","overlay-opacity":"","overlay-gradient":""}},"ast-content-background-meta":{"desktop":{"background-color":"var(--ast-global-color-5)","background-image":"","background-repeat":"repeat","background-position":"center center","background-size":"auto","background-attachment":"scroll","background-type":"","background-media":"","overlay-type":"","overlay-color":"","overlay-opacity":"","overlay-gradient":""},"tablet":{"background-color":"var(--ast-global-color-5)","background-image":"","background-repeat":"repeat","background-position":"center center","background-size":"auto","background-attachment":"scroll","background-type":"","background-media":"","overlay-type":"","overlay-color":"","overlay-opacity":"","overlay-gradient":""},"mobile":{"background-color":"var(--ast-global-color-5)","background-image":"","background-repeat":"repeat","background-position":"center center","background-size":"auto","background-attachment":"scroll","background-type":"","background-media":"","overlay-type":"","overlay-color":"","overlay-opacity":"","overlay-gradient":""}},"footnotes":""},"categories":[4],"tags":[],"class_list":["post-31423","post","type-post","status-publish","format-standard","has-post-thumbnail","hentry","category-politica"],"yoast_head":"<!-- This site is optimized with the Yoast SEO plugin v24.1 - https:\/\/yoast.com\/wordpress\/plugins\/seo\/ -->\n<title>Lula: falta pouco para an\u00fancio sobre petr\u00f3leo na Margem Equatorial - Julias Magazine<\/title>\n<meta name=\"robots\" content=\"index, follow, max-snippet:-1, max-image-preview:large, max-video-preview:-1\" \/>\n<link rel=\"canonical\" href=\"https:\/\/juliasmagazine.com.br\/?p=31423\" \/>\n<meta property=\"og:locale\" content=\"pt_BR\" \/>\n<meta property=\"og:type\" content=\"article\" \/>\n<meta property=\"og:title\" content=\"Lula: falta pouco para an\u00fancio sobre petr\u00f3leo na Margem Equatorial - Julias Magazine\" \/>\n<meta property=\"og:description\" content=\"O presidente Luiz In\u00e1cio Lula da Silva disse que falta pouco para a Petrobras anunciar se\u00a0na Margem Equatorial\u00a0h\u00e1 a quantidade de petr\u00f3leo ou de g\u00e1s estimadas preliminarmente. \u201cTemos, obviamente, muita responsabilidade para extrair petr\u00f3leo l\u00e1, e temos uma vantagem que \u00e9 a expertise da Petrobras, a melhor empresa do mundo para fazer prospec\u00e7\u00e3o em \u00e1guas [&hellip;]\" \/>\n<meta property=\"og:url\" content=\"https:\/\/juliasmagazine.com.br\/?p=31423\" \/>\n<meta property=\"og:site_name\" content=\"Julias Magazine\" \/>\n<meta property=\"article:published_time\" content=\"2026-05-27T19:38:09+00:00\" \/>\n<meta property=\"og:image\" content=\"https:\/\/cdn.jsdelivr.net\/gh\/sergiosdlima\/assets-ebc@1.0.0\/abr\/assets\/images\/logo-agenciabrasil.svg\" \/>\n<meta name=\"author\" content=\"Pedro Peduzzi - Reporter da Agencia Brasil\" \/>\n<meta name=\"twitter:card\" content=\"summary_large_image\" \/>\n<meta name=\"twitter:label1\" content=\"Escrito por\" \/>\n\t<meta name=\"twitter:data1\" content=\"Pedro Peduzzi - Reporter da Agencia Brasil\" \/>\n\t<meta name=\"twitter:label2\" content=\"Est. tempo de leitura\" \/>\n\t<meta name=\"twitter:data2\" content=\"2 minutos\" \/>\n<script type=\"application\/ld+json\" class=\"yoast-schema-graph\">{\"@context\":\"https:\/\/schema.org\",\"@graph\":[{\"@type\":\"Article\",\"@id\":\"https:\/\/juliasmagazine.com.br\/?p=31423#article\",\"isPartOf\":{\"@id\":\"https:\/\/juliasmagazine.com.br\/?p=31423\"},\"author\":{\"name\":\"Pedro Peduzzi - Reporter da Agencia Brasil\",\"@id\":\"https:\/\/juliasmagazine.com.br\/#\/schema\/person\/b20ab9f0389fb21fa27fab3e1d4a97dc\"},\"headline\":\"Lula: falta pouco para an\u00fancio sobre petr\u00f3leo na Margem Equatorial\",\"datePublished\":\"2026-05-27T19:38:09+00:00\",\"dateModified\":\"2026-05-27T19:38:09+00:00\",\"mainEntityOfPage\":{\"@id\":\"https:\/\/juliasmagazine.com.br\/?p=31423\"},\"wordCount\":336,\"commentCount\":0,\"publisher\":{\"@id\":\"https:\/\/juliasmagazine.com.br\/#organization\"},\"image\":{\"@id\":\"https:\/\/juliasmagazine.com.br\/?p=31423#primaryimage\"},\"thumbnailUrl\":\"https:\/\/juliasmagazine.com.br\/wp-content\/uploads\/2026\/05\/31423-lula-falta-pouco-para-anuncio-sobre-petroleo-na-margem-equatorial.jpg\",\"articleSection\":[\"Pol\u00edtica\"],\"inLanguage\":\"pt-BR\",\"potentialAction\":[{\"@type\":\"CommentAction\",\"name\":\"Comment\",\"target\":[\"https:\/\/juliasmagazine.com.br\/?p=31423#respond\"]}]},{\"@type\":\"WebPage\",\"@id\":\"https:\/\/juliasmagazine.com.br\/?p=31423\",\"url\":\"https:\/\/juliasmagazine.com.br\/?p=31423\",\"name\":\"Lula: falta pouco para an\u00fancio sobre petr\u00f3leo na Margem Equatorial - Julias Magazine\",\"isPartOf\":{\"@id\":\"https:\/\/juliasmagazine.com.br\/#website\"},\"primaryImageOfPage\":{\"@id\":\"https:\/\/juliasmagazine.com.br\/?p=31423#primaryimage\"},\"image\":{\"@id\":\"https:\/\/juliasmagazine.com.br\/?p=31423#primaryimage\"},\"thumbnailUrl\":\"https:\/\/juliasmagazine.com.br\/wp-content\/uploads\/2026\/05\/31423-lula-falta-pouco-para-anuncio-sobre-petroleo-na-margem-equatorial.jpg\",\"datePublished\":\"2026-05-27T19:38:09+00:00\",\"dateModified\":\"2026-05-27T19:38:09+00:00\",\"breadcrumb\":{\"@id\":\"https:\/\/juliasmagazine.com.br\/?p=31423#breadcrumb\"},\"inLanguage\":\"pt-BR\",\"potentialAction\":[{\"@type\":\"ReadAction\",\"target\":[\"https:\/\/juliasmagazine.com.br\/?p=31423\"]}]},{\"@type\":\"ImageObject\",\"inLanguage\":\"pt-BR\",\"@id\":\"https:\/\/juliasmagazine.com.br\/?p=31423#primaryimage\",\"url\":\"https:\/\/juliasmagazine.com.br\/wp-content\/uploads\/2026\/05\/31423-lula-falta-pouco-para-anuncio-sobre-petroleo-na-margem-equatorial.jpg\",\"contentUrl\":\"https:\/\/juliasmagazine.com.br\/wp-content\/uploads\/2026\/05\/31423-lula-falta-pouco-para-anuncio-sobre-petroleo-na-margem-equatorial.jpg\",\"width\":1600,\"height\":800,\"caption\":\"Lula: falta pouco para an\u00fancio sobre petr\u00f3leo na Margem Equatorial\"},{\"@type\":\"BreadcrumbList\",\"@id\":\"https:\/\/juliasmagazine.com.br\/?p=31423#breadcrumb\",\"itemListElement\":[{\"@type\":\"ListItem\",\"position\":1,\"name\":\"In\u00edcio\",\"item\":\"https:\/\/juliasmagazine.com.br\/\"},{\"@type\":\"ListItem\",\"position\":2,\"name\":\"Lula: falta pouco para an\u00fancio sobre petr\u00f3leo na Margem Equatorial\"}]},{\"@type\":\"WebSite\",\"@id\":\"https:\/\/juliasmagazine.com.br\/#website\",\"url\":\"https:\/\/juliasmagazine.com.br\/\",\"name\":\"Julias Magazine\",\"description\":\"A Sua revista eletr\u00f4nica de moda,politica ,viagens ,cultura ,gastronomia e finan\u00e7as. .\",\"publisher\":{\"@id\":\"https:\/\/juliasmagazine.com.br\/#organization\"},\"potentialAction\":[{\"@type\":\"SearchAction\",\"target\":{\"@type\":\"EntryPoint\",\"urlTemplate\":\"https:\/\/juliasmagazine.com.br\/?s={search_term_string}\"},\"query-input\":{\"@type\":\"PropertyValueSpecification\",\"valueRequired\":true,\"valueName\":\"search_term_string\"}}],\"inLanguage\":\"pt-BR\"},{\"@type\":\"Organization\",\"@id\":\"https:\/\/juliasmagazine.com.br\/#organization\",\"name\":\"Julias Magazine\",\"url\":\"https:\/\/juliasmagazine.com.br\/\",\"logo\":{\"@type\":\"ImageObject\",\"inLanguage\":\"pt-BR\",\"@id\":\"https:\/\/juliasmagazine.com.br\/#\/schema\/logo\/image\/\",\"url\":\"https:\/\/oquefazerembalneariocamboriu.com\/wp-content\/uploads\/2023\/02\/o-que-fazer-em-balneario-camboriu.jpg\",\"contentUrl\":\"https:\/\/oquefazerembalneariocamboriu.com\/wp-content\/uploads\/2023\/02\/o-que-fazer-em-balneario-camboriu.jpg\",\"width\":1200,\"height\":675,\"caption\":\"Julias Magazine\"},\"image\":{\"@id\":\"https:\/\/juliasmagazine.com.br\/#\/schema\/logo\/image\/\"}},{\"@type\":\"Person\",\"@id\":\"https:\/\/juliasmagazine.com.br\/#\/schema\/person\/b20ab9f0389fb21fa27fab3e1d4a97dc\",\"name\":\"Pedro Peduzzi - Reporter da Agencia Brasil\",\"image\":{\"@type\":\"ImageObject\",\"inLanguage\":\"pt-BR\",\"@id\":\"https:\/\/juliasmagazine.com.br\/#\/schema\/person\/image\/\",\"url\":\"https:\/\/secure.gravatar.com\/avatar\/ae320e540665aa0c86d8c96dcc232cc2c3fe97fc4f82297b8effb8fd0ffe0877?s=96&d=mm&r=g\",\"contentUrl\":\"https:\/\/secure.gravatar.com\/avatar\/ae320e540665aa0c86d8c96dcc232cc2c3fe97fc4f82297b8effb8fd0ffe0877?s=96&d=mm&r=g\",\"caption\":\"Pedro Peduzzi - Reporter da Agencia Brasil\"},\"url\":\"https:\/\/juliasmagazine.com.br\/?author=22\"}]}<\/script>\n<!-- \/ Yoast SEO plugin. -->","yoast_head_json":{"title":"Lula: falta pouco para an\u00fancio sobre petr\u00f3leo na Margem Equatorial - Julias Magazine","robots":{"index":"index","follow":"follow","max-snippet":"max-snippet:-1","max-image-preview":"max-image-preview:large","max-video-preview":"max-video-preview:-1"},"canonical":"https:\/\/juliasmagazine.com.br\/?p=31423","og_locale":"pt_BR","og_type":"article","og_title":"Lula: falta pouco para an\u00fancio sobre petr\u00f3leo na Margem Equatorial - Julias Magazine","og_description":"O presidente Luiz In\u00e1cio Lula da Silva disse que falta pouco para a Petrobras anunciar se\u00a0na Margem Equatorial\u00a0h\u00e1 a quantidade de petr\u00f3leo ou de g\u00e1s estimadas preliminarmente. \u201cTemos, obviamente, muita responsabilidade para extrair petr\u00f3leo l\u00e1, e temos uma vantagem que \u00e9 a expertise da Petrobras, a melhor empresa do mundo para fazer prospec\u00e7\u00e3o em \u00e1guas [&hellip;]","og_url":"https:\/\/juliasmagazine.com.br\/?p=31423","og_site_name":"Julias Magazine","article_published_time":"2026-05-27T19:38:09+00:00","og_image":[{"url":"https:\/\/cdn.jsdelivr.net\/gh\/sergiosdlima\/assets-ebc@1.0.0\/abr\/assets\/images\/logo-agenciabrasil.svg","type":"","width":"","height":""}],"author":"Pedro Peduzzi - Reporter da Agencia Brasil","twitter_card":"summary_large_image","twitter_misc":{"Escrito por":"Pedro Peduzzi - Reporter da Agencia Brasil","Est. tempo de leitura":"2 minutos"},"schema":{"@context":"https:\/\/schema.org","@graph":[{"@type":"Article","@id":"https:\/\/juliasmagazine.com.br\/?p=31423#article","isPartOf":{"@id":"https:\/\/juliasmagazine.com.br\/?p=31423"},"author":{"name":"Pedro Peduzzi - Reporter da Agencia Brasil","@id":"https:\/\/juliasmagazine.com.br\/#\/schema\/person\/b20ab9f0389fb21fa27fab3e1d4a97dc"},"headline":"Lula: falta pouco para an\u00fancio sobre petr\u00f3leo na Margem Equatorial","datePublished":"2026-05-27T19:38:09+00:00","dateModified":"2026-05-27T19:38:09+00:00","mainEntityOfPage":{"@id":"https:\/\/juliasmagazine.com.br\/?p=31423"},"wordCount":336,"commentCount":0,"publisher":{"@id":"https:\/\/juliasmagazine.com.br\/#organization"},"image":{"@id":"https:\/\/juliasmagazine.com.br\/?p=31423#primaryimage"},"thumbnailUrl":"https:\/\/juliasmagazine.com.br\/wp-content\/uploads\/2026\/05\/31423-lula-falta-pouco-para-anuncio-sobre-petroleo-na-margem-equatorial.jpg","articleSection":["Pol\u00edtica"],"inLanguage":"pt-BR","potentialAction":[{"@type":"CommentAction","name":"Comment","target":["https:\/\/juliasmagazine.com.br\/?p=31423#respond"]}]},{"@type":"WebPage","@id":"https:\/\/juliasmagazine.com.br\/?p=31423","url":"https:\/\/juliasmagazine.com.br\/?p=31423","name":"Lula: falta pouco para an\u00fancio sobre petr\u00f3leo na Margem Equatorial - Julias Magazine","isPartOf":{"@id":"https:\/\/juliasmagazine.com.br\/#website"},"primaryImageOfPage":{"@id":"https:\/\/juliasmagazine.com.br\/?p=31423#primaryimage"},"image":{"@id":"https:\/\/juliasmagazine.com.br\/?p=31423#primaryimage"},"thumbnailUrl":"https:\/\/juliasmagazine.com.br\/wp-content\/uploads\/2026\/05\/31423-lula-falta-pouco-para-anuncio-sobre-petroleo-na-margem-equatorial.jpg","datePublished":"2026-05-27T19:38:09+00:00","dateModified":"2026-05-27T19:38:09+00:00","breadcrumb":{"@id":"https:\/\/juliasmagazine.com.br\/?p=31423#breadcrumb"},"inLanguage":"pt-BR","potentialAction":[{"@type":"ReadAction","target":["https:\/\/juliasmagazine.com.br\/?p=31423"]}]},{"@type":"ImageObject","inLanguage":"pt-BR","@id":"https:\/\/juliasmagazine.com.br\/?p=31423#primaryimage","url":"https:\/\/juliasmagazine.com.br\/wp-content\/uploads\/2026\/05\/31423-lula-falta-pouco-para-anuncio-sobre-petroleo-na-margem-equatorial.jpg","contentUrl":"https:\/\/juliasmagazine.com.br\/wp-content\/uploads\/2026\/05\/31423-lula-falta-pouco-para-anuncio-sobre-petroleo-na-margem-equatorial.jpg","width":1600,"height":800,"caption":"Lula: falta pouco para an\u00fancio sobre petr\u00f3leo na Margem Equatorial"},{"@type":"BreadcrumbList","@id":"https:\/\/juliasmagazine.com.br\/?p=31423#breadcrumb","itemListElement":[{"@type":"ListItem","position":1,"name":"In\u00edcio","item":"https:\/\/juliasmagazine.com.br\/"},{"@type":"ListItem","position":2,"name":"Lula: falta pouco para an\u00fancio sobre petr\u00f3leo na Margem Equatorial"}]},{"@type":"WebSite","@id":"https:\/\/juliasmagazine.com.br\/#website","url":"https:\/\/juliasmagazine.com.br\/","name":"Julias Magazine","description":"A Sua revista eletr\u00f4nica de moda,politica ,viagens ,cultura ,gastronomia e finan\u00e7as. .","publisher":{"@id":"https:\/\/juliasmagazine.com.br\/#organization"},"potentialAction":[{"@type":"SearchAction","target":{"@type":"EntryPoint","urlTemplate":"https:\/\/juliasmagazine.com.br\/?s={search_term_string}"},"query-input":{"@type":"PropertyValueSpecification","valueRequired":true,"valueName":"search_term_string"}}],"inLanguage":"pt-BR"},{"@type":"Organization","@id":"https:\/\/juliasmagazine.com.br\/#organization","name":"Julias Magazine","url":"https:\/\/juliasmagazine.com.br\/","logo":{"@type":"ImageObject","inLanguage":"pt-BR","@id":"https:\/\/juliasmagazine.com.br\/#\/schema\/logo\/image\/","url":"https:\/\/oquefazerembalneariocamboriu.com\/wp-content\/uploads\/2023\/02\/o-que-fazer-em-balneario-camboriu.jpg","contentUrl":"https:\/\/oquefazerembalneariocamboriu.com\/wp-content\/uploads\/2023\/02\/o-que-fazer-em-balneario-camboriu.jpg","width":1200,"height":675,"caption":"Julias Magazine"},"image":{"@id":"https:\/\/juliasmagazine.com.br\/#\/schema\/logo\/image\/"}},{"@type":"Person","@id":"https:\/\/juliasmagazine.com.br\/#\/schema\/person\/b20ab9f0389fb21fa27fab3e1d4a97dc","name":"Pedro Peduzzi - Reporter da Agencia Brasil","image":{"@type":"ImageObject","inLanguage":"pt-BR","@id":"https:\/\/juliasmagazine.com.br\/#\/schema\/person\/image\/","url":"https:\/\/secure.gravatar.com\/avatar\/ae320e540665aa0c86d8c96dcc232cc2c3fe97fc4f82297b8effb8fd0ffe0877?s=96&d=mm&r=g","contentUrl":"https:\/\/secure.gravatar.com\/avatar\/ae320e540665aa0c86d8c96dcc232cc2c3fe97fc4f82297b8effb8fd0ffe0877?s=96&d=mm&r=g","caption":"Pedro Peduzzi - Reporter da Agencia Brasil"},"url":"https:\/\/juliasmagazine.com.br\/?author=22"}]}},"_links":{"self":[{"href":"https:\/\/juliasmagazine.com.br\/index.php?rest_route=\/wp\/v2\/posts\/31423","targetHints":{"allow":["GET"]}}],"collection":[{"href":"https:\/\/juliasmagazine.com.br\/index.php?rest_route=\/wp\/v2\/posts"}],"about":[{"href":"https:\/\/juliasmagazine.com.br\/index.php?rest_route=\/wp\/v2\/types\/post"}],"author":[{"embeddable":true,"href":"https:\/\/juliasmagazine.com.br\/index.php?rest_route=\/wp\/v2\/users\/22"}],"replies":[{"embeddable":true,"href":"https:\/\/juliasmagazine.com.br\/index.php?rest_route=%2Fwp%2Fv2%2Fcomments&post=31423"}],"version-history":[{"count":0,"href":"https:\/\/juliasmagazine.com.br\/index.php?rest_route=\/wp\/v2\/posts\/31423\/revisions"}],"wp:featuredmedia":[{"embeddable":true,"href":"https:\/\/juliasmagazine.com.br\/index.php?rest_route=\/wp\/v2\/media\/31424"}],"wp:attachment":[{"href":"https:\/\/juliasmagazine.com.br\/index.php?rest_route=%2Fwp%2Fv2%2Fmedia&parent=31423"}],"wp:term":[{"taxonomy":"category","embeddable":true,"href":"https:\/\/juliasmagazine.com.br\/index.php?rest_route=%2Fwp%2Fv2%2Fcategories&post=31423"},{"taxonomy":"post_tag","embeddable":true,"href":"https:\/\/juliasmagazine.com.br\/index.php?rest_route=%2Fwp%2Fv2%2Ftags&post=31423"}],"curies":[{"name":"wp","href":"https:\/\/api.w.org\/{rel}","templated":true}]}}