{"id":29937,"date":"2026-05-05T21:32:10","date_gmt":"2026-05-06T00:32:10","guid":{"rendered":"https:\/\/juliasmagazine.com.br\/?p=29937"},"modified":"2026-05-05T21:32:10","modified_gmt":"2026-05-06T00:32:10","slug":"fluminense-anuncia-a-contratacao-do-atacante-hulk","status":"publish","type":"post","link":"https:\/\/juliasmagazine.com.br\/?p=29937","title":{"rendered":"Fluminense anuncia a contrata\u00e7\u00e3o do atacante Hulk"},"content":{"rendered":"<\/p>\n<p><a class=\"\" href=\"https:\/\/agenciabrasil.ebc.com.br\/esportes\/noticia\/2026-05\/fluminense-anuncia-contratacao-do-atacante-hulk\"><br \/>\n                    <img decoding=\"async\" src=\"https:\/\/cdn.jsdelivr.net\/gh\/sergiosdlima\/assets-ebc@1.0.0\/abr\/assets\/images\/logo-agenciabrasil.svg\" alt=\"Logo Ag\u00eancia Brasil\"><br \/>\n\t\t\t\t<\/a><\/p>\n<p>O Fluminense anunciou, na noite desta ter\u00e7a-feira (5), a contrata\u00e7\u00e3o do atacante Hulk. O jogador de 39 anos de idade, que estava no Atl\u00e9tico-MG, acertou um contrato com o Tricolor das Laranjeiras v\u00e1lido at\u00e9 o dia 31 de dezembro de 2027.<img decoding=\"async\" src=\"https:\/\/agenciabrasil.ebc.com.br\/ebc.png?id=1688488&#038;o=rss\"><img decoding=\"async\" src=\"https:\/\/agenciabrasil.ebc.com.br\/ebc.gif?id=1688488&#038;o=rss\"><\/p>\n<blockquote class=\"twitter-tweet\">\n<p dir=\"ltr\" lang=\"pt\" xml:lang=\"pt\">Givanildo Vieira de Sousa, o Hulk, do Fluminense.<\/p>\n<p>Vestiu bem, n\u00e9? <a href=\"https:\/\/twitter.com\/hashtag\/NosTemosOHulk?src=hash&#038;ref_src=twsrc%5Etfw\">#NosTemosOHulk<\/a><\/p>\n<p>\ud83d\udcf8: Marina Garcia\/FFC <a href=\"https:\/\/t.co\/nEs1YVShVE\">pic.twitter.com\/nEs1YVShVE<\/a><\/p>\n<p>\u2014 Fluminense F.C. (@FluminenseFC) <a href=\"https:\/\/twitter.com\/FluminenseFC\/status\/2051789051691229612?ref_src=twsrc%5Etfw\">May 5, 2026<\/a><\/p><\/blockquote>\n<p><script async=\"\" src=\"https:\/\/platform.twitter.com\/widgets.js\" charset=\"utf-8\"><\/script><\/p>\n<h3>Not\u00edcias relacionadas:<\/h3>\n<ul>\n<li><a href=\"https:\/\/agenciabrasil.ebc.com.br\/esportes\/noticia\/2026-05\/inter-faz-2-0-no-fluminense-e-se-distancia-do-z4-do-brasileirao\">Inter faz 2 a 0 no Fluminense e se distancia do Z4 do Brasileir\u00e3o.<\/a><\/li>\n<li><a href=\"https:\/\/agenciabrasil.ebc.com.br\/esportes\/noticia\/2026-04\/com-dois-gols-de-pedro-flamengo-vence-fluminense-pelo-brasileirao\">Com dois gols de Pedro, Flamengo vence Fluminense pelo Brasileir\u00e3o.<\/a><\/li>\n<li><a href=\"https:\/\/agenciabrasil.ebc.com.br\/esportes\/noticia\/2026-03\/flamengo-vence-fluminense-nos-penaltis-e-fatura-tricampeonato-carioca\">Flamengo vence Fluminense nos p\u00eanaltis e fatura tricampeonato carioca .<\/a><\/li>\n<\/ul>\n<p>Com passagens pela sele\u00e7\u00e3o brasileira, pela qual disputou a Copa do Mundo de 2014 e conquistou o t\u00edtulo da Copa das Confedera\u00e7\u00f5es de 2013, Hulk usar\u00e1 no Fluminense a camisa de n\u00famero sete.<\/p>\n<p>O jogador se apresentar\u00e1 \u00e0 equipe das Laranjeiras na pr\u00f3xima semana. O primeiro contato do atacante com a torcida tricolor ser\u00e1 no dia 16 de maio, no est\u00e1dio do Maracan\u00e3, antes da partida contra o S\u00e3o Paulo pelo Campeonato Brasileiro. A estreia de Hulk pelo Fluminense s\u00f3 poder\u00e1 acontecer ap\u00f3s a parada da Copa do Mundo de 2026, quando a janela de transfer\u00eancias ser\u00e1 aberta novamente.<\/p>\n","protected":false},"excerpt":{"rendered":"<p>O Fluminense anunciou, na noite desta ter\u00e7a-feira (5), a contrata\u00e7\u00e3o do atacante Hulk. O jogador de 39 anos de idade, que estava no Atl\u00e9tico-MG, acertou um contrato com o Tricolor das Laranjeiras v\u00e1lido at\u00e9 o dia 31 de dezembro de 2027. Givanildo Vieira de Sousa, o Hulk, do Fluminense. Vestiu bem, n\u00e9? #NosTemosOHulk \ud83d\udcf8: Marina [&hellip;]<\/p>\n","protected":false},"author":8,"featured_media":29938,"comment_status":"open","ping_status":"open","sticky":false,"template":"","format":"standard","meta":{"site-sidebar-layout":"default","site-content-layout":"","ast-site-content-layout":"","site-content-style":"default","site-sidebar-style":"default","ast-global-header-display":"","ast-banner-title-visibility":"","ast-main-header-display":"","ast-hfb-above-header-display":"","ast-hfb-below-header-display":"","ast-hfb-mobile-header-display":"","site-post-title":"","ast-breadcrumbs-content":"","ast-featured-img":"","footer-sml-layout":"","theme-transparent-header-meta":"","adv-header-id-meta":"","stick-header-meta":"","header-above-stick-meta":"","header-main-stick-meta":"","header-below-stick-meta":"","astra-migrate-meta-layouts":"default","ast-page-background-enabled":"default","ast-page-background-meta":{"desktop":{"background-color":"var(--ast-global-color-4)","background-image":"","background-repeat":"repeat","background-position":"center center","background-size":"auto","background-attachment":"scroll","background-type":"","background-media":"","overlay-type":"","overlay-color":"","overlay-opacity":"","overlay-gradient":""},"tablet":{"background-color":"","background-image":"","background-repeat":"repeat","background-position":"center center","background-size":"auto","background-attachment":"scroll","background-type":"","background-media":"","overlay-type":"","overlay-color":"","overlay-opacity":"","overlay-gradient":""},"mobile":{"background-color":"","background-image":"","background-repeat":"repeat","background-position":"center center","background-size":"auto","background-attachment":"scroll","background-type":"","background-media":"","overlay-type":"","overlay-color":"","overlay-opacity":"","overlay-gradient":""}},"ast-content-background-meta":{"desktop":{"background-color":"var(--ast-global-color-5)","background-image":"","background-repeat":"repeat","background-position":"center center","background-size":"auto","background-attachment":"scroll","background-type":"","background-media":"","overlay-type":"","overlay-color":"","overlay-opacity":"","overlay-gradient":""},"tablet":{"background-color":"var(--ast-global-color-5)","background-image":"","background-repeat":"repeat","background-position":"center center","background-size":"auto","background-attachment":"scroll","background-type":"","background-media":"","overlay-type":"","overlay-color":"","overlay-opacity":"","overlay-gradient":""},"mobile":{"background-color":"var(--ast-global-color-5)","background-image":"","background-repeat":"repeat","background-position":"center center","background-size":"auto","background-attachment":"scroll","background-type":"","background-media":"","overlay-type":"","overlay-color":"","overlay-opacity":"","overlay-gradient":""}},"footnotes":""},"categories":[40],"tags":[],"class_list":["post-29937","post","type-post","status-publish","format-standard","has-post-thumbnail","hentry","category-esportes"],"yoast_head":"<!-- This site is optimized with the Yoast SEO plugin v24.1 - https:\/\/yoast.com\/wordpress\/plugins\/seo\/ -->\n<title>Fluminense anuncia a contrata\u00e7\u00e3o do atacante Hulk - Julias Magazine<\/title>\n<meta name=\"robots\" content=\"index, follow, max-snippet:-1, max-image-preview:large, max-video-preview:-1\" \/>\n<link rel=\"canonical\" href=\"https:\/\/juliasmagazine.com.br\/?p=29937\" \/>\n<meta property=\"og:locale\" content=\"pt_BR\" \/>\n<meta property=\"og:type\" content=\"article\" \/>\n<meta property=\"og:title\" content=\"Fluminense anuncia a contrata\u00e7\u00e3o do atacante Hulk - Julias Magazine\" \/>\n<meta property=\"og:description\" content=\"O Fluminense anunciou, na noite desta ter\u00e7a-feira (5), a contrata\u00e7\u00e3o do atacante Hulk. O jogador de 39 anos de idade, que estava no Atl\u00e9tico-MG, acertou um contrato com o Tricolor das Laranjeiras v\u00e1lido at\u00e9 o dia 31 de dezembro de 2027. Givanildo Vieira de Sousa, o Hulk, do Fluminense. Vestiu bem, n\u00e9? #NosTemosOHulk \ud83d\udcf8: Marina [&hellip;]\" \/>\n<meta property=\"og:url\" content=\"https:\/\/juliasmagazine.com.br\/?p=29937\" \/>\n<meta property=\"og:site_name\" content=\"Julias Magazine\" \/>\n<meta property=\"article:published_time\" content=\"2026-05-06T00:32:10+00:00\" \/>\n<meta property=\"og:image\" content=\"https:\/\/cdn.jsdelivr.net\/gh\/sergiosdlima\/assets-ebc@1.0.0\/abr\/assets\/images\/logo-agenciabrasil.svg\" \/>\n<meta name=\"author\" content=\"Agencia Brasil\" \/>\n<meta name=\"twitter:card\" content=\"summary_large_image\" \/>\n<meta name=\"twitter:label1\" content=\"Escrito por\" \/>\n\t<meta name=\"twitter:data1\" content=\"Agencia Brasil\" \/>\n\t<meta name=\"twitter:label2\" content=\"Est. tempo de leitura\" \/>\n\t<meta name=\"twitter:data2\" content=\"1 minuto\" \/>\n<script type=\"application\/ld+json\" class=\"yoast-schema-graph\">{\"@context\":\"https:\/\/schema.org\",\"@graph\":[{\"@type\":\"Article\",\"@id\":\"https:\/\/juliasmagazine.com.br\/?p=29937#article\",\"isPartOf\":{\"@id\":\"https:\/\/juliasmagazine.com.br\/?p=29937\"},\"author\":{\"name\":\"Agencia Brasil\",\"@id\":\"https:\/\/juliasmagazine.com.br\/#\/schema\/person\/e762a6f24032ed8dc59d01b78c3a867f\"},\"headline\":\"Fluminense anuncia a contrata\u00e7\u00e3o do atacante Hulk\",\"datePublished\":\"2026-05-06T00:32:10+00:00\",\"dateModified\":\"2026-05-06T00:32:10+00:00\",\"mainEntityOfPage\":{\"@id\":\"https:\/\/juliasmagazine.com.br\/?p=29937\"},\"wordCount\":214,\"commentCount\":0,\"publisher\":{\"@id\":\"https:\/\/juliasmagazine.com.br\/#organization\"},\"image\":{\"@id\":\"https:\/\/juliasmagazine.com.br\/?p=29937#primaryimage\"},\"thumbnailUrl\":\"https:\/\/juliasmagazine.com.br\/wp-content\/uploads\/2026\/05\/29937-fluminense-anuncia-a-contratacao-do-atacante-hulk.jpeg\",\"articleSection\":[\"Esportes\"],\"inLanguage\":\"pt-BR\",\"potentialAction\":[{\"@type\":\"CommentAction\",\"name\":\"Comment\",\"target\":[\"https:\/\/juliasmagazine.com.br\/?p=29937#respond\"]}]},{\"@type\":\"WebPage\",\"@id\":\"https:\/\/juliasmagazine.com.br\/?p=29937\",\"url\":\"https:\/\/juliasmagazine.com.br\/?p=29937\",\"name\":\"Fluminense anuncia a contrata\u00e7\u00e3o do atacante Hulk - Julias Magazine\",\"isPartOf\":{\"@id\":\"https:\/\/juliasmagazine.com.br\/#website\"},\"primaryImageOfPage\":{\"@id\":\"https:\/\/juliasmagazine.com.br\/?p=29937#primaryimage\"},\"image\":{\"@id\":\"https:\/\/juliasmagazine.com.br\/?p=29937#primaryimage\"},\"thumbnailUrl\":\"https:\/\/juliasmagazine.com.br\/wp-content\/uploads\/2026\/05\/29937-fluminense-anuncia-a-contratacao-do-atacante-hulk.jpeg\",\"datePublished\":\"2026-05-06T00:32:10+00:00\",\"dateModified\":\"2026-05-06T00:32:10+00:00\",\"breadcrumb\":{\"@id\":\"https:\/\/juliasmagazine.com.br\/?p=29937#breadcrumb\"},\"inLanguage\":\"pt-BR\",\"potentialAction\":[{\"@type\":\"ReadAction\",\"target\":[\"https:\/\/juliasmagazine.com.br\/?p=29937\"]}]},{\"@type\":\"ImageObject\",\"inLanguage\":\"pt-BR\",\"@id\":\"https:\/\/juliasmagazine.com.br\/?p=29937#primaryimage\",\"url\":\"https:\/\/juliasmagazine.com.br\/wp-content\/uploads\/2026\/05\/29937-fluminense-anuncia-a-contratacao-do-atacante-hulk.jpeg\",\"contentUrl\":\"https:\/\/juliasmagazine.com.br\/wp-content\/uploads\/2026\/05\/29937-fluminense-anuncia-a-contratacao-do-atacante-hulk.jpeg\",\"width\":1600,\"height\":800,\"caption\":\"Fluminense anuncia a contrata\u00e7\u00e3o do atacante Hulk\"},{\"@type\":\"BreadcrumbList\",\"@id\":\"https:\/\/juliasmagazine.com.br\/?p=29937#breadcrumb\",\"itemListElement\":[{\"@type\":\"ListItem\",\"position\":1,\"name\":\"In\u00edcio\",\"item\":\"https:\/\/juliasmagazine.com.br\/\"},{\"@type\":\"ListItem\",\"position\":2,\"name\":\"Fluminense anuncia a contrata\u00e7\u00e3o do atacante Hulk\"}]},{\"@type\":\"WebSite\",\"@id\":\"https:\/\/juliasmagazine.com.br\/#website\",\"url\":\"https:\/\/juliasmagazine.com.br\/\",\"name\":\"Julias Magazine\",\"description\":\"A Sua revista eletr\u00f4nica de moda,politica ,viagens ,cultura ,gastronomia e finan\u00e7as. .\",\"publisher\":{\"@id\":\"https:\/\/juliasmagazine.com.br\/#organization\"},\"potentialAction\":[{\"@type\":\"SearchAction\",\"target\":{\"@type\":\"EntryPoint\",\"urlTemplate\":\"https:\/\/juliasmagazine.com.br\/?s={search_term_string}\"},\"query-input\":{\"@type\":\"PropertyValueSpecification\",\"valueRequired\":true,\"valueName\":\"search_term_string\"}}],\"inLanguage\":\"pt-BR\"},{\"@type\":\"Organization\",\"@id\":\"https:\/\/juliasmagazine.com.br\/#organization\",\"name\":\"Julias Magazine\",\"url\":\"https:\/\/juliasmagazine.com.br\/\",\"logo\":{\"@type\":\"ImageObject\",\"inLanguage\":\"pt-BR\",\"@id\":\"https:\/\/juliasmagazine.com.br\/#\/schema\/logo\/image\/\",\"url\":\"https:\/\/oquefazerembalneariocamboriu.com\/wp-content\/uploads\/2023\/02\/o-que-fazer-em-balneario-camboriu.jpg\",\"contentUrl\":\"https:\/\/oquefazerembalneariocamboriu.com\/wp-content\/uploads\/2023\/02\/o-que-fazer-em-balneario-camboriu.jpg\",\"width\":1200,\"height\":675,\"caption\":\"Julias Magazine\"},\"image\":{\"@id\":\"https:\/\/juliasmagazine.com.br\/#\/schema\/logo\/image\/\"}},{\"@type\":\"Person\",\"@id\":\"https:\/\/juliasmagazine.com.br\/#\/schema\/person\/e762a6f24032ed8dc59d01b78c3a867f\",\"name\":\"Agencia Brasil\",\"image\":{\"@type\":\"ImageObject\",\"inLanguage\":\"pt-BR\",\"@id\":\"https:\/\/juliasmagazine.com.br\/#\/schema\/person\/image\/\",\"url\":\"https:\/\/secure.gravatar.com\/avatar\/3f35c4476dbfcdff89d7409bdd670da5a4678fa13d5b52b9575ec1639a35ab6e?s=96&d=mm&r=g\",\"contentUrl\":\"https:\/\/secure.gravatar.com\/avatar\/3f35c4476dbfcdff89d7409bdd670da5a4678fa13d5b52b9575ec1639a35ab6e?s=96&d=mm&r=g\",\"caption\":\"Agencia Brasil\"},\"url\":\"https:\/\/juliasmagazine.com.br\/?author=8\"}]}<\/script>\n<!-- \/ Yoast SEO plugin. -->","yoast_head_json":{"title":"Fluminense anuncia a contrata\u00e7\u00e3o do atacante Hulk - Julias Magazine","robots":{"index":"index","follow":"follow","max-snippet":"max-snippet:-1","max-image-preview":"max-image-preview:large","max-video-preview":"max-video-preview:-1"},"canonical":"https:\/\/juliasmagazine.com.br\/?p=29937","og_locale":"pt_BR","og_type":"article","og_title":"Fluminense anuncia a contrata\u00e7\u00e3o do atacante Hulk - Julias Magazine","og_description":"O Fluminense anunciou, na noite desta ter\u00e7a-feira (5), a contrata\u00e7\u00e3o do atacante Hulk. O jogador de 39 anos de idade, que estava no Atl\u00e9tico-MG, acertou um contrato com o Tricolor das Laranjeiras v\u00e1lido at\u00e9 o dia 31 de dezembro de 2027. Givanildo Vieira de Sousa, o Hulk, do Fluminense. Vestiu bem, n\u00e9? #NosTemosOHulk \ud83d\udcf8: Marina [&hellip;]","og_url":"https:\/\/juliasmagazine.com.br\/?p=29937","og_site_name":"Julias Magazine","article_published_time":"2026-05-06T00:32:10+00:00","og_image":[{"url":"https:\/\/cdn.jsdelivr.net\/gh\/sergiosdlima\/assets-ebc@1.0.0\/abr\/assets\/images\/logo-agenciabrasil.svg","type":"","width":"","height":""}],"author":"Agencia Brasil","twitter_card":"summary_large_image","twitter_misc":{"Escrito por":"Agencia Brasil","Est. tempo de leitura":"1 minuto"},"schema":{"@context":"https:\/\/schema.org","@graph":[{"@type":"Article","@id":"https:\/\/juliasmagazine.com.br\/?p=29937#article","isPartOf":{"@id":"https:\/\/juliasmagazine.com.br\/?p=29937"},"author":{"name":"Agencia Brasil","@id":"https:\/\/juliasmagazine.com.br\/#\/schema\/person\/e762a6f24032ed8dc59d01b78c3a867f"},"headline":"Fluminense anuncia a contrata\u00e7\u00e3o do atacante Hulk","datePublished":"2026-05-06T00:32:10+00:00","dateModified":"2026-05-06T00:32:10+00:00","mainEntityOfPage":{"@id":"https:\/\/juliasmagazine.com.br\/?p=29937"},"wordCount":214,"commentCount":0,"publisher":{"@id":"https:\/\/juliasmagazine.com.br\/#organization"},"image":{"@id":"https:\/\/juliasmagazine.com.br\/?p=29937#primaryimage"},"thumbnailUrl":"https:\/\/juliasmagazine.com.br\/wp-content\/uploads\/2026\/05\/29937-fluminense-anuncia-a-contratacao-do-atacante-hulk.jpeg","articleSection":["Esportes"],"inLanguage":"pt-BR","potentialAction":[{"@type":"CommentAction","name":"Comment","target":["https:\/\/juliasmagazine.com.br\/?p=29937#respond"]}]},{"@type":"WebPage","@id":"https:\/\/juliasmagazine.com.br\/?p=29937","url":"https:\/\/juliasmagazine.com.br\/?p=29937","name":"Fluminense anuncia a contrata\u00e7\u00e3o do atacante Hulk - Julias Magazine","isPartOf":{"@id":"https:\/\/juliasmagazine.com.br\/#website"},"primaryImageOfPage":{"@id":"https:\/\/juliasmagazine.com.br\/?p=29937#primaryimage"},"image":{"@id":"https:\/\/juliasmagazine.com.br\/?p=29937#primaryimage"},"thumbnailUrl":"https:\/\/juliasmagazine.com.br\/wp-content\/uploads\/2026\/05\/29937-fluminense-anuncia-a-contratacao-do-atacante-hulk.jpeg","datePublished":"2026-05-06T00:32:10+00:00","dateModified":"2026-05-06T00:32:10+00:00","breadcrumb":{"@id":"https:\/\/juliasmagazine.com.br\/?p=29937#breadcrumb"},"inLanguage":"pt-BR","potentialAction":[{"@type":"ReadAction","target":["https:\/\/juliasmagazine.com.br\/?p=29937"]}]},{"@type":"ImageObject","inLanguage":"pt-BR","@id":"https:\/\/juliasmagazine.com.br\/?p=29937#primaryimage","url":"https:\/\/juliasmagazine.com.br\/wp-content\/uploads\/2026\/05\/29937-fluminense-anuncia-a-contratacao-do-atacante-hulk.jpeg","contentUrl":"https:\/\/juliasmagazine.com.br\/wp-content\/uploads\/2026\/05\/29937-fluminense-anuncia-a-contratacao-do-atacante-hulk.jpeg","width":1600,"height":800,"caption":"Fluminense anuncia a contrata\u00e7\u00e3o do atacante Hulk"},{"@type":"BreadcrumbList","@id":"https:\/\/juliasmagazine.com.br\/?p=29937#breadcrumb","itemListElement":[{"@type":"ListItem","position":1,"name":"In\u00edcio","item":"https:\/\/juliasmagazine.com.br\/"},{"@type":"ListItem","position":2,"name":"Fluminense anuncia a contrata\u00e7\u00e3o do atacante Hulk"}]},{"@type":"WebSite","@id":"https:\/\/juliasmagazine.com.br\/#website","url":"https:\/\/juliasmagazine.com.br\/","name":"Julias Magazine","description":"A Sua revista eletr\u00f4nica de moda,politica ,viagens ,cultura ,gastronomia e finan\u00e7as. .","publisher":{"@id":"https:\/\/juliasmagazine.com.br\/#organization"},"potentialAction":[{"@type":"SearchAction","target":{"@type":"EntryPoint","urlTemplate":"https:\/\/juliasmagazine.com.br\/?s={search_term_string}"},"query-input":{"@type":"PropertyValueSpecification","valueRequired":true,"valueName":"search_term_string"}}],"inLanguage":"pt-BR"},{"@type":"Organization","@id":"https:\/\/juliasmagazine.com.br\/#organization","name":"Julias Magazine","url":"https:\/\/juliasmagazine.com.br\/","logo":{"@type":"ImageObject","inLanguage":"pt-BR","@id":"https:\/\/juliasmagazine.com.br\/#\/schema\/logo\/image\/","url":"https:\/\/oquefazerembalneariocamboriu.com\/wp-content\/uploads\/2023\/02\/o-que-fazer-em-balneario-camboriu.jpg","contentUrl":"https:\/\/oquefazerembalneariocamboriu.com\/wp-content\/uploads\/2023\/02\/o-que-fazer-em-balneario-camboriu.jpg","width":1200,"height":675,"caption":"Julias Magazine"},"image":{"@id":"https:\/\/juliasmagazine.com.br\/#\/schema\/logo\/image\/"}},{"@type":"Person","@id":"https:\/\/juliasmagazine.com.br\/#\/schema\/person\/e762a6f24032ed8dc59d01b78c3a867f","name":"Agencia Brasil","image":{"@type":"ImageObject","inLanguage":"pt-BR","@id":"https:\/\/juliasmagazine.com.br\/#\/schema\/person\/image\/","url":"https:\/\/secure.gravatar.com\/avatar\/3f35c4476dbfcdff89d7409bdd670da5a4678fa13d5b52b9575ec1639a35ab6e?s=96&d=mm&r=g","contentUrl":"https:\/\/secure.gravatar.com\/avatar\/3f35c4476dbfcdff89d7409bdd670da5a4678fa13d5b52b9575ec1639a35ab6e?s=96&d=mm&r=g","caption":"Agencia Brasil"},"url":"https:\/\/juliasmagazine.com.br\/?author=8"}]}},"_links":{"self":[{"href":"https:\/\/juliasmagazine.com.br\/index.php?rest_route=\/wp\/v2\/posts\/29937","targetHints":{"allow":["GET"]}}],"collection":[{"href":"https:\/\/juliasmagazine.com.br\/index.php?rest_route=\/wp\/v2\/posts"}],"about":[{"href":"https:\/\/juliasmagazine.com.br\/index.php?rest_route=\/wp\/v2\/types\/post"}],"author":[{"embeddable":true,"href":"https:\/\/juliasmagazine.com.br\/index.php?rest_route=\/wp\/v2\/users\/8"}],"replies":[{"embeddable":true,"href":"https:\/\/juliasmagazine.com.br\/index.php?rest_route=%2Fwp%2Fv2%2Fcomments&post=29937"}],"version-history":[{"count":0,"href":"https:\/\/juliasmagazine.com.br\/index.php?rest_route=\/wp\/v2\/posts\/29937\/revisions"}],"wp:featuredmedia":[{"embeddable":true,"href":"https:\/\/juliasmagazine.com.br\/index.php?rest_route=\/wp\/v2\/media\/29938"}],"wp:attachment":[{"href":"https:\/\/juliasmagazine.com.br\/index.php?rest_route=%2Fwp%2Fv2%2Fmedia&parent=29937"}],"wp:term":[{"taxonomy":"category","embeddable":true,"href":"https:\/\/juliasmagazine.com.br\/index.php?rest_route=%2Fwp%2Fv2%2Fcategories&post=29937"},{"taxonomy":"post_tag","embeddable":true,"href":"https:\/\/juliasmagazine.com.br\/index.php?rest_route=%2Fwp%2Fv2%2Ftags&post=29937"}],"curies":[{"name":"wp","href":"https:\/\/api.w.org\/{rel}","templated":true}]}}