{"id":25389,"date":"2026-01-09T11:43:00","date_gmt":"2026-01-09T14:43:00","guid":{"rendered":"https:\/\/juliasmagazine.com.br\/?p=25389"},"modified":"2026-01-09T11:43:02","modified_gmt":"2026-01-09T14:43:02","slug":"o-empresario-e-presidente-do-instituto-cabanos-de-cinema-e-cultura-celebra-o-lancamento-do-filme-licenca-para-enlouquecer","status":"publish","type":"post","link":"https:\/\/juliasmagazine.com.br\/?p=25389","title":{"rendered":"O empres\u00e1rio e Presidente do instituto Cabanos de Cinema e Cultura Celebra o lan\u00e7amento do Filme &#8220;LICEN\u00c7A PARA ENLOUQUECER &#8220;"},"content":{"rendered":"<p class=\"has-ast-global-color-2-color has-text-color has-link-color wp-elements-1 wp-block-paragraph\"><\/p><figure class=\"wp-block-image size-large\"><img decoding=\"async\" src=\"https:\/\/juliasmagazine.com.br\/wp-content\/uploads\/2026\/01\/IMG-20260109-WA0013-1-819x1024.jpg\" alt=\"\" class=\"wp-image-25393\"\/><figcaption class=\"wp-element-caption\">Lan\u00e7amento nas plataformas de streaming <\/figcaption><\/figure><p class=\"wp-block-paragraph\"><\/p>","protected":false},"excerpt":{"rendered":"","protected":false},"author":1,"featured_media":25392,"comment_status":"open","ping_status":"closed","sticky":false,"template":"","format":"standard","meta":{"site-sidebar-layout":"default","site-content-layout":"","ast-site-content-layout":"default","site-content-style":"default","site-sidebar-style":"default","ast-global-header-display":"","ast-banner-title-visibility":"","ast-main-header-display":"","ast-hfb-above-header-display":"","ast-hfb-below-header-display":"","ast-hfb-mobile-header-display":"","site-post-title":"","ast-breadcrumbs-content":"","ast-featured-img":"","footer-sml-layout":"","theme-transparent-header-meta":"","adv-header-id-meta":"","stick-header-meta":"","header-above-stick-meta":"","header-main-stick-meta":"","header-below-stick-meta":"","astra-migrate-meta-layouts":"set","ast-page-background-enabled":"default","ast-page-background-meta":{"desktop":{"background-color":"var(--ast-global-color-4)","background-image":"","background-repeat":"repeat","background-position":"center center","background-size":"auto","background-attachment":"scroll","background-type":"","background-media":"","overlay-type":"","overlay-color":"","overlay-opacity":"","overlay-gradient":""},"tablet":{"background-color":"","background-image":"","background-repeat":"repeat","background-position":"center center","background-size":"auto","background-attachment":"scroll","background-type":"","background-media":"","overlay-type":"","overlay-color":"","overlay-opacity":"","overlay-gradient":""},"mobile":{"background-color":"","background-image":"","background-repeat":"repeat","background-position":"center center","background-size":"auto","background-attachment":"scroll","background-type":"","background-media":"","overlay-type":"","overlay-color":"","overlay-opacity":"","overlay-gradient":""}},"ast-content-background-meta":{"desktop":{"background-color":"var(--ast-global-color-5)","background-image":"","background-repeat":"repeat","background-position":"center center","background-size":"auto","background-attachment":"scroll","background-type":"","background-media":"","overlay-type":"","overlay-color":"","overlay-opacity":"","overlay-gradient":""},"tablet":{"background-color":"var(--ast-global-color-5)","background-image":"","background-repeat":"repeat","background-position":"center center","background-size":"auto","background-attachment":"scroll","background-type":"","background-media":"","overlay-type":"","overlay-color":"","overlay-opacity":"","overlay-gradient":""},"mobile":{"background-color":"var(--ast-global-color-5)","background-image":"","background-repeat":"repeat","background-position":"center center","background-size":"auto","background-attachment":"scroll","background-type":"","background-media":"","overlay-type":"","overlay-color":"","overlay-opacity":"","overlay-gradient":""}},"footnotes":""},"categories":[5,37,45,6,4,1],"tags":[],"class_list":["post-25389","post","type-post","status-publish","format-standard","has-post-thumbnail","hentry","category-cultura-e-entretenimento","category-economia-e-negocios","category-historias-inspiradoras","category-meio-ambiente-e-sustentabilidade","category-politica","category-sem-categoria"],"yoast_head":"<!-- This site is optimized with the Yoast SEO plugin v24.1 - https:\/\/yoast.com\/wordpress\/plugins\/seo\/ -->\n<title>O empres\u00e1rio e Presidente do instituto Cabanos de Cinema e Cultura Celebra o lan\u00e7amento do Filme &quot;LICEN\u00c7A PARA ENLOUQUECER &quot; - Julias Magazine<\/title>\n<meta name=\"robots\" content=\"index, follow, max-snippet:-1, max-image-preview:large, max-video-preview:-1\" \/>\n<link rel=\"canonical\" href=\"https:\/\/juliasmagazine.com.br\/?p=25389\" \/>\n<meta property=\"og:locale\" content=\"pt_BR\" \/>\n<meta property=\"og:type\" content=\"article\" \/>\n<meta property=\"og:title\" content=\"O empres\u00e1rio e Presidente do instituto Cabanos de Cinema e Cultura Celebra o lan\u00e7amento do Filme &quot;LICEN\u00c7A PARA ENLOUQUECER &quot; - Julias Magazine\" \/>\n<meta property=\"og:url\" content=\"https:\/\/juliasmagazine.com.br\/?p=25389\" \/>\n<meta property=\"og:site_name\" content=\"Julias Magazine\" \/>\n<meta property=\"article:published_time\" content=\"2026-01-09T14:43:00+00:00\" \/>\n<meta property=\"article:modified_time\" content=\"2026-01-09T14:43:02+00:00\" \/>\n<meta property=\"og:image\" content=\"https:\/\/juliasmagazine.com.br\/wp-content\/uploads\/2026\/01\/IMG-20260109-WA0013.jpg\" \/>\n\t<meta property=\"og:image:width\" content=\"1024\" \/>\n\t<meta property=\"og:image:height\" content=\"1280\" \/>\n\t<meta property=\"og:image:type\" content=\"image\/jpeg\" \/>\n<meta name=\"author\" content=\"gestormovie\" \/>\n<meta name=\"twitter:card\" content=\"summary_large_image\" \/>\n<meta name=\"twitter:label1\" content=\"Escrito por\" \/>\n\t<meta name=\"twitter:data1\" content=\"gestormovie\" \/>\n\t<meta name=\"twitter:label2\" content=\"Est. tempo de leitura\" \/>\n\t<meta name=\"twitter:data2\" content=\"1 minuto\" \/>\n<script type=\"application\/ld+json\" class=\"yoast-schema-graph\">{\"@context\":\"https:\/\/schema.org\",\"@graph\":[{\"@type\":\"Article\",\"@id\":\"https:\/\/juliasmagazine.com.br\/?p=25389#article\",\"isPartOf\":{\"@id\":\"https:\/\/juliasmagazine.com.br\/?p=25389\"},\"author\":{\"name\":\"gestormovie\",\"@id\":\"https:\/\/juliasmagazine.com.br\/#\/schema\/person\/4644cc0cefba8afbd17931d23420f787\"},\"headline\":\"O empres\u00e1rio e Presidente do instituto Cabanos de Cinema e Cultura Celebra o lan\u00e7amento do Filme &#8220;LICEN\u00c7A PARA ENLOUQUECER &#8220;\",\"datePublished\":\"2026-01-09T14:43:00+00:00\",\"dateModified\":\"2026-01-09T14:43:02+00:00\",\"mainEntityOfPage\":{\"@id\":\"https:\/\/juliasmagazine.com.br\/?p=25389\"},\"wordCount\":28,\"commentCount\":0,\"publisher\":{\"@id\":\"https:\/\/juliasmagazine.com.br\/#organization\"},\"image\":{\"@id\":\"https:\/\/juliasmagazine.com.br\/?p=25389#primaryimage\"},\"thumbnailUrl\":\"https:\/\/juliasmagazine.com.br\/wp-content\/uploads\/2026\/01\/IMG-20260109-WA0013.jpg\",\"articleSection\":[\"Cultura e Entretenimento\",\"Economia e Neg\u00f3cios\",\"Hist\u00f3rias Inspiradoras\",\"Meio Ambiente e Sustentabilidade\",\"Pol\u00edtica\",\"\u00daltimas Not\u00edcias\"],\"inLanguage\":\"pt-BR\",\"potentialAction\":[{\"@type\":\"CommentAction\",\"name\":\"Comment\",\"target\":[\"https:\/\/juliasmagazine.com.br\/?p=25389#respond\"]}]},{\"@type\":\"WebPage\",\"@id\":\"https:\/\/juliasmagazine.com.br\/?p=25389\",\"url\":\"https:\/\/juliasmagazine.com.br\/?p=25389\",\"name\":\"O empres\u00e1rio e Presidente do instituto Cabanos de Cinema e Cultura Celebra o lan\u00e7amento do Filme \\\"LICEN\u00c7A PARA ENLOUQUECER \\\" - Julias Magazine\",\"isPartOf\":{\"@id\":\"https:\/\/juliasmagazine.com.br\/#website\"},\"primaryImageOfPage\":{\"@id\":\"https:\/\/juliasmagazine.com.br\/?p=25389#primaryimage\"},\"image\":{\"@id\":\"https:\/\/juliasmagazine.com.br\/?p=25389#primaryimage\"},\"thumbnailUrl\":\"https:\/\/juliasmagazine.com.br\/wp-content\/uploads\/2026\/01\/IMG-20260109-WA0013.jpg\",\"datePublished\":\"2026-01-09T14:43:00+00:00\",\"dateModified\":\"2026-01-09T14:43:02+00:00\",\"breadcrumb\":{\"@id\":\"https:\/\/juliasmagazine.com.br\/?p=25389#breadcrumb\"},\"inLanguage\":\"pt-BR\",\"potentialAction\":[{\"@type\":\"ReadAction\",\"target\":[\"https:\/\/juliasmagazine.com.br\/?p=25389\"]}]},{\"@type\":\"ImageObject\",\"inLanguage\":\"pt-BR\",\"@id\":\"https:\/\/juliasmagazine.com.br\/?p=25389#primaryimage\",\"url\":\"https:\/\/juliasmagazine.com.br\/wp-content\/uploads\/2026\/01\/IMG-20260109-WA0013.jpg\",\"contentUrl\":\"https:\/\/juliasmagazine.com.br\/wp-content\/uploads\/2026\/01\/IMG-20260109-WA0013.jpg\",\"width\":1024,\"height\":1280},{\"@type\":\"BreadcrumbList\",\"@id\":\"https:\/\/juliasmagazine.com.br\/?p=25389#breadcrumb\",\"itemListElement\":[{\"@type\":\"ListItem\",\"position\":1,\"name\":\"In\u00edcio\",\"item\":\"https:\/\/juliasmagazine.com.br\/\"},{\"@type\":\"ListItem\",\"position\":2,\"name\":\"O empres\u00e1rio e Presidente do instituto Cabanos de Cinema e Cultura Celebra o lan\u00e7amento do Filme &#8220;LICEN\u00c7A PARA ENLOUQUECER &#8220;\"}]},{\"@type\":\"WebSite\",\"@id\":\"https:\/\/juliasmagazine.com.br\/#website\",\"url\":\"https:\/\/juliasmagazine.com.br\/\",\"name\":\"Julias Magazine\",\"description\":\"A Sua revista eletr\u00f4nica de moda,politica ,viagens ,cultura ,gastronomia e finan\u00e7as. .\",\"publisher\":{\"@id\":\"https:\/\/juliasmagazine.com.br\/#organization\"},\"potentialAction\":[{\"@type\":\"SearchAction\",\"target\":{\"@type\":\"EntryPoint\",\"urlTemplate\":\"https:\/\/juliasmagazine.com.br\/?s={search_term_string}\"},\"query-input\":{\"@type\":\"PropertyValueSpecification\",\"valueRequired\":true,\"valueName\":\"search_term_string\"}}],\"inLanguage\":\"pt-BR\"},{\"@type\":\"Organization\",\"@id\":\"https:\/\/juliasmagazine.com.br\/#organization\",\"name\":\"Julias Magazine\",\"url\":\"https:\/\/juliasmagazine.com.br\/\",\"logo\":{\"@type\":\"ImageObject\",\"inLanguage\":\"pt-BR\",\"@id\":\"https:\/\/juliasmagazine.com.br\/#\/schema\/logo\/image\/\",\"url\":\"https:\/\/oquefazerembalneariocamboriu.com\/wp-content\/uploads\/2023\/02\/o-que-fazer-em-balneario-camboriu.jpg\",\"contentUrl\":\"https:\/\/oquefazerembalneariocamboriu.com\/wp-content\/uploads\/2023\/02\/o-que-fazer-em-balneario-camboriu.jpg\",\"width\":1200,\"height\":675,\"caption\":\"Julias Magazine\"},\"image\":{\"@id\":\"https:\/\/juliasmagazine.com.br\/#\/schema\/logo\/image\/\"}},{\"@type\":\"Person\",\"@id\":\"https:\/\/juliasmagazine.com.br\/#\/schema\/person\/4644cc0cefba8afbd17931d23420f787\",\"name\":\"gestormovie\",\"image\":{\"@type\":\"ImageObject\",\"inLanguage\":\"pt-BR\",\"@id\":\"https:\/\/juliasmagazine.com.br\/#\/schema\/person\/image\/\",\"url\":\"https:\/\/secure.gravatar.com\/avatar\/c07ba4842df2fb5c25da194195cd2cdd8ccc2426824c3276a3f81c597c7a6600?s=96&d=mm&r=g\",\"contentUrl\":\"https:\/\/secure.gravatar.com\/avatar\/c07ba4842df2fb5c25da194195cd2cdd8ccc2426824c3276a3f81c597c7a6600?s=96&d=mm&r=g\",\"caption\":\"gestormovie\"},\"sameAs\":[\"https:\/\/juliasmagazine.com.br\"],\"url\":\"https:\/\/juliasmagazine.com.br\/?author=1\"}]}<\/script>\n<!-- \/ Yoast SEO plugin. -->","yoast_head_json":{"title":"O empres\u00e1rio e Presidente do instituto Cabanos de Cinema e Cultura Celebra o lan\u00e7amento do Filme \"LICEN\u00c7A PARA ENLOUQUECER \" - Julias Magazine","robots":{"index":"index","follow":"follow","max-snippet":"max-snippet:-1","max-image-preview":"max-image-preview:large","max-video-preview":"max-video-preview:-1"},"canonical":"https:\/\/juliasmagazine.com.br\/?p=25389","og_locale":"pt_BR","og_type":"article","og_title":"O empres\u00e1rio e Presidente do instituto Cabanos de Cinema e Cultura Celebra o lan\u00e7amento do Filme \"LICEN\u00c7A PARA ENLOUQUECER \" - Julias Magazine","og_url":"https:\/\/juliasmagazine.com.br\/?p=25389","og_site_name":"Julias Magazine","article_published_time":"2026-01-09T14:43:00+00:00","article_modified_time":"2026-01-09T14:43:02+00:00","og_image":[{"width":1024,"height":1280,"url":"https:\/\/juliasmagazine.com.br\/wp-content\/uploads\/2026\/01\/IMG-20260109-WA0013.jpg","type":"image\/jpeg"}],"author":"gestormovie","twitter_card":"summary_large_image","twitter_misc":{"Escrito por":"gestormovie","Est. tempo de leitura":"1 minuto"},"schema":{"@context":"https:\/\/schema.org","@graph":[{"@type":"Article","@id":"https:\/\/juliasmagazine.com.br\/?p=25389#article","isPartOf":{"@id":"https:\/\/juliasmagazine.com.br\/?p=25389"},"author":{"name":"gestormovie","@id":"https:\/\/juliasmagazine.com.br\/#\/schema\/person\/4644cc0cefba8afbd17931d23420f787"},"headline":"O empres\u00e1rio e Presidente do instituto Cabanos de Cinema e Cultura Celebra o lan\u00e7amento do Filme &#8220;LICEN\u00c7A PARA ENLOUQUECER &#8220;","datePublished":"2026-01-09T14:43:00+00:00","dateModified":"2026-01-09T14:43:02+00:00","mainEntityOfPage":{"@id":"https:\/\/juliasmagazine.com.br\/?p=25389"},"wordCount":28,"commentCount":0,"publisher":{"@id":"https:\/\/juliasmagazine.com.br\/#organization"},"image":{"@id":"https:\/\/juliasmagazine.com.br\/?p=25389#primaryimage"},"thumbnailUrl":"https:\/\/juliasmagazine.com.br\/wp-content\/uploads\/2026\/01\/IMG-20260109-WA0013.jpg","articleSection":["Cultura e Entretenimento","Economia e Neg\u00f3cios","Hist\u00f3rias Inspiradoras","Meio Ambiente e Sustentabilidade","Pol\u00edtica","\u00daltimas Not\u00edcias"],"inLanguage":"pt-BR","potentialAction":[{"@type":"CommentAction","name":"Comment","target":["https:\/\/juliasmagazine.com.br\/?p=25389#respond"]}]},{"@type":"WebPage","@id":"https:\/\/juliasmagazine.com.br\/?p=25389","url":"https:\/\/juliasmagazine.com.br\/?p=25389","name":"O empres\u00e1rio e Presidente do instituto Cabanos de Cinema e Cultura Celebra o lan\u00e7amento do Filme \"LICEN\u00c7A PARA ENLOUQUECER \" - Julias Magazine","isPartOf":{"@id":"https:\/\/juliasmagazine.com.br\/#website"},"primaryImageOfPage":{"@id":"https:\/\/juliasmagazine.com.br\/?p=25389#primaryimage"},"image":{"@id":"https:\/\/juliasmagazine.com.br\/?p=25389#primaryimage"},"thumbnailUrl":"https:\/\/juliasmagazine.com.br\/wp-content\/uploads\/2026\/01\/IMG-20260109-WA0013.jpg","datePublished":"2026-01-09T14:43:00+00:00","dateModified":"2026-01-09T14:43:02+00:00","breadcrumb":{"@id":"https:\/\/juliasmagazine.com.br\/?p=25389#breadcrumb"},"inLanguage":"pt-BR","potentialAction":[{"@type":"ReadAction","target":["https:\/\/juliasmagazine.com.br\/?p=25389"]}]},{"@type":"ImageObject","inLanguage":"pt-BR","@id":"https:\/\/juliasmagazine.com.br\/?p=25389#primaryimage","url":"https:\/\/juliasmagazine.com.br\/wp-content\/uploads\/2026\/01\/IMG-20260109-WA0013.jpg","contentUrl":"https:\/\/juliasmagazine.com.br\/wp-content\/uploads\/2026\/01\/IMG-20260109-WA0013.jpg","width":1024,"height":1280},{"@type":"BreadcrumbList","@id":"https:\/\/juliasmagazine.com.br\/?p=25389#breadcrumb","itemListElement":[{"@type":"ListItem","position":1,"name":"In\u00edcio","item":"https:\/\/juliasmagazine.com.br\/"},{"@type":"ListItem","position":2,"name":"O empres\u00e1rio e Presidente do instituto Cabanos de Cinema e Cultura Celebra o lan\u00e7amento do Filme &#8220;LICEN\u00c7A PARA ENLOUQUECER &#8220;"}]},{"@type":"WebSite","@id":"https:\/\/juliasmagazine.com.br\/#website","url":"https:\/\/juliasmagazine.com.br\/","name":"Julias Magazine","description":"A Sua revista eletr\u00f4nica de moda,politica ,viagens ,cultura ,gastronomia e finan\u00e7as. .","publisher":{"@id":"https:\/\/juliasmagazine.com.br\/#organization"},"potentialAction":[{"@type":"SearchAction","target":{"@type":"EntryPoint","urlTemplate":"https:\/\/juliasmagazine.com.br\/?s={search_term_string}"},"query-input":{"@type":"PropertyValueSpecification","valueRequired":true,"valueName":"search_term_string"}}],"inLanguage":"pt-BR"},{"@type":"Organization","@id":"https:\/\/juliasmagazine.com.br\/#organization","name":"Julias Magazine","url":"https:\/\/juliasmagazine.com.br\/","logo":{"@type":"ImageObject","inLanguage":"pt-BR","@id":"https:\/\/juliasmagazine.com.br\/#\/schema\/logo\/image\/","url":"https:\/\/oquefazerembalneariocamboriu.com\/wp-content\/uploads\/2023\/02\/o-que-fazer-em-balneario-camboriu.jpg","contentUrl":"https:\/\/oquefazerembalneariocamboriu.com\/wp-content\/uploads\/2023\/02\/o-que-fazer-em-balneario-camboriu.jpg","width":1200,"height":675,"caption":"Julias Magazine"},"image":{"@id":"https:\/\/juliasmagazine.com.br\/#\/schema\/logo\/image\/"}},{"@type":"Person","@id":"https:\/\/juliasmagazine.com.br\/#\/schema\/person\/4644cc0cefba8afbd17931d23420f787","name":"gestormovie","image":{"@type":"ImageObject","inLanguage":"pt-BR","@id":"https:\/\/juliasmagazine.com.br\/#\/schema\/person\/image\/","url":"https:\/\/secure.gravatar.com\/avatar\/c07ba4842df2fb5c25da194195cd2cdd8ccc2426824c3276a3f81c597c7a6600?s=96&d=mm&r=g","contentUrl":"https:\/\/secure.gravatar.com\/avatar\/c07ba4842df2fb5c25da194195cd2cdd8ccc2426824c3276a3f81c597c7a6600?s=96&d=mm&r=g","caption":"gestormovie"},"sameAs":["https:\/\/juliasmagazine.com.br"],"url":"https:\/\/juliasmagazine.com.br\/?author=1"}]}},"_links":{"self":[{"href":"https:\/\/juliasmagazine.com.br\/index.php?rest_route=\/wp\/v2\/posts\/25389","targetHints":{"allow":["GET"]}}],"collection":[{"href":"https:\/\/juliasmagazine.com.br\/index.php?rest_route=\/wp\/v2\/posts"}],"about":[{"href":"https:\/\/juliasmagazine.com.br\/index.php?rest_route=\/wp\/v2\/types\/post"}],"author":[{"embeddable":true,"href":"https:\/\/juliasmagazine.com.br\/index.php?rest_route=\/wp\/v2\/users\/1"}],"replies":[{"embeddable":true,"href":"https:\/\/juliasmagazine.com.br\/index.php?rest_route=%2Fwp%2Fv2%2Fcomments&post=25389"}],"version-history":[{"count":1,"href":"https:\/\/juliasmagazine.com.br\/index.php?rest_route=\/wp\/v2\/posts\/25389\/revisions"}],"predecessor-version":[{"id":25395,"href":"https:\/\/juliasmagazine.com.br\/index.php?rest_route=\/wp\/v2\/posts\/25389\/revisions\/25395"}],"wp:featuredmedia":[{"embeddable":true,"href":"https:\/\/juliasmagazine.com.br\/index.php?rest_route=\/wp\/v2\/media\/25392"}],"wp:attachment":[{"href":"https:\/\/juliasmagazine.com.br\/index.php?rest_route=%2Fwp%2Fv2%2Fmedia&parent=25389"}],"wp:term":[{"taxonomy":"category","embeddable":true,"href":"https:\/\/juliasmagazine.com.br\/index.php?rest_route=%2Fwp%2Fv2%2Fcategories&post=25389"},{"taxonomy":"post_tag","embeddable":true,"href":"https:\/\/juliasmagazine.com.br\/index.php?rest_route=%2Fwp%2Fv2%2Ftags&post=25389"}],"curies":[{"name":"wp","href":"https:\/\/api.w.org\/{rel}","templated":true}]}}