{"id":23637,"date":"2025-12-10T18:44:53","date_gmt":"2025-12-10T21:44:53","guid":{"rendered":"https:\/\/juliasmagazine.com.br\/?p=23637"},"modified":"2025-12-10T18:44:53","modified_gmt":"2025-12-10T21:44:53","slug":"preco-da-hospedagem-em-belem-quase-triplicou-em-novembro-diz-ibge","status":"publish","type":"post","link":"https:\/\/juliasmagazine.com.br\/?p=23637","title":{"rendered":"Pre\u00e7o da hospedagem em Bel\u00e9m quase triplicou em novembro, diz IBGE"},"content":{"rendered":"<\/p>\n<p><a class=\"\" href=\"https:\/\/agenciabrasil.ebc.com.br\/economia\/noticia\/2025-12\/preco-da-hospedagem-em-belem-quase-triplicou-em-novembro-diz-ibge\"><br \/>\n                    <img decoding=\"async\" src=\"https:\/\/cdn.jsdelivr.net\/gh\/sergiosdlima\/assets-ebc@1.0.0\/abr\/assets\/images\/logo-agenciabrasil.svg\" alt=\"Logo Ag\u00eancia Brasil\"><br \/>\n\t\t\t\t<\/a><\/p>\n<p><strong>O pre\u00e7o da hospedagem na regi\u00e3o metropolitana de Bel\u00e9m subiu 178,93% no m\u00eas de novembro. A explica\u00e7\u00e3o est\u00e1 no fato de a capital paraense ter se tornado praticamente a\u00a0capital mundial das quest\u00f5es clim\u00e1ticas no m\u00eas passado.<\/strong><img decoding=\"async\" src=\"https:\/\/agenciabrasil.ebc.com.br\/ebc.png?id=1671686&#038;o=rss\"><img decoding=\"async\" src=\"https:\/\/agenciabrasil.ebc.com.br\/ebc.gif?id=1671686&#038;o=rss\"><\/p>\n<p>A cidade sediou a 30\u00aa Confer\u00eancia das Na\u00e7\u00f5es Unidas sobre Mudan\u00e7a do Clima (<a href=\"https:\/\/agenciabrasil.ebc.com.br\/cop30\" target=\"_blank\">COP30<\/a>), de\u00a010 a\u00a022 de novembro. Antes disso, recebeu a C\u00fapula do Clima, nos dias 6 e 7, encontro internacional que reuniu chefes de Estado e de governo.<\/p>\n<\/p>\n<h3>Not\u00edcias relacionadas:<\/h3>\n<ul>\n<li><a href=\"https:\/\/agenciabrasil.ebc.com.br\/economia\/noticia\/2025-12\/petroleiros-aprovam-greve-nacional-partir-de-segunda-feira\">Petroleiros aprovam greve nacional a partir de segunda-feira.<\/a><\/li>\n<li><a href=\"https:\/\/agenciabrasil.ebc.com.br\/economia\/noticia\/2025-12\/cade-aprova-fusao-entre-petz-e-cobasi-com-restricoes\">Cade aprova fus\u00e3o entre Petz e Cobasi com restri\u00e7\u00f5es.<\/a><\/li>\n<li><a href=\"https:\/\/agenciabrasil.ebc.com.br\/economia\/noticia\/2025-12\/inflacao-da-comida-em-casa-cai-02-em-novembro-sexto-recuo-seguido\">Infla\u00e7\u00e3o da comida em casa cai 0,2% em novembro, sexto recuo seguido.<\/a><\/li>\n<\/ul>\n<p><strong>A infla\u00e7\u00e3o da acomoda\u00e7\u00e3o em Bel\u00e9m fico muito acima da registrada no Brasil como um todo, em novembro (4,09%).<\/strong><\/p>\n<p>Os dados fazem parte do \u00cdndice Nacional de Pre\u00e7os ao Consumidor Amplo (IPCA), <a href=\"https:\/\/agenciabrasil.ebc.com.br\/economia\/noticia\/2025-12\/inflacao-de-018-em-dezembro-faz-ipca-voltar-para-meta-do-governo\" target=\"_blank\">divulgado nesta quarta-feira<\/a> (10) pelo Instituto Brasileiro de Geografia e Estat\u00edstica (IBGE).<\/p>\n<p>O gerente da pesquisa, Fernando Gon\u00e7alves, confirma que a COP30 \u00e9 a explica\u00e7\u00e3o para a explos\u00e3o de pre\u00e7os de hospedagem em Bel\u00e9m. \u201c178% \u00e9 realmente bem expressivo\u201d, avalia.<\/p>\n<h2>Preocupa\u00e7\u00e3o dos organizadores<\/h2>\n<p>Os valores pedidos pelos donos de quartos em Bel\u00e9m foi uma das <a href=\"https:\/\/agenciabrasil.ebc.com.br\/meio-ambiente\/noticia\/2025-08\/com-47-paises-confirmados-cop-anuncia-forca-tarefa-para-acomodacoes\" target=\"_blank\">preocupa\u00e7\u00f5es dos organizadores<\/a> da COP30.\u00a0Algumas delega\u00e7\u00f5es chegaram a diminuir o envio de representantes.<\/p>\n<p>O gerente do IBGE esclarece que o aumento registrado no IPCA de novembro se refere especificamente ao custo naquele m\u00eas. N\u00e3o entra na conta gastos com hospedagens pagas antecipadamente.<\/p>\n<p><strong>Outro custo que se destacou em Bel\u00e9m em novembro \u00e9 o da passagem a\u00e9rea, que subiu 25,32%, mais que o dobro da alta do pa\u00eds como um todo (11,90%).<\/strong><\/p>\n<p>Gon\u00e7alves acrescenta que o fato de o m\u00eas ter tido tr\u00eas feriados (Finados, Proclama\u00e7\u00e3o da Rep\u00fablica e Consci\u00eancia Negra) e a chegada do fim do ano tamb\u00e9m podem ter exercido press\u00e3o de alta no pre\u00e7o do bilhete de avi\u00e3o.<\/p>\n<h2>Peso regional<\/h2>\n<p>De acordo com a metodologia do IPCA, a infla\u00e7\u00e3o na regi\u00e3o metropolitana de Bel\u00e9m tem peso de 3,94% na infla\u00e7\u00e3o do pa\u00eds. A Grande S\u00e3o Paulo tem o maior peso, 32,28%. Isso significa que se o impacto no pre\u00e7o das hospedagens fosse em S\u00e3o Paulo, o resultado seria muito mais sentido na infla\u00e7\u00e3o geral do pa\u00eds.<\/p>\n<p>\u201cBel\u00e9m teve uma press\u00e3o na infla\u00e7\u00e3o [nacional], mas n\u00e3o t\u00e3o expressiva, por exemplo, como se fosse S\u00e3o Paulo\u201d, diz Fernando Gon\u00e7alves.<\/p>\n<p>O IPCA \u00e9 considerado a pr\u00e9via da infla\u00e7\u00e3o oficial do pa\u00eds e <a href=\"https:\/\/agenciabrasil.ebc.com.br\/economia\/noticia\/2025-12\/inflacao-de-018-em-dezembro-faz-ipca-voltar-para-meta-do-governo\" target=\"_blank\">fechou novembro em 0,18%<\/a>, fazendo o \u00edndice voltar para o limite da meta do governo<\/p>\n","protected":false},"excerpt":{"rendered":"<p>O pre\u00e7o da hospedagem na regi\u00e3o metropolitana de Bel\u00e9m subiu 178,93% no m\u00eas de novembro. A explica\u00e7\u00e3o est\u00e1 no fato de a capital paraense ter se tornado praticamente a\u00a0capital mundial das quest\u00f5es clim\u00e1ticas no m\u00eas passado. A cidade sediou a 30\u00aa Confer\u00eancia das Na\u00e7\u00f5es Unidas sobre Mudan\u00e7a do Clima (COP30), de\u00a010 a\u00a022 de novembro. Antes [&hellip;]<\/p>\n","protected":false},"author":34,"featured_media":23638,"comment_status":"open","ping_status":"open","sticky":false,"template":"","format":"standard","meta":{"site-sidebar-layout":"default","site-content-layout":"","ast-site-content-layout":"","site-content-style":"default","site-sidebar-style":"default","ast-global-header-display":"","ast-banner-title-visibility":"","ast-main-header-display":"","ast-hfb-above-header-display":"","ast-hfb-below-header-display":"","ast-hfb-mobile-header-display":"","site-post-title":"","ast-breadcrumbs-content":"","ast-featured-img":"","footer-sml-layout":"","theme-transparent-header-meta":"","adv-header-id-meta":"","stick-header-meta":"","header-above-stick-meta":"","header-main-stick-meta":"","header-below-stick-meta":"","astra-migrate-meta-layouts":"default","ast-page-background-enabled":"default","ast-page-background-meta":{"desktop":{"background-color":"var(--ast-global-color-4)","background-image":"","background-repeat":"repeat","background-position":"center center","background-size":"auto","background-attachment":"scroll","background-type":"","background-media":"","overlay-type":"","overlay-color":"","overlay-opacity":"","overlay-gradient":""},"tablet":{"background-color":"","background-image":"","background-repeat":"repeat","background-position":"center center","background-size":"auto","background-attachment":"scroll","background-type":"","background-media":"","overlay-type":"","overlay-color":"","overlay-opacity":"","overlay-gradient":""},"mobile":{"background-color":"","background-image":"","background-repeat":"repeat","background-position":"center center","background-size":"auto","background-attachment":"scroll","background-type":"","background-media":"","overlay-type":"","overlay-color":"","overlay-opacity":"","overlay-gradient":""}},"ast-content-background-meta":{"desktop":{"background-color":"var(--ast-global-color-5)","background-image":"","background-repeat":"repeat","background-position":"center center","background-size":"auto","background-attachment":"scroll","background-type":"","background-media":"","overlay-type":"","overlay-color":"","overlay-opacity":"","overlay-gradient":""},"tablet":{"background-color":"var(--ast-global-color-5)","background-image":"","background-repeat":"repeat","background-position":"center center","background-size":"auto","background-attachment":"scroll","background-type":"","background-media":"","overlay-type":"","overlay-color":"","overlay-opacity":"","overlay-gradient":""},"mobile":{"background-color":"var(--ast-global-color-5)","background-image":"","background-repeat":"repeat","background-position":"center center","background-size":"auto","background-attachment":"scroll","background-type":"","background-media":"","overlay-type":"","overlay-color":"","overlay-opacity":"","overlay-gradient":""}},"footnotes":""},"categories":[37],"tags":[],"class_list":["post-23637","post","type-post","status-publish","format-standard","has-post-thumbnail","hentry","category-economia-e-negocios"],"yoast_head":"<!-- This site is optimized with the Yoast SEO plugin v24.1 - https:\/\/yoast.com\/wordpress\/plugins\/seo\/ -->\n<title>Pre\u00e7o da hospedagem em Bel\u00e9m quase triplicou em novembro, diz IBGE - Julias Magazine<\/title>\n<meta name=\"robots\" content=\"index, follow, max-snippet:-1, max-image-preview:large, max-video-preview:-1\" \/>\n<link rel=\"canonical\" href=\"https:\/\/juliasmagazine.com.br\/?p=23637\" \/>\n<meta property=\"og:locale\" content=\"pt_BR\" \/>\n<meta property=\"og:type\" content=\"article\" \/>\n<meta property=\"og:title\" content=\"Pre\u00e7o da hospedagem em Bel\u00e9m quase triplicou em novembro, diz IBGE - Julias Magazine\" \/>\n<meta property=\"og:description\" content=\"O pre\u00e7o da hospedagem na regi\u00e3o metropolitana de Bel\u00e9m subiu 178,93% no m\u00eas de novembro. A explica\u00e7\u00e3o est\u00e1 no fato de a capital paraense ter se tornado praticamente a\u00a0capital mundial das quest\u00f5es clim\u00e1ticas no m\u00eas passado. A cidade sediou a 30\u00aa Confer\u00eancia das Na\u00e7\u00f5es Unidas sobre Mudan\u00e7a do Clima (COP30), de\u00a010 a\u00a022 de novembro. Antes [&hellip;]\" \/>\n<meta property=\"og:url\" content=\"https:\/\/juliasmagazine.com.br\/?p=23637\" \/>\n<meta property=\"og:site_name\" content=\"Julias Magazine\" \/>\n<meta property=\"article:published_time\" content=\"2025-12-10T21:44:53+00:00\" \/>\n<meta property=\"og:image\" content=\"https:\/\/cdn.jsdelivr.net\/gh\/sergiosdlima\/assets-ebc@1.0.0\/abr\/assets\/images\/logo-agenciabrasil.svg\" \/>\n<meta name=\"author\" content=\"Bruno de Freitas Moura - Reporter da Agencia Brasil\" \/>\n<meta name=\"twitter:card\" content=\"summary_large_image\" \/>\n<meta name=\"twitter:label1\" content=\"Escrito por\" \/>\n\t<meta name=\"twitter:data1\" content=\"Bruno de Freitas Moura - Reporter da Agencia Brasil\" \/>\n\t<meta name=\"twitter:label2\" content=\"Est. tempo de leitura\" \/>\n\t<meta name=\"twitter:data2\" content=\"2 minutos\" \/>\n<script type=\"application\/ld+json\" class=\"yoast-schema-graph\">{\"@context\":\"https:\/\/schema.org\",\"@graph\":[{\"@type\":\"Article\",\"@id\":\"https:\/\/juliasmagazine.com.br\/?p=23637#article\",\"isPartOf\":{\"@id\":\"https:\/\/juliasmagazine.com.br\/?p=23637\"},\"author\":{\"name\":\"Bruno de Freitas Moura - Reporter da Agencia Brasil\",\"@id\":\"https:\/\/juliasmagazine.com.br\/#\/schema\/person\/703733e19c183b78a8aa422bb079ee4d\"},\"headline\":\"Pre\u00e7o da hospedagem em Bel\u00e9m quase triplicou em novembro, diz IBGE\",\"datePublished\":\"2025-12-10T21:44:53+00:00\",\"dateModified\":\"2025-12-10T21:44:53+00:00\",\"mainEntityOfPage\":{\"@id\":\"https:\/\/juliasmagazine.com.br\/?p=23637\"},\"wordCount\":473,\"commentCount\":0,\"publisher\":{\"@id\":\"https:\/\/juliasmagazine.com.br\/#organization\"},\"image\":{\"@id\":\"https:\/\/juliasmagazine.com.br\/?p=23637#primaryimage\"},\"thumbnailUrl\":\"https:\/\/juliasmagazine.com.br\/wp-content\/uploads\/2025\/12\/23637-preco-da-hospedagem-em-belem-quase-triplicou-em-novembro-diz-ibge.jpg\",\"articleSection\":[\"Economia e Neg\u00f3cios\"],\"inLanguage\":\"pt-BR\",\"potentialAction\":[{\"@type\":\"CommentAction\",\"name\":\"Comment\",\"target\":[\"https:\/\/juliasmagazine.com.br\/?p=23637#respond\"]}]},{\"@type\":\"WebPage\",\"@id\":\"https:\/\/juliasmagazine.com.br\/?p=23637\",\"url\":\"https:\/\/juliasmagazine.com.br\/?p=23637\",\"name\":\"Pre\u00e7o da hospedagem em Bel\u00e9m quase triplicou em novembro, diz IBGE - Julias Magazine\",\"isPartOf\":{\"@id\":\"https:\/\/juliasmagazine.com.br\/#website\"},\"primaryImageOfPage\":{\"@id\":\"https:\/\/juliasmagazine.com.br\/?p=23637#primaryimage\"},\"image\":{\"@id\":\"https:\/\/juliasmagazine.com.br\/?p=23637#primaryimage\"},\"thumbnailUrl\":\"https:\/\/juliasmagazine.com.br\/wp-content\/uploads\/2025\/12\/23637-preco-da-hospedagem-em-belem-quase-triplicou-em-novembro-diz-ibge.jpg\",\"datePublished\":\"2025-12-10T21:44:53+00:00\",\"dateModified\":\"2025-12-10T21:44:53+00:00\",\"breadcrumb\":{\"@id\":\"https:\/\/juliasmagazine.com.br\/?p=23637#breadcrumb\"},\"inLanguage\":\"pt-BR\",\"potentialAction\":[{\"@type\":\"ReadAction\",\"target\":[\"https:\/\/juliasmagazine.com.br\/?p=23637\"]}]},{\"@type\":\"ImageObject\",\"inLanguage\":\"pt-BR\",\"@id\":\"https:\/\/juliasmagazine.com.br\/?p=23637#primaryimage\",\"url\":\"https:\/\/juliasmagazine.com.br\/wp-content\/uploads\/2025\/12\/23637-preco-da-hospedagem-em-belem-quase-triplicou-em-novembro-diz-ibge.jpg\",\"contentUrl\":\"https:\/\/juliasmagazine.com.br\/wp-content\/uploads\/2025\/12\/23637-preco-da-hospedagem-em-belem-quase-triplicou-em-novembro-diz-ibge.jpg\",\"width\":1600,\"height\":800,\"caption\":\"Pre\u00e7o da hospedagem em Bel\u00e9m quase triplicou em novembro, diz IBGE\"},{\"@type\":\"BreadcrumbList\",\"@id\":\"https:\/\/juliasmagazine.com.br\/?p=23637#breadcrumb\",\"itemListElement\":[{\"@type\":\"ListItem\",\"position\":1,\"name\":\"In\u00edcio\",\"item\":\"https:\/\/juliasmagazine.com.br\/\"},{\"@type\":\"ListItem\",\"position\":2,\"name\":\"Pre\u00e7o da hospedagem em Bel\u00e9m quase triplicou em novembro, diz IBGE\"}]},{\"@type\":\"WebSite\",\"@id\":\"https:\/\/juliasmagazine.com.br\/#website\",\"url\":\"https:\/\/juliasmagazine.com.br\/\",\"name\":\"Julias Magazine\",\"description\":\"A Sua revista eletr\u00f4nica de moda,politica ,viagens ,cultura ,gastronomia e finan\u00e7as. .\",\"publisher\":{\"@id\":\"https:\/\/juliasmagazine.com.br\/#organization\"},\"potentialAction\":[{\"@type\":\"SearchAction\",\"target\":{\"@type\":\"EntryPoint\",\"urlTemplate\":\"https:\/\/juliasmagazine.com.br\/?s={search_term_string}\"},\"query-input\":{\"@type\":\"PropertyValueSpecification\",\"valueRequired\":true,\"valueName\":\"search_term_string\"}}],\"inLanguage\":\"pt-BR\"},{\"@type\":\"Organization\",\"@id\":\"https:\/\/juliasmagazine.com.br\/#organization\",\"name\":\"Julias Magazine\",\"url\":\"https:\/\/juliasmagazine.com.br\/\",\"logo\":{\"@type\":\"ImageObject\",\"inLanguage\":\"pt-BR\",\"@id\":\"https:\/\/juliasmagazine.com.br\/#\/schema\/logo\/image\/\",\"url\":\"https:\/\/oquefazerembalneariocamboriu.com\/wp-content\/uploads\/2023\/02\/o-que-fazer-em-balneario-camboriu.jpg\",\"contentUrl\":\"https:\/\/oquefazerembalneariocamboriu.com\/wp-content\/uploads\/2023\/02\/o-que-fazer-em-balneario-camboriu.jpg\",\"width\":1200,\"height\":675,\"caption\":\"Julias Magazine\"},\"image\":{\"@id\":\"https:\/\/juliasmagazine.com.br\/#\/schema\/logo\/image\/\"}},{\"@type\":\"Person\",\"@id\":\"https:\/\/juliasmagazine.com.br\/#\/schema\/person\/703733e19c183b78a8aa422bb079ee4d\",\"name\":\"Bruno de Freitas Moura - Reporter da Agencia Brasil\",\"image\":{\"@type\":\"ImageObject\",\"inLanguage\":\"pt-BR\",\"@id\":\"https:\/\/juliasmagazine.com.br\/#\/schema\/person\/image\/\",\"url\":\"https:\/\/secure.gravatar.com\/avatar\/874628ef5b35882d50054291c2bb786ecafdd0b15c4a4864429709e6f8f4bd2a?s=96&d=mm&r=g\",\"contentUrl\":\"https:\/\/secure.gravatar.com\/avatar\/874628ef5b35882d50054291c2bb786ecafdd0b15c4a4864429709e6f8f4bd2a?s=96&d=mm&r=g\",\"caption\":\"Bruno de Freitas Moura - Reporter da Agencia Brasil\"},\"url\":\"https:\/\/juliasmagazine.com.br\/?author=34\"}]}<\/script>\n<!-- \/ Yoast SEO plugin. -->","yoast_head_json":{"title":"Pre\u00e7o da hospedagem em Bel\u00e9m quase triplicou em novembro, diz IBGE - Julias Magazine","robots":{"index":"index","follow":"follow","max-snippet":"max-snippet:-1","max-image-preview":"max-image-preview:large","max-video-preview":"max-video-preview:-1"},"canonical":"https:\/\/juliasmagazine.com.br\/?p=23637","og_locale":"pt_BR","og_type":"article","og_title":"Pre\u00e7o da hospedagem em Bel\u00e9m quase triplicou em novembro, diz IBGE - Julias Magazine","og_description":"O pre\u00e7o da hospedagem na regi\u00e3o metropolitana de Bel\u00e9m subiu 178,93% no m\u00eas de novembro. A explica\u00e7\u00e3o est\u00e1 no fato de a capital paraense ter se tornado praticamente a\u00a0capital mundial das quest\u00f5es clim\u00e1ticas no m\u00eas passado. A cidade sediou a 30\u00aa Confer\u00eancia das Na\u00e7\u00f5es Unidas sobre Mudan\u00e7a do Clima (COP30), de\u00a010 a\u00a022 de novembro. Antes [&hellip;]","og_url":"https:\/\/juliasmagazine.com.br\/?p=23637","og_site_name":"Julias Magazine","article_published_time":"2025-12-10T21:44:53+00:00","og_image":[{"url":"https:\/\/cdn.jsdelivr.net\/gh\/sergiosdlima\/assets-ebc@1.0.0\/abr\/assets\/images\/logo-agenciabrasil.svg","type":"","width":"","height":""}],"author":"Bruno de Freitas Moura - Reporter da Agencia Brasil","twitter_card":"summary_large_image","twitter_misc":{"Escrito por":"Bruno de Freitas Moura - Reporter da Agencia Brasil","Est. tempo de leitura":"2 minutos"},"schema":{"@context":"https:\/\/schema.org","@graph":[{"@type":"Article","@id":"https:\/\/juliasmagazine.com.br\/?p=23637#article","isPartOf":{"@id":"https:\/\/juliasmagazine.com.br\/?p=23637"},"author":{"name":"Bruno de Freitas Moura - Reporter da Agencia Brasil","@id":"https:\/\/juliasmagazine.com.br\/#\/schema\/person\/703733e19c183b78a8aa422bb079ee4d"},"headline":"Pre\u00e7o da hospedagem em Bel\u00e9m quase triplicou em novembro, diz IBGE","datePublished":"2025-12-10T21:44:53+00:00","dateModified":"2025-12-10T21:44:53+00:00","mainEntityOfPage":{"@id":"https:\/\/juliasmagazine.com.br\/?p=23637"},"wordCount":473,"commentCount":0,"publisher":{"@id":"https:\/\/juliasmagazine.com.br\/#organization"},"image":{"@id":"https:\/\/juliasmagazine.com.br\/?p=23637#primaryimage"},"thumbnailUrl":"https:\/\/juliasmagazine.com.br\/wp-content\/uploads\/2025\/12\/23637-preco-da-hospedagem-em-belem-quase-triplicou-em-novembro-diz-ibge.jpg","articleSection":["Economia e Neg\u00f3cios"],"inLanguage":"pt-BR","potentialAction":[{"@type":"CommentAction","name":"Comment","target":["https:\/\/juliasmagazine.com.br\/?p=23637#respond"]}]},{"@type":"WebPage","@id":"https:\/\/juliasmagazine.com.br\/?p=23637","url":"https:\/\/juliasmagazine.com.br\/?p=23637","name":"Pre\u00e7o da hospedagem em Bel\u00e9m quase triplicou em novembro, diz IBGE - Julias Magazine","isPartOf":{"@id":"https:\/\/juliasmagazine.com.br\/#website"},"primaryImageOfPage":{"@id":"https:\/\/juliasmagazine.com.br\/?p=23637#primaryimage"},"image":{"@id":"https:\/\/juliasmagazine.com.br\/?p=23637#primaryimage"},"thumbnailUrl":"https:\/\/juliasmagazine.com.br\/wp-content\/uploads\/2025\/12\/23637-preco-da-hospedagem-em-belem-quase-triplicou-em-novembro-diz-ibge.jpg","datePublished":"2025-12-10T21:44:53+00:00","dateModified":"2025-12-10T21:44:53+00:00","breadcrumb":{"@id":"https:\/\/juliasmagazine.com.br\/?p=23637#breadcrumb"},"inLanguage":"pt-BR","potentialAction":[{"@type":"ReadAction","target":["https:\/\/juliasmagazine.com.br\/?p=23637"]}]},{"@type":"ImageObject","inLanguage":"pt-BR","@id":"https:\/\/juliasmagazine.com.br\/?p=23637#primaryimage","url":"https:\/\/juliasmagazine.com.br\/wp-content\/uploads\/2025\/12\/23637-preco-da-hospedagem-em-belem-quase-triplicou-em-novembro-diz-ibge.jpg","contentUrl":"https:\/\/juliasmagazine.com.br\/wp-content\/uploads\/2025\/12\/23637-preco-da-hospedagem-em-belem-quase-triplicou-em-novembro-diz-ibge.jpg","width":1600,"height":800,"caption":"Pre\u00e7o da hospedagem em Bel\u00e9m quase triplicou em novembro, diz IBGE"},{"@type":"BreadcrumbList","@id":"https:\/\/juliasmagazine.com.br\/?p=23637#breadcrumb","itemListElement":[{"@type":"ListItem","position":1,"name":"In\u00edcio","item":"https:\/\/juliasmagazine.com.br\/"},{"@type":"ListItem","position":2,"name":"Pre\u00e7o da hospedagem em Bel\u00e9m quase triplicou em novembro, diz IBGE"}]},{"@type":"WebSite","@id":"https:\/\/juliasmagazine.com.br\/#website","url":"https:\/\/juliasmagazine.com.br\/","name":"Julias Magazine","description":"A Sua revista eletr\u00f4nica de moda,politica ,viagens ,cultura ,gastronomia e finan\u00e7as. .","publisher":{"@id":"https:\/\/juliasmagazine.com.br\/#organization"},"potentialAction":[{"@type":"SearchAction","target":{"@type":"EntryPoint","urlTemplate":"https:\/\/juliasmagazine.com.br\/?s={search_term_string}"},"query-input":{"@type":"PropertyValueSpecification","valueRequired":true,"valueName":"search_term_string"}}],"inLanguage":"pt-BR"},{"@type":"Organization","@id":"https:\/\/juliasmagazine.com.br\/#organization","name":"Julias Magazine","url":"https:\/\/juliasmagazine.com.br\/","logo":{"@type":"ImageObject","inLanguage":"pt-BR","@id":"https:\/\/juliasmagazine.com.br\/#\/schema\/logo\/image\/","url":"https:\/\/oquefazerembalneariocamboriu.com\/wp-content\/uploads\/2023\/02\/o-que-fazer-em-balneario-camboriu.jpg","contentUrl":"https:\/\/oquefazerembalneariocamboriu.com\/wp-content\/uploads\/2023\/02\/o-que-fazer-em-balneario-camboriu.jpg","width":1200,"height":675,"caption":"Julias Magazine"},"image":{"@id":"https:\/\/juliasmagazine.com.br\/#\/schema\/logo\/image\/"}},{"@type":"Person","@id":"https:\/\/juliasmagazine.com.br\/#\/schema\/person\/703733e19c183b78a8aa422bb079ee4d","name":"Bruno de Freitas Moura - Reporter da Agencia Brasil","image":{"@type":"ImageObject","inLanguage":"pt-BR","@id":"https:\/\/juliasmagazine.com.br\/#\/schema\/person\/image\/","url":"https:\/\/secure.gravatar.com\/avatar\/874628ef5b35882d50054291c2bb786ecafdd0b15c4a4864429709e6f8f4bd2a?s=96&d=mm&r=g","contentUrl":"https:\/\/secure.gravatar.com\/avatar\/874628ef5b35882d50054291c2bb786ecafdd0b15c4a4864429709e6f8f4bd2a?s=96&d=mm&r=g","caption":"Bruno de Freitas Moura - Reporter da Agencia Brasil"},"url":"https:\/\/juliasmagazine.com.br\/?author=34"}]}},"_links":{"self":[{"href":"https:\/\/juliasmagazine.com.br\/index.php?rest_route=\/wp\/v2\/posts\/23637","targetHints":{"allow":["GET"]}}],"collection":[{"href":"https:\/\/juliasmagazine.com.br\/index.php?rest_route=\/wp\/v2\/posts"}],"about":[{"href":"https:\/\/juliasmagazine.com.br\/index.php?rest_route=\/wp\/v2\/types\/post"}],"author":[{"embeddable":true,"href":"https:\/\/juliasmagazine.com.br\/index.php?rest_route=\/wp\/v2\/users\/34"}],"replies":[{"embeddable":true,"href":"https:\/\/juliasmagazine.com.br\/index.php?rest_route=%2Fwp%2Fv2%2Fcomments&post=23637"}],"version-history":[{"count":0,"href":"https:\/\/juliasmagazine.com.br\/index.php?rest_route=\/wp\/v2\/posts\/23637\/revisions"}],"wp:featuredmedia":[{"embeddable":true,"href":"https:\/\/juliasmagazine.com.br\/index.php?rest_route=\/wp\/v2\/media\/23638"}],"wp:attachment":[{"href":"https:\/\/juliasmagazine.com.br\/index.php?rest_route=%2Fwp%2Fv2%2Fmedia&parent=23637"}],"wp:term":[{"taxonomy":"category","embeddable":true,"href":"https:\/\/juliasmagazine.com.br\/index.php?rest_route=%2Fwp%2Fv2%2Fcategories&post=23637"},{"taxonomy":"post_tag","embeddable":true,"href":"https:\/\/juliasmagazine.com.br\/index.php?rest_route=%2Fwp%2Fv2%2Ftags&post=23637"}],"curies":[{"name":"wp","href":"https:\/\/api.w.org\/{rel}","templated":true}]}}