{"id":22765,"date":"2025-11-28T20:46:47","date_gmt":"2025-11-28T23:46:47","guid":{"rendered":"https:\/\/juliasmagazine.com.br\/?p=22765"},"modified":"2025-11-28T20:46:47","modified_gmt":"2025-11-28T23:46:47","slug":"cidades-de-colombia-e-bolivia-vao-receber-finais-da-sul-americana","status":"publish","type":"post","link":"https:\/\/juliasmagazine.com.br\/?p=22765","title":{"rendered":"Cidades de Col\u00f4mbia e Bol\u00edvia v\u00e3o receber finais da Sul-Americana"},"content":{"rendered":"<p><strong>A Confedera\u00e7\u00e3o Sul-Americana de Futebol (Conmebol) definiu Barranquilla, na Col\u00f4mbia, e Santa Cruz de la Sierra, na Bol\u00edvia, como sedes das finais da Copa Sul-Americana em 2026 e 2027, respectivamente.<\/strong> O an\u00fancio foi realizado nesta sexta-feira (28).<img decoding=\"async\" src=\"https:\/\/agenciabrasil.ebc.com.br\/ebc.png?id=1670164&#038;o=rss\"><img decoding=\"async\" src=\"https:\/\/agenciabrasil.ebc.com.br\/ebc.gif?id=1670164&#038;o=rss\"><\/p>\n<p>A final de 2025 esteve marcada para Santa Cruz de la Sierra, mas como o Est\u00e1dio Ram\u00f3n Tahuichi Aguilera n\u00e3o foi aprovado na inspe\u00e7\u00e3o realizada dois meses antes da partida, a Conmebol optou pela mudan\u00e7a de sede, levando o jogo para Assun\u00e7\u00e3o, no Paraguai.<\/p>\n<p>No \u00faltimo s\u00e1bado (22), o Lan\u00fas, da Argentina, conquistou o bi da Sul-Americana ao superar o Atl\u00e9tico-MG nos p\u00eanaltis, ap\u00f3s empate sem gols no tempo normal e na prorroga\u00e7\u00e3o.<\/p>\n<p>Os est\u00e1dios ainda n\u00e3o foram anunciados. No caso de Barranquilla, o favorito \u00e9 o Metropolitano, casa do J\u00fanior Barranquilla e que tamb\u00e9m recebe jogos da sele\u00e7\u00e3o colombiana, com capacidade para 60 mil torcedores.<\/p>\n<p>J\u00e1 em Santa Cruz de la Sierra, o Ram\u00f3n Tahuichi Aguilera &#8211; que abriga as partidas de Oriente Petrolero, Blooming e Destroyers no Campeonato Boliviano &#8211; deve ter nova chance de abrigar a decis\u00e3o continental.<\/p>\n<p>O Metropolitano foi palco da final de 2018, entre J\u00fanior e Athletico-PR, na \u00faltima edi\u00e7\u00e3o em que a decis\u00e3o da Sul-Americana ocorreu em jogos de ida e volta. A segunda partida foi na Arena da Baixada, em Curitiba. Ap\u00f3s empates por 1 a 1, o Furac\u00e3o levantou a ta\u00e7a nos p\u00eanaltis.<\/p>\n<p>&#8220;Ambas designa\u00e7\u00f5es representam um reconhecimento ao compromisso destas cidades com o desenvolvimento do futebol sul-americano e abrir\u00e3o as portas a experi\u00eancias \u00fanicas para os aficionados, para as comunidades locais e os clubes protagonistas&#8221;, disse a Conmebol, em nota oficial.<\/p>\n","protected":false},"excerpt":{"rendered":"<p>A Confedera\u00e7\u00e3o Sul-Americana de Futebol (Conmebol) definiu Barranquilla, na Col\u00f4mbia, e Santa Cruz de la Sierra, na Bol\u00edvia, como sedes das finais da Copa Sul-Americana em 2026 e 2027, respectivamente. O an\u00fancio foi realizado nesta sexta-feira (28). A final de 2025 esteve marcada para Santa Cruz de la Sierra, mas como o Est\u00e1dio Ram\u00f3n Tahuichi [&hellip;]<\/p>\n","protected":false},"author":122,"featured_media":22766,"comment_status":"open","ping_status":"open","sticky":false,"template":"","format":"standard","meta":{"site-sidebar-layout":"default","site-content-layout":"","ast-site-content-layout":"","site-content-style":"default","site-sidebar-style":"default","ast-global-header-display":"","ast-banner-title-visibility":"","ast-main-header-display":"","ast-hfb-above-header-display":"","ast-hfb-below-header-display":"","ast-hfb-mobile-header-display":"","site-post-title":"","ast-breadcrumbs-content":"","ast-featured-img":"","footer-sml-layout":"","theme-transparent-header-meta":"","adv-header-id-meta":"","stick-header-meta":"","header-above-stick-meta":"","header-main-stick-meta":"","header-below-stick-meta":"","astra-migrate-meta-layouts":"default","ast-page-background-enabled":"default","ast-page-background-meta":{"desktop":{"background-color":"var(--ast-global-color-4)","background-image":"","background-repeat":"repeat","background-position":"center center","background-size":"auto","background-attachment":"scroll","background-type":"","background-media":"","overlay-type":"","overlay-color":"","overlay-opacity":"","overlay-gradient":""},"tablet":{"background-color":"","background-image":"","background-repeat":"repeat","background-position":"center center","background-size":"auto","background-attachment":"scroll","background-type":"","background-media":"","overlay-type":"","overlay-color":"","overlay-opacity":"","overlay-gradient":""},"mobile":{"background-color":"","background-image":"","background-repeat":"repeat","background-position":"center center","background-size":"auto","background-attachment":"scroll","background-type":"","background-media":"","overlay-type":"","overlay-color":"","overlay-opacity":"","overlay-gradient":""}},"ast-content-background-meta":{"desktop":{"background-color":"var(--ast-global-color-5)","background-image":"","background-repeat":"repeat","background-position":"center center","background-size":"auto","background-attachment":"scroll","background-type":"","background-media":"","overlay-type":"","overlay-color":"","overlay-opacity":"","overlay-gradient":""},"tablet":{"background-color":"var(--ast-global-color-5)","background-image":"","background-repeat":"repeat","background-position":"center center","background-size":"auto","background-attachment":"scroll","background-type":"","background-media":"","overlay-type":"","overlay-color":"","overlay-opacity":"","overlay-gradient":""},"mobile":{"background-color":"var(--ast-global-color-5)","background-image":"","background-repeat":"repeat","background-position":"center center","background-size":"auto","background-attachment":"scroll","background-type":"","background-media":"","overlay-type":"","overlay-color":"","overlay-opacity":"","overlay-gradient":""}},"footnotes":""},"categories":[40],"tags":[],"class_list":["post-22765","post","type-post","status-publish","format-standard","has-post-thumbnail","hentry","category-esportes"],"yoast_head":"<!-- This site is optimized with the Yoast SEO plugin v24.1 - https:\/\/yoast.com\/wordpress\/plugins\/seo\/ -->\n<title>Cidades de Col\u00f4mbia e Bol\u00edvia v\u00e3o receber finais da Sul-Americana - Julias Magazine<\/title>\n<meta name=\"robots\" content=\"index, follow, max-snippet:-1, max-image-preview:large, max-video-preview:-1\" \/>\n<link rel=\"canonical\" href=\"https:\/\/juliasmagazine.com.br\/?p=22765\" \/>\n<meta property=\"og:locale\" content=\"pt_BR\" \/>\n<meta property=\"og:type\" content=\"article\" \/>\n<meta property=\"og:title\" content=\"Cidades de Col\u00f4mbia e Bol\u00edvia v\u00e3o receber finais da Sul-Americana - Julias Magazine\" \/>\n<meta property=\"og:description\" content=\"A Confedera\u00e7\u00e3o Sul-Americana de Futebol (Conmebol) definiu Barranquilla, na Col\u00f4mbia, e Santa Cruz de la Sierra, na Bol\u00edvia, como sedes das finais da Copa Sul-Americana em 2026 e 2027, respectivamente. O an\u00fancio foi realizado nesta sexta-feira (28). A final de 2025 esteve marcada para Santa Cruz de la Sierra, mas como o Est\u00e1dio Ram\u00f3n Tahuichi [&hellip;]\" \/>\n<meta property=\"og:url\" content=\"https:\/\/juliasmagazine.com.br\/?p=22765\" \/>\n<meta property=\"og:site_name\" content=\"Julias Magazine\" \/>\n<meta property=\"article:published_time\" content=\"2025-11-28T23:46:47+00:00\" \/>\n<meta property=\"og:image\" content=\"https:\/\/agenciabrasil.ebc.com.br\/ebc.png?id=1670164&o=rss\" \/>\n<meta name=\"author\" content=\"Lincoln Chaves - Reporter da EBC\" \/>\n<meta name=\"twitter:card\" content=\"summary_large_image\" \/>\n<meta name=\"twitter:label1\" content=\"Escrito por\" \/>\n\t<meta name=\"twitter:data1\" content=\"Lincoln Chaves - Reporter da EBC\" \/>\n\t<meta name=\"twitter:label2\" content=\"Est. tempo de leitura\" \/>\n\t<meta name=\"twitter:data2\" content=\"1 minuto\" \/>\n<script type=\"application\/ld+json\" class=\"yoast-schema-graph\">{\"@context\":\"https:\/\/schema.org\",\"@graph\":[{\"@type\":\"Article\",\"@id\":\"https:\/\/juliasmagazine.com.br\/?p=22765#article\",\"isPartOf\":{\"@id\":\"https:\/\/juliasmagazine.com.br\/?p=22765\"},\"author\":{\"name\":\"Lincoln Chaves - Reporter da EBC\",\"@id\":\"https:\/\/juliasmagazine.com.br\/#\/schema\/person\/cac6f6ca8ae14e21ce40de3dcdc2afb3\"},\"headline\":\"Cidades de Col\u00f4mbia e Bol\u00edvia v\u00e3o receber finais da Sul-Americana\",\"datePublished\":\"2025-11-28T23:46:47+00:00\",\"dateModified\":\"2025-11-28T23:46:47+00:00\",\"mainEntityOfPage\":{\"@id\":\"https:\/\/juliasmagazine.com.br\/?p=22765\"},\"wordCount\":304,\"commentCount\":0,\"publisher\":{\"@id\":\"https:\/\/juliasmagazine.com.br\/#organization\"},\"image\":{\"@id\":\"https:\/\/juliasmagazine.com.br\/?p=22765#primaryimage\"},\"thumbnailUrl\":\"https:\/\/juliasmagazine.com.br\/wp-content\/uploads\/2025\/11\/22765-cidades-de-colombia-e-bolivia-vao-receber-finais-da-sul-americana.jpg\",\"articleSection\":[\"Esportes\"],\"inLanguage\":\"pt-BR\",\"potentialAction\":[{\"@type\":\"CommentAction\",\"name\":\"Comment\",\"target\":[\"https:\/\/juliasmagazine.com.br\/?p=22765#respond\"]}]},{\"@type\":\"WebPage\",\"@id\":\"https:\/\/juliasmagazine.com.br\/?p=22765\",\"url\":\"https:\/\/juliasmagazine.com.br\/?p=22765\",\"name\":\"Cidades de Col\u00f4mbia e Bol\u00edvia v\u00e3o receber finais da Sul-Americana - Julias Magazine\",\"isPartOf\":{\"@id\":\"https:\/\/juliasmagazine.com.br\/#website\"},\"primaryImageOfPage\":{\"@id\":\"https:\/\/juliasmagazine.com.br\/?p=22765#primaryimage\"},\"image\":{\"@id\":\"https:\/\/juliasmagazine.com.br\/?p=22765#primaryimage\"},\"thumbnailUrl\":\"https:\/\/juliasmagazine.com.br\/wp-content\/uploads\/2025\/11\/22765-cidades-de-colombia-e-bolivia-vao-receber-finais-da-sul-americana.jpg\",\"datePublished\":\"2025-11-28T23:46:47+00:00\",\"dateModified\":\"2025-11-28T23:46:47+00:00\",\"breadcrumb\":{\"@id\":\"https:\/\/juliasmagazine.com.br\/?p=22765#breadcrumb\"},\"inLanguage\":\"pt-BR\",\"potentialAction\":[{\"@type\":\"ReadAction\",\"target\":[\"https:\/\/juliasmagazine.com.br\/?p=22765\"]}]},{\"@type\":\"ImageObject\",\"inLanguage\":\"pt-BR\",\"@id\":\"https:\/\/juliasmagazine.com.br\/?p=22765#primaryimage\",\"url\":\"https:\/\/juliasmagazine.com.br\/wp-content\/uploads\/2025\/11\/22765-cidades-de-colombia-e-bolivia-vao-receber-finais-da-sul-americana.jpg\",\"contentUrl\":\"https:\/\/juliasmagazine.com.br\/wp-content\/uploads\/2025\/11\/22765-cidades-de-colombia-e-bolivia-vao-receber-finais-da-sul-americana.jpg\",\"width\":1600,\"height\":800,\"caption\":\"Cidades de Col\u00f4mbia e Bol\u00edvia v\u00e3o receber finais da Sul-Americana\"},{\"@type\":\"BreadcrumbList\",\"@id\":\"https:\/\/juliasmagazine.com.br\/?p=22765#breadcrumb\",\"itemListElement\":[{\"@type\":\"ListItem\",\"position\":1,\"name\":\"In\u00edcio\",\"item\":\"https:\/\/juliasmagazine.com.br\/\"},{\"@type\":\"ListItem\",\"position\":2,\"name\":\"Cidades de Col\u00f4mbia e Bol\u00edvia v\u00e3o receber finais da Sul-Americana\"}]},{\"@type\":\"WebSite\",\"@id\":\"https:\/\/juliasmagazine.com.br\/#website\",\"url\":\"https:\/\/juliasmagazine.com.br\/\",\"name\":\"Julias Magazine\",\"description\":\"A Sua revista eletr\u00f4nica de moda,politica ,viagens ,cultura ,gastronomia e finan\u00e7as. .\",\"publisher\":{\"@id\":\"https:\/\/juliasmagazine.com.br\/#organization\"},\"potentialAction\":[{\"@type\":\"SearchAction\",\"target\":{\"@type\":\"EntryPoint\",\"urlTemplate\":\"https:\/\/juliasmagazine.com.br\/?s={search_term_string}\"},\"query-input\":{\"@type\":\"PropertyValueSpecification\",\"valueRequired\":true,\"valueName\":\"search_term_string\"}}],\"inLanguage\":\"pt-BR\"},{\"@type\":\"Organization\",\"@id\":\"https:\/\/juliasmagazine.com.br\/#organization\",\"name\":\"Julias Magazine\",\"url\":\"https:\/\/juliasmagazine.com.br\/\",\"logo\":{\"@type\":\"ImageObject\",\"inLanguage\":\"pt-BR\",\"@id\":\"https:\/\/juliasmagazine.com.br\/#\/schema\/logo\/image\/\",\"url\":\"https:\/\/oquefazerembalneariocamboriu.com\/wp-content\/uploads\/2023\/02\/o-que-fazer-em-balneario-camboriu.jpg\",\"contentUrl\":\"https:\/\/oquefazerembalneariocamboriu.com\/wp-content\/uploads\/2023\/02\/o-que-fazer-em-balneario-camboriu.jpg\",\"width\":1200,\"height\":675,\"caption\":\"Julias Magazine\"},\"image\":{\"@id\":\"https:\/\/juliasmagazine.com.br\/#\/schema\/logo\/image\/\"}},{\"@type\":\"Person\",\"@id\":\"https:\/\/juliasmagazine.com.br\/#\/schema\/person\/cac6f6ca8ae14e21ce40de3dcdc2afb3\",\"name\":\"Lincoln Chaves - Reporter da EBC\",\"image\":{\"@type\":\"ImageObject\",\"inLanguage\":\"pt-BR\",\"@id\":\"https:\/\/juliasmagazine.com.br\/#\/schema\/person\/image\/\",\"url\":\"https:\/\/secure.gravatar.com\/avatar\/144b7b3f93de36ec7dc0b9ef7f3c41c22744a3c31b243d137719ee460b39c03e?s=96&d=mm&r=g\",\"contentUrl\":\"https:\/\/secure.gravatar.com\/avatar\/144b7b3f93de36ec7dc0b9ef7f3c41c22744a3c31b243d137719ee460b39c03e?s=96&d=mm&r=g\",\"caption\":\"Lincoln Chaves - Reporter da EBC\"},\"url\":\"https:\/\/juliasmagazine.com.br\/?author=122\"}]}<\/script>\n<!-- \/ Yoast SEO plugin. -->","yoast_head_json":{"title":"Cidades de Col\u00f4mbia e Bol\u00edvia v\u00e3o receber finais da Sul-Americana - Julias Magazine","robots":{"index":"index","follow":"follow","max-snippet":"max-snippet:-1","max-image-preview":"max-image-preview:large","max-video-preview":"max-video-preview:-1"},"canonical":"https:\/\/juliasmagazine.com.br\/?p=22765","og_locale":"pt_BR","og_type":"article","og_title":"Cidades de Col\u00f4mbia e Bol\u00edvia v\u00e3o receber finais da Sul-Americana - Julias Magazine","og_description":"A Confedera\u00e7\u00e3o Sul-Americana de Futebol (Conmebol) definiu Barranquilla, na Col\u00f4mbia, e Santa Cruz de la Sierra, na Bol\u00edvia, como sedes das finais da Copa Sul-Americana em 2026 e 2027, respectivamente. O an\u00fancio foi realizado nesta sexta-feira (28). A final de 2025 esteve marcada para Santa Cruz de la Sierra, mas como o Est\u00e1dio Ram\u00f3n Tahuichi [&hellip;]","og_url":"https:\/\/juliasmagazine.com.br\/?p=22765","og_site_name":"Julias Magazine","article_published_time":"2025-11-28T23:46:47+00:00","og_image":[{"url":"https:\/\/agenciabrasil.ebc.com.br\/ebc.png?id=1670164&o=rss","type":"","width":"","height":""}],"author":"Lincoln Chaves - Reporter da EBC","twitter_card":"summary_large_image","twitter_misc":{"Escrito por":"Lincoln Chaves - Reporter da EBC","Est. tempo de leitura":"1 minuto"},"schema":{"@context":"https:\/\/schema.org","@graph":[{"@type":"Article","@id":"https:\/\/juliasmagazine.com.br\/?p=22765#article","isPartOf":{"@id":"https:\/\/juliasmagazine.com.br\/?p=22765"},"author":{"name":"Lincoln Chaves - Reporter da EBC","@id":"https:\/\/juliasmagazine.com.br\/#\/schema\/person\/cac6f6ca8ae14e21ce40de3dcdc2afb3"},"headline":"Cidades de Col\u00f4mbia e Bol\u00edvia v\u00e3o receber finais da Sul-Americana","datePublished":"2025-11-28T23:46:47+00:00","dateModified":"2025-11-28T23:46:47+00:00","mainEntityOfPage":{"@id":"https:\/\/juliasmagazine.com.br\/?p=22765"},"wordCount":304,"commentCount":0,"publisher":{"@id":"https:\/\/juliasmagazine.com.br\/#organization"},"image":{"@id":"https:\/\/juliasmagazine.com.br\/?p=22765#primaryimage"},"thumbnailUrl":"https:\/\/juliasmagazine.com.br\/wp-content\/uploads\/2025\/11\/22765-cidades-de-colombia-e-bolivia-vao-receber-finais-da-sul-americana.jpg","articleSection":["Esportes"],"inLanguage":"pt-BR","potentialAction":[{"@type":"CommentAction","name":"Comment","target":["https:\/\/juliasmagazine.com.br\/?p=22765#respond"]}]},{"@type":"WebPage","@id":"https:\/\/juliasmagazine.com.br\/?p=22765","url":"https:\/\/juliasmagazine.com.br\/?p=22765","name":"Cidades de Col\u00f4mbia e Bol\u00edvia v\u00e3o receber finais da Sul-Americana - Julias Magazine","isPartOf":{"@id":"https:\/\/juliasmagazine.com.br\/#website"},"primaryImageOfPage":{"@id":"https:\/\/juliasmagazine.com.br\/?p=22765#primaryimage"},"image":{"@id":"https:\/\/juliasmagazine.com.br\/?p=22765#primaryimage"},"thumbnailUrl":"https:\/\/juliasmagazine.com.br\/wp-content\/uploads\/2025\/11\/22765-cidades-de-colombia-e-bolivia-vao-receber-finais-da-sul-americana.jpg","datePublished":"2025-11-28T23:46:47+00:00","dateModified":"2025-11-28T23:46:47+00:00","breadcrumb":{"@id":"https:\/\/juliasmagazine.com.br\/?p=22765#breadcrumb"},"inLanguage":"pt-BR","potentialAction":[{"@type":"ReadAction","target":["https:\/\/juliasmagazine.com.br\/?p=22765"]}]},{"@type":"ImageObject","inLanguage":"pt-BR","@id":"https:\/\/juliasmagazine.com.br\/?p=22765#primaryimage","url":"https:\/\/juliasmagazine.com.br\/wp-content\/uploads\/2025\/11\/22765-cidades-de-colombia-e-bolivia-vao-receber-finais-da-sul-americana.jpg","contentUrl":"https:\/\/juliasmagazine.com.br\/wp-content\/uploads\/2025\/11\/22765-cidades-de-colombia-e-bolivia-vao-receber-finais-da-sul-americana.jpg","width":1600,"height":800,"caption":"Cidades de Col\u00f4mbia e Bol\u00edvia v\u00e3o receber finais da Sul-Americana"},{"@type":"BreadcrumbList","@id":"https:\/\/juliasmagazine.com.br\/?p=22765#breadcrumb","itemListElement":[{"@type":"ListItem","position":1,"name":"In\u00edcio","item":"https:\/\/juliasmagazine.com.br\/"},{"@type":"ListItem","position":2,"name":"Cidades de Col\u00f4mbia e Bol\u00edvia v\u00e3o receber finais da Sul-Americana"}]},{"@type":"WebSite","@id":"https:\/\/juliasmagazine.com.br\/#website","url":"https:\/\/juliasmagazine.com.br\/","name":"Julias Magazine","description":"A Sua revista eletr\u00f4nica de moda,politica ,viagens ,cultura ,gastronomia e finan\u00e7as. .","publisher":{"@id":"https:\/\/juliasmagazine.com.br\/#organization"},"potentialAction":[{"@type":"SearchAction","target":{"@type":"EntryPoint","urlTemplate":"https:\/\/juliasmagazine.com.br\/?s={search_term_string}"},"query-input":{"@type":"PropertyValueSpecification","valueRequired":true,"valueName":"search_term_string"}}],"inLanguage":"pt-BR"},{"@type":"Organization","@id":"https:\/\/juliasmagazine.com.br\/#organization","name":"Julias Magazine","url":"https:\/\/juliasmagazine.com.br\/","logo":{"@type":"ImageObject","inLanguage":"pt-BR","@id":"https:\/\/juliasmagazine.com.br\/#\/schema\/logo\/image\/","url":"https:\/\/oquefazerembalneariocamboriu.com\/wp-content\/uploads\/2023\/02\/o-que-fazer-em-balneario-camboriu.jpg","contentUrl":"https:\/\/oquefazerembalneariocamboriu.com\/wp-content\/uploads\/2023\/02\/o-que-fazer-em-balneario-camboriu.jpg","width":1200,"height":675,"caption":"Julias Magazine"},"image":{"@id":"https:\/\/juliasmagazine.com.br\/#\/schema\/logo\/image\/"}},{"@type":"Person","@id":"https:\/\/juliasmagazine.com.br\/#\/schema\/person\/cac6f6ca8ae14e21ce40de3dcdc2afb3","name":"Lincoln Chaves - Reporter da EBC","image":{"@type":"ImageObject","inLanguage":"pt-BR","@id":"https:\/\/juliasmagazine.com.br\/#\/schema\/person\/image\/","url":"https:\/\/secure.gravatar.com\/avatar\/144b7b3f93de36ec7dc0b9ef7f3c41c22744a3c31b243d137719ee460b39c03e?s=96&d=mm&r=g","contentUrl":"https:\/\/secure.gravatar.com\/avatar\/144b7b3f93de36ec7dc0b9ef7f3c41c22744a3c31b243d137719ee460b39c03e?s=96&d=mm&r=g","caption":"Lincoln Chaves - Reporter da EBC"},"url":"https:\/\/juliasmagazine.com.br\/?author=122"}]}},"_links":{"self":[{"href":"https:\/\/juliasmagazine.com.br\/index.php?rest_route=\/wp\/v2\/posts\/22765","targetHints":{"allow":["GET"]}}],"collection":[{"href":"https:\/\/juliasmagazine.com.br\/index.php?rest_route=\/wp\/v2\/posts"}],"about":[{"href":"https:\/\/juliasmagazine.com.br\/index.php?rest_route=\/wp\/v2\/types\/post"}],"author":[{"embeddable":true,"href":"https:\/\/juliasmagazine.com.br\/index.php?rest_route=\/wp\/v2\/users\/122"}],"replies":[{"embeddable":true,"href":"https:\/\/juliasmagazine.com.br\/index.php?rest_route=%2Fwp%2Fv2%2Fcomments&post=22765"}],"version-history":[{"count":0,"href":"https:\/\/juliasmagazine.com.br\/index.php?rest_route=\/wp\/v2\/posts\/22765\/revisions"}],"wp:featuredmedia":[{"embeddable":true,"href":"https:\/\/juliasmagazine.com.br\/index.php?rest_route=\/wp\/v2\/media\/22766"}],"wp:attachment":[{"href":"https:\/\/juliasmagazine.com.br\/index.php?rest_route=%2Fwp%2Fv2%2Fmedia&parent=22765"}],"wp:term":[{"taxonomy":"category","embeddable":true,"href":"https:\/\/juliasmagazine.com.br\/index.php?rest_route=%2Fwp%2Fv2%2Fcategories&post=22765"},{"taxonomy":"post_tag","embeddable":true,"href":"https:\/\/juliasmagazine.com.br\/index.php?rest_route=%2Fwp%2Fv2%2Ftags&post=22765"}],"curies":[{"name":"wp","href":"https:\/\/api.w.org\/{rel}","templated":true}]}}