{"id":14781,"date":"2025-08-20T08:45:04","date_gmt":"2025-08-20T11:45:04","guid":{"rendered":"https:\/\/juliasmagazine.com.br\/?p=14781"},"modified":"2025-08-20T08:45:04","modified_gmt":"2025-08-20T11:45:04","slug":"zoologico-do-rio-reabre-ao-publico-nesta-quinta-apos-mortes-de-aves","status":"publish","type":"post","link":"https:\/\/juliasmagazine.com.br\/?p=14781","title":{"rendered":"Zool\u00f3gico do Rio reabre ao p\u00fablico nesta quinta ap\u00f3s mortes de aves"},"content":{"rendered":"<\/p>\n<p><a class=\"\" href=\"https:\/\/agenciabrasil.ebc.com.br\/saude\/noticia\/2025-08\/zoologico-do-rio-reabre-ao-publico-nesta-quinta-apos-mortes-de-aves\"><br \/>\n                    <img decoding=\"async\" src=\"https:\/\/cdn.jsdelivr.net\/gh\/sergiosdlima\/assets-ebc@1.0.0\/abr\/assets\/images\/logo-agenciabrasil.svg\" alt=\"Logo Ag\u00eancia Brasil\"><br \/>\n\t\t\t\t<\/a><\/p>\n<p><strong>Fechado temporariamente desde julho, por medida preventiva, ap\u00f3s a morte por gripe avi\u00e1ria de <a href=\"https:\/\/agenciabrasil.ebc.com.br\/geral\/noticia\/2025-07\/gripe-aviaria-mata-galinhas-dangola-no-rio\" target=\"_blank\">16 galinhas-d\u2019angola e 2 pav\u00f5es<\/a>, na \u00e1rea da Savana Africana, o Zool\u00f3gico do Rio de Janeiro, na Quinta da Boa Vista, na zona norte da capital fluminense, reabre ao p\u00fablico nesta quinta-feira (21).<\/strong><img decoding=\"async\" src=\"https:\/\/agenciabrasil.ebc.com.br\/ebc.png?id=1655056&#038;o=rss\"><img decoding=\"async\" src=\"https:\/\/agenciabrasil.ebc.com.br\/ebc.gif?id=1655056&#038;o=rss\"><\/p>\n<p>O an\u00fancio foi divulgado nessa ter\u00e7a-feira (19) pelo BioParque. No comunicado, o zool\u00f3gico informa que vai reabrir com mais seguran\u00e7a, \u201cap\u00f3s refor\u00e7ar os protocolos e monitoramento com acompanhamento da Secretaria de Agricultura do estado&#8221;.<\/p>\n<\/p>\n<h3>Not\u00edcias relacionadas:<\/h3>\n<ul>\n<li><a href=\"https:\/\/agenciabrasil.ebc.com.br\/economia\/noticia\/2025-07\/mapa-confirma-gripe-aviaria-em-aves-mortas-no-bioparque-do-rio\">Mapa confirma gripe avi\u00e1ria em aves mortas no Bioparque do Rio.<\/a><\/li>\n<li><a href=\"https:\/\/agenciabrasil.ebc.com.br\/geral\/noticia\/2025-05\/zoologico-de-brasilia-e-fechado-apos-suspeita-de-gripe-aviaria\">Zool\u00f3gico de Bras\u00edlia \u00e9 fechado ap\u00f3s suspeita de gripe avi\u00e1ria.<\/a><\/li>\n<li><a href=\"https:\/\/agenciabrasil.ebc.com.br\/saude\/noticia\/2025-07\/butantan-se-prepara-para-testar-vacina-contra-gripe-aviaria-em-humanos\">Butantan se prepara para testar vacina contra gripe avi\u00e1ria em humanos.<\/a><\/li>\n<\/ul>\n<p><strong>As mortes das aves foram registradas em 17 de julho, ap\u00f3s o servi\u00e7o veterin\u00e1rio da Secretaria de Agricultura, Pecu\u00e1ria e Abastecimento receber alerta sobre mortes s\u00fabitas de galinhas-d\u2019angola no local.<\/strong><\/p>\n<p>Em 22 de julho, o Laborat\u00f3rio Federal de Defesa Agropecu\u00e1ria de Campinas, em S\u00e3o Paulo, refer\u00eancia na Am\u00e9rica do Sul no diagn\u00f3stico do v\u00edrus, confirmou tratar-se do subtipo H5N1 da gripe avi\u00e1ria.<\/p>\n<p><strong><a href=\"https:\/\/agenciabrasil.ebc.com.br\/economia\/noticia\/2025-06\/brasil-se-declara-pais-livre-da-gripe-aviaria\" target=\"_blank\">>>Brasil se declara pa\u00eds livre da gripe avi\u00e1ria<\/a><\/strong><\/p>\n<h2>Promo\u00e7\u00e3o<\/h2>\n<p>O BioParque informou ainda uma promo\u00e7\u00e3o para crian\u00e7as at\u00e9 12 anos, que ter\u00e3o gratuidade em <a href=\"https:\/\/bioparquedorio.com.br\/\" target=\"_blank\">ingressos adquiridos pelo <em>site<\/em> at\u00e9 o dia 31 de agosto<\/a> pr\u00f3ximo.<\/p>\n<p><strong>Para comemorar a reabertura, haver\u00e1 uma programa\u00e7\u00e3o especial, no pr\u00f3ximo s\u00e1bado (23) e no domingo (24). <\/strong>A festa ter\u00e1 atra\u00e7\u00f5es circenses e atividades educativas sobre a gripe avi\u00e1ria, em parceria com a Superintend\u00eancia de Defesa Agropecu\u00e1ria do estado.<\/p>\n","protected":false},"excerpt":{"rendered":"<p>Fechado temporariamente desde julho, por medida preventiva, ap\u00f3s a morte por gripe avi\u00e1ria de 16 galinhas-d\u2019angola e 2 pav\u00f5es, na \u00e1rea da Savana Africana, o Zool\u00f3gico do Rio de Janeiro, na Quinta da Boa Vista, na zona norte da capital fluminense, reabre ao p\u00fablico nesta quinta-feira (21). O an\u00fancio foi divulgado nessa ter\u00e7a-feira (19) pelo [&hellip;]<\/p>\n","protected":false},"author":31,"featured_media":14782,"comment_status":"open","ping_status":"open","sticky":false,"template":"","format":"standard","meta":{"site-sidebar-layout":"default","site-content-layout":"","ast-site-content-layout":"","site-content-style":"default","site-sidebar-style":"default","ast-global-header-display":"","ast-banner-title-visibility":"","ast-main-header-display":"","ast-hfb-above-header-display":"","ast-hfb-below-header-display":"","ast-hfb-mobile-header-display":"","site-post-title":"","ast-breadcrumbs-content":"","ast-featured-img":"","footer-sml-layout":"","theme-transparent-header-meta":"","adv-header-id-meta":"","stick-header-meta":"","header-above-stick-meta":"","header-main-stick-meta":"","header-below-stick-meta":"","astra-migrate-meta-layouts":"default","ast-page-background-enabled":"default","ast-page-background-meta":{"desktop":{"background-color":"var(--ast-global-color-4)","background-image":"","background-repeat":"repeat","background-position":"center center","background-size":"auto","background-attachment":"scroll","background-type":"","background-media":"","overlay-type":"","overlay-color":"","overlay-opacity":"","overlay-gradient":""},"tablet":{"background-color":"","background-image":"","background-repeat":"repeat","background-position":"center center","background-size":"auto","background-attachment":"scroll","background-type":"","background-media":"","overlay-type":"","overlay-color":"","overlay-opacity":"","overlay-gradient":""},"mobile":{"background-color":"","background-image":"","background-repeat":"repeat","background-position":"center center","background-size":"auto","background-attachment":"scroll","background-type":"","background-media":"","overlay-type":"","overlay-color":"","overlay-opacity":"","overlay-gradient":""}},"ast-content-background-meta":{"desktop":{"background-color":"var(--ast-global-color-5)","background-image":"","background-repeat":"repeat","background-position":"center center","background-size":"auto","background-attachment":"scroll","background-type":"","background-media":"","overlay-type":"","overlay-color":"","overlay-opacity":"","overlay-gradient":""},"tablet":{"background-color":"var(--ast-global-color-5)","background-image":"","background-repeat":"repeat","background-position":"center center","background-size":"auto","background-attachment":"scroll","background-type":"","background-media":"","overlay-type":"","overlay-color":"","overlay-opacity":"","overlay-gradient":""},"mobile":{"background-color":"var(--ast-global-color-5)","background-image":"","background-repeat":"repeat","background-position":"center center","background-size":"auto","background-attachment":"scroll","background-type":"","background-media":"","overlay-type":"","overlay-color":"","overlay-opacity":"","overlay-gradient":""}},"footnotes":""},"categories":[11],"tags":[],"class_list":["post-14781","post","type-post","status-publish","format-standard","has-post-thumbnail","hentry","category-saude-e-bem-estar"],"yoast_head":"<!-- This site is optimized with the Yoast SEO plugin v24.1 - https:\/\/yoast.com\/wordpress\/plugins\/seo\/ -->\n<title>Zool\u00f3gico do Rio reabre ao p\u00fablico nesta quinta ap\u00f3s mortes de aves - Julias Magazine<\/title>\n<meta name=\"robots\" content=\"index, follow, max-snippet:-1, max-image-preview:large, max-video-preview:-1\" \/>\n<link rel=\"canonical\" href=\"https:\/\/juliasmagazine.com.br\/?p=14781\" \/>\n<meta property=\"og:locale\" content=\"pt_BR\" \/>\n<meta property=\"og:type\" content=\"article\" \/>\n<meta property=\"og:title\" content=\"Zool\u00f3gico do Rio reabre ao p\u00fablico nesta quinta ap\u00f3s mortes de aves - Julias Magazine\" \/>\n<meta property=\"og:description\" content=\"Fechado temporariamente desde julho, por medida preventiva, ap\u00f3s a morte por gripe avi\u00e1ria de 16 galinhas-d\u2019angola e 2 pav\u00f5es, na \u00e1rea da Savana Africana, o Zool\u00f3gico do Rio de Janeiro, na Quinta da Boa Vista, na zona norte da capital fluminense, reabre ao p\u00fablico nesta quinta-feira (21). O an\u00fancio foi divulgado nessa ter\u00e7a-feira (19) pelo [&hellip;]\" \/>\n<meta property=\"og:url\" content=\"https:\/\/juliasmagazine.com.br\/?p=14781\" \/>\n<meta property=\"og:site_name\" content=\"Julias Magazine\" \/>\n<meta property=\"article:published_time\" content=\"2025-08-20T11:45:04+00:00\" \/>\n<meta property=\"og:image\" content=\"https:\/\/cdn.jsdelivr.net\/gh\/sergiosdlima\/assets-ebc@1.0.0\/abr\/assets\/images\/logo-agenciabrasil.svg\" \/>\n<meta name=\"author\" content=\"Douglas Correa - Reporter da Agencia Brasil\" \/>\n<meta name=\"twitter:card\" content=\"summary_large_image\" \/>\n<meta name=\"twitter:label1\" content=\"Escrito por\" \/>\n\t<meta name=\"twitter:data1\" content=\"Douglas Correa - Reporter da Agencia Brasil\" \/>\n\t<meta name=\"twitter:label2\" content=\"Est. tempo de leitura\" \/>\n\t<meta name=\"twitter:data2\" content=\"1 minuto\" \/>\n<script type=\"application\/ld+json\" class=\"yoast-schema-graph\">{\"@context\":\"https:\/\/schema.org\",\"@graph\":[{\"@type\":\"Article\",\"@id\":\"https:\/\/juliasmagazine.com.br\/?p=14781#article\",\"isPartOf\":{\"@id\":\"https:\/\/juliasmagazine.com.br\/?p=14781\"},\"author\":{\"name\":\"Douglas Correa - Reporter da Agencia Brasil\",\"@id\":\"https:\/\/juliasmagazine.com.br\/#\/schema\/person\/1b971d6b59e523d662f9aa6bf93bfc7f\"},\"headline\":\"Zool\u00f3gico do Rio reabre ao p\u00fablico nesta quinta ap\u00f3s mortes de aves\",\"datePublished\":\"2025-08-20T11:45:04+00:00\",\"dateModified\":\"2025-08-20T11:45:04+00:00\",\"mainEntityOfPage\":{\"@id\":\"https:\/\/juliasmagazine.com.br\/?p=14781\"},\"wordCount\":302,\"commentCount\":0,\"publisher\":{\"@id\":\"https:\/\/juliasmagazine.com.br\/#organization\"},\"image\":{\"@id\":\"https:\/\/juliasmagazine.com.br\/?p=14781#primaryimage\"},\"thumbnailUrl\":\"https:\/\/juliasmagazine.com.br\/wp-content\/uploads\/2025\/08\/14781-zoologico-do-rio-reabre-ao-publico-nesta-quinta-apos-mortes-de-aves.jpeg\",\"articleSection\":[\"Sa\u00fade e Bem-Estar\"],\"inLanguage\":\"pt-BR\",\"potentialAction\":[{\"@type\":\"CommentAction\",\"name\":\"Comment\",\"target\":[\"https:\/\/juliasmagazine.com.br\/?p=14781#respond\"]}]},{\"@type\":\"WebPage\",\"@id\":\"https:\/\/juliasmagazine.com.br\/?p=14781\",\"url\":\"https:\/\/juliasmagazine.com.br\/?p=14781\",\"name\":\"Zool\u00f3gico do Rio reabre ao p\u00fablico nesta quinta ap\u00f3s mortes de aves - Julias Magazine\",\"isPartOf\":{\"@id\":\"https:\/\/juliasmagazine.com.br\/#website\"},\"primaryImageOfPage\":{\"@id\":\"https:\/\/juliasmagazine.com.br\/?p=14781#primaryimage\"},\"image\":{\"@id\":\"https:\/\/juliasmagazine.com.br\/?p=14781#primaryimage\"},\"thumbnailUrl\":\"https:\/\/juliasmagazine.com.br\/wp-content\/uploads\/2025\/08\/14781-zoologico-do-rio-reabre-ao-publico-nesta-quinta-apos-mortes-de-aves.jpeg\",\"datePublished\":\"2025-08-20T11:45:04+00:00\",\"dateModified\":\"2025-08-20T11:45:04+00:00\",\"breadcrumb\":{\"@id\":\"https:\/\/juliasmagazine.com.br\/?p=14781#breadcrumb\"},\"inLanguage\":\"pt-BR\",\"potentialAction\":[{\"@type\":\"ReadAction\",\"target\":[\"https:\/\/juliasmagazine.com.br\/?p=14781\"]}]},{\"@type\":\"ImageObject\",\"inLanguage\":\"pt-BR\",\"@id\":\"https:\/\/juliasmagazine.com.br\/?p=14781#primaryimage\",\"url\":\"https:\/\/juliasmagazine.com.br\/wp-content\/uploads\/2025\/08\/14781-zoologico-do-rio-reabre-ao-publico-nesta-quinta-apos-mortes-de-aves.jpeg\",\"contentUrl\":\"https:\/\/juliasmagazine.com.br\/wp-content\/uploads\/2025\/08\/14781-zoologico-do-rio-reabre-ao-publico-nesta-quinta-apos-mortes-de-aves.jpeg\",\"width\":1600,\"height\":800,\"caption\":\"Zool\u00f3gico do Rio reabre ao p\u00fablico nesta quinta ap\u00f3s mortes de aves\"},{\"@type\":\"BreadcrumbList\",\"@id\":\"https:\/\/juliasmagazine.com.br\/?p=14781#breadcrumb\",\"itemListElement\":[{\"@type\":\"ListItem\",\"position\":1,\"name\":\"In\u00edcio\",\"item\":\"https:\/\/juliasmagazine.com.br\/\"},{\"@type\":\"ListItem\",\"position\":2,\"name\":\"Zool\u00f3gico do Rio reabre ao p\u00fablico nesta quinta ap\u00f3s mortes de aves\"}]},{\"@type\":\"WebSite\",\"@id\":\"https:\/\/juliasmagazine.com.br\/#website\",\"url\":\"https:\/\/juliasmagazine.com.br\/\",\"name\":\"Julias Magazine\",\"description\":\"A Sua revista eletr\u00f4nica de moda,politica ,viagens ,cultura ,gastronomia e finan\u00e7as. .\",\"publisher\":{\"@id\":\"https:\/\/juliasmagazine.com.br\/#organization\"},\"potentialAction\":[{\"@type\":\"SearchAction\",\"target\":{\"@type\":\"EntryPoint\",\"urlTemplate\":\"https:\/\/juliasmagazine.com.br\/?s={search_term_string}\"},\"query-input\":{\"@type\":\"PropertyValueSpecification\",\"valueRequired\":true,\"valueName\":\"search_term_string\"}}],\"inLanguage\":\"pt-BR\"},{\"@type\":\"Organization\",\"@id\":\"https:\/\/juliasmagazine.com.br\/#organization\",\"name\":\"Julias Magazine\",\"url\":\"https:\/\/juliasmagazine.com.br\/\",\"logo\":{\"@type\":\"ImageObject\",\"inLanguage\":\"pt-BR\",\"@id\":\"https:\/\/juliasmagazine.com.br\/#\/schema\/logo\/image\/\",\"url\":\"https:\/\/oquefazerembalneariocamboriu.com\/wp-content\/uploads\/2023\/02\/o-que-fazer-em-balneario-camboriu.jpg\",\"contentUrl\":\"https:\/\/oquefazerembalneariocamboriu.com\/wp-content\/uploads\/2023\/02\/o-que-fazer-em-balneario-camboriu.jpg\",\"width\":1200,\"height\":675,\"caption\":\"Julias Magazine\"},\"image\":{\"@id\":\"https:\/\/juliasmagazine.com.br\/#\/schema\/logo\/image\/\"}},{\"@type\":\"Person\",\"@id\":\"https:\/\/juliasmagazine.com.br\/#\/schema\/person\/1b971d6b59e523d662f9aa6bf93bfc7f\",\"name\":\"Douglas Correa - Reporter da Agencia Brasil\",\"image\":{\"@type\":\"ImageObject\",\"inLanguage\":\"pt-BR\",\"@id\":\"https:\/\/juliasmagazine.com.br\/#\/schema\/person\/image\/\",\"url\":\"https:\/\/secure.gravatar.com\/avatar\/c02bf475f0415e10e5afa547e81d79d97f6acf4d00377019219c2586a6469f37?s=96&d=mm&r=g\",\"contentUrl\":\"https:\/\/secure.gravatar.com\/avatar\/c02bf475f0415e10e5afa547e81d79d97f6acf4d00377019219c2586a6469f37?s=96&d=mm&r=g\",\"caption\":\"Douglas Correa - Reporter da Agencia Brasil\"},\"url\":\"https:\/\/juliasmagazine.com.br\/?author=31\"}]}<\/script>\n<!-- \/ Yoast SEO plugin. -->","yoast_head_json":{"title":"Zool\u00f3gico do Rio reabre ao p\u00fablico nesta quinta ap\u00f3s mortes de aves - Julias Magazine","robots":{"index":"index","follow":"follow","max-snippet":"max-snippet:-1","max-image-preview":"max-image-preview:large","max-video-preview":"max-video-preview:-1"},"canonical":"https:\/\/juliasmagazine.com.br\/?p=14781","og_locale":"pt_BR","og_type":"article","og_title":"Zool\u00f3gico do Rio reabre ao p\u00fablico nesta quinta ap\u00f3s mortes de aves - Julias Magazine","og_description":"Fechado temporariamente desde julho, por medida preventiva, ap\u00f3s a morte por gripe avi\u00e1ria de 16 galinhas-d\u2019angola e 2 pav\u00f5es, na \u00e1rea da Savana Africana, o Zool\u00f3gico do Rio de Janeiro, na Quinta da Boa Vista, na zona norte da capital fluminense, reabre ao p\u00fablico nesta quinta-feira (21). O an\u00fancio foi divulgado nessa ter\u00e7a-feira (19) pelo [&hellip;]","og_url":"https:\/\/juliasmagazine.com.br\/?p=14781","og_site_name":"Julias Magazine","article_published_time":"2025-08-20T11:45:04+00:00","og_image":[{"url":"https:\/\/cdn.jsdelivr.net\/gh\/sergiosdlima\/assets-ebc@1.0.0\/abr\/assets\/images\/logo-agenciabrasil.svg","type":"","width":"","height":""}],"author":"Douglas Correa - Reporter da Agencia Brasil","twitter_card":"summary_large_image","twitter_misc":{"Escrito por":"Douglas Correa - Reporter da Agencia Brasil","Est. tempo de leitura":"1 minuto"},"schema":{"@context":"https:\/\/schema.org","@graph":[{"@type":"Article","@id":"https:\/\/juliasmagazine.com.br\/?p=14781#article","isPartOf":{"@id":"https:\/\/juliasmagazine.com.br\/?p=14781"},"author":{"name":"Douglas Correa - Reporter da Agencia Brasil","@id":"https:\/\/juliasmagazine.com.br\/#\/schema\/person\/1b971d6b59e523d662f9aa6bf93bfc7f"},"headline":"Zool\u00f3gico do Rio reabre ao p\u00fablico nesta quinta ap\u00f3s mortes de aves","datePublished":"2025-08-20T11:45:04+00:00","dateModified":"2025-08-20T11:45:04+00:00","mainEntityOfPage":{"@id":"https:\/\/juliasmagazine.com.br\/?p=14781"},"wordCount":302,"commentCount":0,"publisher":{"@id":"https:\/\/juliasmagazine.com.br\/#organization"},"image":{"@id":"https:\/\/juliasmagazine.com.br\/?p=14781#primaryimage"},"thumbnailUrl":"https:\/\/juliasmagazine.com.br\/wp-content\/uploads\/2025\/08\/14781-zoologico-do-rio-reabre-ao-publico-nesta-quinta-apos-mortes-de-aves.jpeg","articleSection":["Sa\u00fade e Bem-Estar"],"inLanguage":"pt-BR","potentialAction":[{"@type":"CommentAction","name":"Comment","target":["https:\/\/juliasmagazine.com.br\/?p=14781#respond"]}]},{"@type":"WebPage","@id":"https:\/\/juliasmagazine.com.br\/?p=14781","url":"https:\/\/juliasmagazine.com.br\/?p=14781","name":"Zool\u00f3gico do Rio reabre ao p\u00fablico nesta quinta ap\u00f3s mortes de aves - Julias Magazine","isPartOf":{"@id":"https:\/\/juliasmagazine.com.br\/#website"},"primaryImageOfPage":{"@id":"https:\/\/juliasmagazine.com.br\/?p=14781#primaryimage"},"image":{"@id":"https:\/\/juliasmagazine.com.br\/?p=14781#primaryimage"},"thumbnailUrl":"https:\/\/juliasmagazine.com.br\/wp-content\/uploads\/2025\/08\/14781-zoologico-do-rio-reabre-ao-publico-nesta-quinta-apos-mortes-de-aves.jpeg","datePublished":"2025-08-20T11:45:04+00:00","dateModified":"2025-08-20T11:45:04+00:00","breadcrumb":{"@id":"https:\/\/juliasmagazine.com.br\/?p=14781#breadcrumb"},"inLanguage":"pt-BR","potentialAction":[{"@type":"ReadAction","target":["https:\/\/juliasmagazine.com.br\/?p=14781"]}]},{"@type":"ImageObject","inLanguage":"pt-BR","@id":"https:\/\/juliasmagazine.com.br\/?p=14781#primaryimage","url":"https:\/\/juliasmagazine.com.br\/wp-content\/uploads\/2025\/08\/14781-zoologico-do-rio-reabre-ao-publico-nesta-quinta-apos-mortes-de-aves.jpeg","contentUrl":"https:\/\/juliasmagazine.com.br\/wp-content\/uploads\/2025\/08\/14781-zoologico-do-rio-reabre-ao-publico-nesta-quinta-apos-mortes-de-aves.jpeg","width":1600,"height":800,"caption":"Zool\u00f3gico do Rio reabre ao p\u00fablico nesta quinta ap\u00f3s mortes de aves"},{"@type":"BreadcrumbList","@id":"https:\/\/juliasmagazine.com.br\/?p=14781#breadcrumb","itemListElement":[{"@type":"ListItem","position":1,"name":"In\u00edcio","item":"https:\/\/juliasmagazine.com.br\/"},{"@type":"ListItem","position":2,"name":"Zool\u00f3gico do Rio reabre ao p\u00fablico nesta quinta ap\u00f3s mortes de aves"}]},{"@type":"WebSite","@id":"https:\/\/juliasmagazine.com.br\/#website","url":"https:\/\/juliasmagazine.com.br\/","name":"Julias Magazine","description":"A Sua revista eletr\u00f4nica de moda,politica ,viagens ,cultura ,gastronomia e finan\u00e7as. .","publisher":{"@id":"https:\/\/juliasmagazine.com.br\/#organization"},"potentialAction":[{"@type":"SearchAction","target":{"@type":"EntryPoint","urlTemplate":"https:\/\/juliasmagazine.com.br\/?s={search_term_string}"},"query-input":{"@type":"PropertyValueSpecification","valueRequired":true,"valueName":"search_term_string"}}],"inLanguage":"pt-BR"},{"@type":"Organization","@id":"https:\/\/juliasmagazine.com.br\/#organization","name":"Julias Magazine","url":"https:\/\/juliasmagazine.com.br\/","logo":{"@type":"ImageObject","inLanguage":"pt-BR","@id":"https:\/\/juliasmagazine.com.br\/#\/schema\/logo\/image\/","url":"https:\/\/oquefazerembalneariocamboriu.com\/wp-content\/uploads\/2023\/02\/o-que-fazer-em-balneario-camboriu.jpg","contentUrl":"https:\/\/oquefazerembalneariocamboriu.com\/wp-content\/uploads\/2023\/02\/o-que-fazer-em-balneario-camboriu.jpg","width":1200,"height":675,"caption":"Julias Magazine"},"image":{"@id":"https:\/\/juliasmagazine.com.br\/#\/schema\/logo\/image\/"}},{"@type":"Person","@id":"https:\/\/juliasmagazine.com.br\/#\/schema\/person\/1b971d6b59e523d662f9aa6bf93bfc7f","name":"Douglas Correa - Reporter da Agencia Brasil","image":{"@type":"ImageObject","inLanguage":"pt-BR","@id":"https:\/\/juliasmagazine.com.br\/#\/schema\/person\/image\/","url":"https:\/\/secure.gravatar.com\/avatar\/c02bf475f0415e10e5afa547e81d79d97f6acf4d00377019219c2586a6469f37?s=96&d=mm&r=g","contentUrl":"https:\/\/secure.gravatar.com\/avatar\/c02bf475f0415e10e5afa547e81d79d97f6acf4d00377019219c2586a6469f37?s=96&d=mm&r=g","caption":"Douglas Correa - Reporter da Agencia Brasil"},"url":"https:\/\/juliasmagazine.com.br\/?author=31"}]}},"_links":{"self":[{"href":"https:\/\/juliasmagazine.com.br\/index.php?rest_route=\/wp\/v2\/posts\/14781","targetHints":{"allow":["GET"]}}],"collection":[{"href":"https:\/\/juliasmagazine.com.br\/index.php?rest_route=\/wp\/v2\/posts"}],"about":[{"href":"https:\/\/juliasmagazine.com.br\/index.php?rest_route=\/wp\/v2\/types\/post"}],"author":[{"embeddable":true,"href":"https:\/\/juliasmagazine.com.br\/index.php?rest_route=\/wp\/v2\/users\/31"}],"replies":[{"embeddable":true,"href":"https:\/\/juliasmagazine.com.br\/index.php?rest_route=%2Fwp%2Fv2%2Fcomments&post=14781"}],"version-history":[{"count":0,"href":"https:\/\/juliasmagazine.com.br\/index.php?rest_route=\/wp\/v2\/posts\/14781\/revisions"}],"wp:featuredmedia":[{"embeddable":true,"href":"https:\/\/juliasmagazine.com.br\/index.php?rest_route=\/wp\/v2\/media\/14782"}],"wp:attachment":[{"href":"https:\/\/juliasmagazine.com.br\/index.php?rest_route=%2Fwp%2Fv2%2Fmedia&parent=14781"}],"wp:term":[{"taxonomy":"category","embeddable":true,"href":"https:\/\/juliasmagazine.com.br\/index.php?rest_route=%2Fwp%2Fv2%2Fcategories&post=14781"},{"taxonomy":"post_tag","embeddable":true,"href":"https:\/\/juliasmagazine.com.br\/index.php?rest_route=%2Fwp%2Fv2%2Ftags&post=14781"}],"curies":[{"name":"wp","href":"https:\/\/api.w.org\/{rel}","templated":true}]}}