{"id":12977,"date":"2025-07-24T18:14:40","date_gmt":"2025-07-24T21:14:40","guid":{"rendered":"https:\/\/juliasmagazine.com.br\/?p=12977"},"modified":"2025-07-24T18:14:40","modified_gmt":"2025-07-24T21:14:40","slug":"pm-indiciara-policiais-acusados-de-estuprar-indigena","status":"publish","type":"post","link":"https:\/\/juliasmagazine.com.br\/?p=12977","title":{"rendered":"PM indiciar\u00e1 policiais acusados de estuprar ind\u00edgena"},"content":{"rendered":"<\/p>\n<p><a class=\"\" href=\"https:\/\/agenciabrasil.ebc.com.br\/geral\/noticia\/2025-07\/pm-indiciara-policiais-acusados-de-estuprar-indigena\"><br \/>\n                    <img decoding=\"async\" src=\"https:\/\/cdn.jsdelivr.net\/gh\/sergiosdlima\/assets-ebc@1.0.0\/abr\/assets\/images\/logo-agenciabrasil.svg\" alt=\"Logo Ag\u00eancia Brasil\"><br \/>\n\t\t\t\t<\/a><\/p>\n<p><strong>A Pol\u00edcia Militar do Amazonas vai indiciar quatro policiais militares acusados de estuprar uma ind\u00edgena de 29 anos que passou nove meses presa em uma delegacia de Santo Ant\u00f4nio do I\u00e7\u00e1, no sudoeste amazonense.<\/strong><img decoding=\"async\" src=\"https:\/\/agenciabrasil.ebc.com.br\/ebc.png?id=1651891&#038;o=rss\"><img decoding=\"async\" src=\"https:\/\/agenciabrasil.ebc.com.br\/ebc.gif?id=1651891&#038;o=rss\"><\/p>\n<p>Segundo a corpora\u00e7\u00e3o, o Inqu\u00e9rito Policial Militar (IPM) instaurado para aprofundar as investiga\u00e7\u00f5es das den\u00fancias est\u00e1 sendo finalizado, mas h\u00e1 provas suficientes de que os abusos relatados pela mulher podem, de fato, ter ocorrido. A identidade da denunciante est\u00e1 sendo preservada por raz\u00e3o de seguran\u00e7a.\u00a0<\/p>\n<\/p>\n<h3>Not\u00edcias relacionadas:<\/h3>\n<ul>\n<li><a href=\"https:\/\/agenciabrasil.ebc.com.br\/geral\/noticia\/2025-06\/policia-investiga-crimes-de-estupro-e-tortura-em-nove-estados\">Pol\u00edcia investiga crimes de estupro e tortura em nove estados .<\/a><\/li>\n<li><a href=\"https:\/\/agenciabrasil.ebc.com.br\/justica\/noticia\/2025-06\/justica-do-rio-condena-medico-que-estuprou-mulheres-na-sala-de-parto\">Justi\u00e7a do Rio condena m\u00e9dico que estuprou mulheres na sala de parto.<\/a><\/li>\n<li><a href=\"https:\/\/agenciabrasil.ebc.com.br\/geral\/noticia\/2025-04\/faculdade-paulista-expulsa-12-alunos-por-faixa-em-alusao-estupro\">Faculdade paulista expulsa 12 alunos por faixa em alus\u00e3o a estupro.<\/a><\/li>\n<\/ul>\n<p><strong>Com o indiciamento, os quatro policiais militares acusados de estuprar a jovem ind\u00edgena da etnia Kokama ser\u00e3o formalmente considerados\u00a0suspeitos na investiga\u00e7\u00e3o criminal. Caber\u00e1 ao Minist\u00e9rio P\u00fablico estadual avaliar se os ind\u00edcios reunidos pelos investigadores s\u00e3o suficientes para sustentar uma den\u00fancia \u00e0 justi\u00e7a \u2013 a partir da qual os policiais se tornariam r\u00e9us em um processo criminal.<\/strong><\/p>\n<p><a href=\"https:\/\/www.whatsapp.com\/channel\/0029VaoRTgrInlqYLSk59B2M\" target=\"_blank\">>> Siga o canal da<strong> Ag\u00eancia Brasil <\/strong>no WhatsApp<\/a><\/p>\n<h2>Expuls\u00e3o<\/h2>\n<p>Al\u00e9m de serem indiciados, os quatro agentes j\u00e1 est\u00e3o respondendo a um procedimento administrativo disciplinar que pode resultar nas suas expuls\u00f5es da institui\u00e7\u00e3o.<\/p>\n<p><strong>Suas identidades n\u00e3o foram reveladas, mas a PM assegura que eles foram remanejados para realizar fun\u00e7\u00f5es administrativas at\u00e9 a conclus\u00e3o da apura\u00e7\u00e3o, e que suas armas funcionais foram recolhidas.<\/strong><\/p>\n<p><strong>\u201cO Comando da Pol\u00edcia Militar repudia fortemente os atos relatados pela v\u00edtima e refor\u00e7a que n\u00e3o compactua com quaisquer condutas que fujam aos princ\u00edpios da legalidade\u201d, informa a corpora\u00e7\u00e3o, em nota.<\/strong><\/p>\n<p>Al\u00e9m do IPM &#8211; procedimento investigativo que as corpora\u00e7\u00f5es militares utilizam para apurar os crimes de seus pr\u00f3prios integrantes &#8211; h\u00e1 um inqu\u00e9rito policial em curso, a cargo da Delegacia Especializada em Crimes Contra a Mulher (Deccm), da Pol\u00edcia Civil, e um procedimento aberto pela Corregedoria-Geral de Justi\u00e7a.<\/p>\n<h2>Entenda o Caso<\/h2>\n<p><a href=\"https:\/\/agenciabrasil.ebc.com.br\/direitos-humanos\/noticia\/2025-07\/indigena-afirma-ter-sido-estuprada-por-policiais-em-delegacia-do-amazonas\" target=\"_blank\">As acusa\u00e7\u00f5es da ind\u00edgena contra os quatro policiais militares e um guarda municipal<\/a> foram reveladas no \u00faltimo dia 18, pelo jornalista Rubens Valente, no site de not\u00edcias Suma\u00fama, e confirmadas\u00a0pela<strong> Ag\u00eancia Brasil<\/strong> nessa quarta-feira (23).<\/p>\n<p>A mulher que, atualmente, cumpre pena pelo crime de homic\u00eddio na Cadeia P\u00fablica Feminina de Manaus, afirma ter sido estuprada pelos cinco agentes da seguran\u00e7a p\u00fablica entre novembro de 2022 e agosto de 2023, per\u00edodo que ela esteve detida na 53\u00aa Delegacia de Santo Ant\u00f4nio do I\u00e7\u00e1, \u00e0 espera de ser transferida para Manaus.<\/p>\n<p>Documentos oficiais comprovam que, durante os nove meses que esteve presa em Santo Ant\u00f4nio do I\u00e7\u00e1, a mulher teve que dividir um espa\u00e7o improvisado com presos do sexo masculino, pois a cidade n\u00e3o disp\u00f5e de um local para segregar mulheres em restri\u00e7\u00e3o de liberdade. Al\u00e9m disso, a mulher tamb\u00e9m manteve consigo, na cela improvisada, por cerca de dois meses, o filho rec\u00e9m-nascido.<\/p>\n<h2>Condena\u00e7\u00e3o<\/h2>\n<p>O advogado da denunciante, Dacimar de Souza, contou \u00e0 <strong>Ag\u00eancia Brasil<\/strong> que sua cliente foi condenada pela acusa\u00e7\u00e3o de, junto com outra mulher, ter matado uma adolescente de 16 anos, em Manaus, em 2018.<\/p>\n<p>Ainda segundo Souza, em 2020 a Justi\u00e7a a autorizou a cumprir sua pena em pris\u00e3o domiciliar e ela deixou Manaus para viver com sua m\u00e3e, em Santo Ant\u00f4nio do I\u00e7\u00e1, onde voltou a ser presa em novembro de 2022, por for\u00e7a de um novo mandado de pris\u00e3o sobre o qual ela garante n\u00e3o ter sido informada.<\/p>\n<h2>Cela improvisada<\/h2>\n<blockquote>\n<p>\u201cComo na cidade a pol\u00edcia n\u00e3o tinha onde colocar minha cliente, que j\u00e1 tinha sido condenada [pela Justi\u00e7a], o gestor decidiu mant\u00ea-la em uma cela improvisada em um corredor, junto com presos do sexo masculino de menor periculosidade. E ali ela permaneceu por nove meses, porque, apesar de o delegado pedir urg\u00eancia na transfer\u00eancia da minha cliente para a capital, a Seap [Secretaria estadual de Administra\u00e7\u00e3o Penitenci\u00e1ria] alegou dificuldades log\u00edsticas e financeiras para efetivar a transfer\u00eancia\u201d, afirmou Souza, ponderando que, nestas circunst\u00e2ncias, a presen\u00e7a de um beb\u00ea na cela improvisada, junto com outros presos, foi a forma encontrada para possibilitar que a m\u00e3e pudesse amament\u00e1-lo<\/p>\n<\/blockquote>\n<p>\u201c<strong>Al\u00e9m disso, a fam\u00edlia da minha cliente n\u00e3o tem condi\u00e7\u00f5es financeiras de cuidar desta crian\u00e7a que necessitava da m\u00e3e e que n\u00e3o tinha mais com quem ficar\u201d, comentou o advogado, revelando desconhecer se tal \u201csolu\u00e7\u00e3o\u201d foi autorizada pelo Poder Judici\u00e1rio, embora tenha sido verificada por um magistrado que inspecionou a delegacia.\u00a0<\/strong><\/p>\n","protected":false},"excerpt":{"rendered":"<p>A Pol\u00edcia Militar do Amazonas vai indiciar quatro policiais militares acusados de estuprar uma ind\u00edgena de 29 anos que passou nove meses presa em uma delegacia de Santo Ant\u00f4nio do I\u00e7\u00e1, no sudoeste amazonense. Segundo a corpora\u00e7\u00e3o, o Inqu\u00e9rito Policial Militar (IPM) instaurado para aprofundar as investiga\u00e7\u00f5es das den\u00fancias est\u00e1 sendo finalizado, mas h\u00e1 provas [&hellip;]<\/p>\n","protected":false},"author":70,"featured_media":12978,"comment_status":"open","ping_status":"open","sticky":false,"template":"","format":"standard","meta":{"site-sidebar-layout":"default","site-content-layout":"","ast-site-content-layout":"","site-content-style":"default","site-sidebar-style":"default","ast-global-header-display":"","ast-banner-title-visibility":"","ast-main-header-display":"","ast-hfb-above-header-display":"","ast-hfb-below-header-display":"","ast-hfb-mobile-header-display":"","site-post-title":"","ast-breadcrumbs-content":"","ast-featured-img":"","footer-sml-layout":"","theme-transparent-header-meta":"","adv-header-id-meta":"","stick-header-meta":"","header-above-stick-meta":"","header-main-stick-meta":"","header-below-stick-meta":"","astra-migrate-meta-layouts":"default","ast-page-background-enabled":"default","ast-page-background-meta":{"desktop":{"background-color":"var(--ast-global-color-4)","background-image":"","background-repeat":"repeat","background-position":"center center","background-size":"auto","background-attachment":"scroll","background-type":"","background-media":"","overlay-type":"","overlay-color":"","overlay-opacity":"","overlay-gradient":""},"tablet":{"background-color":"","background-image":"","background-repeat":"repeat","background-position":"center center","background-size":"auto","background-attachment":"scroll","background-type":"","background-media":"","overlay-type":"","overlay-color":"","overlay-opacity":"","overlay-gradient":""},"mobile":{"background-color":"","background-image":"","background-repeat":"repeat","background-position":"center center","background-size":"auto","background-attachment":"scroll","background-type":"","background-media":"","overlay-type":"","overlay-color":"","overlay-opacity":"","overlay-gradient":""}},"ast-content-background-meta":{"desktop":{"background-color":"var(--ast-global-color-5)","background-image":"","background-repeat":"repeat","background-position":"center center","background-size":"auto","background-attachment":"scroll","background-type":"","background-media":"","overlay-type":"","overlay-color":"","overlay-opacity":"","overlay-gradient":""},"tablet":{"background-color":"var(--ast-global-color-5)","background-image":"","background-repeat":"repeat","background-position":"center center","background-size":"auto","background-attachment":"scroll","background-type":"","background-media":"","overlay-type":"","overlay-color":"","overlay-opacity":"","overlay-gradient":""},"mobile":{"background-color":"var(--ast-global-color-5)","background-image":"","background-repeat":"repeat","background-position":"center center","background-size":"auto","background-attachment":"scroll","background-type":"","background-media":"","overlay-type":"","overlay-color":"","overlay-opacity":"","overlay-gradient":""}},"footnotes":""},"categories":[1],"tags":[],"class_list":["post-12977","post","type-post","status-publish","format-standard","has-post-thumbnail","hentry","category-sem-categoria"],"yoast_head":"<!-- This site is optimized with the Yoast SEO plugin v24.1 - https:\/\/yoast.com\/wordpress\/plugins\/seo\/ -->\n<title>PM indiciar\u00e1 policiais acusados de estuprar ind\u00edgena - Julias Magazine<\/title>\n<meta name=\"robots\" content=\"index, follow, max-snippet:-1, max-image-preview:large, max-video-preview:-1\" \/>\n<link rel=\"canonical\" href=\"https:\/\/juliasmagazine.com.br\/?p=12977\" \/>\n<meta property=\"og:locale\" content=\"pt_BR\" \/>\n<meta property=\"og:type\" content=\"article\" \/>\n<meta property=\"og:title\" content=\"PM indiciar\u00e1 policiais acusados de estuprar ind\u00edgena - Julias Magazine\" \/>\n<meta property=\"og:description\" content=\"A Pol\u00edcia Militar do Amazonas vai indiciar quatro policiais militares acusados de estuprar uma ind\u00edgena de 29 anos que passou nove meses presa em uma delegacia de Santo Ant\u00f4nio do I\u00e7\u00e1, no sudoeste amazonense. Segundo a corpora\u00e7\u00e3o, o Inqu\u00e9rito Policial Militar (IPM) instaurado para aprofundar as investiga\u00e7\u00f5es das den\u00fancias est\u00e1 sendo finalizado, mas h\u00e1 provas [&hellip;]\" \/>\n<meta property=\"og:url\" content=\"https:\/\/juliasmagazine.com.br\/?p=12977\" \/>\n<meta property=\"og:site_name\" content=\"Julias Magazine\" \/>\n<meta property=\"article:published_time\" content=\"2025-07-24T21:14:40+00:00\" \/>\n<meta property=\"og:image\" content=\"https:\/\/cdn.jsdelivr.net\/gh\/sergiosdlima\/assets-ebc@1.0.0\/abr\/assets\/images\/logo-agenciabrasil.svg\" \/>\n<meta name=\"author\" content=\"Alex Rodrigues - Reporter da Agencia Brasil\" \/>\n<meta name=\"twitter:card\" content=\"summary_large_image\" \/>\n<meta name=\"twitter:label1\" content=\"Escrito por\" \/>\n\t<meta name=\"twitter:data1\" content=\"Alex Rodrigues - Reporter da Agencia Brasil\" \/>\n\t<meta name=\"twitter:label2\" content=\"Est. tempo de leitura\" \/>\n\t<meta name=\"twitter:data2\" content=\"4 minutos\" \/>\n<script type=\"application\/ld+json\" class=\"yoast-schema-graph\">{\"@context\":\"https:\/\/schema.org\",\"@graph\":[{\"@type\":\"Article\",\"@id\":\"https:\/\/juliasmagazine.com.br\/?p=12977#article\",\"isPartOf\":{\"@id\":\"https:\/\/juliasmagazine.com.br\/?p=12977\"},\"author\":{\"name\":\"Alex Rodrigues - Reporter da Agencia Brasil\",\"@id\":\"https:\/\/juliasmagazine.com.br\/#\/schema\/person\/c0e210af969f4c5fe74b45c5ece23c42\"},\"headline\":\"PM indiciar\u00e1 policiais acusados de estuprar ind\u00edgena\",\"datePublished\":\"2025-07-24T21:14:40+00:00\",\"dateModified\":\"2025-07-24T21:14:40+00:00\",\"mainEntityOfPage\":{\"@id\":\"https:\/\/juliasmagazine.com.br\/?p=12977\"},\"wordCount\":806,\"commentCount\":0,\"publisher\":{\"@id\":\"https:\/\/juliasmagazine.com.br\/#organization\"},\"image\":{\"@id\":\"https:\/\/juliasmagazine.com.br\/?p=12977#primaryimage\"},\"thumbnailUrl\":\"https:\/\/juliasmagazine.com.br\/wp-content\/uploads\/2025\/07\/12977-pm-indiciara-policiais-acusados-de-estuprar-indigena.jpg\",\"articleSection\":[\"\u00daltimas Not\u00edcias\"],\"inLanguage\":\"pt-BR\",\"potentialAction\":[{\"@type\":\"CommentAction\",\"name\":\"Comment\",\"target\":[\"https:\/\/juliasmagazine.com.br\/?p=12977#respond\"]}]},{\"@type\":\"WebPage\",\"@id\":\"https:\/\/juliasmagazine.com.br\/?p=12977\",\"url\":\"https:\/\/juliasmagazine.com.br\/?p=12977\",\"name\":\"PM indiciar\u00e1 policiais acusados de estuprar ind\u00edgena - Julias Magazine\",\"isPartOf\":{\"@id\":\"https:\/\/juliasmagazine.com.br\/#website\"},\"primaryImageOfPage\":{\"@id\":\"https:\/\/juliasmagazine.com.br\/?p=12977#primaryimage\"},\"image\":{\"@id\":\"https:\/\/juliasmagazine.com.br\/?p=12977#primaryimage\"},\"thumbnailUrl\":\"https:\/\/juliasmagazine.com.br\/wp-content\/uploads\/2025\/07\/12977-pm-indiciara-policiais-acusados-de-estuprar-indigena.jpg\",\"datePublished\":\"2025-07-24T21:14:40+00:00\",\"dateModified\":\"2025-07-24T21:14:40+00:00\",\"breadcrumb\":{\"@id\":\"https:\/\/juliasmagazine.com.br\/?p=12977#breadcrumb\"},\"inLanguage\":\"pt-BR\",\"potentialAction\":[{\"@type\":\"ReadAction\",\"target\":[\"https:\/\/juliasmagazine.com.br\/?p=12977\"]}]},{\"@type\":\"ImageObject\",\"inLanguage\":\"pt-BR\",\"@id\":\"https:\/\/juliasmagazine.com.br\/?p=12977#primaryimage\",\"url\":\"https:\/\/juliasmagazine.com.br\/wp-content\/uploads\/2025\/07\/12977-pm-indiciara-policiais-acusados-de-estuprar-indigena.jpg\",\"contentUrl\":\"https:\/\/juliasmagazine.com.br\/wp-content\/uploads\/2025\/07\/12977-pm-indiciara-policiais-acusados-de-estuprar-indigena.jpg\",\"width\":1600,\"height\":800,\"caption\":\"PM indiciar\u00e1 policiais acusados de estuprar ind\u00edgena\"},{\"@type\":\"BreadcrumbList\",\"@id\":\"https:\/\/juliasmagazine.com.br\/?p=12977#breadcrumb\",\"itemListElement\":[{\"@type\":\"ListItem\",\"position\":1,\"name\":\"In\u00edcio\",\"item\":\"https:\/\/juliasmagazine.com.br\/\"},{\"@type\":\"ListItem\",\"position\":2,\"name\":\"PM indiciar\u00e1 policiais acusados de estuprar ind\u00edgena\"}]},{\"@type\":\"WebSite\",\"@id\":\"https:\/\/juliasmagazine.com.br\/#website\",\"url\":\"https:\/\/juliasmagazine.com.br\/\",\"name\":\"Julias Magazine\",\"description\":\"A Sua revista eletr\u00f4nica de moda,politica ,viagens ,cultura ,gastronomia e finan\u00e7as. .\",\"publisher\":{\"@id\":\"https:\/\/juliasmagazine.com.br\/#organization\"},\"potentialAction\":[{\"@type\":\"SearchAction\",\"target\":{\"@type\":\"EntryPoint\",\"urlTemplate\":\"https:\/\/juliasmagazine.com.br\/?s={search_term_string}\"},\"query-input\":{\"@type\":\"PropertyValueSpecification\",\"valueRequired\":true,\"valueName\":\"search_term_string\"}}],\"inLanguage\":\"pt-BR\"},{\"@type\":\"Organization\",\"@id\":\"https:\/\/juliasmagazine.com.br\/#organization\",\"name\":\"Julias Magazine\",\"url\":\"https:\/\/juliasmagazine.com.br\/\",\"logo\":{\"@type\":\"ImageObject\",\"inLanguage\":\"pt-BR\",\"@id\":\"https:\/\/juliasmagazine.com.br\/#\/schema\/logo\/image\/\",\"url\":\"https:\/\/oquefazerembalneariocamboriu.com\/wp-content\/uploads\/2023\/02\/o-que-fazer-em-balneario-camboriu.jpg\",\"contentUrl\":\"https:\/\/oquefazerembalneariocamboriu.com\/wp-content\/uploads\/2023\/02\/o-que-fazer-em-balneario-camboriu.jpg\",\"width\":1200,\"height\":675,\"caption\":\"Julias Magazine\"},\"image\":{\"@id\":\"https:\/\/juliasmagazine.com.br\/#\/schema\/logo\/image\/\"}},{\"@type\":\"Person\",\"@id\":\"https:\/\/juliasmagazine.com.br\/#\/schema\/person\/c0e210af969f4c5fe74b45c5ece23c42\",\"name\":\"Alex Rodrigues - Reporter da Agencia Brasil\",\"image\":{\"@type\":\"ImageObject\",\"inLanguage\":\"pt-BR\",\"@id\":\"https:\/\/juliasmagazine.com.br\/#\/schema\/person\/image\/\",\"url\":\"https:\/\/secure.gravatar.com\/avatar\/5be66eca47c3a51f7522ce92fa45dc4dda6fc3d7fb21503612cded2cf83398d2?s=96&d=mm&r=g\",\"contentUrl\":\"https:\/\/secure.gravatar.com\/avatar\/5be66eca47c3a51f7522ce92fa45dc4dda6fc3d7fb21503612cded2cf83398d2?s=96&d=mm&r=g\",\"caption\":\"Alex Rodrigues - Reporter da Agencia Brasil\"},\"url\":\"https:\/\/juliasmagazine.com.br\/?author=70\"}]}<\/script>\n<!-- \/ Yoast SEO plugin. -->","yoast_head_json":{"title":"PM indiciar\u00e1 policiais acusados de estuprar ind\u00edgena - Julias Magazine","robots":{"index":"index","follow":"follow","max-snippet":"max-snippet:-1","max-image-preview":"max-image-preview:large","max-video-preview":"max-video-preview:-1"},"canonical":"https:\/\/juliasmagazine.com.br\/?p=12977","og_locale":"pt_BR","og_type":"article","og_title":"PM indiciar\u00e1 policiais acusados de estuprar ind\u00edgena - Julias Magazine","og_description":"A Pol\u00edcia Militar do Amazonas vai indiciar quatro policiais militares acusados de estuprar uma ind\u00edgena de 29 anos que passou nove meses presa em uma delegacia de Santo Ant\u00f4nio do I\u00e7\u00e1, no sudoeste amazonense. Segundo a corpora\u00e7\u00e3o, o Inqu\u00e9rito Policial Militar (IPM) instaurado para aprofundar as investiga\u00e7\u00f5es das den\u00fancias est\u00e1 sendo finalizado, mas h\u00e1 provas [&hellip;]","og_url":"https:\/\/juliasmagazine.com.br\/?p=12977","og_site_name":"Julias Magazine","article_published_time":"2025-07-24T21:14:40+00:00","og_image":[{"url":"https:\/\/cdn.jsdelivr.net\/gh\/sergiosdlima\/assets-ebc@1.0.0\/abr\/assets\/images\/logo-agenciabrasil.svg","type":"","width":"","height":""}],"author":"Alex Rodrigues - Reporter da Agencia Brasil","twitter_card":"summary_large_image","twitter_misc":{"Escrito por":"Alex Rodrigues - Reporter da Agencia Brasil","Est. tempo de leitura":"4 minutos"},"schema":{"@context":"https:\/\/schema.org","@graph":[{"@type":"Article","@id":"https:\/\/juliasmagazine.com.br\/?p=12977#article","isPartOf":{"@id":"https:\/\/juliasmagazine.com.br\/?p=12977"},"author":{"name":"Alex Rodrigues - Reporter da Agencia Brasil","@id":"https:\/\/juliasmagazine.com.br\/#\/schema\/person\/c0e210af969f4c5fe74b45c5ece23c42"},"headline":"PM indiciar\u00e1 policiais acusados de estuprar ind\u00edgena","datePublished":"2025-07-24T21:14:40+00:00","dateModified":"2025-07-24T21:14:40+00:00","mainEntityOfPage":{"@id":"https:\/\/juliasmagazine.com.br\/?p=12977"},"wordCount":806,"commentCount":0,"publisher":{"@id":"https:\/\/juliasmagazine.com.br\/#organization"},"image":{"@id":"https:\/\/juliasmagazine.com.br\/?p=12977#primaryimage"},"thumbnailUrl":"https:\/\/juliasmagazine.com.br\/wp-content\/uploads\/2025\/07\/12977-pm-indiciara-policiais-acusados-de-estuprar-indigena.jpg","articleSection":["\u00daltimas Not\u00edcias"],"inLanguage":"pt-BR","potentialAction":[{"@type":"CommentAction","name":"Comment","target":["https:\/\/juliasmagazine.com.br\/?p=12977#respond"]}]},{"@type":"WebPage","@id":"https:\/\/juliasmagazine.com.br\/?p=12977","url":"https:\/\/juliasmagazine.com.br\/?p=12977","name":"PM indiciar\u00e1 policiais acusados de estuprar ind\u00edgena - Julias Magazine","isPartOf":{"@id":"https:\/\/juliasmagazine.com.br\/#website"},"primaryImageOfPage":{"@id":"https:\/\/juliasmagazine.com.br\/?p=12977#primaryimage"},"image":{"@id":"https:\/\/juliasmagazine.com.br\/?p=12977#primaryimage"},"thumbnailUrl":"https:\/\/juliasmagazine.com.br\/wp-content\/uploads\/2025\/07\/12977-pm-indiciara-policiais-acusados-de-estuprar-indigena.jpg","datePublished":"2025-07-24T21:14:40+00:00","dateModified":"2025-07-24T21:14:40+00:00","breadcrumb":{"@id":"https:\/\/juliasmagazine.com.br\/?p=12977#breadcrumb"},"inLanguage":"pt-BR","potentialAction":[{"@type":"ReadAction","target":["https:\/\/juliasmagazine.com.br\/?p=12977"]}]},{"@type":"ImageObject","inLanguage":"pt-BR","@id":"https:\/\/juliasmagazine.com.br\/?p=12977#primaryimage","url":"https:\/\/juliasmagazine.com.br\/wp-content\/uploads\/2025\/07\/12977-pm-indiciara-policiais-acusados-de-estuprar-indigena.jpg","contentUrl":"https:\/\/juliasmagazine.com.br\/wp-content\/uploads\/2025\/07\/12977-pm-indiciara-policiais-acusados-de-estuprar-indigena.jpg","width":1600,"height":800,"caption":"PM indiciar\u00e1 policiais acusados de estuprar ind\u00edgena"},{"@type":"BreadcrumbList","@id":"https:\/\/juliasmagazine.com.br\/?p=12977#breadcrumb","itemListElement":[{"@type":"ListItem","position":1,"name":"In\u00edcio","item":"https:\/\/juliasmagazine.com.br\/"},{"@type":"ListItem","position":2,"name":"PM indiciar\u00e1 policiais acusados de estuprar ind\u00edgena"}]},{"@type":"WebSite","@id":"https:\/\/juliasmagazine.com.br\/#website","url":"https:\/\/juliasmagazine.com.br\/","name":"Julias Magazine","description":"A Sua revista eletr\u00f4nica de moda,politica ,viagens ,cultura ,gastronomia e finan\u00e7as. .","publisher":{"@id":"https:\/\/juliasmagazine.com.br\/#organization"},"potentialAction":[{"@type":"SearchAction","target":{"@type":"EntryPoint","urlTemplate":"https:\/\/juliasmagazine.com.br\/?s={search_term_string}"},"query-input":{"@type":"PropertyValueSpecification","valueRequired":true,"valueName":"search_term_string"}}],"inLanguage":"pt-BR"},{"@type":"Organization","@id":"https:\/\/juliasmagazine.com.br\/#organization","name":"Julias Magazine","url":"https:\/\/juliasmagazine.com.br\/","logo":{"@type":"ImageObject","inLanguage":"pt-BR","@id":"https:\/\/juliasmagazine.com.br\/#\/schema\/logo\/image\/","url":"https:\/\/oquefazerembalneariocamboriu.com\/wp-content\/uploads\/2023\/02\/o-que-fazer-em-balneario-camboriu.jpg","contentUrl":"https:\/\/oquefazerembalneariocamboriu.com\/wp-content\/uploads\/2023\/02\/o-que-fazer-em-balneario-camboriu.jpg","width":1200,"height":675,"caption":"Julias Magazine"},"image":{"@id":"https:\/\/juliasmagazine.com.br\/#\/schema\/logo\/image\/"}},{"@type":"Person","@id":"https:\/\/juliasmagazine.com.br\/#\/schema\/person\/c0e210af969f4c5fe74b45c5ece23c42","name":"Alex Rodrigues - Reporter da Agencia Brasil","image":{"@type":"ImageObject","inLanguage":"pt-BR","@id":"https:\/\/juliasmagazine.com.br\/#\/schema\/person\/image\/","url":"https:\/\/secure.gravatar.com\/avatar\/5be66eca47c3a51f7522ce92fa45dc4dda6fc3d7fb21503612cded2cf83398d2?s=96&d=mm&r=g","contentUrl":"https:\/\/secure.gravatar.com\/avatar\/5be66eca47c3a51f7522ce92fa45dc4dda6fc3d7fb21503612cded2cf83398d2?s=96&d=mm&r=g","caption":"Alex Rodrigues - Reporter da Agencia Brasil"},"url":"https:\/\/juliasmagazine.com.br\/?author=70"}]}},"_links":{"self":[{"href":"https:\/\/juliasmagazine.com.br\/index.php?rest_route=\/wp\/v2\/posts\/12977","targetHints":{"allow":["GET"]}}],"collection":[{"href":"https:\/\/juliasmagazine.com.br\/index.php?rest_route=\/wp\/v2\/posts"}],"about":[{"href":"https:\/\/juliasmagazine.com.br\/index.php?rest_route=\/wp\/v2\/types\/post"}],"author":[{"embeddable":true,"href":"https:\/\/juliasmagazine.com.br\/index.php?rest_route=\/wp\/v2\/users\/70"}],"replies":[{"embeddable":true,"href":"https:\/\/juliasmagazine.com.br\/index.php?rest_route=%2Fwp%2Fv2%2Fcomments&post=12977"}],"version-history":[{"count":0,"href":"https:\/\/juliasmagazine.com.br\/index.php?rest_route=\/wp\/v2\/posts\/12977\/revisions"}],"wp:featuredmedia":[{"embeddable":true,"href":"https:\/\/juliasmagazine.com.br\/index.php?rest_route=\/wp\/v2\/media\/12978"}],"wp:attachment":[{"href":"https:\/\/juliasmagazine.com.br\/index.php?rest_route=%2Fwp%2Fv2%2Fmedia&parent=12977"}],"wp:term":[{"taxonomy":"category","embeddable":true,"href":"https:\/\/juliasmagazine.com.br\/index.php?rest_route=%2Fwp%2Fv2%2Fcategories&post=12977"},{"taxonomy":"post_tag","embeddable":true,"href":"https:\/\/juliasmagazine.com.br\/index.php?rest_route=%2Fwp%2Fv2%2Ftags&post=12977"}],"curies":[{"name":"wp","href":"https:\/\/api.w.org\/{rel}","templated":true}]}}